{"id":81699,"date":"2024-04-23T23:54:11","date_gmt":"2024-04-24T03:54:11","guid":{"rendered":"https:\/\/lasprimeras.com.do\/?p=81699"},"modified":"2024-04-23T23:54:12","modified_gmt":"2024-04-24T03:54:12","slug":"agresion-contra-un-pais-amigo","status":"publish","type":"post","link":"https:\/\/lasprimeras.com.do\/index.php\/2024\/04\/23\/agresion-contra-un-pais-amigo\/","title":{"rendered":"Agresi\u00f3n contra un pa\u00eds \u201camigo\u201d"},"content":{"rendered":"\n<p>VISI\u00d3N GLOBAL<\/p>\n\n\n\n<p>Por Nelson Encarnaci\u00f3n<br>Nelsonencar10@gmail.com<\/p>\n\n\n\n<p>Una importante figura de la pol\u00edtica estadounidense se ocup\u00f3 de aclarar, muy tempranamente, que los Estados Unidos no ten\u00edan ni amigos ni enemigos, sino intereses, a partir de lo cual el comportamiento de esa gran naci\u00f3n ha estado en l\u00ednea con aquel juicio tan categ\u00f3rico.<\/p>\n\n\n\n<p>Es por ello que un d\u00eda se mueven en las fronteras de Dios, y al siguiente se ba\u00f1an en el fuego del diablo con tal naturalidad que dejan perplejos a m\u00e1s de uno.<\/p>\n\n\n\n<p>En tales condiciones, hace dos semanas que el secretario de Estado, Antony Blinken, habl\u00f3 al presidente Luis Abinader para agradecerle por la determinante colaboraci\u00f3n de nuestro pa\u00eds para la evacuaci\u00f3n segura de estadounidenses atrapados en el pandem\u00f3nium que es Hait\u00ed, una situaci\u00f3n mantenida en parte por la inacci\u00f3n de Washington para ayudar sinceramente a su soluci\u00f3n.<\/p>\n\n\n\n<p>Pero no bien se ha apagado el sonido de la voz de Blinken en los o\u00eddos de nuestro presidente, cuando el Departamento de Estado\u2014es decir, el empleo de Blinken\u2014se despacha una agresi\u00f3n injustificada contra un pa\u00eds supuestamente amigo, condici\u00f3n que, dicho de pasada, queda en serio cuestionamiento.<\/p>\n\n\n\n<p>El informe contiene una serie de mentiras que no tienen otra explicaci\u00f3n que no sean mala fe o desinformaci\u00f3n, pues en referencia directa al caso de los haitianos indocumentados, nuestro pa\u00eds ejerce el mismo derecho que Estados Unidos a repatriar a quienes se encuentren en condici\u00f3n irregular.<\/p>\n\n\n\n<p>Creo que no se trata de desinformaci\u00f3n, pues el Gobierno estadounidense cuenta con muy buenos canales de informaci\u00f3n y se encuentra al tanto de todo lo que acontece en sus \u00e1reas geogr\u00e1ficas de influencia.<\/p>\n\n\n\n<p>Por consiguiente, se trata de mala fe, de manipulaci\u00f3n con los fines con que suelen manejarse, o sea, el armado de expedientes que guardan hasta una mejor oportunidad.<\/p>\n\n\n\n<p>Las repatriaciones de indocumentados que realizan las autoridades dominicanas ocurren al amparo de las mismas prerrogativas legales que las estadounidenses, con la diferencia de que no se puede mostrar un espect\u00e1culo tan violatorio de los derechos humanos como aquellas im\u00e1genes donde agentes de frontera montados a caballo aporrean a haitianos.<\/p>\n\n\n\n<p>Tampoco nuestra Armada establece bloqueos mar\u00edtimos para impedir que los haitianos lleguen a trav\u00e9s de las aguas territoriales dominicanas.<\/p>\n\n\n\n<p>Cabe mencionar igualmente las frecuentes y masivas repatriaciones llevadas a cabo por las autoridades migratorias de los Estados Unidos, solo con la diferencia de que nosotros lo hacemos en camiones o autobuses y ellos en aviones. Pero igualmente son repatriaciones.<\/p>\n\n\n\n<p>Y son repatriados enviados al mismo territorio que el informe reclama como peligroso por la inseguridad que genera el predominio de las bandas criminales que utilizan armas de fuego traficadas justamente desde el territorio norteamericano.<\/p>\n\n\n\n<p>Es decir que, al hablar de derechos humanos de los haitianos, somos nosotros quienes deber\u00edamos de emitir informes para condenar a los Estados Unidos, ya que ha sido notorio, p\u00fablico y comunicacional el atropello que el mundo ha conocido contra esos inmigrantes.<\/p>\n","protected":false},"excerpt":{"rendered":"<p>VISI\u00d3N GLOBAL Por Nelson Encarnaci\u00f3nNelsonencar10@gmail.com Una importante figura de la pol\u00edtica estadounidense se ocup\u00f3 de aclarar, muy tempranamente, que los Estados Unidos no ten\u00edan ni amigos ni enemigos, sino intereses,&hellip;<\/p>\n","protected":false},"author":2,"featured_media":55263,"comment_status":"open","ping_status":"open","sticky":false,"template":"","format":"standard","meta":{"content-type":"","jetpack_post_was_ever_published":false,"_jetpack_newsletter_access":"","_jetpack_dont_email_post_to_subs":false,"_jetpack_newsletter_tier_id":0,"_jetpack_memberships_contains_paywalled_content":false,"_jetpack_memberships_contains_paid_content":false,"footnotes":""},"categories":[95],"tags":[12648],"class_list":["post-81699","post","type-post","status-publish","format-standard","has-post-thumbnail","hentry","category-opinion","tag-agresion-contra-un-pais-amigo"],"jetpack_featured_media_url":"https:\/\/lasprimeras.com.do\/wp-content\/uploads\/2023\/07\/Nelson-Encarnacion.jpg","jetpack-related-posts":[{"id":49292,"url":"https:\/\/lasprimeras.com.do\/index.php\/2023\/05\/09\/justicia-eeuu-condena-a-trump-por-abuso-sexual-y-difamacion\/","url_meta":{"origin":81699,"position":0},"title":"Justicia EEUU condena a Trump por abuso sexual y difamaci\u00f3n","author":"prenxa100","date":"9 de mayo de 2023","format":false,"excerpt":"Washington, EUROPA PRESS.-. Un jurado federal de Manhattan ha declarado culpable al expresidente de Estados Unidos Donald Trump de abusar sexualmente de la escritora Elizabeth Jean Carroll en 1996 y a\u00f1os despu\u00e9s difamar en contra ella cuando denunci\u00f3 el asalto. Adem\u00e1s, el juez Lewis Kaplan ha otorgado a Carroll una\u2026","rel":"","context":"En \u00abSin categor\u00eda\u00bb","block_context":{"text":"Sin categor\u00eda","link":"https:\/\/lasprimeras.com.do\/index.php\/category\/sin-categoria\/"},"img":{"alt_text":"","src":"","width":0,"height":0},"classes":[]},{"id":68357,"url":"https:\/\/lasprimeras.com.do\/index.php\/2023\/11\/23\/demandan-al-actor-jamie-foxx-por-una-supuesta-agresion-sexual-ocurrida-en-2015\/","url_meta":{"origin":81699,"position":1},"title":"Demandan al actor Jamie Foxx por una supuesta agresi\u00f3n sexual ocurrida en 2015","author":"Nelson Feliz","date":"23 de noviembre de 2023","format":false,"excerpt":"La demandante acusa a Foxx de haberla tocado sin su consentimiento. El actor Jamie Foxx fue demandado este mi\u00e9rcoles ante la Corte Suprema de Nueva York por una supuesta agresi\u00f3n sexual ocurrida en una terraza de dicha ciudad durante 2015, informaron medios estadounidenses especializados. La demandante acusa a Foxx de\u2026","rel":"","context":"En \u00abENTRETENIMIENTO\u00bb","block_context":{"text":"ENTRETENIMIENTO","link":"https:\/\/lasprimeras.com.do\/index.php\/category\/entretenimiento\/"},"img":{"alt_text":"Jamie Foxx","src":"https:\/\/i0.wp.com\/lasprimeras.com.do\/wp-content\/uploads\/2023\/11\/Jamie-Foxx.jpeg?resize=350%2C200&ssl=1","width":350,"height":200,"srcset":"https:\/\/i0.wp.com\/lasprimeras.com.do\/wp-content\/uploads\/2023\/11\/Jamie-Foxx.jpeg?resize=350%2C200&ssl=1 1x, https:\/\/i0.wp.com\/lasprimeras.com.do\/wp-content\/uploads\/2023\/11\/Jamie-Foxx.jpeg?resize=525%2C300&ssl=1 1.5x, https:\/\/i0.wp.com\/lasprimeras.com.do\/wp-content\/uploads\/2023\/11\/Jamie-Foxx.jpeg?resize=700%2C400&ssl=1 2x"},"classes":[]},{"id":83468,"url":"https:\/\/lasprimeras.com.do\/index.php\/2024\/05\/16\/las-agresiones-sexuales-han-disminuido-en-el-ejercito-estadounidense\/","url_meta":{"origin":81699,"position":2},"title":"Las agresiones sexuales han disminuido en el ej\u00e9rcito estadounidense","author":"Nelson Feliz","date":"16 de mayo de 2024","format":false,"excerpt":"Esto es lo que debe saber sobre los n\u00fameros. POR LOLITA C. BALDOR WASHINGTON (AP) \u2014 Los funcionarios del Pent\u00e1gono son cautelosamente optimistas de que una disminuci\u00f3n general en las agresiones sexuales denunciadas entre miembros del servicio activo y las academias militares sugiere que los l\u00edderes finalmente est\u00e1n logrando controlar\u2026","rel":"","context":"En \u00abSin categor\u00eda\u00bb","block_context":{"text":"Sin categor\u00eda","link":"https:\/\/lasprimeras.com.do\/index.php\/category\/sin-categoria\/"},"img":{"alt_text":"","src":"https:\/\/i0.wp.com\/lasprimeras.com.do\/wp-content\/uploads\/2024\/05\/agresiones.jpg?resize=350%2C200&ssl=1","width":350,"height":200,"srcset":"https:\/\/i0.wp.com\/lasprimeras.com.do\/wp-content\/uploads\/2024\/05\/agresiones.jpg?resize=350%2C200&ssl=1 1x, https:\/\/i0.wp.com\/lasprimeras.com.do\/wp-content\/uploads\/2024\/05\/agresiones.jpg?resize=525%2C300&ssl=1 1.5x, https:\/\/i0.wp.com\/lasprimeras.com.do\/wp-content\/uploads\/2024\/05\/agresiones.jpg?resize=700%2C400&ssl=1 2x"},"classes":[]},{"id":67568,"url":"https:\/\/lasprimeras.com.do\/index.php\/2023\/11\/16\/china-esta-lista-para-ser-socio-y-amigo-de-eeuu-afirma-xi\/","url_meta":{"origin":81699,"position":3},"title":"China est\u00e1 lista para ser &#8220;socio y amigo&#8221; de EEUU, afirma Xi","author":"Nelson Feliz","date":"16 de noviembre de 2023","format":false,"excerpt":"China est\u00e1 \"lista para ser un socio y amigo de Estados Unidos\", dijo el presidente Xi Jinping a empresarios estadounidenses en San Francisco, en un contexto de preocupaci\u00f3n por la desaceleraci\u00f3n de su econom\u00eda. Si un pa\u00eds ve al otro como un competidor principal y un desaf\u00edo geopol\u00edtico, \"esto solo\u2026","rel":"","context":"En \u00abSin categor\u00eda\u00bb","block_context":{"text":"Sin categor\u00eda","link":"https:\/\/lasprimeras.com.do\/index.php\/category\/sin-categoria\/"},"img":{"alt_text":"El presidente de Estados Unidos, Joe Biden, camina junto al presidente chino Xi Jinping .(Photo Brendan SMIALOWSKIAFP","src":"https:\/\/i0.wp.com\/lasprimeras.com.do\/wp-content\/uploads\/2023\/11\/Joe-Biden-y-Xi-Jinping.jpeg?resize=350%2C200&ssl=1","width":350,"height":200,"srcset":"https:\/\/i0.wp.com\/lasprimeras.com.do\/wp-content\/uploads\/2023\/11\/Joe-Biden-y-Xi-Jinping.jpeg?resize=350%2C200&ssl=1 1x, https:\/\/i0.wp.com\/lasprimeras.com.do\/wp-content\/uploads\/2023\/11\/Joe-Biden-y-Xi-Jinping.jpeg?resize=525%2C300&ssl=1 1.5x, https:\/\/i0.wp.com\/lasprimeras.com.do\/wp-content\/uploads\/2023\/11\/Joe-Biden-y-Xi-Jinping.jpeg?resize=700%2C400&ssl=1 2x"},"classes":[]},{"id":122168,"url":"https:\/\/lasprimeras.com.do\/index.php\/2026\/02\/15\/rubio-sobre-la-agresion-a-venezuela-a-muchos-aliados-cercanos-no-les-gusto-lo-que-hicimos\/","url_meta":{"origin":81699,"position":4},"title":"Rubio sobre la agresi\u00f3n a Venezuela: A muchos aliados cercanos &#8220;no les gust\u00f3 lo que hicimos&#8221;","author":"Nelson Feliz","date":"15 de febrero de 2026","format":false,"excerpt":"El secretario describi\u00f3 la haza\u00f1a como \"un \u00e9xito\" que respondi\u00f3 al \"inter\u00e9s nacional\" estadounidense. Washington, RT.-. El secretario de Estado de Estados Unidos, Marco Rubio, defendi\u00f3 este domingo el ataque militar de Washington contra territorio venezolano del pasado 3 de enero, si bien reconoce que, aunque \"muchos pa\u00edses no estuvieron\u2026","rel":"","context":"En \u00abINTERNACIONALES\u00bb","block_context":{"text":"INTERNACIONALES","link":"https:\/\/lasprimeras.com.do\/index.php\/category\/sin-categoria\/internacionales\/"},"img":{"alt_text":"","src":"https:\/\/i0.wp.com\/lasprimeras.com.do\/wp-content\/uploads\/2026\/02\/agresion.jpg?resize=350%2C200&ssl=1","width":350,"height":200,"srcset":"https:\/\/i0.wp.com\/lasprimeras.com.do\/wp-content\/uploads\/2026\/02\/agresion.jpg?resize=350%2C200&ssl=1 1x, https:\/\/i0.wp.com\/lasprimeras.com.do\/wp-content\/uploads\/2026\/02\/agresion.jpg?resize=525%2C300&ssl=1 1.5x, https:\/\/i0.wp.com\/lasprimeras.com.do\/wp-content\/uploads\/2026\/02\/agresion.jpg?resize=700%2C400&ssl=1 2x"},"classes":[]},{"id":97745,"url":"https:\/\/lasprimeras.com.do\/index.php\/2025\/04\/27\/cdp-y-sntp-denuncian-funcionarios-quieren-callar-la-prensa-condenan-agresiones-a-periodistas\/","url_meta":{"origin":81699,"position":5},"title":"CDP y SNTP denuncian funcionarios quieren callar la prensa, condenan agresiones a periodistas","author":"Nelson Feliz","date":"27 de abril de 2025","format":false,"excerpt":"El Colegio Dominicano de Periodista y el Sindicato Nacional de Trabajadores de la Prensa condenan agresi\u00f3n a la libertad de prensa por los agentes de seguridad de la ministra de Interior y Polic\u00eda, Faride Raful. Aurelio Henr\u00edquez y Jos\u00e9 Beato pidieron a Raful controlar a sus agentes de seguridad y\u2026","rel":"","context":"En \u00abNACIONALES\u00bb","block_context":{"text":"NACIONALES","link":"https:\/\/lasprimeras.com.do\/index.php\/category\/nacionales\/"},"img":{"alt_text":"","src":"https:\/\/i0.wp.com\/lasprimeras.com.do\/wp-content\/uploads\/2025\/04\/Faride-Raful-2.jpg?resize=350%2C200&ssl=1","width":350,"height":200,"srcset":"https:\/\/i0.wp.com\/lasprimeras.com.do\/wp-content\/uploads\/2025\/04\/Faride-Raful-2.jpg?resize=350%2C200&ssl=1 1x, https:\/\/i0.wp.com\/lasprimeras.com.do\/wp-content\/uploads\/2025\/04\/Faride-Raful-2.jpg?resize=525%2C300&ssl=1 1.5x, https:\/\/i0.wp.com\/lasprimeras.com.do\/wp-content\/uploads\/2025\/04\/Faride-Raful-2.jpg?resize=700%2C400&ssl=1 2x"},"classes":[]}],"jetpack_sharing_enabled":true,"_links":{"self":[{"href":"https:\/\/lasprimeras.com.do\/index.php\/wp-json\/wp\/v2\/posts\/81699","targetHints":{"allow":["GET"]}}],"collection":[{"href":"https:\/\/lasprimeras.com.do\/index.php\/wp-json\/wp\/v2\/posts"}],"about":[{"href":"https:\/\/lasprimeras.com.do\/index.php\/wp-json\/wp\/v2\/types\/post"}],"author":[{"embeddable":true,"href":"https:\/\/lasprimeras.com.do\/index.php\/wp-json\/wp\/v2\/users\/2"}],"replies":[{"embeddable":true,"href":"https:\/\/lasprimeras.com.do\/index.php\/wp-json\/wp\/v2\/comments?post=81699"}],"version-history":[{"count":1,"href":"https:\/\/lasprimeras.com.do\/index.php\/wp-json\/wp\/v2\/posts\/81699\/revisions"}],"predecessor-version":[{"id":81700,"href":"https:\/\/lasprimeras.com.do\/index.php\/wp-json\/wp\/v2\/posts\/81699\/revisions\/81700"}],"wp:featuredmedia":[{"embeddable":true,"href":"https:\/\/lasprimeras.com.do\/index.php\/wp-json\/wp\/v2\/media\/55263"}],"wp:attachment":[{"href":"https:\/\/lasprimeras.com.do\/index.php\/wp-json\/wp\/v2\/media?parent=81699"}],"wp:term":[{"taxonomy":"category","embeddable":true,"href":"https:\/\/lasprimeras.com.do\/index.php\/wp-json\/wp\/v2\/categories?post=81699"},{"taxonomy":"post_tag","embeddable":true,"href":"https:\/\/lasprimeras.com.do\/index.php\/wp-json\/wp\/v2\/tags?post=81699"}],"curies":[{"name":"wp","href":"https:\/\/api.w.org\/{rel}","templated":true}]}}