{"id":81763,"date":"2024-04-24T17:13:00","date_gmt":"2024-04-24T21:13:00","guid":{"rendered":"https:\/\/lasprimeras.com.do\/?p=81763"},"modified":"2024-04-24T17:13:01","modified_gmt":"2024-04-24T21:13:01","slug":"ya-nacio-diego-el-hijo-de-david-ortiz-y-yeribel-martinez","status":"publish","type":"post","link":"https:\/\/lasprimeras.com.do\/index.php\/2024\/04\/24\/ya-nacio-diego-el-hijo-de-david-ortiz-y-yeribel-martinez\/","title":{"rendered":"Ya naci\u00f3 Diego, el hijo de David Ortiz y Yeribel Mart\u00ednez"},"content":{"rendered":"\n<p>SANTO DOMINGO.- El inmortal del Sal\u00f3n de la Fama de Cooperstown, David Ortiz, anunci\u00f3 el nacimiento de su hijo Diego, junto a su pareja, Mar\u00eda Yeribel Mart\u00ednez.<\/p>\n\n\n\n<p>\u201cNaci\u00f3 Diego\u2026 Gracias a Dios por darme la oportunidad una vez m\u00e1s de ser padre, gracias a mi reina @yeribel17 por llevar con rigidez su 9 meses de proceso al pie de la letra para que Dios nos diera un bbsote sano, que es una bendici\u00f3n\u201d, escribi\u00f3 el Big Papi en sus redes sociales.<\/p>\n\n\n\n<p>Agreg\u00f3 que: \u201cGracias a todos ustedes por sus oraciones de todo coraz\u00f3n y gracias a nuestra familia por el apoyo\u2026 Dieguito te prometo ser el mejor padre que exista en esta tierra\u201d.<\/p>\n\n\n\n<p>Se recuerda que, el \u201cBig Papi\u201d, como es conocido, inici\u00f3 una relaci\u00f3n hace unos a\u00f1os con la joven, a quien le hab\u00eda dicho en reiteradas ocasiones que quer\u00eda que se convirtiera en madre.<\/p>\n","protected":false},"excerpt":{"rendered":"<p>SANTO DOMINGO.- El inmortal del Sal\u00f3n de la Fama de Cooperstown, David Ortiz, anunci\u00f3 el nacimiento de su hijo Diego, junto a su pareja, Mar\u00eda Yeribel Mart\u00ednez. \u201cNaci\u00f3 Diego\u2026 Gracias&hellip;<\/p>\n","protected":false},"author":3,"featured_media":81764,"comment_status":"open","ping_status":"open","sticky":false,"template":"","format":"standard","meta":{"content-type":"","jetpack_post_was_ever_published":false,"_jetpack_newsletter_access":"","_jetpack_dont_email_post_to_subs":false,"_jetpack_newsletter_tier_id":0,"_jetpack_memberships_contains_paywalled_content":false,"_jetpack_memberships_contains_paid_content":false,"footnotes":""},"categories":[1],"tags":[4932],"class_list":["post-81763","post","type-post","status-publish","format-standard","has-post-thumbnail","hentry","category-sin-categoria","tag-david-ortiz"],"jetpack_featured_media_url":"https:\/\/lasprimeras.com.do\/wp-content\/uploads\/2024\/04\/6a0c8a05-4f4b-48f5-a1d9-1ad180753c4a-13.webp","jetpack-related-posts":[{"id":105822,"url":"https:\/\/lasprimeras.com.do\/index.php\/2025\/08\/07\/fallece-el-padre-del-big-papi-david-ortiz\/","url_meta":{"origin":81763,"position":0},"title":"Fallece el padre del Big Papi David Ortiz","author":"Nelson Feliz","date":"7 de agosto de 2025","format":false,"excerpt":"Falleci\u00f3 la madrugada de este jueves, padre del ex toletero de los Medias Rojas de Boston y miembro del Sal\u00f3n de la Fama de Cooperstown, David Ortiz. Am\u00e9rico Ortiz, falleci\u00f3 alrededor de las 5:30 a.m., en el Centro de Diagn\u00f3stico, Medicina Avanzada y Telemedicina (Cedimat), seg\u00fan confirmaron fuentes cercanas a\u2026","rel":"","context":"En \u00abNACIONALES\u00bb","block_context":{"text":"NACIONALES","link":"https:\/\/lasprimeras.com.do\/index.php\/category\/nacionales\/"},"img":{"alt_text":"","src":"https:\/\/i0.wp.com\/lasprimeras.com.do\/wp-content\/uploads\/2025\/08\/David-Ortiz.jpg?resize=350%2C200&ssl=1","width":350,"height":200,"srcset":"https:\/\/i0.wp.com\/lasprimeras.com.do\/wp-content\/uploads\/2025\/08\/David-Ortiz.jpg?resize=350%2C200&ssl=1 1x, https:\/\/i0.wp.com\/lasprimeras.com.do\/wp-content\/uploads\/2025\/08\/David-Ortiz.jpg?resize=525%2C300&ssl=1 1.5x, https:\/\/i0.wp.com\/lasprimeras.com.do\/wp-content\/uploads\/2025\/08\/David-Ortiz.jpg?resize=700%2C400&ssl=1 2x"},"classes":[]},{"id":87156,"url":"https:\/\/lasprimeras.com.do\/index.php\/2024\/08\/07\/david-ortiz-jr-sigue-los-pasos-del-inmortal-big-papi-y-firma-con-los-rangers-de-texas\/","url_meta":{"origin":81763,"position":1},"title":"David Ortiz Jr. sigue los pasos del inmortal \u2018Big Papi\u2019 y firma con los Rangers de Texas","author":"Nelson Feliz","date":"7 de agosto de 2024","format":false,"excerpt":"David Ortiz Jr, hijo de la leyenda del b\u00e9isbol dominicano, David Ortiz, firm\u00f3 este mi\u00e9rcoles a sus 16 a\u00f1os su primer contrato con los Rangers de Texas, de forma que continuar\u00e1 su crecimiento profesional en la academia que tiene la franquicia en Santo Domingo. Visiblemente contento y con la sonrisa\u2026","rel":"","context":"En \u00abSin categor\u00eda\u00bb","block_context":{"text":"Sin categor\u00eda","link":"https:\/\/lasprimeras.com.do\/index.php\/category\/sin-categoria\/"},"img":{"alt_text":"David Ortiz Jr","src":"https:\/\/i0.wp.com\/lasprimeras.com.do\/wp-content\/uploads\/2024\/08\/David-Ortiz-Jr-1.jpg?resize=350%2C200&ssl=1","width":350,"height":200,"srcset":"https:\/\/i0.wp.com\/lasprimeras.com.do\/wp-content\/uploads\/2024\/08\/David-Ortiz-Jr-1.jpg?resize=350%2C200&ssl=1 1x, https:\/\/i0.wp.com\/lasprimeras.com.do\/wp-content\/uploads\/2024\/08\/David-Ortiz-Jr-1.jpg?resize=525%2C300&ssl=1 1.5x"},"classes":[]},{"id":72620,"url":"https:\/\/lasprimeras.com.do\/index.php\/2024\/01\/01\/david-ortiz-y-yeribel-martinez-anuncian-seran-padres\/","url_meta":{"origin":81763,"position":2},"title":"David Ortiz y Yeribel Mart\u00ednez anuncian ser\u00e1n padres","author":"BIMARY DE JES\u00daS Matos","date":"1 de enero de 2024","format":false,"excerpt":"Santo Domingo.-El expelotero dominicano de Grandes Ligas David Ortiz y su novia, la modelo Mar\u00eda Yeribel Mart\u00ednez, ser\u00e1n padres de un ni\u00f1o, confirmando los rumores que circulaban en redes sociales desde hace un tiempo. Yeribel subi\u00f3 una historia a su cuenta de Instagram en la que ve su abultado vientre,\u2026","rel":"","context":"En \u00abSin categor\u00eda\u00bb","block_context":{"text":"Sin categor\u00eda","link":"https:\/\/lasprimeras.com.do\/index.php\/category\/sin-categoria\/"},"img":{"alt_text":"","src":"https:\/\/i0.wp.com\/lasprimeras.com.do\/wp-content\/uploads\/2024\/01\/Las-portadas-de-la-semana-EH-13.png?resize=350%2C200&ssl=1","width":350,"height":200,"srcset":"https:\/\/i0.wp.com\/lasprimeras.com.do\/wp-content\/uploads\/2024\/01\/Las-portadas-de-la-semana-EH-13.png?resize=350%2C200&ssl=1 1x, https:\/\/i0.wp.com\/lasprimeras.com.do\/wp-content\/uploads\/2024\/01\/Las-portadas-de-la-semana-EH-13.png?resize=525%2C300&ssl=1 1.5x"},"classes":[]},{"id":58041,"url":"https:\/\/lasprimeras.com.do\/index.php\/2023\/08\/18\/muere-julio-ortiz-distinguida-voz-de-los-tiempos-de-radio-guarachita\/","url_meta":{"origin":81763,"position":3},"title":"Muere Julio Ortiz, distinguida voz de los tiempos de Radio Guarachita","author":"Nelson Feliz","date":"18 de agosto de 2023","format":false,"excerpt":"\u200bAdem\u00e1s de Guarachita, Ortiz estuvo desde 1970 hasta 1972 en Radio RPQ, de donde pas\u00f3 ese a\u00f1o a Guarachita, permaneciendo all\u00ed hasta 1984 cuando se fue a Radio Mil hasta 1999. La locuci\u00f3n dominicana qued\u00f3 sin una de sus voces m\u00e1s recordadas de los a\u00f1os dorados de Radio Guarachita. Julio\u2026","rel":"","context":"En \u00abENTRETENIMIENTO\u00bb","block_context":{"text":"ENTRETENIMIENTO","link":"https:\/\/lasprimeras.com.do\/index.php\/category\/entretenimiento\/"},"img":{"alt_text":"El veterano locutor y comunicador dominicano Julio Ortiz muri\u00f3 el jueves 17 de agosto 2023, seg\u00fan inform\u00f3 su hijo, Julio Ortiz, a trav\u00e9s de sus redes sociales.","src":"https:\/\/i0.wp.com\/lasprimeras.com.do\/wp-content\/uploads\/2023\/08\/Julio-Ortiz.jpeg?resize=350%2C200&ssl=1","width":350,"height":200,"srcset":"https:\/\/i0.wp.com\/lasprimeras.com.do\/wp-content\/uploads\/2023\/08\/Julio-Ortiz.jpeg?resize=350%2C200&ssl=1 1x, https:\/\/i0.wp.com\/lasprimeras.com.do\/wp-content\/uploads\/2023\/08\/Julio-Ortiz.jpeg?resize=525%2C300&ssl=1 1.5x, https:\/\/i0.wp.com\/lasprimeras.com.do\/wp-content\/uploads\/2023\/08\/Julio-Ortiz.jpeg?resize=700%2C400&ssl=1 2x"},"classes":[]},{"id":59045,"url":"https:\/\/lasprimeras.com.do\/index.php\/2023\/08\/30\/david-ortiz-denuncia-esta-siendo-victima-de-fraude-y-extorsion\/","url_meta":{"origin":81763,"position":4},"title":"David Ortiz denuncia est\u00e1 siendo v\u00edctima de fraude y extorsi\u00f3n","author":"Nelson Feliz","date":"30 de agosto de 2023","format":false,"excerpt":"El dominicano miembro del Sal\u00f3n de la Fama de Cooperstown, David Ortiz, denunci\u00f3 que est\u00e1 siendo v\u00edctima de fraude y extorsi\u00f3n a trav\u00e9s de informaciones recolectadas de su tel\u00e9fono m\u00f3vil. \"Hay una gente que me hackearon mi tel\u00e9fono de hace m\u00e1s de 15 a\u00f1os, que ya en los \u00faltimos tiempos\u2026","rel":"","context":"En \u00abNACIONALES\u00bb","block_context":{"text":"NACIONALES","link":"https:\/\/lasprimeras.com.do\/index.php\/category\/nacionales\/"},"img":{"alt_text":"","src":"https:\/\/i0.wp.com\/lasprimeras.com.do\/wp-content\/uploads\/2023\/08\/david-ortiz-denuncia-esta-siendo-victima-de-fraude-y-extorsion.jpg?resize=350%2C200&ssl=1","width":350,"height":200,"srcset":"https:\/\/i0.wp.com\/lasprimeras.com.do\/wp-content\/uploads\/2023\/08\/david-ortiz-denuncia-esta-siendo-victima-de-fraude-y-extorsion.jpg?resize=350%2C200&ssl=1 1x, https:\/\/i0.wp.com\/lasprimeras.com.do\/wp-content\/uploads\/2023\/08\/david-ortiz-denuncia-esta-siendo-victima-de-fraude-y-extorsion.jpg?resize=525%2C300&ssl=1 1.5x, https:\/\/i0.wp.com\/lasprimeras.com.do\/wp-content\/uploads\/2023\/08\/david-ortiz-denuncia-esta-siendo-victima-de-fraude-y-extorsion.jpg?resize=700%2C400&ssl=1 2x"},"classes":[]},{"id":55187,"url":"https:\/\/lasprimeras.com.do\/index.php\/2023\/07\/18\/robinson-cano-dice-juan-soto-podria-recibir-oferta-de-500-millones-de-dolares\/","url_meta":{"origin":81763,"position":5},"title":"Robinson Can\u00f3 dice Juan Soto podr\u00eda recibir oferta de 500 millones de d\u00f3lares","author":"Nelson Feliz","date":"18 de julio de 2023","format":false,"excerpt":"Can\u00f3 rechaza comentarios de David Ortiz. El capit\u00e1n del equipo dominicano en el Cl\u00e1sico Mundial de B\u00e9isbol, Robinson Can\u00f3, rechaz\u00f3 las declaraciones de David Ortiz de que Juan Soto cometi\u00f3 el error de su vida al rechazar una oferta de 400 millones de d\u00f3lares de los Nacionales de Washington. Para\u2026","rel":"","context":"En \u00abSin categor\u00eda\u00bb","block_context":{"text":"Sin categor\u00eda","link":"https:\/\/lasprimeras.com.do\/index.php\/category\/sin-categoria\/"},"img":{"alt_text":"Robinson Cano","src":"https:\/\/i0.wp.com\/lasprimeras.com.do\/wp-content\/uploads\/2023\/07\/Robinson-Cano.jpg?resize=350%2C200&ssl=1","width":350,"height":200,"srcset":"https:\/\/i0.wp.com\/lasprimeras.com.do\/wp-content\/uploads\/2023\/07\/Robinson-Cano.jpg?resize=350%2C200&ssl=1 1x, https:\/\/i0.wp.com\/lasprimeras.com.do\/wp-content\/uploads\/2023\/07\/Robinson-Cano.jpg?resize=525%2C300&ssl=1 1.5x, https:\/\/i0.wp.com\/lasprimeras.com.do\/wp-content\/uploads\/2023\/07\/Robinson-Cano.jpg?resize=700%2C400&ssl=1 2x"},"classes":[]}],"jetpack_sharing_enabled":true,"_links":{"self":[{"href":"https:\/\/lasprimeras.com.do\/index.php\/wp-json\/wp\/v2\/posts\/81763","targetHints":{"allow":["GET"]}}],"collection":[{"href":"https:\/\/lasprimeras.com.do\/index.php\/wp-json\/wp\/v2\/posts"}],"about":[{"href":"https:\/\/lasprimeras.com.do\/index.php\/wp-json\/wp\/v2\/types\/post"}],"author":[{"embeddable":true,"href":"https:\/\/lasprimeras.com.do\/index.php\/wp-json\/wp\/v2\/users\/3"}],"replies":[{"embeddable":true,"href":"https:\/\/lasprimeras.com.do\/index.php\/wp-json\/wp\/v2\/comments?post=81763"}],"version-history":[{"count":1,"href":"https:\/\/lasprimeras.com.do\/index.php\/wp-json\/wp\/v2\/posts\/81763\/revisions"}],"predecessor-version":[{"id":81765,"href":"https:\/\/lasprimeras.com.do\/index.php\/wp-json\/wp\/v2\/posts\/81763\/revisions\/81765"}],"wp:featuredmedia":[{"embeddable":true,"href":"https:\/\/lasprimeras.com.do\/index.php\/wp-json\/wp\/v2\/media\/81764"}],"wp:attachment":[{"href":"https:\/\/lasprimeras.com.do\/index.php\/wp-json\/wp\/v2\/media?parent=81763"}],"wp:term":[{"taxonomy":"category","embeddable":true,"href":"https:\/\/lasprimeras.com.do\/index.php\/wp-json\/wp\/v2\/categories?post=81763"},{"taxonomy":"post_tag","embeddable":true,"href":"https:\/\/lasprimeras.com.do\/index.php\/wp-json\/wp\/v2\/tags?post=81763"}],"curies":[{"name":"wp","href":"https:\/\/api.w.org\/{rel}","templated":true}]}}