{"id":81781,"date":"2024-04-24T23:11:16","date_gmt":"2024-04-25T03:11:16","guid":{"rendered":"https:\/\/lasprimeras.com.do\/?p=81781"},"modified":"2024-04-24T23:11:18","modified_gmt":"2024-04-25T03:11:18","slug":"adriano-espaillat-emite-fuertes-comentarios-sobre-presidente-de-la-camara-de-representantes","status":"publish","type":"post","link":"https:\/\/lasprimeras.com.do\/index.php\/2024\/04\/24\/adriano-espaillat-emite-fuertes-comentarios-sobre-presidente-de-la-camara-de-representantes\/","title":{"rendered":"Adriano Espaillat emite fuertes comentarios sobre presidente de la C\u00e1mara de Representantes"},"content":{"rendered":"\n<p>&nbsp;Por &nbsp;Aquiles Rojas<\/p>\n\n\n\n<p>NEW YORK, NY \u2014 El legislador federal de origen dominicano, congresista Adriano Espaillat se pronunci\u00f3 en respuesta a la visita que el presidente de la C\u00e1mara de Representantes, Johnson, planea hacer a la Universidad Columbia, fomentando con ello la divisi\u00f3n y la tensi\u00f3n pol\u00edticas.<\/p>\n\n\n\n<p>\u201cEl antisemitismo se alimenta de la divisi\u00f3n. El impacto de la ret\u00f3rica antisemita y el discurso de odio dirigido a los estudiantes jud\u00edos en Columbia y otras universidades de nuestra naci\u00f3n coartan la tolerancia y la libertad religiosa y es simplemente inaceptable\u201d, dijo el representante Espaillat.<\/p>\n\n\n\n<p>\u201cEs nuestro deber como servidores p\u00fablicos en todos los niveles de gobierno, incluida la ciudad de Nueva York, trabajar en colaboraci\u00f3n para utilizar los procesos legislativos y presupuestarios dentro de nuestros par\u00e1metros para erradicar el antisemitismo siempre que sea posible\u201d, explic\u00f3.<\/p>\n\n\n\n<p>\u201cEstoy profundamente preocupado por lo que est\u00e1 sucediendo en la Universidad Columbia en mi distrito, ya que personas externas que no est\u00e1n afiliadas a la Universidad han agitado la situaci\u00f3n\u201d, se\u00f1al\u00f3.<\/p>\n\n\n\n<p>\u201cEsto es inaceptable y se deben tomar medidas apropiadas para hacerlos rendir cuentas. Sin duda, ha habido un aumento en la ret\u00f3rica de odio en nuestra naci\u00f3n, lo cual es profundamente inquietante y nunca debe tolerarse\u201d, asever\u00f3 Espaillat.<\/p>\n\n\n\n<p>\u201cDesafortunadamente, en lugar de trabajar para promover soluciones reales como mi proyecto de ley, la Ley para Combatir el Odio en los Campus (H.R. 7998) y la Ley de Lucha contra el Antisemitismo (H.R.7921), que copatrocin\u00e9, el presidente de la C\u00e1mara de Representantes, Johnson, est\u00e1 aprovechando indebidamente este momento para promover sus intereses pol\u00edticos. Sigo firme en mi compromiso de apoyar a los estudiantes jud\u00edos y sus familias para garantizar su seguridad y bienestar\u201d, expuso.<\/p>\n\n\n\n<p>&#8220;Insto al presidente de la C\u00e1mara a que presente en el pleno piezas legislativas significativas para su consideraci\u00f3n. Estos son los tipos de proyectos de ley que deben aprobarse para garantizar financiaci\u00f3n y apoyo federales para combatir el antisemitismo en todo el pa\u00eds.<\/p>\n\n\n\n<p>\u201cSigo firme en mi compromiso de apoyar a los estudiantes jud\u00edos y sus familias en mi distrito y las comunidades de todo el pa\u00eds\u201d, finaliz\u00f3 el legislador Espaillat.<\/p>\n","protected":false},"excerpt":{"rendered":"<p>&nbsp;Por &nbsp;Aquiles Rojas NEW YORK, NY \u2014 El legislador federal de origen dominicano, congresista Adriano Espaillat se pronunci\u00f3 en respuesta a la visita que el presidente de la C\u00e1mara de&hellip;<\/p>\n","protected":false},"author":2,"featured_media":81782,"comment_status":"open","ping_status":"open","sticky":false,"template":"","format":"standard","meta":{"content-type":"","jetpack_post_was_ever_published":false,"_jetpack_newsletter_access":"","_jetpack_dont_email_post_to_subs":false,"_jetpack_newsletter_tier_id":0,"_jetpack_memberships_contains_paywalled_content":false,"_jetpack_memberships_contains_paid_content":false,"footnotes":""},"categories":[1],"tags":[11654,11731,11655,364],"class_list":["post-81781","post","type-post","status-publish","format-standard","has-post-thumbnail","hentry","category-sin-categoria","tag-adriano-espaillat","tag-camara-de-representantes","tag-congresista","tag-dominicano"],"jetpack_featured_media_url":"https:\/\/lasprimeras.com.do\/wp-content\/uploads\/2024\/04\/Adriano-Espaillat.jpeg","jetpack-related-posts":[{"id":94037,"url":"https:\/\/lasprimeras.com.do\/index.php\/2025\/02\/24\/juan-vicini-felicita-a-adriano-espaillat-por-ser-electo-presidente-del-caucus-hispano\/","url_meta":{"origin":81781,"position":0},"title":"Juan Vicini felicita a Adriano Espaillat por ser electo presidente del Caucus Hispano","author":"Nelson Feliz","date":"24 de febrero de 2025","format":false,"excerpt":"Washington D.C., El empresario dominicano Juan Bautista Vicini felicit\u00f3 al congresista del Distrito 13 de New York Adriano Espaillat por llevar a cabo la 7ma edici\u00f3n del evento dominicanos en el Capitolio. Vicini afirm\u00f3 que el evento Dominicanos en el Capitolio es una muestra fehaciente del liderazgo de Adriano Espaillat\u2026","rel":"","context":"En \u00abECONOM\u00cdA\u00bb","block_context":{"text":"ECONOM\u00cdA","link":"https:\/\/lasprimeras.com.do\/index.php\/category\/economia\/"},"img":{"alt_text":"","src":"https:\/\/i0.wp.com\/lasprimeras.com.do\/wp-content\/uploads\/2025\/02\/Juan-Vicini.jpg?resize=350%2C200&ssl=1","width":350,"height":200,"srcset":"https:\/\/i0.wp.com\/lasprimeras.com.do\/wp-content\/uploads\/2025\/02\/Juan-Vicini.jpg?resize=350%2C200&ssl=1 1x, https:\/\/i0.wp.com\/lasprimeras.com.do\/wp-content\/uploads\/2025\/02\/Juan-Vicini.jpg?resize=525%2C300&ssl=1 1.5x, https:\/\/i0.wp.com\/lasprimeras.com.do\/wp-content\/uploads\/2025\/02\/Juan-Vicini.jpg?resize=700%2C400&ssl=1 2x"},"classes":[]},{"id":57353,"url":"https:\/\/lasprimeras.com.do\/index.php\/2023\/08\/11\/abinader-llega-esta-tarde-a-ny-para-participar-el-domingo-en-el-desfile-dominicano\/","url_meta":{"origin":81781,"position":1},"title":"Abinader llega esta tarde a NY para participar el domingo en el desfile Dominicano","author":"Nelson Feliz","date":"11 de agosto de 2023","format":false,"excerpt":"El mandatario tambi\u00e9n, asistir\u00e1 a un encuentro con la comunidad coordinado por el congresista Adriano Espaillat, a un desayuno con las Seccionales y C\u00f3nsules, al acto de entrega de reconocimientos del INDEX y entregar\u00e1 llaves para viviendas a dominicanos residentes EEUU. El presidente Luis Abinader llegar\u00e1 la tarde de este\u2026","rel":"","context":"En \u00abNACIONALES\u00bb","block_context":{"text":"NACIONALES","link":"https:\/\/lasprimeras.com.do\/index.php\/category\/nacionales\/"},"img":{"alt_text":"Luis Abinader","src":"https:\/\/i0.wp.com\/lasprimeras.com.do\/wp-content\/uploads\/2023\/08\/Abinader-Avion.jpg?resize=350%2C200&ssl=1","width":350,"height":200,"srcset":"https:\/\/i0.wp.com\/lasprimeras.com.do\/wp-content\/uploads\/2023\/08\/Abinader-Avion.jpg?resize=350%2C200&ssl=1 1x, https:\/\/i0.wp.com\/lasprimeras.com.do\/wp-content\/uploads\/2023\/08\/Abinader-Avion.jpg?resize=525%2C300&ssl=1 1.5x, https:\/\/i0.wp.com\/lasprimeras.com.do\/wp-content\/uploads\/2023\/08\/Abinader-Avion.jpg?resize=700%2C400&ssl=1 2x"},"classes":[]},{"id":76240,"url":"https:\/\/lasprimeras.com.do\/index.php\/2024\/02\/08\/congresista-adriano-espaillat-rd-y-ee-uu-firmaran-acuerdo-de-cielos-abiertos\/","url_meta":{"origin":81781,"position":2},"title":"Congresista Adriano Espaillat: \u201cRD y EE.UU. firmaran acuerdo de cielos abiertos\u201d","author":"Nelson Feliz","date":"8 de febrero de 2024","format":false,"excerpt":"\u00a0Espaillat dice ya era tiempo de que RD contara con alguien nominado para embajador. Califica como exitosa el encuentro \u201cDominicanos en el Capitolio\u201d. Washington, DC.\u00a0 El congresista Adriano Espaillat, representante del distrito 13 de Nueva York y de origen dominicano, afirm\u00f3 que las conversaciones entre el gobierno de la Rep\u00fablica\u2026","rel":"","context":"En \u00abPORTADA\u00bb","block_context":{"text":"PORTADA","link":"https:\/\/lasprimeras.com.do\/index.php\/category\/portada\/"},"img":{"alt_text":"Adriano Espaillat","src":"https:\/\/i0.wp.com\/lasprimeras.com.do\/wp-content\/uploads\/2024\/02\/Adriano-Espaillat.jpg?resize=350%2C200&ssl=1","width":350,"height":200,"srcset":"https:\/\/i0.wp.com\/lasprimeras.com.do\/wp-content\/uploads\/2024\/02\/Adriano-Espaillat.jpg?resize=350%2C200&ssl=1 1x, https:\/\/i0.wp.com\/lasprimeras.com.do\/wp-content\/uploads\/2024\/02\/Adriano-Espaillat.jpg?resize=525%2C300&ssl=1 1.5x, https:\/\/i0.wp.com\/lasprimeras.com.do\/wp-content\/uploads\/2024\/02\/Adriano-Espaillat.jpg?resize=700%2C400&ssl=1 2x"},"classes":[]},{"id":71725,"url":"https:\/\/lasprimeras.com.do\/index.php\/2023\/12\/22\/delegacion-de-ee-uu-busca-apoyar-a-la-rd-en-materia-climatica-y-otros-temas\/","url_meta":{"origin":81781,"position":3},"title":"Delegaci\u00f3n de EE. UU. busca apoyar a la RD en materia clim\u00e1tica y otros temas","author":"Nelson Feliz","date":"22 de diciembre de 2023","format":false,"excerpt":"Por Aquiles Rojas NUEVA YORK. \u2013 El congresista Adriano Espaillat est\u00e1 de visita en la Rep\u00fablica Dominicana encabezando una delegaci\u00f3n de los Estados Unidos que busca, entre otros temas, apoyar al pa\u00eds caribe\u00f1o en sus esfuerzos por aumentar su resiliencia frente al cambio clim\u00e1tico. El congresista Adriano Espaillat (NY-13) y\u2026","rel":"","context":"En \u00abSin categor\u00eda\u00bb","block_context":{"text":"Sin categor\u00eda","link":"https:\/\/lasprimeras.com.do\/index.php\/category\/sin-categoria\/"},"img":{"alt_text":"Adriano Espaillat","src":"https:\/\/i0.wp.com\/lasprimeras.com.do\/wp-content\/uploads\/2023\/12\/Adriano-Espaillat-1.jpg?resize=350%2C200&ssl=1","width":350,"height":200,"srcset":"https:\/\/i0.wp.com\/lasprimeras.com.do\/wp-content\/uploads\/2023\/12\/Adriano-Espaillat-1.jpg?resize=350%2C200&ssl=1 1x, https:\/\/i0.wp.com\/lasprimeras.com.do\/wp-content\/uploads\/2023\/12\/Adriano-Espaillat-1.jpg?resize=525%2C300&ssl=1 1.5x"},"classes":[]},{"id":98116,"url":"https:\/\/lasprimeras.com.do\/index.php\/2025\/05\/01\/convocara-coalicion-de-lideres-para-defender-al-congresista-espaillat-ante-ataques-republicanos\/","url_meta":{"origin":81781,"position":4},"title":"Convocar\u00e1 coalici\u00f3n de l\u00edderes para defender al congresista Espaillat ante ataques republicanos","author":"Nelson Feliz","date":"1 de mayo de 2025","format":false,"excerpt":"Por Ram\u00f3n Mercedes NUEVA YORK.- El soci\u00f3logo Jaime Vargas busca encabezar una coalici\u00f3n de l\u00edderes comunitarios con el prop\u00f3sito de defender al congresista de origen dominicano Adriano Espaillat (D-13) de los ataques del Partido Republicano en NYC. El l\u00edder comunitario en la Gran Manzana sostiene que dichos ataques provienen tanto\u2026","rel":"","context":"En \u00abINTERNACIONALES\u00bb","block_context":{"text":"INTERNACIONALES","link":"https:\/\/lasprimeras.com.do\/index.php\/category\/sin-categoria\/internacionales\/"},"img":{"alt_text":"Adriano Espaillat","src":"https:\/\/i0.wp.com\/lasprimeras.com.do\/wp-content\/uploads\/2025\/05\/Adriano-Espaillat.jpg?resize=350%2C200&ssl=1","width":350,"height":200,"srcset":"https:\/\/i0.wp.com\/lasprimeras.com.do\/wp-content\/uploads\/2025\/05\/Adriano-Espaillat.jpg?resize=350%2C200&ssl=1 1x, https:\/\/i0.wp.com\/lasprimeras.com.do\/wp-content\/uploads\/2025\/05\/Adriano-Espaillat.jpg?resize=525%2C300&ssl=1 1.5x"},"classes":[]},{"id":123671,"url":"https:\/\/lasprimeras.com.do\/index.php\/2026\/03\/04\/apoyo-a-dominicanos-espaillat-entrega-us820-mil-a-universidad-en-el-bronx\/","url_meta":{"origin":81781,"position":5},"title":"\u00a1Apoyo a dominicanos! Espaillat entrega US$820 mil a universidad en El Bronx","author":"Nelson Feliz","date":"4 de marzo de 2026","format":false,"excerpt":"Por Ram\u00f3n Mercedes NUEVA YORK.\u2013 El congresista por el distrito 13 de Nueva York, Adriano Espaillat, entreg\u00f3 a la Lehman College, en El Bronx, que cuenta con 12,894 estudiantes, entre ellos cientos de dominicanos, la suma de $820 mil d\u00f3lares para la ampliaci\u00f3n de las gradas del campo deportivo sur,\u2026","rel":"","context":"En \u00abINTERNACIONALES\u00bb","block_context":{"text":"INTERNACIONALES","link":"https:\/\/lasprimeras.com.do\/index.php\/category\/sin-categoria\/internacionales\/"},"img":{"alt_text":"","src":"https:\/\/i0.wp.com\/lasprimeras.com.do\/wp-content\/uploads\/2026\/03\/Congresista-entrega-US820-mil-a-Universidad-en-El-Bronx-con-12894-estudiantes.jpg?resize=350%2C200&ssl=1","width":350,"height":200,"srcset":"https:\/\/i0.wp.com\/lasprimeras.com.do\/wp-content\/uploads\/2026\/03\/Congresista-entrega-US820-mil-a-Universidad-en-El-Bronx-con-12894-estudiantes.jpg?resize=350%2C200&ssl=1 1x, https:\/\/i0.wp.com\/lasprimeras.com.do\/wp-content\/uploads\/2026\/03\/Congresista-entrega-US820-mil-a-Universidad-en-El-Bronx-con-12894-estudiantes.jpg?resize=525%2C300&ssl=1 1.5x"},"classes":[]}],"jetpack_sharing_enabled":true,"_links":{"self":[{"href":"https:\/\/lasprimeras.com.do\/index.php\/wp-json\/wp\/v2\/posts\/81781","targetHints":{"allow":["GET"]}}],"collection":[{"href":"https:\/\/lasprimeras.com.do\/index.php\/wp-json\/wp\/v2\/posts"}],"about":[{"href":"https:\/\/lasprimeras.com.do\/index.php\/wp-json\/wp\/v2\/types\/post"}],"author":[{"embeddable":true,"href":"https:\/\/lasprimeras.com.do\/index.php\/wp-json\/wp\/v2\/users\/2"}],"replies":[{"embeddable":true,"href":"https:\/\/lasprimeras.com.do\/index.php\/wp-json\/wp\/v2\/comments?post=81781"}],"version-history":[{"count":1,"href":"https:\/\/lasprimeras.com.do\/index.php\/wp-json\/wp\/v2\/posts\/81781\/revisions"}],"predecessor-version":[{"id":81783,"href":"https:\/\/lasprimeras.com.do\/index.php\/wp-json\/wp\/v2\/posts\/81781\/revisions\/81783"}],"wp:featuredmedia":[{"embeddable":true,"href":"https:\/\/lasprimeras.com.do\/index.php\/wp-json\/wp\/v2\/media\/81782"}],"wp:attachment":[{"href":"https:\/\/lasprimeras.com.do\/index.php\/wp-json\/wp\/v2\/media?parent=81781"}],"wp:term":[{"taxonomy":"category","embeddable":true,"href":"https:\/\/lasprimeras.com.do\/index.php\/wp-json\/wp\/v2\/categories?post=81781"},{"taxonomy":"post_tag","embeddable":true,"href":"https:\/\/lasprimeras.com.do\/index.php\/wp-json\/wp\/v2\/tags?post=81781"}],"curies":[{"name":"wp","href":"https:\/\/api.w.org\/{rel}","templated":true}]}}