{"id":81784,"date":"2024-04-24T23:23:29","date_gmt":"2024-04-25T03:23:29","guid":{"rendered":"https:\/\/lasprimeras.com.do\/?p=81784"},"modified":"2024-04-24T23:23:31","modified_gmt":"2024-04-25T03:23:31","slug":"kathy-hochul-y-manny-de-los-santos-visitan-bodega-dominicana-del-alto-manhattan","status":"publish","type":"post","link":"https:\/\/lasprimeras.com.do\/index.php\/2024\/04\/24\/kathy-hochul-y-manny-de-los-santos-visitan-bodega-dominicana-del-alto-manhattan\/","title":{"rendered":"Kathy Hochul y Manny De Los Santos visitan\u00a0 bodega dominicana del Alto Manhattan"},"content":{"rendered":"\n<p><strong>El encuentro se produce en el marco de la nueva Ley de Protecci\u00f3n al Trabajador Minorista que indujo el legislador De Los Santos.<\/strong><\/p>\n\n\n\n<p>Por Aquiles Rojas<\/p>\n\n\n\n<p>NUEVA YORK*. -La gobernadora del Estado Nueva York, Kathy Hochul y asamble\u00edsta de origen dominicano, Manny De Los Santos, quien representa el distrito 72 en la legislatura estatal, sostuvieron un encuentro en una bodega del Alto Manhattan en esta ciudad.<\/p>\n\n\n\n<p>La visita al&nbsp; se realiz\u00f3 pasada la 1:00 PM en el establecimiento ubicado en 1408 \u201cSaint Nicholas Avenue\u201d de Washington Heights para destacar la \u201cLey de Protecci\u00f3n al Trabajador Minorista&nbsp; que introdujo De Los Santos y que fue&nbsp; promulgada recientemente como parte del presupuesto&nbsp; fiscal 2025.<\/p>\n\n\n\n<p>\u201cEn en la ley que propusimos y que fue aprobada recientemente, donde hemos tomado&nbsp;&nbsp; medidas en\u00e9rgicas contra el robo organizado a los minoristas como el caso de nuestros bodegueros, donde se buscamos ayudar a los propietarios de estos negocios para aumentar la seguridad de todos las personas que laboran\u201d, dijo el legislador De Los Santos.<\/p>\n\n\n\n<p>\u201cEn la ley sobre protecci\u00f3n a los negocios de minoristas hacemos un enfoque&nbsp; integral, el cual otorga m\u00e1s poder a las fuerzas del orden, los fiscales y los propietarios de empresas, centr\u00e1ndose en todas las \u00e1reas de vulnerabilidad para cuidar a nuestros peque\u00f1os negocios \u201c, record\u00f3 el asamble\u00edsta Santos al hablar con este reportero.<\/p>\n\n\n\n<p><strong>PUNTOS CLAVES PARA COMBATIR EL ROBO A MINORISTAS<\/strong><\/p>\n\n\n\n<ul class=\"wp-block-list\">\n<li>Se refuerzan las sanciones por agredir a los trabajadores minoristas<\/li>\n<\/ul>\n\n\n\n<ul class=\"wp-block-list\">\n<li>Permite a los fiscales combinar el valor de los bienes robados<\/li>\n<\/ul>\n\n\n\n<ul class=\"wp-block-list\">\n<li>Hace que sea ilegal fomentar la venta de bienes robados<\/li>\n<\/ul>\n\n\n\n<ul class=\"wp-block-list\">\n<li>Se invertir\u00e1n unos $40 millones de d\u00f3lares para equipos de robo al por menor dedicados<\/li>\n<\/ul>\n\n\n\n<ul class=\"wp-block-list\">\n<li>Tendr\u00e1n un cr\u00e9dito fiscal de $5 millones de d\u00f3lares para la seguridad de las peque\u00f1as empresas<\/li>\n<\/ul>\n\n\n\n<p><strong>SOBRE EL PRESUPUESTO FISCAL A\u00d1O FISCAL 2025<\/strong><\/p>\n\n\n\n<p>Se recuerda que el Presupuesto Fiscal 2025 para Nueva York es unos $237 mil millones, donde no se&nbsp; aumentaran los impuestos sobre la renta ni el impuesto estatal a las empresas.<\/p>\n\n\n\n<p>La m\u00e1xima autoridad gubernamental lleg\u00f3 un acuerdo de vivienda denominado como hist\u00f3rico para aumentar la oferta de viviendas y proteger a los inquilinos.<\/p>\n\n\n\n<p>En un comunicado de prensa se explica que para el a\u00f1o fiscal 2025&nbsp; para tratar los cr\u00edmenes de odio, proteger los lugares de culto, adoraci\u00f3n y centros&nbsp; elegibles se ampl\u00eda un total a unos $35 millones.<\/p>\n\n\n\n<p>-Se invertir\u00e1n unos&nbsp; $35.5 mil millones en \u201cmedicaid\u201d\u2019para apoyar el sistema de atenci\u00f3n m\u00e9dica de Nueva York.<\/p>\n\n\n\n<p>-$550 Millones Anuales para Apoyar la Transformaci\u00f3n de los Hospitales de la Red de Seguridad de Nueva York<\/p>\n\n\n\n<p>-Aumenta los Servicios y Recursos de Atenci\u00f3n de Salud Mental Juvenil para Neoyorquinos con Enfermedades Mentales Graves<\/p>\n\n\n\n<p>-Se aumenta la ayuda escolar en $1.3 mil millones a casi $36 mil millones y \u201cBack to Basics\u201d para ense\u00f1ar la ciencia de la lectura o lecturas en general.<\/p>\n\n\n\n<p>-Acci\u00f3n para poner fin a la proliferaci\u00f3n de operaciones Il\u00edcitas de cannabis con unos &nbsp;$275 millones para establecer el \u201cConsorcio Empire AI de Nueva York\u201d.<\/p>\n\n\n\n<p>-M\u00e1s de $8,7 mil Millones para Sistemas de Tr\u00e1nsito, $7,7 mil millones para infraestructura cr\u00edtica, $100 millones para pavimentar baches<\/p>\n\n\n\n<p>-Acci\u00f3n para acelerar la transici\u00f3n a la Energ\u00eda Limpia, Plantar 25 Millones de \u00c1rboles y Salvaguardar el Agua Limpia<\/p>\n\n\n\n<p>-Acciones para Ayudar a los Miembros de Todas las Comunidades a Crecer y Prosperar, Incluidos $36 Millones para Apoyar la Atenci\u00f3n del Aborto<\/p>\n\n\n\n<p>-Se resaltan unos $55 millones para hacer avanzar al Estado de Nueva York como l\u00edder en la industria l\u00e1ctea.<\/p>\n","protected":false},"excerpt":{"rendered":"<p>El encuentro se produce en el marco de la nueva Ley de Protecci\u00f3n al Trabajador Minorista que indujo el legislador De Los Santos. Por Aquiles Rojas NUEVA YORK*. -La gobernadora&hellip;<\/p>\n","protected":false},"author":2,"featured_media":81785,"comment_status":"open","ping_status":"open","sticky":false,"template":"","format":"standard","meta":{"content-type":"","jetpack_post_was_ever_published":false,"_jetpack_newsletter_access":"","_jetpack_dont_email_post_to_subs":false,"_jetpack_newsletter_tier_id":0,"_jetpack_memberships_contains_paywalled_content":false,"_jetpack_memberships_contains_paid_content":false,"footnotes":""},"categories":[1],"tags":[7883,12656,3000,10876,12657],"class_list":["post-81784","post","type-post","status-publish","format-standard","has-post-thumbnail","hentry","category-sin-categoria","tag-alto-manhattan","tag-bodega-dominicana","tag-gobernadora","tag-kathy-hochul","tag-manny-de-los-santos"],"jetpack_featured_media_url":"https:\/\/lasprimeras.com.do\/wp-content\/uploads\/2024\/04\/Kathy-Hochul-y-Manny-De-Los-Santos.jpg","jetpack-related-posts":[{"id":114065,"url":"https:\/\/lasprimeras.com.do\/index.php\/2025\/11\/10\/ayuntamiento-de-santiago-entrega-llave-de-la-ciudad-a-gobernadora-kathy-hochul-y-declara-hijo-distinguido-a-adriano-espaillat\/","url_meta":{"origin":81784,"position":0},"title":"Ayuntamiento de Santiago entrega llave de la ciudad a gobernadora Kathy Hochul y declara \u201cHijo Distinguido\u201d a Adriano Espaillat","author":"Nelson Feliz","date":"10 de noviembre de 2025","format":false,"excerpt":"El Concejo de Regidores del Ayuntamiento de Santiago de los Caballeros reconoci\u00f3 como \u201cVisitante de Honor\u201d a la gobernadora del estado de Nueva York, Kathy Hochul, otorg\u00e1ndole adem\u00e1s la llave de la ciudad. En el mismo escenario, el \u00f3rgano edilicio declar\u00f3 como \u201cHijo Distinguido\u201d al congresista dominicano-estadounidense Adriano Espaillat, en\u2026","rel":"","context":"En \u00abNACIONALES\u00bb","block_context":{"text":"NACIONALES","link":"https:\/\/lasprimeras.com.do\/index.php\/category\/nacionales\/"},"img":{"alt_text":"","src":"https:\/\/i0.wp.com\/lasprimeras.com.do\/wp-content\/uploads\/2025\/11\/Kathy-Hochul.jpg?resize=350%2C200&ssl=1","width":350,"height":200,"srcset":"https:\/\/i0.wp.com\/lasprimeras.com.do\/wp-content\/uploads\/2025\/11\/Kathy-Hochul.jpg?resize=350%2C200&ssl=1 1x, https:\/\/i0.wp.com\/lasprimeras.com.do\/wp-content\/uploads\/2025\/11\/Kathy-Hochul.jpg?resize=525%2C300&ssl=1 1.5x"},"classes":[]},{"id":114263,"url":"https:\/\/lasprimeras.com.do\/index.php\/2025\/11\/11\/congreso-nacional-recibe-visita-oficial-de-la-gobernadora-del-estado-de-nueva-york\/","url_meta":{"origin":81784,"position":1},"title":"Congreso Nacional recibe visita oficial de la gobernadora del Estado de Nueva York","author":"Nelson Feliz","date":"11 de noviembre de 2025","format":false,"excerpt":"En el marco del encuentro con legisladores, el Senado de la Rep\u00fablica y la C\u00e1mara de Diputados entregaron sendos reconocimientos a Kathy Hochul por su apoyo y compromiso con la comunidad dominicana residente en New York. El Congreso Nacional recibi\u00f3 la visita oficial de la gobernadora del Estado de Nueva\u2026","rel":"","context":"En \u00abNACIONALES\u00bb","block_context":{"text":"NACIONALES","link":"https:\/\/lasprimeras.com.do\/index.php\/category\/nacionales\/"},"img":{"alt_text":"","src":"https:\/\/i0.wp.com\/lasprimeras.com.do\/wp-content\/uploads\/2025\/11\/Ricardo-de-los-Santos.jpg?resize=350%2C200&ssl=1","width":350,"height":200,"srcset":"https:\/\/i0.wp.com\/lasprimeras.com.do\/wp-content\/uploads\/2025\/11\/Ricardo-de-los-Santos.jpg?resize=350%2C200&ssl=1 1x, https:\/\/i0.wp.com\/lasprimeras.com.do\/wp-content\/uploads\/2025\/11\/Ricardo-de-los-Santos.jpg?resize=525%2C300&ssl=1 1.5x, https:\/\/i0.wp.com\/lasprimeras.com.do\/wp-content\/uploads\/2025\/11\/Ricardo-de-los-Santos.jpg?resize=700%2C400&ssl=1 2x"},"classes":[]},{"id":71725,"url":"https:\/\/lasprimeras.com.do\/index.php\/2023\/12\/22\/delegacion-de-ee-uu-busca-apoyar-a-la-rd-en-materia-climatica-y-otros-temas\/","url_meta":{"origin":81784,"position":2},"title":"Delegaci\u00f3n de EE. UU. busca apoyar a la RD en materia clim\u00e1tica y otros temas","author":"Nelson Feliz","date":"22 de diciembre de 2023","format":false,"excerpt":"Por Aquiles Rojas NUEVA YORK. \u2013 El congresista Adriano Espaillat est\u00e1 de visita en la Rep\u00fablica Dominicana encabezando una delegaci\u00f3n de los Estados Unidos que busca, entre otros temas, apoyar al pa\u00eds caribe\u00f1o en sus esfuerzos por aumentar su resiliencia frente al cambio clim\u00e1tico. El congresista Adriano Espaillat (NY-13) y\u2026","rel":"","context":"En \u00abSin categor\u00eda\u00bb","block_context":{"text":"Sin categor\u00eda","link":"https:\/\/lasprimeras.com.do\/index.php\/category\/sin-categoria\/"},"img":{"alt_text":"Adriano Espaillat","src":"https:\/\/i0.wp.com\/lasprimeras.com.do\/wp-content\/uploads\/2023\/12\/Adriano-Espaillat-1.jpg?resize=350%2C200&ssl=1","width":350,"height":200,"srcset":"https:\/\/i0.wp.com\/lasprimeras.com.do\/wp-content\/uploads\/2023\/12\/Adriano-Espaillat-1.jpg?resize=350%2C200&ssl=1 1x, https:\/\/i0.wp.com\/lasprimeras.com.do\/wp-content\/uploads\/2023\/12\/Adriano-Espaillat-1.jpg?resize=525%2C300&ssl=1 1.5x"},"classes":[]},{"id":114241,"url":"https:\/\/lasprimeras.com.do\/index.php\/2025\/11\/10\/gobernadora-rosa-santos-recibe-a-gobernadora-de-nueva-york-en-santiago\/","url_meta":{"origin":81784,"position":3},"title":"Gobernadora Rosa Santos recibe a Gobernadora de Nueva York en Santiago","author":"Nelson Feliz","date":"10 de noviembre de 2025","format":false,"excerpt":"La gobernadora, Rosa Santos, recibi\u00f3 a la gobernadora de Nueva York, Kathy Hochul, en su visita oficial a la provincia de Santiago. La visita tiene como objetivo fortalecer los lazos de amistad y cooperaci\u00f3n entre la ciudad y el estado de Nueva York, promoviendo el intercambio cultural, econ\u00f3mico y social.\u2026","rel":"","context":"En \u00abNACIONALES\u00bb","block_context":{"text":"NACIONALES","link":"https:\/\/lasprimeras.com.do\/index.php\/category\/nacionales\/"},"img":{"alt_text":"","src":"https:\/\/i0.wp.com\/lasprimeras.com.do\/wp-content\/uploads\/2025\/11\/Gobernadora-Rosa-Santos.png?resize=350%2C200&ssl=1","width":350,"height":200},"classes":[]},{"id":99596,"url":"https:\/\/lasprimeras.com.do\/index.php\/2025\/05\/23\/gobernadora-kathy-hochul-dice-menos-muertes-por-sobredosis-en-ny\/","url_meta":{"origin":81784,"position":4},"title":"Gobernadora Kathy Hochul dice \u00abmenos muertes por sobredosis en NY\u00bb","author":"Nelson Feliz","date":"23 de mayo de 2025","format":false,"excerpt":"Por Ram\u00f3n Mercedes NUEVA YORK.- La gobernadora Kathy Hochul anunci\u00f3 en esta semana cifras preliminares de los Centros para el Control y la Prevenci\u00f3n de Enfermedades (CDC) que confirman la reducci\u00f3n de muertes por sobredosis de drogas en el estado de Nueva York, durante el a\u00f1o pasado. Dominicanos figuran entre\u2026","rel":"","context":"En \u00abINTERNACIONALES\u00bb","block_context":{"text":"INTERNACIONALES","link":"https:\/\/lasprimeras.com.do\/index.php\/category\/sin-categoria\/internacionales\/"},"img":{"alt_text":"Gobernadora dice \u00abmenos muertes por sobredosis en NY\u00bb","src":"https:\/\/i0.wp.com\/lasprimeras.com.do\/wp-content\/uploads\/2025\/05\/WhatsApp-Image-2025-05-23-at-6.44.53-AM.jpeg?resize=350%2C200&ssl=1","width":350,"height":200,"srcset":"https:\/\/i0.wp.com\/lasprimeras.com.do\/wp-content\/uploads\/2025\/05\/WhatsApp-Image-2025-05-23-at-6.44.53-AM.jpeg?resize=350%2C200&ssl=1 1x, https:\/\/i0.wp.com\/lasprimeras.com.do\/wp-content\/uploads\/2025\/05\/WhatsApp-Image-2025-05-23-at-6.44.53-AM.jpeg?resize=525%2C300&ssl=1 1.5x, https:\/\/i0.wp.com\/lasprimeras.com.do\/wp-content\/uploads\/2025\/05\/WhatsApp-Image-2025-05-23-at-6.44.53-AM.jpeg?resize=700%2C400&ssl=1 2x"},"classes":[]},{"id":72813,"url":"https:\/\/lasprimeras.com.do\/index.php\/2024\/01\/03\/200-millones-para-alimentar-2-millones-de-ninos-en-nys\/","url_meta":{"origin":81784,"position":5},"title":"$200 millones para alimentar 2 millones de ni\u00f1os en NYS","author":"Nelson Feliz","date":"3 de enero de 2024","format":false,"excerpt":"La gobernadora Kathy Hochul anunci\u00f3 hoy m\u00e1s de $200 millones para comidas de verano para aproximadamente 2 millones de ni\u00f1os en edad escolar de bajos ingresos en Nueva York. Tras la decisi\u00f3n de la Gobernadora Hochul de incluir a Nueva York en el Programa de Transferencia Electr\u00f3nica de Beneficios de\u2026","rel":"","context":"En \u00abSin categor\u00eda\u00bb","block_context":{"text":"Sin categor\u00eda","link":"https:\/\/lasprimeras.com.do\/index.php\/category\/sin-categoria\/"},"img":{"alt_text":"Kathy Hochul","src":"https:\/\/i0.wp.com\/lasprimeras.com.do\/wp-content\/uploads\/2024\/01\/Gobernadora-Kathy-Hochul.png?resize=350%2C200&ssl=1","width":350,"height":200,"srcset":"https:\/\/i0.wp.com\/lasprimeras.com.do\/wp-content\/uploads\/2024\/01\/Gobernadora-Kathy-Hochul.png?resize=350%2C200&ssl=1 1x, https:\/\/i0.wp.com\/lasprimeras.com.do\/wp-content\/uploads\/2024\/01\/Gobernadora-Kathy-Hochul.png?resize=525%2C300&ssl=1 1.5x, https:\/\/i0.wp.com\/lasprimeras.com.do\/wp-content\/uploads\/2024\/01\/Gobernadora-Kathy-Hochul.png?resize=700%2C400&ssl=1 2x"},"classes":[]}],"jetpack_sharing_enabled":true,"_links":{"self":[{"href":"https:\/\/lasprimeras.com.do\/index.php\/wp-json\/wp\/v2\/posts\/81784","targetHints":{"allow":["GET"]}}],"collection":[{"href":"https:\/\/lasprimeras.com.do\/index.php\/wp-json\/wp\/v2\/posts"}],"about":[{"href":"https:\/\/lasprimeras.com.do\/index.php\/wp-json\/wp\/v2\/types\/post"}],"author":[{"embeddable":true,"href":"https:\/\/lasprimeras.com.do\/index.php\/wp-json\/wp\/v2\/users\/2"}],"replies":[{"embeddable":true,"href":"https:\/\/lasprimeras.com.do\/index.php\/wp-json\/wp\/v2\/comments?post=81784"}],"version-history":[{"count":1,"href":"https:\/\/lasprimeras.com.do\/index.php\/wp-json\/wp\/v2\/posts\/81784\/revisions"}],"predecessor-version":[{"id":81786,"href":"https:\/\/lasprimeras.com.do\/index.php\/wp-json\/wp\/v2\/posts\/81784\/revisions\/81786"}],"wp:featuredmedia":[{"embeddable":true,"href":"https:\/\/lasprimeras.com.do\/index.php\/wp-json\/wp\/v2\/media\/81785"}],"wp:attachment":[{"href":"https:\/\/lasprimeras.com.do\/index.php\/wp-json\/wp\/v2\/media?parent=81784"}],"wp:term":[{"taxonomy":"category","embeddable":true,"href":"https:\/\/lasprimeras.com.do\/index.php\/wp-json\/wp\/v2\/categories?post=81784"},{"taxonomy":"post_tag","embeddable":true,"href":"https:\/\/lasprimeras.com.do\/index.php\/wp-json\/wp\/v2\/tags?post=81784"}],"curies":[{"name":"wp","href":"https:\/\/api.w.org\/{rel}","templated":true}]}}