{"id":81830,"date":"2024-04-25T13:26:27","date_gmt":"2024-04-25T17:26:27","guid":{"rendered":"https:\/\/lasprimeras.com.do\/?p=81830"},"modified":"2024-04-25T20:00:17","modified_gmt":"2024-04-26T00:00:17","slug":"danilo-cruz-pichardo-el-debate-presidencial","status":"publish","type":"post","link":"https:\/\/lasprimeras.com.do\/index.php\/2024\/04\/25\/danilo-cruz-pichardo-el-debate-presidencial\/","title":{"rendered":"El debate presidencial"},"content":{"rendered":"\n<p>Danilo Cruz Pichardo <\/p>\n\n\n\n<p>Es saludable para la democracia dominicana el introducir los debates electorales entre los candidatos, empezando por los que aspiran a la Presidencia de la Rep\u00fablica. <\/p>\n\n\n\n<p>El que realizaron Luis Abinader, Leonel Fern\u00e1ndez y Abel Mart\u00ednez, que encabezan las boletas del PRM, Fuerza del Pueblo y PLD, respectivamente, se caracteriz\u00f3 por la altura y el respeto<\/p>\n\n\n\n<p>. Se discutieron muchos problemas pol\u00edticos, econ\u00f3micos y sociales de la vida nacional y la poblaci\u00f3n tuvo la oportunidad de edificarse debidamente.<\/p>\n\n\n\n<p>Se podr\u00eda decir que los tres exhibieron dominio esc\u00e9nico y que sus gestos y ademanes fueron adecuados.<\/p>\n\n\n\n<p> En cuanto a los temas, es evidente que Leonel Fern\u00e1ndez y Luis Abinader mostraron mayor competencia, ofreciendo estad\u00edsticas de los problemas en diferentes fechas y haciendo comparaciones con otros pa\u00edses, aunque se pudo ver, posiblemente, la mejor versi\u00f3n de Abel Mart\u00ednez, quien fue presidente de la C\u00e1mara de Diputados y alcalde de Santiago.<\/p>\n\n\n\n<p>Sin embargo, se puede realizar un debate presidencial con altura y con respeto sin excluir temas de la agenda nacional.<\/p>\n\n\n\n<p>Para nada se trat\u00f3 el asunto de la corrupci\u00f3n p\u00fablica, un aspecto que, aunque no aparece dentro de las prioridades de la poblaci\u00f3n, de acuerdo a las firmas encuestadoras cre\u00edbles, no deja de ser preocupante para un amplio segmento de la sociedad dominicana.<\/p>\n\n\n\n<p>Pese a que los mediadores anunciaron el cap\u00edtulo transparencia, antes de iniciar el evento, en ning\u00fan momento se toc\u00f3, no s\u00e9 si por omisi\u00f3n o por un acuerdo amigable entre los tres aspirantes presidenciales.<\/p>\n\n\n\n<p>Sea una u otra la raz\u00f3n, la verdad es que muchos se quedaron a la espera de una cuesti\u00f3n que pudo ser la m\u00e1s candente y que afectaba enormemente al doctor Leonel Fern\u00e1ndez, presidente de la Rep\u00fablica en tres oportunidades y aspirante a un cuarto per\u00edodo. Nunca se fueron a la parte m\u00e1s honda del r\u00edo.<\/p>\n\n\n\n<p>A ra\u00edz de la desaparici\u00f3n f\u00edsica de Bosch, Balaguer y Pe\u00f1a G\u00f3mez, a Leonel Fern\u00e1ndez se le ha considerado como el pol\u00edtico dominicano m\u00e1s brillante, sobre todo por su s\u00f3lida formaci\u00f3n acad\u00e9mica, pero durante todo el trayecto de esta campa\u00f1a electoral el asunto de la corrupci\u00f3n ha estado ausente en su discurso, lo que luce ser un tema auto vedado.<\/p>\n\n\n\n<p>Cabe destacar que es la primera vez en nuestra historia que un presidente de la Rep\u00fablica, en b\u00fasqueda de la reelecci\u00f3n, decide acudir a debatir con sus opositores.<\/p>\n\n\n\n<p>Si no es un acto de humildad, habr\u00eda entonces que decir que es de mucha seguridad y confianza de su obra y de s\u00ed mismo.<\/p>\n\n\n\n<p>Se faj\u00f3 a discutir de t\u00fa a t\u00fa con Leonel, lo que hace algunos a\u00f1os parec\u00eda un imposible.<\/p>\n\n\n\n<p>Ya Luis Abinader queda consagrado entre los principales l\u00edderes pol\u00edticos nacionales.<\/p>\n\n\n\n<p>No se puede dejar de mencionar, sin embargo, que Luis Abinader tiene la gran ventaja de estar compitiendo con una oposici\u00f3n con l\u00edderes incumplidores y desacreditados. Todo parece indicar que el electorado se siente conforme con la gesti\u00f3n de Luis Abinader y observa gran diferencia con un pasado caracterizado por los esc\u00e1ndalos de corrupci\u00f3n p\u00fablica.<\/p>\n\n\n\n<p>No se puede decir que la Fuerza del Pueblo y el PLD est\u00e1n sepultados, pero posiblemente requieren de mayor tiempo para que sus excesos caigan en el olvido. Y es probable que requieran dar espacio al relevo generacional.<\/p>\n\n\n\n<p>Joaqu\u00edn Balaguer perdi\u00f3 los comicios de 1978 de Antonio Guzm\u00e1n. Se trat\u00f3 de un 52% contra 43%. Balaguer no pudo subir ese porcentaje para el certamen de 1982, al computar 39%, es decir, baj\u00f3, mientras Jorge Blanco alcanz\u00f3 un 47%, alz\u00e1ndose con el triunfo.<\/p>\n\n\n\n<p>\u00bfCu\u00e1les fueron las razones de esa ca\u00edda en los n\u00fameros del Partido Reformista? Muy sencillo: los balagueristas no dispon\u00edan de la avasallante log\u00edstica del 78 (recursos estatales) y de igual manera prevalec\u00eda gran temor de la poblaci\u00f3n de retroceder, volver a los cr\u00edmenes pol\u00edticos y falta de libertades ciudadanas.<\/p>\n\n\n\n<p>Para 1982 todav\u00eda estaban frescos en la memoria de los electores los actos de violaciones a derechos humanos. <\/p>\n\n\n\n<p>Y en la actualidad la poblaci\u00f3n no ha olvidado los grandes desfalcos, sobrevaluaci\u00f3n de obras y entramados mafiosos del pelede\u00edsmo gobernante.<\/p>\n\n\n\n<p>Pero retomando el tema del debate presidencial, celebrado la noche del 24 de abril, desde el punto de vista del suscrito, si ese encuentro no le sum\u00f3 a Luis Abinader, tampoco le rest\u00f3 nada, por lo que los resultados de las firmas encuestadoras continuar\u00edan inalterables, con un PRM que podr\u00eda ganar con un porcentaje superior al 60%, Leonel Fern\u00e1ndez rondando el 20 (quiz\u00e1s algo m\u00e1s) y Abel qued\u00e1ndose con un 13 o un 12.<\/p>\n\n\n\n<p>Ser\u00eda una ca\u00edda brusca del pelede\u00edsmo, que en el 2020 obtuvo un 38%. Son estimaciones, para nada se trata de ofrecer datos precisos, los cuales nadie puede adelantar, al menos que se disponga de una bola de cristal.<\/p>\n","protected":false},"excerpt":{"rendered":"<p>Danilo Cruz Pichardo Es saludable para la democracia dominicana el introducir los debates electorales entre los candidatos, empezando por los que aspiran a la Presidencia de la Rep\u00fablica. El que&hellip;<\/p>\n","protected":false},"author":3,"featured_media":81831,"comment_status":"open","ping_status":"open","sticky":false,"template":"","format":"standard","meta":{"content-type":"","jetpack_post_was_ever_published":false,"_jetpack_newsletter_access":"","_jetpack_dont_email_post_to_subs":false,"_jetpack_newsletter_tier_id":0,"_jetpack_memberships_contains_paywalled_content":false,"_jetpack_memberships_contains_paid_content":false,"footnotes":""},"categories":[95],"tags":[],"class_list":["post-81830","post","type-post","status-publish","format-standard","has-post-thumbnail","hentry","category-opinion"],"jetpack_featured_media_url":"https:\/\/lasprimeras.com.do\/wp-content\/uploads\/2024\/04\/6a0c8a05-4f4b-48f5-a1d9-1ad180753c4a-41.jpg","jetpack-related-posts":[{"id":122378,"url":"https:\/\/lasprimeras.com.do\/index.php\/2026\/02\/16\/leonel-a-abinader-el-problema-en-los-bolsillos-de-la-gente-no-se-resuelve-con-busquedas-en-google\/","url_meta":{"origin":81830,"position":0},"title":"Leonel a Abinader: El problema en los bolsillos de la gente no se resuelve con b\u00fasquedas en Google","author":"Nelson Feliz","date":"16 de febrero de 2026","format":false,"excerpt":"Dijo que ante los partidos de oposici\u00f3n que crecen, el gobierno reacciona con arrogancia, pero que los problemas de los dominicanos se resuelven con \u201cpol\u00edticas p\u00fablicas que garanticen bienestar, estabilidad y oportunidades para todos\u201d. El expresidente de la Rep\u00fablica y titular del Partido Fuerza del Pueblo, Leonel Fern\u00e1ndez, reaccion\u00f3 este\u2026","rel":"","context":"En \u00abPOLITICA\u00bb","block_context":{"text":"POLITICA","link":"https:\/\/lasprimeras.com.do\/index.php\/category\/politica\/"},"img":{"alt_text":"Leonel Fern\u00e1ndez","src":"https:\/\/i0.wp.com\/lasprimeras.com.do\/wp-content\/uploads\/2025\/11\/Leonel-Fernandez.jpg?resize=350%2C200&ssl=1","width":350,"height":200,"srcset":"https:\/\/i0.wp.com\/lasprimeras.com.do\/wp-content\/uploads\/2025\/11\/Leonel-Fernandez.jpg?resize=350%2C200&ssl=1 1x, https:\/\/i0.wp.com\/lasprimeras.com.do\/wp-content\/uploads\/2025\/11\/Leonel-Fernandez.jpg?resize=525%2C300&ssl=1 1.5x"},"classes":[]},{"id":102268,"url":"https:\/\/lasprimeras.com.do\/index.php\/2025\/07\/02\/abinader-visitara-este-jueves-al-expresidente-leonel-fernandez-para-continuar-dialogo-sobre-crisis-haitiana\/","url_meta":{"origin":81830,"position":1},"title":"Abinader visitar\u00e1 este jueves al expresidente Leonel Fern\u00e1ndez para continuar di\u00e1logo sobre crisis haitiana","author":"Nelson Feliz","date":"2 de julio de 2025","format":false,"excerpt":"La visita se realizar\u00e1 a las 11:00 a.m. en la Fundaci\u00f3n Global Democracia y Desarrollo (FUNGLODE) El presidente Luis Abinader visitar\u00e1 este jueves al exmandatario Leonel Fern\u00e1ndez para continuar el proceso de di\u00e1logo con el fin de abordar de manera conjunta y responsable la crisis haitiana y sus implicaciones para\u2026","rel":"","context":"En \u00abNACIONALES\u00bb","block_context":{"text":"NACIONALES","link":"https:\/\/lasprimeras.com.do\/index.php\/category\/nacionales\/"},"img":{"alt_text":"","src":"https:\/\/i0.wp.com\/lasprimeras.com.do\/wp-content\/uploads\/2025\/07\/Luis-Abinader-7.jpg?resize=350%2C200&ssl=1","width":350,"height":200,"srcset":"https:\/\/i0.wp.com\/lasprimeras.com.do\/wp-content\/uploads\/2025\/07\/Luis-Abinader-7.jpg?resize=350%2C200&ssl=1 1x, https:\/\/i0.wp.com\/lasprimeras.com.do\/wp-content\/uploads\/2025\/07\/Luis-Abinader-7.jpg?resize=525%2C300&ssl=1 1.5x, https:\/\/i0.wp.com\/lasprimeras.com.do\/wp-content\/uploads\/2025\/07\/Luis-Abinader-7.jpg?resize=700%2C400&ssl=1 2x"},"classes":[]},{"id":78451,"url":"https:\/\/lasprimeras.com.do\/index.php\/2024\/03\/16\/leonel-fernandez-acepta-participar-en-debate-presidencial-por-anje\/","url_meta":{"origin":81830,"position":2},"title":"Leonel Fern\u00e1ndez acepta participar en debate presidencial por ANJE","author":"BIMARY DE JES\u00daS Matos","date":"16 de marzo de 2024","format":false,"excerpt":"Santo Domingo.- El candidato presidencial del partido Fuerza del Pueblo, Leonel Fern\u00e1ndez, dijo hoy que acepta participar en el debate propuesto por la Asociaci\u00f3n Nacional de J\u00f3venes Empresarios, ANJE. \u201cAnuncio, desde aqu\u00ed, que acepto el debate con el presidente de la Rep\u00fablica Luis Abinader\u201d, asegur\u00f3 el candidato presidencial opositor. \u201cDesde\u2026","rel":"","context":"En \u00abPORTADA\u00bb","block_context":{"text":"PORTADA","link":"https:\/\/lasprimeras.com.do\/index.php\/category\/portada\/"},"img":{"alt_text":"","src":"https:\/\/i0.wp.com\/lasprimeras.com.do\/wp-content\/uploads\/2024\/03\/IMG-20240316-WA0011-scaled.jpg?resize=350%2C200&ssl=1","width":350,"height":200,"srcset":"https:\/\/i0.wp.com\/lasprimeras.com.do\/wp-content\/uploads\/2024\/03\/IMG-20240316-WA0011-scaled.jpg?resize=350%2C200&ssl=1 1x, https:\/\/i0.wp.com\/lasprimeras.com.do\/wp-content\/uploads\/2024\/03\/IMG-20240316-WA0011-scaled.jpg?resize=525%2C300&ssl=1 1.5x, https:\/\/i0.wp.com\/lasprimeras.com.do\/wp-content\/uploads\/2024\/03\/IMG-20240316-WA0011-scaled.jpg?resize=700%2C400&ssl=1 2x, https:\/\/i0.wp.com\/lasprimeras.com.do\/wp-content\/uploads\/2024\/03\/IMG-20240316-WA0011-scaled.jpg?resize=1050%2C600&ssl=1 3x, https:\/\/i0.wp.com\/lasprimeras.com.do\/wp-content\/uploads\/2024\/03\/IMG-20240316-WA0011-scaled.jpg?resize=1400%2C800&ssl=1 4x"},"classes":[]},{"id":78948,"url":"https:\/\/lasprimeras.com.do\/index.php\/2024\/03\/21\/debates-de-luis-y-leonel\/","url_meta":{"origin":81830,"position":3},"title":"Debates de Luis y Leonel","author":"Nelson Feliz","date":"21 de marzo de 2024","format":false,"excerpt":"Danilo Cruz Pichardodanilocruzpichardo@gmail.com La Asociaci\u00f3n Nacional de J\u00f3venes Empresarios (ANJE) tiene programado un debate presidencial para el 24 de abril, con miras al proceso nacional a celebrarse el 19 de mayo. En principio la invitaci\u00f3n al evento se les formul\u00f3 a Luis Abinader, Abel Mart\u00ednez, Leonel Fer\u00e1ndez y Miguel Vargas\u2026","rel":"","context":"En \u00abOPINI\u00d3N\u00bb","block_context":{"text":"OPINI\u00d3N","link":"https:\/\/lasprimeras.com.do\/index.php\/category\/opinion\/"},"img":{"alt_text":"Debates de Luis y Leonel","src":"https:\/\/i0.wp.com\/lasprimeras.com.do\/wp-content\/uploads\/2024\/03\/Debates-de-Luis-y-Leonel.jpg?resize=350%2C200&ssl=1","width":350,"height":200,"srcset":"https:\/\/i0.wp.com\/lasprimeras.com.do\/wp-content\/uploads\/2024\/03\/Debates-de-Luis-y-Leonel.jpg?resize=350%2C200&ssl=1 1x, https:\/\/i0.wp.com\/lasprimeras.com.do\/wp-content\/uploads\/2024\/03\/Debates-de-Luis-y-Leonel.jpg?resize=525%2C300&ssl=1 1.5x, https:\/\/i0.wp.com\/lasprimeras.com.do\/wp-content\/uploads\/2024\/03\/Debates-de-Luis-y-Leonel.jpg?resize=700%2C400&ssl=1 2x"},"classes":[]},{"id":90327,"url":"https:\/\/lasprimeras.com.do\/index.php\/2024\/10\/19\/leonel-fernandez-celebra-decision-del-presidente-abinader-de-retirar-reforma-fiscal\/","url_meta":{"origin":81830,"position":4},"title":"Leonel Fern\u00e1ndez celebra decisi\u00f3n del presidente Abinader de retirar reforma fiscal","author":"Nelson Feliz","date":"19 de octubre de 2024","format":false,"excerpt":"\u201cSaludamos esta medida del presidente, ya que el proyecto no contaba con el consenso necesario en la sociedad dominicana\", dijo Leonel Fern\u00e1ndez. El exmandatario y l\u00edder del partido Fuerza del Pueblo (FP), Leonel Fern\u00e1ndez, expres\u00f3 su satisfacci\u00f3n tras la decisi\u00f3n del presidente Luis Abinader de retirar el proyecto de reforma\u2026","rel":"","context":"En \u00abPORTADA\u00bb","block_context":{"text":"PORTADA","link":"https:\/\/lasprimeras.com.do\/index.php\/category\/portada\/"},"img":{"alt_text":"Leonel Fern\u00e1ndez","src":"https:\/\/i0.wp.com\/lasprimeras.com.do\/wp-content\/uploads\/2024\/09\/Leonel-Fernandez-1.jpg?resize=350%2C200&ssl=1","width":350,"height":200,"srcset":"https:\/\/i0.wp.com\/lasprimeras.com.do\/wp-content\/uploads\/2024\/09\/Leonel-Fernandez-1.jpg?resize=350%2C200&ssl=1 1x, https:\/\/i0.wp.com\/lasprimeras.com.do\/wp-content\/uploads\/2024\/09\/Leonel-Fernandez-1.jpg?resize=525%2C300&ssl=1 1.5x, https:\/\/i0.wp.com\/lasprimeras.com.do\/wp-content\/uploads\/2024\/09\/Leonel-Fernandez-1.jpg?resize=700%2C400&ssl=1 2x"},"classes":[]},{"id":81882,"url":"https:\/\/lasprimeras.com.do\/index.php\/2024\/04\/25\/leonel-dice-que-como-abinader-pretende-ganar-si-hay-una-abstencion\/","url_meta":{"origin":81830,"position":5},"title":"Leonel dice que como Abinader pretende ganar si hay una abstenci\u00f3n","author":"Nelson Feliz","date":"25 de abril de 2024","format":false,"excerpt":"\u201cVamos a ir a votar para ganarle en la primera vuelta\u201d, proclam\u00f3 Leonel Fern\u00e1ndez El candidato a la Presidencial por el partido Fuerzas del Pueblo (FP) y aliados, Leonel Fern\u00e1ndez, declar\u00f3 que no sabe como el presidente reeleccionista Luis Abinader pretende ganar si hay una abstenci\u00f3n \u201cy eso no se\u2026","rel":"","context":"En \u00abPORTADA\u00bb","block_context":{"text":"PORTADA","link":"https:\/\/lasprimeras.com.do\/index.php\/category\/portada\/"},"img":{"alt_text":"Leonel Fern\u00e1ndez","src":"https:\/\/i0.wp.com\/lasprimeras.com.do\/wp-content\/uploads\/2024\/04\/Leonel-Fernandez-9.jpg?resize=350%2C200&ssl=1","width":350,"height":200,"srcset":"https:\/\/i0.wp.com\/lasprimeras.com.do\/wp-content\/uploads\/2024\/04\/Leonel-Fernandez-9.jpg?resize=350%2C200&ssl=1 1x, https:\/\/i0.wp.com\/lasprimeras.com.do\/wp-content\/uploads\/2024\/04\/Leonel-Fernandez-9.jpg?resize=525%2C300&ssl=1 1.5x, https:\/\/i0.wp.com\/lasprimeras.com.do\/wp-content\/uploads\/2024\/04\/Leonel-Fernandez-9.jpg?resize=700%2C400&ssl=1 2x"},"classes":[]}],"jetpack_sharing_enabled":true,"_links":{"self":[{"href":"https:\/\/lasprimeras.com.do\/index.php\/wp-json\/wp\/v2\/posts\/81830","targetHints":{"allow":["GET"]}}],"collection":[{"href":"https:\/\/lasprimeras.com.do\/index.php\/wp-json\/wp\/v2\/posts"}],"about":[{"href":"https:\/\/lasprimeras.com.do\/index.php\/wp-json\/wp\/v2\/types\/post"}],"author":[{"embeddable":true,"href":"https:\/\/lasprimeras.com.do\/index.php\/wp-json\/wp\/v2\/users\/3"}],"replies":[{"embeddable":true,"href":"https:\/\/lasprimeras.com.do\/index.php\/wp-json\/wp\/v2\/comments?post=81830"}],"version-history":[{"count":2,"href":"https:\/\/lasprimeras.com.do\/index.php\/wp-json\/wp\/v2\/posts\/81830\/revisions"}],"predecessor-version":[{"id":81842,"href":"https:\/\/lasprimeras.com.do\/index.php\/wp-json\/wp\/v2\/posts\/81830\/revisions\/81842"}],"wp:featuredmedia":[{"embeddable":true,"href":"https:\/\/lasprimeras.com.do\/index.php\/wp-json\/wp\/v2\/media\/81831"}],"wp:attachment":[{"href":"https:\/\/lasprimeras.com.do\/index.php\/wp-json\/wp\/v2\/media?parent=81830"}],"wp:term":[{"taxonomy":"category","embeddable":true,"href":"https:\/\/lasprimeras.com.do\/index.php\/wp-json\/wp\/v2\/categories?post=81830"},{"taxonomy":"post_tag","embeddable":true,"href":"https:\/\/lasprimeras.com.do\/index.php\/wp-json\/wp\/v2\/tags?post=81830"}],"curies":[{"name":"wp","href":"https:\/\/api.w.org\/{rel}","templated":true}]}}