{"id":81867,"date":"2024-04-25T22:18:26","date_gmt":"2024-04-26T02:18:26","guid":{"rendered":"https:\/\/lasprimeras.com.do\/?p=81867"},"modified":"2024-04-25T22:18:27","modified_gmt":"2024-04-26T02:18:27","slug":"yo-al-igual-que-joaquin-balaguer-tambien-tengo-mis-enanos","status":"publish","type":"post","link":"https:\/\/lasprimeras.com.do\/index.php\/2024\/04\/25\/yo-al-igual-que-joaquin-balaguer-tambien-tengo-mis-enanos\/","title":{"rendered":"Yo al igual que Joaqu\u00edn Balaguer tambi\u00e9n tengo mis enanos"},"content":{"rendered":"\n<p><strong>Por: Pedro Julio Abreu Columna<\/strong><\/p>\n\n\n\n<p>El siete veces presidente de la Rep\u00fablica Dominicana, el doctor Joaqu\u00edn Balaguer,&nbsp;&nbsp; que tiene r\u00e9cord hist\u00f3rico de ser el presidente dominicano m\u00e1s veces elegidos en la naci\u00f3n dominicana y que entrego su ultima voluntad a Pedro, <a href=\"https:\/\/ahoramismo.com.do\/opiniones\/balaguer-entrega-el-poder-y-su-ultima-voluntad-a-pedro\/\">https:\/\/ahoramismo.com.do\/opiniones\/balaguer-entrega-el-poder-y-su-ultima-voluntad-a-pedro\/<\/a> y\/o<a href=\"https:\/\/pjac.es\/2023\/11\/26\/balaguer-entrega-el-poder-y-su-ultima-voluntad-a-pedro\/\">https:\/\/pjac.es\/2023\/11\/26\/balaguer-entrega-el-poder-y-su-ultima-voluntad-a-pedro\/<\/a> .<\/p>\n\n\n\n<p>El doctor Joaqu\u00edn Balaguer, tiene un enigma,un acertijo, un personaje que solo los que visitaban su casa se percataban de ello, en la casa del doctor Balaguer, en la avenida M\u00e1ximo G\u00f3mez, n\u00famero 25 en la ciudad de Santo Domingo, R.D.&nbsp;<\/p>\n\n\n\n<p>all\u00ed se pod\u00eda observar una enana, una enana, que daba la bienvenida a todo el que arriba a la casa o que transitaba por la mencionada avenida M\u00e1ximo G\u00f3mez y pasaba por el frente de esta casa.<\/p>\n\n\n\n<p>Recientemente visite una importante plaza de la ciudad de Santo Domingo, y all\u00ed me dieron la bienvenida, como por providencia de Dios, como por providencia de la Gracia Divina, en vez de una enana, dos enanos, el enano Machuca y la enana Tuta.&nbsp;<\/p>\n\n\n\n<p>La enana Tuta y el enano Machuca, dos importantes enanos de la Rep\u00fablica Dominicana, que le han dado diversi\u00f3n y alegr\u00eda a los ni\u00f1os y a la poblaci\u00f3n dominicana, mostraron su encanto y talento en una amena conversaci\u00f3n, donde quedaron fascinado con el libro, mi obra \u201cBiograf\u00eda de un \u00c1guila\u201d.&nbsp;&nbsp;&nbsp;<\/p>\n\n\n\n<p>Ambos enanos pudieron documentarse del contenido de la obra \u201cBiograf\u00eda de un \u00c1guila\u201d, causando en estos admiraci\u00f3n, cari\u00f1o y respeto, hacia la obra y su autor.<\/p>\n\n\n\n<p>Hay que decir, que no hab\u00eda ninguna cita, ni encuentro programado con los enanos.&nbsp; Yo me hab\u00eda propuesto llevar un ejemplar a una importante Dama, de la Rep\u00fablica Dominicana, cuando me encontr\u00e9 con estos dos personajes, que, aunque peque\u00f1o de tama\u00f1o, son grandes en: talento, coraz\u00f3n, valor e ideas.<\/p>\n\n\n\n<p>Esto quiere decir se\u00f1oras y se\u00f1ores que, en vez de una enana, son dos enanos que yo tengo. El doctor Joaqu\u00edn Balaguer, ten\u00eda una y el Dios todopoderoso me da dos una hembra y uno macho.<\/p>\n\n\n\n<p>El enano Machuca, quien siendo muy joven se propuso salir como comediante en la televisi\u00f3n nacional dominicana, parti\u00f3, desde su ciudad natal Bani, con apenas el pasaje para llegar a la ciudad capital, a la ciudad de Santo Domingo, algo que realizo varias o muchas veces, en un viaje a la capital, donde en muchas ocasiones le faltaba el pasaje, pero los guag\u00fceros que lo conoc\u00edan lo transportaban a la capitaly de su regreso a su ciudad natal.<\/p>\n\n\n\n<p>Siendo esto un ejemplo de superaci\u00f3n.&nbsp;&nbsp;&nbsp; Ya que el enano Machuca, logro trascender en todo el pa\u00eds e incluso internacional.<\/p>\n\n\n\n<p>Hay que decir, que el enano Machuca, en ese transcurrir de su vida, en los caminos de la vida, en los caminos de la naturaleza humana, conquisto el coraz\u00f3n de una hermosa alemana.&nbsp;&nbsp;<\/p>\n\n\n\n<p>Una hermosa Alemana que muchos grandes hombres deseaban, pero fue el enano Machuca, quien conquisto la hermosa Alemana, El amor floreci\u00f3 entre el enano Machuca y la Hermosa Alemana.<\/p>\n\n\n\n<p>Como habr\u00e1 nosotros de conquistar el coraz\u00f3n, y el amor de todos los ciudadanos, de todos los patriotas y de nuestros lectores en todo el mundo.<\/p>\n\n\n\n<p><strong>Evidentemente, se puede observar que:<\/strong> Yo al igual que el doctor Joaqu\u00edn Balaguer tambi\u00e9n tengo mis Enanos, como un sendero claro que ilumina el camino hacia el lugar de los grandes representantes de todos los dominicanos y los grandes prop\u00f3sitos del Dios Todopoderoso.<\/p>\n\n\n\n<p>En una conexi\u00f3n de la divinidad del cosmos, dela divinidad del mundo, la divinidad del cielo, la divinidad del Dios verdadero, entre Balaguer y Pedro.<\/p>\n\n\n\n<p>Quiero felicitar a los Enanos Machuca y Tuta, porque se han dado grande entre los grandes, ya que su esfuerzo ha dado frutos. \u201cBiograf\u00eda de un \u00c1guila\u201d.<\/p>\n\n\n\n<p>Yo al igual que el doctor Joaqu\u00edn Balaguer tambi\u00e9n tengo mis Enanos.<\/p>\n","protected":false},"excerpt":{"rendered":"<p>Por: Pedro Julio Abreu Columna El siete veces presidente de la Rep\u00fablica Dominicana, el doctor Joaqu\u00edn Balaguer,&nbsp;&nbsp; que tiene r\u00e9cord hist\u00f3rico de ser el presidente dominicano m\u00e1s veces elegidos en&hellip;<\/p>\n","protected":false},"author":2,"featured_media":81868,"comment_status":"open","ping_status":"open","sticky":false,"template":"","format":"standard","meta":{"content-type":"","jetpack_post_was_ever_published":false,"_jetpack_newsletter_access":"","_jetpack_dont_email_post_to_subs":false,"_jetpack_newsletter_tier_id":0,"_jetpack_memberships_contains_paywalled_content":false,"_jetpack_memberships_contains_paid_content":false,"footnotes":""},"categories":[95],"tags":[12671],"class_list":["post-81867","post","type-post","status-publish","format-standard","has-post-thumbnail","hentry","category-opinion","tag-yo-al-igual-que-joaquin-balaguer-tambien-tengo-mis-enanos"],"jetpack_featured_media_url":"https:\/\/lasprimeras.com.do\/wp-content\/uploads\/2024\/04\/Joaquin-Balaguer-y-Pedro-Julio-Abreu-Columna-3-3.jpg","jetpack-related-posts":[{"id":103409,"url":"https:\/\/lasprimeras.com.do\/index.php\/2025\/07\/15\/luis-a-moreta-pone-en-circulacion-el-libro-la-casa-del-presidente-joaquin-balaguer\/","url_meta":{"origin":81867,"position":0},"title":"Luis A. Moreta pone en circulacion el libro \u201cLa Casa del Presidente Joaqu\u00edn Balaguer\u201d","author":"Nelson Feliz","date":"15 de julio de 2025","format":false,"excerpt":"El dirigente pol\u00edtico y social Luis Acosta Moreta, Luis \u201cEl Gallo\u201d, puso una circular su libro \u201cLa Casa del Presidente Joaqu\u00edn Balaguer, M\u00e1ximo G\u00f3mez 25, Parte Atr\u00e1s\u201d, en un acto concurrido celebrado en el paseo ecol\u00f3gico y de la salud Mirador Sur. En el libro, el presidente la Uni\u00f3n Dem\u00f3crata\u2026","rel":"","context":"En \u00abENTRETENIMIENTO\u00bb","block_context":{"text":"ENTRETENIMIENTO","link":"https:\/\/lasprimeras.com.do\/index.php\/category\/entretenimiento\/"},"img":{"alt_text":"Luis Acosta Moreta","src":"https:\/\/i0.wp.com\/lasprimeras.com.do\/wp-content\/uploads\/2025\/07\/Luis-Acosta-Moreta.jpg?resize=350%2C200&ssl=1","width":350,"height":200,"srcset":"https:\/\/i0.wp.com\/lasprimeras.com.do\/wp-content\/uploads\/2025\/07\/Luis-Acosta-Moreta.jpg?resize=350%2C200&ssl=1 1x, https:\/\/i0.wp.com\/lasprimeras.com.do\/wp-content\/uploads\/2025\/07\/Luis-Acosta-Moreta.jpg?resize=525%2C300&ssl=1 1.5x, https:\/\/i0.wp.com\/lasprimeras.com.do\/wp-content\/uploads\/2025\/07\/Luis-Acosta-Moreta.jpg?resize=700%2C400&ssl=1 2x"},"classes":[]},{"id":114089,"url":"https:\/\/lasprimeras.com.do\/index.php\/2025\/11\/10\/trujillo-y-balaguer-dos-actores-de-cine-y-teatro\/","url_meta":{"origin":81867,"position":1},"title":"Trujillo y Balaguer: dos actores de cine y teatro","author":"Nelson Feliz","date":"10 de noviembre de 2025","format":false,"excerpt":"Era como una serie Netflix, Trujillo actuaba y dirig\u00eda, Balaguer actuaba\u2026 y el pueblo aplaud\u00eda sin saber que era parte del teatro. Por: Roberto Valenzuela Antes de que existieran las series de Netflix, el general\u00edsimo Rafael Trujillo y el doctor Balaguer protagonizaron una historia digna de Hollywood. Puedes verla contada\u2026","rel":"","context":"En \u00abOPINI\u00d3N\u00bb","block_context":{"text":"OPINI\u00d3N","link":"https:\/\/lasprimeras.com.do\/index.php\/category\/opinion\/"},"img":{"alt_text":"","src":"https:\/\/i0.wp.com\/lasprimeras.com.do\/wp-content\/uploads\/2025\/11\/Roberto-Valenzuela.jpg?resize=350%2C200&ssl=1","width":350,"height":200,"srcset":"https:\/\/i0.wp.com\/lasprimeras.com.do\/wp-content\/uploads\/2025\/11\/Roberto-Valenzuela.jpg?resize=350%2C200&ssl=1 1x, https:\/\/i0.wp.com\/lasprimeras.com.do\/wp-content\/uploads\/2025\/11\/Roberto-Valenzuela.jpg?resize=525%2C300&ssl=1 1.5x, https:\/\/i0.wp.com\/lasprimeras.com.do\/wp-content\/uploads\/2025\/11\/Roberto-Valenzuela.jpg?resize=700%2C400&ssl=1 2x"},"classes":[]},{"id":103334,"url":"https:\/\/lasprimeras.com.do\/index.php\/2025\/07\/14\/dirigente-reformista-sin-balaguer-el-sistema-electrico-se-estanco\/","url_meta":{"origin":81867,"position":2},"title":"Dirigente reformista: sin Balaguer, el sistema el\u00e9ctrico se estanc\u00f3","author":"Nelson Feliz","date":"14 de julio de 2025","format":false,"excerpt":"El dirigente del Partido Reformista Social Cristiano (PRSC), Jos\u00e9 Balaguer, destac\u00f3 la vigencia y relevancia del legado energ\u00e9tico del ex presidente Joaqu\u00edn Balaguer, al conmemorarse un nuevo aniversario de su fallecimiento. Afirm\u00f3 que los gobiernos reformistas transformaron profundamente el sistema el\u00e9ctrico nacional, y lament\u00f3 la oportunidad perdida con el cambio\u2026","rel":"","context":"En \u00abPOLITICA\u00bb","block_context":{"text":"POLITICA","link":"https:\/\/lasprimeras.com.do\/index.php\/category\/politica\/"},"img":{"alt_text":"","src":"https:\/\/i0.wp.com\/lasprimeras.com.do\/wp-content\/uploads\/2025\/07\/Jose-Balaguer.jpeg?resize=350%2C200&ssl=1","width":350,"height":200,"srcset":"https:\/\/i0.wp.com\/lasprimeras.com.do\/wp-content\/uploads\/2025\/07\/Jose-Balaguer.jpeg?resize=350%2C200&ssl=1 1x, https:\/\/i0.wp.com\/lasprimeras.com.do\/wp-content\/uploads\/2025\/07\/Jose-Balaguer.jpeg?resize=525%2C300&ssl=1 1.5x, https:\/\/i0.wp.com\/lasprimeras.com.do\/wp-content\/uploads\/2025\/07\/Jose-Balaguer.jpeg?resize=700%2C400&ssl=1 2x"},"classes":[]},{"id":124817,"url":"https:\/\/lasprimeras.com.do\/index.php\/2026\/03\/17\/el-asesinato-de-orlando-martinez-hace-hoy-51-anos\/","url_meta":{"origin":81867,"position":3},"title":"El asesinato de Orlando Martinez, hace hoy, 51 a\u00f1os","author":"Nelson Feliz","date":"17 de marzo de 2026","format":false,"excerpt":"Orlando Mart\u00ednez Howley fue un destacado periodista dominicano, inmortalizado en la historia nacional al resultar v\u00edctima fatal de la represi\u00f3n del gobierno de Joaqu\u00edn Balaguer tras denunciar algunas de las injusticias que se comet\u00edan en el mismo. Mart\u00ednez naci\u00f3 en Las Matas de Farf\u00e1n, San Juan de la Maguana, el\u2026","rel":"","context":"En \u00abHISTORIA\u00bb","block_context":{"text":"HISTORIA","link":"https:\/\/lasprimeras.com.do\/index.php\/category\/historia\/"},"img":{"alt_text":"","src":"https:\/\/i0.wp.com\/lasprimeras.com.do\/wp-content\/uploads\/2025\/03\/Orlando-Martinez.png?resize=350%2C200&ssl=1","width":350,"height":200,"srcset":"https:\/\/i0.wp.com\/lasprimeras.com.do\/wp-content\/uploads\/2025\/03\/Orlando-Martinez.png?resize=350%2C200&ssl=1 1x, https:\/\/i0.wp.com\/lasprimeras.com.do\/wp-content\/uploads\/2025\/03\/Orlando-Martinez.png?resize=525%2C300&ssl=1 1.5x"},"classes":[]},{"id":55631,"url":"https:\/\/lasprimeras.com.do\/index.php\/2023\/07\/23\/alexis-castillo-dice-no-fue-bello-andino-a-quien-balaguer-confio-documento-sobre-crimen-orlando-martinez\/","url_meta":{"origin":81867,"position":4},"title":"Alexis Castillo dice no fue Bello Andino a quien Balaguer confi\u00f3 documento sobre crimen Orlando Mart\u00ednez","author":"Nelson Feliz","date":"23 de julio de 2023","format":false,"excerpt":"El ex fiscal del Distrito Nacional y candidato a la Presidencia de la Rep\u00fablica por el Partido Solidaridad, Alexis Joaqu\u00edn Castillo, afirm\u00f3 que no fue Rafael Bello Andino a quien el doctor Joaqu\u00edn Balaguer entreg\u00f3 un documento sobre los autores del asesinato del periodista Orlando Mart\u00ednez. Castillo, quien es hijo\u2026","rel":"","context":"En \u00abPORTADA\u00bb","block_context":{"text":"PORTADA","link":"https:\/\/lasprimeras.com.do\/index.php\/category\/portada\/"},"img":{"alt_text":"Alexis Joaqu\u00edn Castillo","src":"https:\/\/i0.wp.com\/lasprimeras.com.do\/wp-content\/uploads\/2023\/07\/Alexis-Joaquin-Castillo-2.jpg?resize=350%2C200&ssl=1","width":350,"height":200,"srcset":"https:\/\/i0.wp.com\/lasprimeras.com.do\/wp-content\/uploads\/2023\/07\/Alexis-Joaquin-Castillo-2.jpg?resize=350%2C200&ssl=1 1x, https:\/\/i0.wp.com\/lasprimeras.com.do\/wp-content\/uploads\/2023\/07\/Alexis-Joaquin-Castillo-2.jpg?resize=525%2C300&ssl=1 1.5x, https:\/\/i0.wp.com\/lasprimeras.com.do\/wp-content\/uploads\/2023\/07\/Alexis-Joaquin-Castillo-2.jpg?resize=700%2C400&ssl=1 2x"},"classes":[]},{"id":102470,"url":"https:\/\/lasprimeras.com.do\/index.php\/2025\/07\/05\/documentos-del-archivo-historico-del-palacio-nacional-son-transferidos-al-agn\/","url_meta":{"origin":81867,"position":5},"title":"Documentos del archivo hist\u00f3rico del Palacio Nacional son transferidos al AGN","author":"Nelson Feliz","date":"5 de julio de 2025","format":false,"excerpt":"Esta es la segunda entrega de documentos que se realiza en la gesti\u00f3n del presidente Abinader y comprende los a\u00f1os 1967 hasta 1977 El Ministerio Administrativo de la Presidencia (MAPRE), realiz\u00f3 la transferencia hacia el Archivo General de la Naci\u00f3n (AGN), de los documentos hist\u00f3ricos correspondientes al per\u00edodo 1967-1977 que\u2026","rel":"","context":"En \u00abNACIONALES\u00bb","block_context":{"text":"NACIONALES","link":"https:\/\/lasprimeras.com.do\/index.php\/category\/nacionales\/"},"img":{"alt_text":"","src":"https:\/\/i0.wp.com\/lasprimeras.com.do\/wp-content\/uploads\/2025\/07\/agn-1.jpg?resize=350%2C200&ssl=1","width":350,"height":200,"srcset":"https:\/\/i0.wp.com\/lasprimeras.com.do\/wp-content\/uploads\/2025\/07\/agn-1.jpg?resize=350%2C200&ssl=1 1x, https:\/\/i0.wp.com\/lasprimeras.com.do\/wp-content\/uploads\/2025\/07\/agn-1.jpg?resize=525%2C300&ssl=1 1.5x, https:\/\/i0.wp.com\/lasprimeras.com.do\/wp-content\/uploads\/2025\/07\/agn-1.jpg?resize=700%2C400&ssl=1 2x"},"classes":[]}],"jetpack_sharing_enabled":true,"_links":{"self":[{"href":"https:\/\/lasprimeras.com.do\/index.php\/wp-json\/wp\/v2\/posts\/81867","targetHints":{"allow":["GET"]}}],"collection":[{"href":"https:\/\/lasprimeras.com.do\/index.php\/wp-json\/wp\/v2\/posts"}],"about":[{"href":"https:\/\/lasprimeras.com.do\/index.php\/wp-json\/wp\/v2\/types\/post"}],"author":[{"embeddable":true,"href":"https:\/\/lasprimeras.com.do\/index.php\/wp-json\/wp\/v2\/users\/2"}],"replies":[{"embeddable":true,"href":"https:\/\/lasprimeras.com.do\/index.php\/wp-json\/wp\/v2\/comments?post=81867"}],"version-history":[{"count":1,"href":"https:\/\/lasprimeras.com.do\/index.php\/wp-json\/wp\/v2\/posts\/81867\/revisions"}],"predecessor-version":[{"id":81869,"href":"https:\/\/lasprimeras.com.do\/index.php\/wp-json\/wp\/v2\/posts\/81867\/revisions\/81869"}],"wp:featuredmedia":[{"embeddable":true,"href":"https:\/\/lasprimeras.com.do\/index.php\/wp-json\/wp\/v2\/media\/81868"}],"wp:attachment":[{"href":"https:\/\/lasprimeras.com.do\/index.php\/wp-json\/wp\/v2\/media?parent=81867"}],"wp:term":[{"taxonomy":"category","embeddable":true,"href":"https:\/\/lasprimeras.com.do\/index.php\/wp-json\/wp\/v2\/categories?post=81867"},{"taxonomy":"post_tag","embeddable":true,"href":"https:\/\/lasprimeras.com.do\/index.php\/wp-json\/wp\/v2\/tags?post=81867"}],"curies":[{"name":"wp","href":"https:\/\/api.w.org\/{rel}","templated":true}]}}