{"id":81873,"date":"2024-04-25T22:42:23","date_gmt":"2024-04-26T02:42:23","guid":{"rendered":"https:\/\/lasprimeras.com.do\/?p=81873"},"modified":"2024-04-25T22:42:24","modified_gmt":"2024-04-26T02:42:24","slug":"contraloria-inaugura-area-de-cumplimiento-y-antisoborno","status":"publish","type":"post","link":"https:\/\/lasprimeras.com.do\/index.php\/2024\/04\/25\/contraloria-inaugura-area-de-cumplimiento-y-antisoborno\/","title":{"rendered":"Contralor\u00eda inaugura \u00e1rea de Cumplimiento y Antisoborno"},"content":{"rendered":"\n<p class=\"wp-block-paragraph\">La Contralor\u00eda General de la Rep\u00fablica puso en marcha su nueva \u00e1rea de Cumplimiento y Antisoborno, la cual velar\u00e1 por la sostenibilidad del alto nivel reputacional y operativo de la instituci\u00f3n.<\/p>\n\n\n\n<p class=\"wp-block-paragraph\">La unidad, ubicada en la sede central del organismo, fue inaugurada por el contralor general de la Rep\u00fablica, F\u00e9lix Santana Garc\u00eda, junto al equipo de Cumplimiento y Antisoborno integrado por su oficial, Mariel Ram\u00edrez y las auditoras Cheira Vinicio y Patricia Cruz.<\/p>\n\n\n\n<p class=\"wp-block-paragraph\">\u201cEsto trae consigo fortalecimiento institucional en la administraci\u00f3n p\u00fablica, en el sentido de generar confianza, seguridad jur\u00eddica y credibilidad, por medio de la prevenci\u00f3n de malas pr\u00e1cticas y sus consecuentes responsabilidades penales dentro de la instituci\u00f3n\u201d, expres\u00f3 Santana Garc\u00eda.<\/p>\n\n\n\n<p class=\"wp-block-paragraph\">De su lado, Mariel Ram\u00edrez, destac\u00f3 que la iniciativa marca un hito en la historia de la Contralor\u00eda y asegur\u00f3 que trabajan incansablemente en el fomento de una cultura de cumplimiento que permita a la entidad continuar siendo \u00edntegra en el proceder de su alta direcci\u00f3n y en sus procesos.<\/p>\n\n\n\n<p class=\"wp-block-paragraph\">El \u00e1rea de cumplimiento tiene como principal funci\u00f3n evitar el enjuiciamiento penal a los colaboradores por incurrir en malas pr\u00e1cticas, y como forma de evitarlo le permitir\u00e1 hacer consultas preventivas y encontrar respuestas apegadas a la legalidad y buenos principios morales.<\/p>\n\n\n\n<p class=\"wp-block-paragraph\">La Oficial de Cumplimiento se encargar\u00e1 de asegurar el &#8220;cumplimiento normativo\u201d en la organizaci\u00f3n y, por tanto, desarrollar\u00e1 su actividad de acuerdo a las leyes, reglamentos, normas y pr\u00e1cticas \u00e9ticas que aplican a la Contralor\u00eda.<\/p>\n\n\n\n<p class=\"wp-block-paragraph\">Asimismo, identificar\u00e1 los riesgos relevantes que enfrenta la organizaci\u00f3n; desarrollar\u00e1, revisar\u00e1 y actualizar\u00e1 la pol\u00edtica de cumplimiento existente; revisar\u00e1 las pol\u00edticas internas y procedimientos para prevenir conductas no \u00e9ticas, ilegales o impropias dentro de la instituci\u00f3n impulsar\u00e1 iniciativas de formaci\u00f3n y sensibilizaci\u00f3n en colaboraci\u00f3n con las diversas direcciones y departamentos de la organizaci\u00f3n, entre otras acciones.<\/p>\n\n\n\n<p class=\"wp-block-paragraph\">La nueva estructura se fundamenta en el sistema de gesti\u00f3n ISO37001 Antisoborno, que proporciona sostenibilidad a la organizaci\u00f3n que lo implementa; un marco adecuado para prohibir, prevenir, detectar, informar y tratar los problemas de corrupci\u00f3n, fraude y soborno que pudiesen presentarse dentro de la instituci\u00f3n.<\/p>\n\n\n\n<p class=\"wp-block-paragraph\">Otras instituciones tambi\u00e9n se han sumado a la implementaci\u00f3n de la Certificaci\u00f3n Antisoborno, como parte del compromiso en la lucha contra la corrupci\u00f3n, entre las que figuran el Ministerio de Econom\u00eda Planificaci\u00f3n y Desarrollo, la Superintendencia de Bancos, Banreservas y el Tribunal Constitucional, entre otras.<\/p>\n","protected":false},"excerpt":{"rendered":"<p>La Contralor\u00eda General de la Rep\u00fablica puso en marcha su nueva \u00e1rea de Cumplimiento y Antisoborno, la cual velar\u00e1 por la sostenibilidad del alto nivel reputacional y operativo de la&hellip;<\/p>\n","protected":false},"author":2,"featured_media":81874,"comment_status":"open","ping_status":"open","sticky":false,"template":"","format":"standard","meta":{"content-type":"","_jetpack_newsletter_access":"","_jetpack_dont_email_post_to_subs":false,"_jetpack_newsletter_tier_id":0,"_jetpack_memberships_contains_paywalled_content":false,"_jetpack_feature_clip_id":0,"_jetpack_memberships_contains_paid_content":false,"footnotes":"","jetpack_post_was_ever_published":false},"categories":[39],"tags":[7892,3092,12674,911,6997],"class_list":["post-81873","post","type-post","status-publish","format-standard","has-post-thumbnail","hentry","category-economia","tag-antisoborno","tag-colaboradores","tag-conductas","tag-contraloria","tag-cumplimiento"],"jetpack-related-posts":[{"id":137029,"url":"https:\/\/lasprimeras.com.do\/index.php\/2026\/08\/11\/inversiones-reservas-obtiene-certificacion-iso-37001-en-gestion-antisoborno\/","url_meta":{"origin":81873,"position":0},"title":"Inversiones &#038; Reservas obtiene certificaci\u00f3n ISO 37001 en gesti\u00f3n antisoborno","author":"Nelson Feliz","date":"11 de agosto de 2026","format":false,"excerpt":"La filial del Banco de Reservas se convierte en el primer puesto de bolsa de Rep\u00fablica Dominicana y el Caribe en implementar un Sistema de Gesti\u00f3n Antisoborno conforme a este est\u00e1ndar internacional Santo Domingo. - Inversiones & Reservas, filial del Banco de Reservas, recibi\u00f3 la certificaci\u00f3n ISO 37001:2017 de Sistema\u2026","rel":"","context":"En \u00abECONOM\u00cdA\u00bb","block_context":{"text":"ECONOM\u00cdA","link":"https:\/\/lasprimeras.com.do\/index.php\/category\/economia\/"},"img":{"alt_text":"","src":"https:\/\/i0.wp.com\/lasprimeras.com.do\/wp-content\/uploads\/2026\/08\/BANRESERVAS.jpg?resize=350%2C200&ssl=1","width":350,"height":200,"srcset":"https:\/\/i0.wp.com\/lasprimeras.com.do\/wp-content\/uploads\/2026\/08\/BANRESERVAS.jpg?resize=350%2C200&ssl=1 1x, https:\/\/i0.wp.com\/lasprimeras.com.do\/wp-content\/uploads\/2026\/08\/BANRESERVAS.jpg?resize=525%2C300&ssl=1 1.5x, https:\/\/i0.wp.com\/lasprimeras.com.do\/wp-content\/uploads\/2026\/08\/BANRESERVAS.jpg?resize=700%2C400&ssl=1 2x"},"classes":[]},{"id":135300,"url":"https:\/\/lasprimeras.com.do\/index.php\/2026\/07\/22\/seproi-obtiene-certificacion-iso-37001-y-se-convierte-en-la-primera-empresa-antisoborno\/","url_meta":{"origin":81873,"position":1},"title":"SEPROI obtiene certificaci\u00f3n ISO 37001 y se convierte en la primera empresa Antisoborno","author":"Nelson Feliz","date":"22 de julio de 2026","format":false,"excerpt":"Es la primera empresa de seguridad y transporte de valores de la Rep\u00fablica Dominicana en alcanzar este est\u00e1ndar internacional Santo Domingo.\u2013 La empresa Seguridad y Protecci\u00f3n Institucional (SEPROI), filial del Banco de Reservas, obtuvo la certificaci\u00f3n ISO 37001:2016 del Sistema de Gesti\u00f3n Antisoborno, otorgada por la firma internacional T\u00dcV NORD,\u2026","rel":"","context":"En \u00abNACIONALES\u00bb","block_context":{"text":"NACIONALES","link":"https:\/\/lasprimeras.com.do\/index.php\/category\/nacionales\/"},"img":{"alt_text":"","src":"https:\/\/i0.wp.com\/lasprimeras.com.do\/wp-content\/uploads\/2026\/07\/IMG-20260721-WA0374.jpg?resize=350%2C200&ssl=1","width":350,"height":200,"srcset":"https:\/\/i0.wp.com\/lasprimeras.com.do\/wp-content\/uploads\/2026\/07\/IMG-20260721-WA0374.jpg?resize=350%2C200&ssl=1 1x, https:\/\/i0.wp.com\/lasprimeras.com.do\/wp-content\/uploads\/2026\/07\/IMG-20260721-WA0374.jpg?resize=525%2C300&ssl=1 1.5x, https:\/\/i0.wp.com\/lasprimeras.com.do\/wp-content\/uploads\/2026\/07\/IMG-20260721-WA0374.jpg?resize=700%2C400&ssl=1 2x, https:\/\/i0.wp.com\/lasprimeras.com.do\/wp-content\/uploads\/2026\/07\/IMG-20260721-WA0374.jpg?resize=1050%2C600&ssl=1 3x"},"classes":[]},{"id":61415,"url":"https:\/\/lasprimeras.com.do\/index.php\/2023\/09\/26\/inespre-recibe-certificacion-de-las-normas-iso-37001-de-antisoborno-e-iso-37301-de-gestion-de-cumplimiento\/","url_meta":{"origin":81873,"position":2},"title":"Inespre recibe certificaci\u00f3n de las normas ISO 37001 de Antisoborno e ISO 37301 de Gesti\u00f3n de Cumplimiento","author":"Nelson Feliz","date":"26 de septiembre de 2023","format":false,"excerpt":"El Instituto de Estabilizaci\u00f3n de Precios (Inespre) recibi\u00f3 la certificaci\u00f3n de las normas ISO 37001 de Sistema de Gesti\u00f3n Antisoborno y la ISO 37301 de Sistema de Gesti\u00f3n de Cumplimiento, por parte del Instituto Dominicano Para la Calidad (INDOCAL). La entrega de la certificaci\u00f3n fue realizada en un acto encabezado\u2026","rel":"","context":"En \u00abECONOM\u00cdA\u00bb","block_context":{"text":"ECONOM\u00cdA","link":"https:\/\/lasprimeras.com.do\/index.php\/category\/economia\/"},"img":{"alt_text":"Iv\u00e1n Hern\u00e1ndez Guzm\u00e1n","src":"https:\/\/i0.wp.com\/lasprimeras.com.do\/wp-content\/uploads\/2023\/09\/Ivan-Hernandez-Guzman-1-1.jpg?resize=350%2C200&ssl=1","width":350,"height":200,"srcset":"https:\/\/i0.wp.com\/lasprimeras.com.do\/wp-content\/uploads\/2023\/09\/Ivan-Hernandez-Guzman-1-1.jpg?resize=350%2C200&ssl=1 1x, https:\/\/i0.wp.com\/lasprimeras.com.do\/wp-content\/uploads\/2023\/09\/Ivan-Hernandez-Guzman-1-1.jpg?resize=525%2C300&ssl=1 1.5x, https:\/\/i0.wp.com\/lasprimeras.com.do\/wp-content\/uploads\/2023\/09\/Ivan-Hernandez-Guzman-1-1.jpg?resize=700%2C400&ssl=1 2x"},"classes":[]},{"id":85992,"url":"https:\/\/lasprimeras.com.do\/index.php\/2024\/07\/14\/inespre-cumple-correctamente-normas-antisoborno-y-de-cumplimiento-normativo\/","url_meta":{"origin":81873,"position":3},"title":"Inespre cumple correctamente Normas Antisoborno y de Cumplimiento Normativo","author":"Nelson Feliz","date":"14 de julio de 2024","format":false,"excerpt":"El Instituto de Estabilizaci\u00f3n de Precios (Inespre) cumple todos los par\u00e1metros en la aplicaci\u00f3n de las Normas ISO 37001:2016 de Antisoborno e ISO 37301:2021 de Gesti\u00f3n de Cumplimiento Normativo que forman parte del Sistema de Gesti\u00f3n Integral, seg\u00fan una auditor\u00eda realizada por el Instituto Dominicano para la Calidad. Dicha revisi\u00f3n\u2026","rel":"","context":"En \u00abECONOM\u00cdA\u00bb","block_context":{"text":"ECONOM\u00cdA","link":"https:\/\/lasprimeras.com.do\/index.php\/category\/economia\/"},"img":{"alt_text":"","src":"https:\/\/i0.wp.com\/lasprimeras.com.do\/wp-content\/uploads\/2024\/07\/INESPRE.jpg?resize=350%2C200&ssl=1","width":350,"height":200,"srcset":"https:\/\/i0.wp.com\/lasprimeras.com.do\/wp-content\/uploads\/2024\/07\/INESPRE.jpg?resize=350%2C200&ssl=1 1x, https:\/\/i0.wp.com\/lasprimeras.com.do\/wp-content\/uploads\/2024\/07\/INESPRE.jpg?resize=525%2C300&ssl=1 1.5x, https:\/\/i0.wp.com\/lasprimeras.com.do\/wp-content\/uploads\/2024\/07\/INESPRE.jpg?resize=700%2C400&ssl=1 2x"},"classes":[]},{"id":117602,"url":"https:\/\/lasprimeras.com.do\/index.php\/2025\/12\/12\/hacienda-y-economia-obtiene-certificacion-iso-por-su-sistema-de-gestion-antisoborno-y-cumplimiento\/","url_meta":{"origin":81873,"position":4},"title":"Hacienda y Econom\u00eda obtiene certificaci\u00f3n ISO por su sistema de gesti\u00f3n antisoborno y cumplimiento","author":"Nelson Feliz","date":"12 de diciembre de 2025","format":false,"excerpt":"El ministerio concluy\u00f3 satisfactoriamente la auditor\u00eda que certifica sus procesos conforme a las normas internacionales ISO 37001 e ISO 37301 Tras un riguroso proceso de evaluaci\u00f3n, el Ministerio de Hacienda y Econom\u00eda (MHE) recibi\u00f3 la certificaci\u00f3n oficial de las normas internacionales ISO 37001 del Sistema de Gesti\u00f3n Antisoborno e ISO\u2026","rel":"","context":"En \u00abECONOM\u00cdA\u00bb","block_context":{"text":"ECONOM\u00cdA","link":"https:\/\/lasprimeras.com.do\/index.php\/category\/economia\/"},"img":{"alt_text":"El director del Indocal, N\u00e9stor Julio Matos, hizo entrega de la certificaci\u00f3n al ministro de Hacienda y Econom\u00eda, Mag\u00edn D\u00edaz.","src":"https:\/\/i0.wp.com\/lasprimeras.com.do\/wp-content\/uploads\/2025\/12\/El-director-del-Indocal-Nestor-Julio-Matos-hizo-entrega-de-la-certificacion-al-ministro-de-Hacienda-y-Economia-Magin-Diaz.jpg?resize=350%2C200&ssl=1","width":350,"height":200,"srcset":"https:\/\/i0.wp.com\/lasprimeras.com.do\/wp-content\/uploads\/2025\/12\/El-director-del-Indocal-Nestor-Julio-Matos-hizo-entrega-de-la-certificacion-al-ministro-de-Hacienda-y-Economia-Magin-Diaz.jpg?resize=350%2C200&ssl=1 1x, https:\/\/i0.wp.com\/lasprimeras.com.do\/wp-content\/uploads\/2025\/12\/El-director-del-Indocal-Nestor-Julio-Matos-hizo-entrega-de-la-certificacion-al-ministro-de-Hacienda-y-Economia-Magin-Diaz.jpg?resize=525%2C300&ssl=1 1.5x, https:\/\/i0.wp.com\/lasprimeras.com.do\/wp-content\/uploads\/2025\/12\/El-director-del-Indocal-Nestor-Julio-Matos-hizo-entrega-de-la-certificacion-al-ministro-de-Hacienda-y-Economia-Magin-Diaz.jpg?resize=700%2C400&ssl=1 2x"},"classes":[]}],"jetpack_sharing_enabled":true,"jetpack_featured_media_url":"https:\/\/lasprimeras.com.do\/wp-content\/uploads\/2024\/04\/Contralor-Felix-Santana-y-otras-personalidades.jpg","_links":{"self":[{"href":"https:\/\/lasprimeras.com.do\/index.php\/wp-json\/wp\/v2\/posts\/81873","targetHints":{"allow":["GET"]}}],"collection":[{"href":"https:\/\/lasprimeras.com.do\/index.php\/wp-json\/wp\/v2\/posts"}],"about":[{"href":"https:\/\/lasprimeras.com.do\/index.php\/wp-json\/wp\/v2\/types\/post"}],"author":[{"embeddable":true,"href":"https:\/\/lasprimeras.com.do\/index.php\/wp-json\/wp\/v2\/users\/2"}],"replies":[{"embeddable":true,"href":"https:\/\/lasprimeras.com.do\/index.php\/wp-json\/wp\/v2\/comments?post=81873"}],"version-history":[{"count":1,"href":"https:\/\/lasprimeras.com.do\/index.php\/wp-json\/wp\/v2\/posts\/81873\/revisions"}],"predecessor-version":[{"id":81875,"href":"https:\/\/lasprimeras.com.do\/index.php\/wp-json\/wp\/v2\/posts\/81873\/revisions\/81875"}],"wp:featuredmedia":[{"embeddable":true,"href":"https:\/\/lasprimeras.com.do\/index.php\/wp-json\/wp\/v2\/media\/81874"}],"wp:attachment":[{"href":"https:\/\/lasprimeras.com.do\/index.php\/wp-json\/wp\/v2\/media?parent=81873"}],"wp:term":[{"taxonomy":"category","embeddable":true,"href":"https:\/\/lasprimeras.com.do\/index.php\/wp-json\/wp\/v2\/categories?post=81873"},{"taxonomy":"post_tag","embeddable":true,"href":"https:\/\/lasprimeras.com.do\/index.php\/wp-json\/wp\/v2\/tags?post=81873"}],"curies":[{"name":"wp","href":"https:\/\/api.w.org\/{rel}","templated":true}]}}