{"id":81929,"date":"2024-04-26T15:00:08","date_gmt":"2024-04-26T19:00:08","guid":{"rendered":"https:\/\/lasprimeras.com.do\/?p=81929"},"modified":"2024-04-26T15:00:44","modified_gmt":"2024-04-26T19:00:44","slug":"consejo-de-directores-de-unicaribe-afirma-el-gobierno-de-abinader-se-ofrece-igualdad-de-oportunidades-a-todos-los-estudiantes","status":"publish","type":"post","link":"https:\/\/lasprimeras.com.do\/index.php\/2024\/04\/26\/consejo-de-directores-de-unicaribe-afirma-el-gobierno-de-abinader-se-ofrece-igualdad-de-oportunidades-a-todos-los-estudiantes\/","title":{"rendered":"Consejo de directores de UNICARIBE afirma el gobierno de Abinader se ofrece igualdad de oportunidades"},"content":{"rendered":"\n<p>Santo Domingo. &#8211; El canciller y presidente del consejo de directores de la Universidad del Caribe (UNICARIBE), Jos\u00e9 Alejandro Aybar, destac\u00f3 este viernes el cambio que ha vivido la educaci\u00f3n superior en la gesti\u00f3n de gobierno del presidente Luis Abinader, que ahora dijo, se ofrece igualdad de oportunidades a todos los dominicanos, bas\u00e1ndose \u00fanicamente en el m\u00e9rito acad\u00e9mico, sin importar su lugar de origen o afiliaci\u00f3n pol\u00edtica.<\/p>\n\n\n\n<p>En un emotivo discurso el canciller de UNICARIBE manifest\u00f3 que, motivados por apoyar la educaci\u00f3n superior, hace m\u00e1s de 7 a\u00f1os, propusieron la creaci\u00f3n de facilidades de cr\u00e9dito educativo a bajo costo y con condiciones favorables, en colaboraci\u00f3n con el gobierno, empresas y organismos locales e internacionales.<\/p>\n\n\n\n<p>Agreg\u00f3 que no fue hasta el a\u00f1o 2020 cuando, bajo la administraci\u00f3n del presidente Luis Abinader, que este sue\u00f1o de la creaci\u00f3n del cr\u00e9dito educativo de UNICARIBE comenz\u00f3 a tomar forma con un enfoque renovado en apoyar a los m\u00e1s necesitados.<\/p>\n\n\n\n<p>El presidente del consejo de directores de UNICARIBE, al hablar durante la inauguraci\u00f3n de la Fundaci\u00f3n de Cr\u00e9dito Educativo del Caribe (FUCECA), que cont\u00f3 con la participaci\u00f3n del presidente Abinader, anunci\u00f3 que esta fundaci\u00f3n ya tiene lo necesario para que 4,000 dominicanos estudien carreras emergentes, lo que representa el 40% de las becas que ofrece el gobierno.<\/p>\n\n\n\n<p>&#8220;Agradezco al presidente Luis Abinader por inspirarnos a luchar por nuestro pa\u00eds con su ejemplo y por demostrar que juntos, como hermanos, podemos priorizar los intereses nacionales y avanzar hacia un futuro m\u00e1s prometedor para nuestra amada Rep\u00fablica Dominicana. Se\u00f1or presidente que Dios le contin\u00fae guiando para que siga construyendo el pa\u00eds que so\u00f1amos&#8221;, expres\u00f3 Aybar.<\/p>\n\n\n\n<p>Compromiso s\u00f3lido con el acceso equitativo a la educaci\u00f3n superior<\/p>\n\n\n\n<p>De su lado, el ministro de Educaci\u00f3n Superior, Ciencia y Tecnolog\u00eda, Franklin Garc\u00eda Ferm\u00edn, sostuvo que la creaci\u00f3n de esta fundaci\u00f3n conecta con el esp\u00edritu y la letra del decreto 551-21 de fecha 15 de septiembre del 2021, que crea el Sistema Nacional de Becas y Cr\u00e9dito de Apoyo Educativo, dictado por el presidente Abinader y adem\u00e1s, representa un compromiso s\u00f3lido con el acceso equitativo a la educaci\u00f3n superior y con el desarrollo integral de los j\u00f3venes al ofrecer cr\u00e9ditos educativos flexibles y accesibles.<\/p>\n\n\n\n<p>Garc\u00eda Ferm\u00edn expres\u00f3 que, al dictar ese decreto, el presidente Abinader demostr\u00f3 su intenci\u00f3n y su inter\u00e9s en coordinar, gestionar y promover la cualificaci\u00f3n de los profesionales y estudiantes dominicanos, a trav\u00e9s de apoyo econ\u00f3mico que garantice la igualdad de oportunidades y la inclusi\u00f3n educativa superando cualquier tipo de discriminaci\u00f3n que act\u00fae como barrera para el acceso a una formaci\u00f3n integral de los ciudadanos interesados en cursar estudios de nivel superior.<\/p>\n\n\n\n<p>Facilidades de cr\u00e9dito<\/p>\n\n\n\n<p>En tanto, el director ejecutivo de FUCECA, Jorge Besosa, explic\u00f3 que al inicio la fundaci\u00f3n se dedicar\u00e1 a otorgar facilidades de cr\u00e9dito y a administrar fondos de becas para sufragar el costo de la matr\u00edcula en UNICARIBE y que a medida que pase el tiempo, se buscar\u00e1n nuevas fuentes de Becas y Cr\u00e9ditos, para expandir el inventario de productos y servicios, para que incluya cubrir costos de equipos de estudio y viajes al exterior en programas de intercambio.<\/p>\n\n\n\n<p>En ese sentido expuso que cada facilidad de cr\u00e9dito gozar\u00e1 de una tasa de inter\u00e9s muy competitiva, de un 8% anual en pesos dominicanos y que el estudiante solo tendr\u00e1 que pagar los intereses acumulados en su deuda mensualmente y que una vez se grad\u00faa el estudiante, el balance acumulado de principal se pagar\u00e1 en cuotas fijas mensuales, seg\u00fan lo que acuerden.<\/p>\n\n\n\n<p>Asimismo, indic\u00f3 que, buscar\u00e1n ayudar a costear desarrollos de investigaciones cient\u00edficas y algunos programas especiales, incluyendo de Tecnolog\u00eda de Inteligencia Artificial.<\/p>\n\n\n\n<p>Acompa\u00f1aron al presidente Abinader, el ministro de la Juventud, Jes\u00fas Feliz; el director del Infotep, Rafael Santos Bad\u00eda y el candidato a senador por el Distrito Nacional, Guillermo Moreno. por UNICARIBE asistieron, la vicerrectora administrativa y vicepresidenta del consejo de directores de FUCECA, Shahily Pimentel; los miembros del consejo de directores, Lorena del Llano y Jorge Luis Polanco y Alejandrina Germ\u00e1n, miembro del consejo consultivo.<\/p>\n\n\n\n<p>Tambi\u00e9n el presidente del Banco BDI, Juan Carlos Rodr\u00edguez Copelo; el vicepresidente, Jos\u00e9 de Moya; en representaci\u00f3n del Banco Popular Dominicano, Jorge Jana Founder, Luis Jim\u00e9nez Stella Hern\u00e1ndez y Gabriela Capriles, as\u00ed como tambi\u00e9n del Banco BHD, Jos\u00e9 Luis Alonzo y Josefina Navarro.<\/p>\n\n\n\n<p>Adem\u00e1s de los rectores de UNAPEC, Franklin Holgu\u00edn Hache; de la Universidad Adventista Dominicana, Antonio Natera Aguiar; INCE, Rafael Teijeiro Ru\u00edz; de la Universidad Cibao Oriental, Esteban Tiburcio; de la Universidad Psicolog\u00eda Industrial Dominicana, Ricardo Winter; de la Universidad Nacional para la Defensa, mayor general Francisco Antonio Ovalle Pichardo; la directora ejecutiva de FUNDAPEC, Regla Brito; de la Asociaci\u00f3n de Universidades Dominicanas, Wadi Ram\u00edrez y de Equifax, Jos\u00e9 Alberto Adam.<\/p>\n","protected":false},"excerpt":{"rendered":"<p>Santo Domingo. &#8211; El canciller y presidente del consejo de directores de la Universidad del Caribe (UNICARIBE), Jos\u00e9 Alejandro Aybar, destac\u00f3 este viernes el cambio que ha vivido la educaci\u00f3n&hellip;<\/p>\n","protected":false},"author":3,"featured_media":81930,"comment_status":"open","ping_status":"open","sticky":false,"template":"","format":"standard","meta":{"content-type":"","jetpack_post_was_ever_published":false,"_jetpack_newsletter_access":"","_jetpack_dont_email_post_to_subs":false,"_jetpack_newsletter_tier_id":0,"_jetpack_memberships_contains_paywalled_content":false,"_jetpack_memberships_contains_paid_content":false,"footnotes":""},"categories":[25],"tags":[67],"class_list":["post-81929","post","type-post","status-publish","format-standard","has-post-thumbnail","hentry","category-portada","tag-luis-abinader"],"jetpack_featured_media_url":"https:\/\/lasprimeras.com.do\/wp-content\/uploads\/2024\/04\/WhatsApp-Image-2024-04-26-at-2.48.57-PM.jpeg","jetpack-related-posts":[{"id":125810,"url":"https:\/\/lasprimeras.com.do\/index.php\/2026\/03\/26\/unicaribe-consolida-posicionamiento-internacional-de-rd-en-el-world-skills-week-2026\/","url_meta":{"origin":81929,"position":0},"title":"UNICARIBE consolida posicionamiento internacional de RD en el World Skills Week 2026","author":"Nelson Feliz","date":"26 de marzo de 2026","format":false,"excerpt":"Una delegaci\u00f3n encabezada por el doctor Jos\u00e9 Alejandro Aybar M., canciller de UNICARIBE adjunto a la licenciada Shahily Pimentel, vicepresidenta del Consejo de la Fundaci\u00f3n Educativa del Caribe, participan en el magno encuentro en la capital de los Estados Unidos, donde se analizan las tendencias emergentes en la transformaci\u00f3n de\u2026","rel":"","context":"En \u00abINTERNACIONALES\u00bb","block_context":{"text":"INTERNACIONALES","link":"https:\/\/lasprimeras.com.do\/index.php\/category\/sin-categoria\/internacionales\/"},"img":{"alt_text":"","src":"https:\/\/i0.wp.com\/lasprimeras.com.do\/wp-content\/uploads\/2026\/03\/IMG-20260326-WA0440.jpg?resize=350%2C200&ssl=1","width":350,"height":200,"srcset":"https:\/\/i0.wp.com\/lasprimeras.com.do\/wp-content\/uploads\/2026\/03\/IMG-20260326-WA0440.jpg?resize=350%2C200&ssl=1 1x, https:\/\/i0.wp.com\/lasprimeras.com.do\/wp-content\/uploads\/2026\/03\/IMG-20260326-WA0440.jpg?resize=525%2C300&ssl=1 1.5x, https:\/\/i0.wp.com\/lasprimeras.com.do\/wp-content\/uploads\/2026\/03\/IMG-20260326-WA0440.jpg?resize=700%2C400&ssl=1 2x"},"classes":[]},{"id":85266,"url":"https:\/\/lasprimeras.com.do\/index.php\/2024\/06\/26\/unicaribe-lanza-primer-programa-tecnico-superior-en-tecnologia-de-semiconductores-en-rd\/","url_meta":{"origin":81929,"position":1},"title":"UNICARIBE lanza primer programa T\u00e9cnico Superior en Tecnolog\u00eda de Semiconductores en RD","author":"Nelson Feliz","date":"26 de junio de 2024","format":false,"excerpt":"La iniciativa busca formar profesionales altamente capacitados en una industria crucial para la innovaci\u00f3n tecnol\u00f3gica global. Por Rose Mary Santana La Universidad del Caribe (UNICARIBE) present\u00f3 ante el\u00a0 Ministerio de Educaci\u00f3n Superior Ciencia y Tecnolog\u00eda MESCYT, el primer programa de T\u00e9cnico Superior en Tecnolog\u00eda de Semiconductores en la Rep\u00fablica Dominicana.\u2026","rel":"","context":"En \u00abNACIONALES\u00bb","block_context":{"text":"NACIONALES","link":"https:\/\/lasprimeras.com.do\/index.php\/category\/nacionales\/"},"img":{"alt_text":"UNICARIBE","src":"https:\/\/i0.wp.com\/lasprimeras.com.do\/wp-content\/uploads\/2024\/06\/UNICARIBE-1.jpg?resize=350%2C200&ssl=1","width":350,"height":200,"srcset":"https:\/\/i0.wp.com\/lasprimeras.com.do\/wp-content\/uploads\/2024\/06\/UNICARIBE-1.jpg?resize=350%2C200&ssl=1 1x, https:\/\/i0.wp.com\/lasprimeras.com.do\/wp-content\/uploads\/2024\/06\/UNICARIBE-1.jpg?resize=525%2C300&ssl=1 1.5x, https:\/\/i0.wp.com\/lasprimeras.com.do\/wp-content\/uploads\/2024\/06\/UNICARIBE-1.jpg?resize=700%2C400&ssl=1 2x"},"classes":[]},{"id":82255,"url":"https:\/\/lasprimeras.com.do\/index.php\/2024\/04\/30\/fuceca-nueva-opcion-de-credito-educativo-al-8-interes-fijo\/","url_meta":{"origin":81929,"position":2},"title":"FUCECA nueva opci\u00f3n de cr\u00e9dito educativo al 8% inter\u00e9s fijo","author":"Nelson Feliz","date":"30 de abril de 2024","format":false,"excerpt":"FUCECA se perfila como una pieza clave en el avance del acceso equitativo a la educaci\u00f3n superior en la Rep\u00fablica Dominicana, reflejando un s\u00f3lido compromiso con el desarrollo integral de los j\u00f3venes y la inclusi\u00f3n educativa. Se lanz\u00f3 de manera oficial la Fundaci\u00f3n de Cr\u00e9dito Educativo del Caribe, FUCECA, que\u2026","rel":"","context":"En \u00abECONOM\u00cdA\u00bb","block_context":{"text":"ECONOM\u00cdA","link":"https:\/\/lasprimeras.com.do\/index.php\/category\/economia\/"},"img":{"alt_text":"Jos\u00e9 Alejandro Aybar","src":"https:\/\/i0.wp.com\/lasprimeras.com.do\/wp-content\/uploads\/2024\/04\/Jose-Alejandro-Aybar-1.jpg?resize=350%2C200&ssl=1","width":350,"height":200,"srcset":"https:\/\/i0.wp.com\/lasprimeras.com.do\/wp-content\/uploads\/2024\/04\/Jose-Alejandro-Aybar-1.jpg?resize=350%2C200&ssl=1 1x, https:\/\/i0.wp.com\/lasprimeras.com.do\/wp-content\/uploads\/2024\/04\/Jose-Alejandro-Aybar-1.jpg?resize=525%2C300&ssl=1 1.5x, https:\/\/i0.wp.com\/lasprimeras.com.do\/wp-content\/uploads\/2024\/04\/Jose-Alejandro-Aybar-1.jpg?resize=700%2C400&ssl=1 2x"},"classes":[]},{"id":89102,"url":"https:\/\/lasprimeras.com.do\/index.php\/2024\/09\/15\/unicaribe-da-la-bienvenida-a-estudiantes-de-guyana-marca-nueva-era-cooperacion-entre-ambos-paises\/","url_meta":{"origin":81929,"position":3},"title":"UNICARIBE da la bienvenida a estudiantes de GUYANA: Marca nueva era cooperaci\u00f3n entre ambos pa\u00edses","author":"Nelson Feliz","date":"15 de septiembre de 2024","format":false,"excerpt":"Georgetown, Guyana. \u2013La Universidad del Caribe (UNICARIBE) anunci\u00f3 que estudiantes de Guyana se suman a su matr\u00edcula estudiantil en Rep\u00fablica Dominicana. \"UNICARIBE, tiene el honor de dar la m\u00e1s c\u00e1lida bienvenida a los 112 estudiantes provenientes de Guyana, quienes se unen a nuestra comunidad acad\u00e9mica en este importante momento de\u2026","rel":"","context":"En \u00abSin categor\u00eda\u00bb","block_context":{"text":"Sin categor\u00eda","link":"https:\/\/lasprimeras.com.do\/index.php\/category\/sin-categoria\/"},"img":{"alt_text":"","src":"https:\/\/i0.wp.com\/lasprimeras.com.do\/wp-content\/uploads\/2024\/09\/unicaribe.jpg?resize=350%2C200&ssl=1","width":350,"height":200,"srcset":"https:\/\/i0.wp.com\/lasprimeras.com.do\/wp-content\/uploads\/2024\/09\/unicaribe.jpg?resize=350%2C200&ssl=1 1x, https:\/\/i0.wp.com\/lasprimeras.com.do\/wp-content\/uploads\/2024\/09\/unicaribe.jpg?resize=525%2C300&ssl=1 1.5x"},"classes":[]},{"id":123613,"url":"https:\/\/lasprimeras.com.do\/index.php\/2026\/03\/03\/unicaribe-inaugura-oficina-de-servicios-en-punta-cana-impulsa-talento-humano-investigacion-e-innovacion-en-region-este\/","url_meta":{"origin":81929,"position":4},"title":"UNICARIBE inaugura Oficina de Servicios en Punta Cana: Impulsa talento humano investigaci\u00f3n e innovaci\u00f3n en regi\u00f3n Este","author":"Nelson Feliz","date":"3 de marzo de 2026","format":false,"excerpt":"La Universidad del Caribe (UNICARIBE) inaugur\u00f3 su Oficina de Servicios en Punta Cana, una iniciativa estrat\u00e9gica orientada a fortalecer el acceso a la educaci\u00f3n superior, la investigaci\u00f3n aplicada y el emprendimiento en la regi\u00f3n Este del pa\u00eds. Con esta apertura, la universidad ampl\u00eda su presencia institucional en la provincia La\u2026","rel":"","context":"En \u00abNACIONALES\u00bb","block_context":{"text":"NACIONALES","link":"https:\/\/lasprimeras.com.do\/index.php\/category\/nacionales\/"},"img":{"alt_text":"","src":"https:\/\/i0.wp.com\/lasprimeras.com.do\/wp-content\/uploads\/2026\/03\/IMG-20260303-WA01171.jpg?resize=350%2C200&ssl=1","width":350,"height":200,"srcset":"https:\/\/i0.wp.com\/lasprimeras.com.do\/wp-content\/uploads\/2026\/03\/IMG-20260303-WA01171.jpg?resize=350%2C200&ssl=1 1x, https:\/\/i0.wp.com\/lasprimeras.com.do\/wp-content\/uploads\/2026\/03\/IMG-20260303-WA01171.jpg?resize=525%2C300&ssl=1 1.5x, https:\/\/i0.wp.com\/lasprimeras.com.do\/wp-content\/uploads\/2026\/03\/IMG-20260303-WA01171.jpg?resize=700%2C400&ssl=1 2x, https:\/\/i0.wp.com\/lasprimeras.com.do\/wp-content\/uploads\/2026\/03\/IMG-20260303-WA01171.jpg?resize=1050%2C600&ssl=1 3x"},"classes":[]},{"id":108383,"url":"https:\/\/lasprimeras.com.do\/index.php\/2025\/09\/05\/mescyt-entrega-mas-de-200-becas-a-jovenes-de-universidad-del-caribe\/","url_meta":{"origin":81929,"position":5},"title":"MESCyT entrega m\u00e1s de 200 becas a j\u00f3venes de Universidad del Caribe","author":"Nelson Feliz","date":"5 de septiembre de 2025","format":false,"excerpt":"El Gobierno dominicano, a trav\u00e9s del Ministerio de Educaci\u00f3n Superior, Ciencia y Tecnolog\u00eda (Mescyt), otorg\u00f3 este jueves 214 becas a j\u00f3venes sobresalientes en un acto celebrado en la Universidad del Caribe (UNICARIBE). Este programa gubernamental, tiene como prop\u00f3sito apoyar a la juventud dominicana en su formaci\u00f3n profesional, reconociendo el esfuerzo,\u2026","rel":"","context":"En \u00abNACIONALES\u00bb","block_context":{"text":"NACIONALES","link":"https:\/\/lasprimeras.com.do\/index.php\/category\/nacionales\/"},"img":{"alt_text":"","src":"https:\/\/i0.wp.com\/lasprimeras.com.do\/wp-content\/uploads\/2025\/09\/Franklin-Garcia-Fermin-2.jpg?resize=350%2C200&ssl=1","width":350,"height":200,"srcset":"https:\/\/i0.wp.com\/lasprimeras.com.do\/wp-content\/uploads\/2025\/09\/Franklin-Garcia-Fermin-2.jpg?resize=350%2C200&ssl=1 1x, https:\/\/i0.wp.com\/lasprimeras.com.do\/wp-content\/uploads\/2025\/09\/Franklin-Garcia-Fermin-2.jpg?resize=525%2C300&ssl=1 1.5x, https:\/\/i0.wp.com\/lasprimeras.com.do\/wp-content\/uploads\/2025\/09\/Franklin-Garcia-Fermin-2.jpg?resize=700%2C400&ssl=1 2x"},"classes":[]}],"jetpack_sharing_enabled":true,"_links":{"self":[{"href":"https:\/\/lasprimeras.com.do\/index.php\/wp-json\/wp\/v2\/posts\/81929","targetHints":{"allow":["GET"]}}],"collection":[{"href":"https:\/\/lasprimeras.com.do\/index.php\/wp-json\/wp\/v2\/posts"}],"about":[{"href":"https:\/\/lasprimeras.com.do\/index.php\/wp-json\/wp\/v2\/types\/post"}],"author":[{"embeddable":true,"href":"https:\/\/lasprimeras.com.do\/index.php\/wp-json\/wp\/v2\/users\/3"}],"replies":[{"embeddable":true,"href":"https:\/\/lasprimeras.com.do\/index.php\/wp-json\/wp\/v2\/comments?post=81929"}],"version-history":[{"count":2,"href":"https:\/\/lasprimeras.com.do\/index.php\/wp-json\/wp\/v2\/posts\/81929\/revisions"}],"predecessor-version":[{"id":81933,"href":"https:\/\/lasprimeras.com.do\/index.php\/wp-json\/wp\/v2\/posts\/81929\/revisions\/81933"}],"wp:featuredmedia":[{"embeddable":true,"href":"https:\/\/lasprimeras.com.do\/index.php\/wp-json\/wp\/v2\/media\/81930"}],"wp:attachment":[{"href":"https:\/\/lasprimeras.com.do\/index.php\/wp-json\/wp\/v2\/media?parent=81929"}],"wp:term":[{"taxonomy":"category","embeddable":true,"href":"https:\/\/lasprimeras.com.do\/index.php\/wp-json\/wp\/v2\/categories?post=81929"},{"taxonomy":"post_tag","embeddable":true,"href":"https:\/\/lasprimeras.com.do\/index.php\/wp-json\/wp\/v2\/tags?post=81929"}],"curies":[{"name":"wp","href":"https:\/\/api.w.org\/{rel}","templated":true}]}}