{"id":81941,"date":"2024-04-26T15:53:17","date_gmt":"2024-04-26T19:53:17","guid":{"rendered":"https:\/\/lasprimeras.com.do\/?p=81941"},"modified":"2024-04-26T15:53:19","modified_gmt":"2024-04-26T19:53:19","slug":"ayuntamiento-inicia-jornada-de-recogida-de-basura","status":"publish","type":"post","link":"https:\/\/lasprimeras.com.do\/index.php\/2024\/04\/26\/ayuntamiento-inicia-jornada-de-recogida-de-basura\/","title":{"rendered":"Ayuntamiento inicia jornada de recogida de basura"},"content":{"rendered":"\n<p>Santo Domingo.- Tras dos meses de acumulaci\u00f3n de basura en las calles y esquinas de Los Alcarrizos, el nuevo alcalde Junior Santos encabeza desde este viernes las brigadas en las que regidores, empleados del ayuntamiento, l\u00edderes comunitarios y religiosos participan en la recolecci\u00f3n de desechos.<\/p>\n\n\n\n<p>Con m\u00e1s de 30 camiones compactadores, que fueron aportados por diversas instituciones y empresas privadas, el electo alcalde de los Alcarrizos dej\u00f3 iniciado el plan de acci\u00f3n r\u00e1pida con el que busca poner fin a la crisis de la basura en el municipio.<\/p>\n\n\n\n<p>De acuerdo a Junior Santos , las jornadas de limpieza y recogida de la basura, que cuentan con el apoyo del gobierno central, ser\u00e1n extendidas a las escuelas del municipio y a la autopista Duarte.<\/p>\n","protected":false},"excerpt":{"rendered":"<p>Santo Domingo.- Tras dos meses de acumulaci\u00f3n de basura en las calles y esquinas de Los Alcarrizos, el nuevo alcalde Junior Santos encabeza desde este viernes las brigadas en las&hellip;<\/p>\n","protected":false},"author":3,"featured_media":81942,"comment_status":"open","ping_status":"open","sticky":false,"template":"","format":"standard","meta":{"content-type":"","jetpack_post_was_ever_published":false,"_jetpack_newsletter_access":"","_jetpack_dont_email_post_to_subs":false,"_jetpack_newsletter_tier_id":0,"_jetpack_memberships_contains_paywalled_content":false,"_jetpack_memberships_contains_paid_content":false,"footnotes":""},"categories":[35],"tags":[1567],"class_list":["post-81941","post","type-post","status-publish","format-standard","has-post-thumbnail","hentry","category-nacionales","tag-ayuntamiento"],"jetpack_featured_media_url":"https:\/\/lasprimeras.com.do\/wp-content\/uploads\/2024\/04\/WhatsApp-Image-2024-04-26-at-2.48.57-PM.webp","jetpack-related-posts":[{"id":83701,"url":"https:\/\/lasprimeras.com.do\/index.php\/2024\/05\/23\/alcaldias-de-santo-domingo-este-y-los-alcarrizos-inician-retiro-de-propaganda\/","url_meta":{"origin":81941,"position":0},"title":"Alcald\u00edas de Santo Domingo Este y Los Alcarrizos inician retiro de propaganda","author":"Nelson Feliz","date":"23 de mayo de 2024","format":false,"excerpt":"Miles de vallas y afiches son retirados para descontaminar las v\u00edas Las alcald\u00edas de\u00a0Los Alcarrizos\u00a0y\u00a0Santo Domingo Este\u00a0comenzaron a retirar la\u00a0propaganda\u00a0pol\u00edtica de sus calles y avenidas utilizadas por los distintos partidos que participaron en las pasadas elecciones municipales, congresuales y presidenciales. Las autoridades municipales buscan cumplir con la Ley 176-07 y\u2026","rel":"","context":"En \u00abPORTADA\u00bb","block_context":{"text":"PORTADA","link":"https:\/\/lasprimeras.com.do\/index.php\/category\/portada\/"},"img":{"alt_text":"retiro","src":"https:\/\/i0.wp.com\/lasprimeras.com.do\/wp-content\/uploads\/2024\/05\/WhatsApp-Image-2024-05-22-at-4.33.36-PM-1-800x445-1.jpeg?resize=350%2C200&ssl=1","width":350,"height":200,"srcset":"https:\/\/i0.wp.com\/lasprimeras.com.do\/wp-content\/uploads\/2024\/05\/WhatsApp-Image-2024-05-22-at-4.33.36-PM-1-800x445-1.jpeg?resize=350%2C200&ssl=1 1x, https:\/\/i0.wp.com\/lasprimeras.com.do\/wp-content\/uploads\/2024\/05\/WhatsApp-Image-2024-05-22-at-4.33.36-PM-1-800x445-1.jpeg?resize=525%2C300&ssl=1 1.5x, https:\/\/i0.wp.com\/lasprimeras.com.do\/wp-content\/uploads\/2024\/05\/WhatsApp-Image-2024-05-22-at-4.33.36-PM-1-800x445-1.jpeg?resize=700%2C400&ssl=1 2x"},"classes":[]},{"id":53961,"url":"https:\/\/lasprimeras.com.do\/index.php\/2023\/07\/02\/leandra-acosta-ve-dificil-asde-soluciones-problema-de-la-basura\/","url_meta":{"origin":81941,"position":1},"title":"Leandra Acosta ve dif\u00edcil ASDE soluciones problema de la basura","author":"Nelson Feliz","date":"2 de julio de 2023","format":false,"excerpt":"Ante el comunicado emitido por el Ayuntamiento de Santo Domingo Este, a partir del pr\u00f3ximo lunes la recogida de desechos s\u00f3lidos en la Circunscripci\u00f3n 1 de ese municipio se realizar\u00e1 mediante la aplicaci\u00f3n del programa de ruta y frecuencia, la aspirante a la alcald\u00eda de la Fuerza del Pueblo, Leandra\u2026","rel":"","context":"En \u00abPORTADA\u00bb","block_context":{"text":"PORTADA","link":"https:\/\/lasprimeras.com.do\/index.php\/category\/portada\/"},"img":{"alt_text":"Leandra Acosta","src":"https:\/\/i0.wp.com\/lasprimeras.com.do\/wp-content\/uploads\/2023\/06\/WhatsApp-Image-2023-03-29-at-10.55.33-PM-1.jpeg?resize=350%2C200&ssl=1","width":350,"height":200,"srcset":"https:\/\/i0.wp.com\/lasprimeras.com.do\/wp-content\/uploads\/2023\/06\/WhatsApp-Image-2023-03-29-at-10.55.33-PM-1.jpeg?resize=350%2C200&ssl=1 1x, https:\/\/i0.wp.com\/lasprimeras.com.do\/wp-content\/uploads\/2023\/06\/WhatsApp-Image-2023-03-29-at-10.55.33-PM-1.jpeg?resize=525%2C300&ssl=1 1.5x, https:\/\/i0.wp.com\/lasprimeras.com.do\/wp-content\/uploads\/2023\/06\/WhatsApp-Image-2023-03-29-at-10.55.33-PM-1.jpeg?resize=700%2C400&ssl=1 2x, https:\/\/i0.wp.com\/lasprimeras.com.do\/wp-content\/uploads\/2023\/06\/WhatsApp-Image-2023-03-29-at-10.55.33-PM-1.jpeg?resize=1050%2C600&ssl=1 3x"},"classes":[]},{"id":121754,"url":"https:\/\/lasprimeras.com.do\/index.php\/2026\/02\/09\/fellito-subervi-va-a-los-alcarrizos-con-solucion-de-4500-metros-de-canada\/","url_meta":{"origin":81941,"position":2},"title":"Fellito Suberv\u00ed va a Los Alcarrizos con soluci\u00f3n de 4,500 metros de ca\u00f1ada","author":"Nelson Feliz","date":"9 de febrero de 2026","format":false,"excerpt":"El director de la CAASD hizo el anuncio de esa obra y de cerca 10 peque\u00f1as y medianas intervenciones inmediatas durante un encuentro de trabajo con el Alcalde Junior Santos, diputados, regidores, autoridades eclesi\u00e1sticas y l\u00edderes comunitarios representantes de 28 Juntas de Vecinos. Frente a m\u00e1s de un centenar de\u2026","rel":"","context":"En \u00abNACIONALES\u00bb","block_context":{"text":"NACIONALES","link":"https:\/\/lasprimeras.com.do\/index.php\/category\/nacionales\/"},"img":{"alt_text":"","src":"https:\/\/i0.wp.com\/lasprimeras.com.do\/wp-content\/uploads\/2026\/02\/fellito.jpg?resize=350%2C200&ssl=1","width":350,"height":200,"srcset":"https:\/\/i0.wp.com\/lasprimeras.com.do\/wp-content\/uploads\/2026\/02\/fellito.jpg?resize=350%2C200&ssl=1 1x, https:\/\/i0.wp.com\/lasprimeras.com.do\/wp-content\/uploads\/2026\/02\/fellito.jpg?resize=525%2C300&ssl=1 1.5x, https:\/\/i0.wp.com\/lasprimeras.com.do\/wp-content\/uploads\/2026\/02\/fellito.jpg?resize=700%2C400&ssl=1 2x"},"classes":[]},{"id":51989,"url":"https:\/\/lasprimeras.com.do\/index.php\/2023\/06\/06\/asde-presenta-segunda-flotilla-de-modernos-camiones-recolectores-de-basura\/","url_meta":{"origin":81941,"position":3},"title":"ASDE presenta segunda flotilla de modernos camiones recolectores de basura","author":"prenxa100","date":"6 de junio de 2023","format":false,"excerpt":"La gesti\u00f3n del alcalde Manuel Jim\u00e9nez pasa a dar servicio enla c\u00e9ntrica circunscripci\u00f3n 1 y termina contrato de privatizaci\u00f3n. El alcalde Manuel Jim\u00e9nez present\u00f3 a la comunidad la flotilla de 29 camiones nuevos de f\u00e1brica que desde ya se integran a las labores de recogida de basura en la circunscripci\u00f3n\u2026","rel":"","context":"En \u00abECONOM\u00cdA\u00bb","block_context":{"text":"ECONOM\u00cdA","link":"https:\/\/lasprimeras.com.do\/index.php\/category\/economia\/"},"img":{"alt_text":"Ayuntamiento Santo Domingo Este","src":"https:\/\/i0.wp.com\/lasprimeras.com.do\/wp-content\/uploads\/2023\/06\/Camiones-ASDE-1.jpg?resize=350%2C200&ssl=1","width":350,"height":200,"srcset":"https:\/\/i0.wp.com\/lasprimeras.com.do\/wp-content\/uploads\/2023\/06\/Camiones-ASDE-1.jpg?resize=350%2C200&ssl=1 1x, https:\/\/i0.wp.com\/lasprimeras.com.do\/wp-content\/uploads\/2023\/06\/Camiones-ASDE-1.jpg?resize=525%2C300&ssl=1 1.5x, https:\/\/i0.wp.com\/lasprimeras.com.do\/wp-content\/uploads\/2023\/06\/Camiones-ASDE-1.jpg?resize=700%2C400&ssl=1 2x"},"classes":[]},{"id":87848,"url":"https:\/\/lasprimeras.com.do\/index.php\/2024\/08\/18\/juntas-de-vecinos-denuncian-dio-astacio-busca-imponer-cobros-abusivos-a-residenciales-de-sde\/","url_meta":{"origin":81941,"position":4},"title":"Juntas de Vecinos denuncian Dio Astacio busca imponer cobros abusivos a residenciales de SDE \u00a0\u00a0\u00a0","author":"Nelson Feliz","date":"18 de agosto de 2024","format":false,"excerpt":"El Alcalde de Santo Domingo Este (ASDE),\u00a0Dio Astacio, env\u00eda un personal de la Gesti\u00f3n de Arbitrios Municipales de ese ayuntamiento a todos los residenciales de este municipio, con la intenci\u00f3n de que los presidentes de Juntas de Vecinos, rescindan los contratos de recogida de basura donde se le paga unos\u2026","rel":"","context":"En \u00abECONOM\u00cdA\u00bb","block_context":{"text":"ECONOM\u00cdA","link":"https:\/\/lasprimeras.com.do\/index.php\/category\/economia\/"},"img":{"alt_text":"Dio Astacio","src":"https:\/\/i0.wp.com\/lasprimeras.com.do\/wp-content\/uploads\/2024\/08\/Dio-Astacio-1.jpg?resize=350%2C200&ssl=1","width":350,"height":200,"srcset":"https:\/\/i0.wp.com\/lasprimeras.com.do\/wp-content\/uploads\/2024\/08\/Dio-Astacio-1.jpg?resize=350%2C200&ssl=1 1x, https:\/\/i0.wp.com\/lasprimeras.com.do\/wp-content\/uploads\/2024\/08\/Dio-Astacio-1.jpg?resize=525%2C300&ssl=1 1.5x, https:\/\/i0.wp.com\/lasprimeras.com.do\/wp-content\/uploads\/2024\/08\/Dio-Astacio-1.jpg?resize=700%2C400&ssl=1 2x"},"classes":[]},{"id":127589,"url":"https:\/\/lasprimeras.com.do\/index.php\/2026\/04\/13\/abinader-garantiza-asistencia-en-nuevo-amanecer-tras-recorrido\/","url_meta":{"origin":81941,"position":5},"title":"Abinader garantiza asistencia en Nuevo Amanecer tras recorrido","author":"Nelson Feliz","date":"13 de abril de 2026","format":false,"excerpt":"Alcalde de Los Alcarrizos, Junior Santos, destaca presidente Abinader ha dispuesto el apoyo para desarrollar un proyecto de canalizaci\u00f3n con muros de gaviones como soluci\u00f3n definitiva al arroyo Lebr\u00f3n; informa en desembocadura de la ca\u00f1ada Jicaco, ya se entregaron unos RD$7 millones para indemnizar a las familias desalojadas. El presidente\u2026","rel":"","context":"En \u00abECONOM\u00cdA\u00bb","block_context":{"text":"ECONOM\u00cdA","link":"https:\/\/lasprimeras.com.do\/index.php\/category\/economia\/"},"img":{"alt_text":"","src":"https:\/\/i0.wp.com\/lasprimeras.com.do\/wp-content\/uploads\/2026\/04\/LUIS-ABINADER.jpg?resize=350%2C200&ssl=1","width":350,"height":200,"srcset":"https:\/\/i0.wp.com\/lasprimeras.com.do\/wp-content\/uploads\/2026\/04\/LUIS-ABINADER.jpg?resize=350%2C200&ssl=1 1x, https:\/\/i0.wp.com\/lasprimeras.com.do\/wp-content\/uploads\/2026\/04\/LUIS-ABINADER.jpg?resize=525%2C300&ssl=1 1.5x, https:\/\/i0.wp.com\/lasprimeras.com.do\/wp-content\/uploads\/2026\/04\/LUIS-ABINADER.jpg?resize=700%2C400&ssl=1 2x"},"classes":[]}],"jetpack_sharing_enabled":true,"_links":{"self":[{"href":"https:\/\/lasprimeras.com.do\/index.php\/wp-json\/wp\/v2\/posts\/81941","targetHints":{"allow":["GET"]}}],"collection":[{"href":"https:\/\/lasprimeras.com.do\/index.php\/wp-json\/wp\/v2\/posts"}],"about":[{"href":"https:\/\/lasprimeras.com.do\/index.php\/wp-json\/wp\/v2\/types\/post"}],"author":[{"embeddable":true,"href":"https:\/\/lasprimeras.com.do\/index.php\/wp-json\/wp\/v2\/users\/3"}],"replies":[{"embeddable":true,"href":"https:\/\/lasprimeras.com.do\/index.php\/wp-json\/wp\/v2\/comments?post=81941"}],"version-history":[{"count":1,"href":"https:\/\/lasprimeras.com.do\/index.php\/wp-json\/wp\/v2\/posts\/81941\/revisions"}],"predecessor-version":[{"id":81943,"href":"https:\/\/lasprimeras.com.do\/index.php\/wp-json\/wp\/v2\/posts\/81941\/revisions\/81943"}],"wp:featuredmedia":[{"embeddable":true,"href":"https:\/\/lasprimeras.com.do\/index.php\/wp-json\/wp\/v2\/media\/81942"}],"wp:attachment":[{"href":"https:\/\/lasprimeras.com.do\/index.php\/wp-json\/wp\/v2\/media?parent=81941"}],"wp:term":[{"taxonomy":"category","embeddable":true,"href":"https:\/\/lasprimeras.com.do\/index.php\/wp-json\/wp\/v2\/categories?post=81941"},{"taxonomy":"post_tag","embeddable":true,"href":"https:\/\/lasprimeras.com.do\/index.php\/wp-json\/wp\/v2\/tags?post=81941"}],"curies":[{"name":"wp","href":"https:\/\/api.w.org\/{rel}","templated":true}]}}