{"id":81963,"date":"2024-04-27T09:16:50","date_gmt":"2024-04-27T13:16:50","guid":{"rendered":"https:\/\/lasprimeras.com.do\/?p=81963"},"modified":"2024-04-27T09:16:51","modified_gmt":"2024-04-27T13:16:51","slug":"palacio-de-los-deportes-tendra-una-transformacion-total","status":"publish","type":"post","link":"https:\/\/lasprimeras.com.do\/index.php\/2024\/04\/27\/palacio-de-los-deportes-tendra-una-transformacion-total\/","title":{"rendered":"Palacio de los Deportes tendr\u00e1 una transformaci\u00f3n total"},"content":{"rendered":"\n<p>SANTO DOMINGO.- Diferentes \u00e1reas del Palacio de los Deportes, profesor Virgilio Travieso Soto est\u00e1n en pleno remozamiento desde hace varias semanas para adecuar la instalaci\u00f3n a nuevos tiempos y que est\u00e9 lista para los Juegos Centroamericanos y del Caribe, Santo Domingo 2026.<\/p>\n\n\n\n<p>La instalaci\u00f3n tendr\u00e1 asientos nuevos en las \u00e1reas de los fan\u00e1ticos, un nuevo sistema el\u00e9ctrico y se colocar\u00e1n luces led, se remozar\u00e1 el entorno del Palacio, los ba\u00f1os ser\u00e1n reconstruidos, un nuevo palco de prensa, entre otros trabajos importantes.<\/p>\n\n\n\n<p>El Virgilio Travieso Soto, sede oficial del baloncesto dominicano, tendr\u00e1 adem\u00e1s nuevo y moderno tabloncillo con todo su equipamiento en sentido general.<\/p>\n\n\n\n<p>El Voluntariado del Palacio de los Deporte, que dirige Fernando Hasbun, explic\u00f3 que se le har\u00e1 una intervenci\u00f3n profunda tanto en la parte de la infraestructura como del equipamiento para ponerla en condiciones de acoger eventos del m\u00e1s alto nivel.<\/p>\n\n\n\n<p>Dijo que se lleg\u00f3 a un acuerdo de patrocinio con el Banco de Reservas para que \u00e9ste se haga cargo de la remodelaci\u00f3n de esa infraestructura deportiva.<\/p>\n\n\n\n<p>Los trabajos iniciaron desde ya para cumplir con la agenda programada del proceso de reparaci\u00f3n del Palacio de los Deportes.<\/p>\n\n\n\n<p>El Voluntariado que administra el Palacio de los Deportes est\u00e1 conformado, adem\u00e1s de Hasbun, a Samuel Pereyra Rojas, administrador general de BanReservas; Rafael Uribe, presidente de la Federaci\u00f3n Dominicana de Baloncesto (Fedombal); Jos\u00e9 P. Monegro, director del peri\u00f3dico EL D\u00cdA, el empresario Eduardo Najri; el abogado Fernando Langa y el ingeniero e inmortal del deporte Aldo Leschorn.<\/p>\n","protected":false},"excerpt":{"rendered":"<p>SANTO DOMINGO.- Diferentes \u00e1reas del Palacio de los Deportes, profesor Virgilio Travieso Soto est\u00e1n en pleno remozamiento desde hace varias semanas para adecuar la instalaci\u00f3n a nuevos tiempos y que&hellip;<\/p>\n","protected":false},"author":3,"featured_media":81964,"comment_status":"open","ping_status":"open","sticky":false,"template":"","format":"standard","meta":{"content-type":"","jetpack_post_was_ever_published":false,"_jetpack_newsletter_access":"","_jetpack_dont_email_post_to_subs":false,"_jetpack_newsletter_tier_id":0,"_jetpack_memberships_contains_paywalled_content":false,"_jetpack_memberships_contains_paid_content":false,"footnotes":""},"categories":[1],"tags":[4497],"class_list":["post-81963","post","type-post","status-publish","format-standard","has-post-thumbnail","hentry","category-sin-categoria","tag-juegos-centroamericanos"],"jetpack_featured_media_url":"https:\/\/lasprimeras.com.do\/wp-content\/uploads\/2024\/04\/6a0c8a05-4f4b-48f5-a1d9-1ad180753c4a-52.jpg","jetpack-related-posts":[{"id":80755,"url":"https:\/\/lasprimeras.com.do\/index.php\/2024\/04\/12\/inician-trabajos-de-remodelacion-del-palacio-de-los-deportes\/","url_meta":{"origin":81963,"position":0},"title":"Inician trabajos de remodelaci\u00f3n del Palacio de los Deportes","author":"BIMARY DE JES\u00daS Matos","date":"12 de abril de 2024","format":false,"excerpt":"SANTO DOMINGO.- El Palacio de los Deportes Profesor Virgilio Travieso Soto est\u00e1 siendo sometido a un proceso de remodelaci\u00f3n y remozamiento para presentarla como una instalaci\u00f3n de calidad \u00f3ptima conforme a los requerimientos modernos, inform\u00f3 el presidente del Voluntariado del Palacio de los Deportes, Fernando Hasb\u00fan. El empresario de la\u2026","rel":"","context":"En \u00abSin categor\u00eda\u00bb","block_context":{"text":"Sin categor\u00eda","link":"https:\/\/lasprimeras.com.do\/index.php\/category\/sin-categoria\/"},"img":{"alt_text":"","src":"https:\/\/i0.wp.com\/lasprimeras.com.do\/wp-content\/uploads\/2024\/04\/DANILO-CRUZ-PICHARDO-1-800x500-1.jpg?resize=350%2C200&ssl=1","width":350,"height":200,"srcset":"https:\/\/i0.wp.com\/lasprimeras.com.do\/wp-content\/uploads\/2024\/04\/DANILO-CRUZ-PICHARDO-1-800x500-1.jpg?resize=350%2C200&ssl=1 1x, https:\/\/i0.wp.com\/lasprimeras.com.do\/wp-content\/uploads\/2024\/04\/DANILO-CRUZ-PICHARDO-1-800x500-1.jpg?resize=525%2C300&ssl=1 1.5x"},"classes":[]},{"id":119541,"url":"https:\/\/lasprimeras.com.do\/index.php\/2026\/01\/14\/abinader-presenta-avances-en-la-organizacion-de-los-xxv-juegos-centroamericanos-y-del-caribe\/","url_meta":{"origin":81963,"position":1},"title":"Abinader presenta avances en la organizaci\u00f3n de los XXV Juegos Centroamericanos y del Caribe","author":"Nelson Feliz","date":"14 de enero de 2026","format":false,"excerpt":"_Comit\u00e9 Organizador destaca eficientizaci\u00f3n del gasto durante proceso de organizaci\u00f3n_ El presidente Luis Abinader catalog\u00f3 como extraordinarios los trabajos del Comit\u00e9 Organizador de los Juegos Centroamericanos y del Caribe Santo Domingo 2026 al asegurar que muchos aspectos se encuentran adelantados con relaci\u00f3n al cronograma establecido, as\u00ed como por la eficientizaci\u00f3n\u2026","rel":"","context":"En \u00abDEPORTES\u00bb","block_context":{"text":"DEPORTES","link":"https:\/\/lasprimeras.com.do\/index.php\/category\/deportes\/"},"img":{"alt_text":"","src":"https:\/\/i0.wp.com\/lasprimeras.com.do\/wp-content\/uploads\/2026\/01\/IMG-20260113-WA0981-scaled.jpg?resize=350%2C200&ssl=1","width":350,"height":200,"srcset":"https:\/\/i0.wp.com\/lasprimeras.com.do\/wp-content\/uploads\/2026\/01\/IMG-20260113-WA0981-scaled.jpg?resize=350%2C200&ssl=1 1x, https:\/\/i0.wp.com\/lasprimeras.com.do\/wp-content\/uploads\/2026\/01\/IMG-20260113-WA0981-scaled.jpg?resize=525%2C300&ssl=1 1.5x, https:\/\/i0.wp.com\/lasprimeras.com.do\/wp-content\/uploads\/2026\/01\/IMG-20260113-WA0981-scaled.jpg?resize=700%2C400&ssl=1 2x, https:\/\/i0.wp.com\/lasprimeras.com.do\/wp-content\/uploads\/2026\/01\/IMG-20260113-WA0981-scaled.jpg?resize=1050%2C600&ssl=1 3x, https:\/\/i0.wp.com\/lasprimeras.com.do\/wp-content\/uploads\/2026\/01\/IMG-20260113-WA0981-scaled.jpg?resize=1400%2C800&ssl=1 4x"},"classes":[]},{"id":110059,"url":"https:\/\/lasprimeras.com.do\/index.php\/2025\/09\/25\/raquel-pena-participa-en-la-presentacion-del-comite-organizador-de-los-juegos-centroamericanos-y-del-caribe-2026\/","url_meta":{"origin":81963,"position":2},"title":"Raquel Pe\u00f1a participa en la presentaci\u00f3n del Comit\u00e9 Organizador de los Juegos Centroamericanos y del Caribe 2026","author":"Nelson Feliz","date":"25 de septiembre de 2025","format":false,"excerpt":"La vicepresidenta resalt\u00f3 la inversi\u00f3n hist\u00f3rica en infraestructura deportiva y el compromiso del Gobierno con una edici\u00f3n que consolidar\u00e1 a la Rep\u00fablica Dominicana como referente regional. El Comit\u00e9 Organizador de los Juegos Centroamericanos y del Caribe Santo Domingo 2026 (COSADO) present\u00f3 este martes la edici\u00f3n n\u00famero XXV del evento deportivo\u2026","rel":"","context":"En \u00abDEPORTES\u00bb","block_context":{"text":"DEPORTES","link":"https:\/\/lasprimeras.com.do\/index.php\/category\/deportes\/"},"img":{"alt_text":"","src":"https:\/\/i0.wp.com\/lasprimeras.com.do\/wp-content\/uploads\/2025\/09\/Raquel-Pena-2.jpg?resize=350%2C200&ssl=1","width":350,"height":200,"srcset":"https:\/\/i0.wp.com\/lasprimeras.com.do\/wp-content\/uploads\/2025\/09\/Raquel-Pena-2.jpg?resize=350%2C200&ssl=1 1x, https:\/\/i0.wp.com\/lasprimeras.com.do\/wp-content\/uploads\/2025\/09\/Raquel-Pena-2.jpg?resize=525%2C300&ssl=1 1.5x, https:\/\/i0.wp.com\/lasprimeras.com.do\/wp-content\/uploads\/2025\/09\/Raquel-Pena-2.jpg?resize=700%2C400&ssl=1 2x"},"classes":[]},{"id":54463,"url":"https:\/\/lasprimeras.com.do\/index.php\/2023\/07\/11\/fiba-promociona-en-republica-dominicana-copa-mundial-basket\/","url_meta":{"origin":81963,"position":3},"title":"FIBA promociona en Rep\u00fablica Dominicana Copa Mundial Basket","author":"Nelson Feliz","date":"11 de julio de 2023","format":false,"excerpt":"La Copa del Mundial de Baloncesto est\u00e1 en la Rep\u00fablica Dominicana. Como parte de la promoci\u00f3n organizada por la Federaci\u00f3n Internacional de Baloncesto (FIBA), el evento que ser\u00e1 disputado por los 32 pa\u00edses que alcanzaron la clasificaci\u00f3n, ha iniciado una gira por esas nacionales y ahora le ha tocado al\u2026","rel":"","context":"En \u00abSin categor\u00eda\u00bb","block_context":{"text":"Sin categor\u00eda","link":"https:\/\/lasprimeras.com.do\/index.php\/category\/sin-categoria\/"},"img":{"alt_text":"David D\u00edaz, Iv\u00e1n Mieses, Vinicio Mu\u00f1oz, Faisal Abel, Eduardo G\u00f3mez y Junior P\u00e1ez junto a la Copa Mundial de Baloncesto","src":"https:\/\/i0.wp.com\/lasprimeras.com.do\/wp-content\/uploads\/2023\/07\/copafiba.jpeg?resize=350%2C200&ssl=1","width":350,"height":200,"srcset":"https:\/\/i0.wp.com\/lasprimeras.com.do\/wp-content\/uploads\/2023\/07\/copafiba.jpeg?resize=350%2C200&ssl=1 1x, https:\/\/i0.wp.com\/lasprimeras.com.do\/wp-content\/uploads\/2023\/07\/copafiba.jpeg?resize=525%2C300&ssl=1 1.5x, https:\/\/i0.wp.com\/lasprimeras.com.do\/wp-content\/uploads\/2023\/07\/copafiba.jpeg?resize=700%2C400&ssl=1 2x"},"classes":[]},{"id":69631,"url":"https:\/\/lasprimeras.com.do\/index.php\/2023\/12\/04\/bad-bunny-la-gran-sorpresa-en-el-ultimo-de-los-tres-conciertos-de-eladio-carrion-en-santo-domingo\/","url_meta":{"origin":81963,"position":4},"title":"Bad Bunny, la gran sorpresa en el \u00faltimo de los tres conciertos de Eladio Carri\u00f3n en Santo Domingo","author":"BIMARY DE JES\u00daS Matos","date":"4 de diciembre de 2023","format":false,"excerpt":"EFE.-En el \u00faltimo de los tres conciertos en el Palacio de los Deportes Virgilio Travieso Soto, Eladio Carri\u00f3n sorprendi\u00f3 al subir al escenario a Bad Bunny. Parec\u00eda que el concierto se iba a culminar sin invitados, de hecho, Carrion hab\u00eda interpretado toda la tracklist que agota en sus conciertos. Sin\u2026","rel":"","context":"En \u00abENTRETENIMIENTO\u00bb","block_context":{"text":"ENTRETENIMIENTO","link":"https:\/\/lasprimeras.com.do\/index.php\/category\/entretenimiento\/"},"img":{"alt_text":"","src":"https:\/\/i0.wp.com\/lasprimeras.com.do\/wp-content\/uploads\/2023\/12\/WhatsApp-Image-2023-12-04-at-12.35.37-PM-6.jpeg?resize=350%2C200&ssl=1","width":350,"height":200,"srcset":"https:\/\/i0.wp.com\/lasprimeras.com.do\/wp-content\/uploads\/2023\/12\/WhatsApp-Image-2023-12-04-at-12.35.37-PM-6.jpeg?resize=350%2C200&ssl=1 1x, https:\/\/i0.wp.com\/lasprimeras.com.do\/wp-content\/uploads\/2023\/12\/WhatsApp-Image-2023-12-04-at-12.35.37-PM-6.jpeg?resize=525%2C300&ssl=1 1.5x"},"classes":[]},{"id":76955,"url":"https:\/\/lasprimeras.com.do\/index.php\/2024\/02\/16\/equipo-nacional-de-baloncesto-inicia-entrenamientos-rumbo-clasificatorio-del-americup\/","url_meta":{"origin":81963,"position":5},"title":"Equipo nacional de baloncesto inicia entrenamientos rumbo clasificatorio del AmeriCup","author":"BIMARY DE JES\u00daS Matos","date":"16 de febrero de 2024","format":false,"excerpt":"Santo Domingo.-\u00a0El equipo nacional de baloncesto de mayores comenz\u00f3 este jueves en la tarde sus entrenamientos rumbo al clasificatorio de la AmeriCup 2025 al mando de su dirigente David D\u00edaz.\u00a0 El listado de jugadores que asistieron a esta primera sesi\u00f3n de preparaci\u00f3n lo encabezaron los talentosos Diego Moquete, Raymer Santana,\u2026","rel":"","context":"En \u00abSin categor\u00eda\u00bb","block_context":{"text":"Sin categor\u00eda","link":"https:\/\/lasprimeras.com.do\/index.php\/category\/sin-categoria\/"},"img":{"alt_text":"","src":"https:\/\/i0.wp.com\/lasprimeras.com.do\/wp-content\/uploads\/2024\/02\/WhatsApp-Image-2024-02-15-at-20.06.31-1.webp?resize=350%2C200&ssl=1","width":350,"height":200,"srcset":"https:\/\/i0.wp.com\/lasprimeras.com.do\/wp-content\/uploads\/2024\/02\/WhatsApp-Image-2024-02-15-at-20.06.31-1.webp?resize=350%2C200&ssl=1 1x, https:\/\/i0.wp.com\/lasprimeras.com.do\/wp-content\/uploads\/2024\/02\/WhatsApp-Image-2024-02-15-at-20.06.31-1.webp?resize=525%2C300&ssl=1 1.5x, https:\/\/i0.wp.com\/lasprimeras.com.do\/wp-content\/uploads\/2024\/02\/WhatsApp-Image-2024-02-15-at-20.06.31-1.webp?resize=700%2C400&ssl=1 2x, https:\/\/i0.wp.com\/lasprimeras.com.do\/wp-content\/uploads\/2024\/02\/WhatsApp-Image-2024-02-15-at-20.06.31-1.webp?resize=1050%2C600&ssl=1 3x, https:\/\/i0.wp.com\/lasprimeras.com.do\/wp-content\/uploads\/2024\/02\/WhatsApp-Image-2024-02-15-at-20.06.31-1.webp?resize=1400%2C800&ssl=1 4x"},"classes":[]}],"jetpack_sharing_enabled":true,"_links":{"self":[{"href":"https:\/\/lasprimeras.com.do\/index.php\/wp-json\/wp\/v2\/posts\/81963","targetHints":{"allow":["GET"]}}],"collection":[{"href":"https:\/\/lasprimeras.com.do\/index.php\/wp-json\/wp\/v2\/posts"}],"about":[{"href":"https:\/\/lasprimeras.com.do\/index.php\/wp-json\/wp\/v2\/types\/post"}],"author":[{"embeddable":true,"href":"https:\/\/lasprimeras.com.do\/index.php\/wp-json\/wp\/v2\/users\/3"}],"replies":[{"embeddable":true,"href":"https:\/\/lasprimeras.com.do\/index.php\/wp-json\/wp\/v2\/comments?post=81963"}],"version-history":[{"count":1,"href":"https:\/\/lasprimeras.com.do\/index.php\/wp-json\/wp\/v2\/posts\/81963\/revisions"}],"predecessor-version":[{"id":81965,"href":"https:\/\/lasprimeras.com.do\/index.php\/wp-json\/wp\/v2\/posts\/81963\/revisions\/81965"}],"wp:featuredmedia":[{"embeddable":true,"href":"https:\/\/lasprimeras.com.do\/index.php\/wp-json\/wp\/v2\/media\/81964"}],"wp:attachment":[{"href":"https:\/\/lasprimeras.com.do\/index.php\/wp-json\/wp\/v2\/media?parent=81963"}],"wp:term":[{"taxonomy":"category","embeddable":true,"href":"https:\/\/lasprimeras.com.do\/index.php\/wp-json\/wp\/v2\/categories?post=81963"},{"taxonomy":"post_tag","embeddable":true,"href":"https:\/\/lasprimeras.com.do\/index.php\/wp-json\/wp\/v2\/tags?post=81963"}],"curies":[{"name":"wp","href":"https:\/\/api.w.org\/{rel}","templated":true}]}}