{"id":82031,"date":"2024-04-27T22:00:40","date_gmt":"2024-04-28T02:00:40","guid":{"rendered":"https:\/\/lasprimeras.com.do\/?p=82031"},"modified":"2024-04-27T22:00:41","modified_gmt":"2024-04-28T02:00:41","slug":"rd-extradita-dominicano-acusado-de-trafico-de-heroina-en-ee-uu","status":"publish","type":"post","link":"https:\/\/lasprimeras.com.do\/index.php\/2024\/04\/27\/rd-extradita-dominicano-acusado-de-trafico-de-heroina-en-ee-uu\/","title":{"rendered":"RD extradita dominicano acusado de tr\u00e1fico de hero\u00edna en EE.UU."},"content":{"rendered":"\n<p>La Rep\u00fablica Dominicana, a trav\u00e9s de la Procuradur\u00eda General de la Rep\u00fablica y la Direcci\u00f3n Nacional de Control de Drogas (DNCD), con la cooperaci\u00f3n del Servicio de Alguaciles de Estados Unidos (U.S. Marshals), extraditaron a un dominicano acusado de tr\u00e1fico de drogas en Estados Unidos.<\/p>\n\n\n\n<p>Se trata de Juan Pablo Goris Castellano (Pablito), quien fue trasladado al Aeropuerto Internacional de las Am\u00e9ricas, por unidades especializadas de la DNCD, quienes procedieron a entregar al imputado a oficiales de Estados Unidos, para que responda las acusaciones en su contra.<\/p>\n\n\n\n<p>El extraditable, ya custodiado por autoridades norteamericanas, abord\u00f3 un vuelo la tarde de este viernes con destino a Estados Unidos, pa\u00eds que le requiere luego de su declaraci\u00f3n de culpabilidad presentada en agosto de 2017, ante un Tribunal del Distrito de Nueva Jersey.<\/p>\n\n\n\n<p>\u201cEl dominicano est\u00e1 acusado de asociaci\u00f3n delictuosa para distribuir y poseer con la intenci\u00f3n de distribuir un kilogramo o m\u00e1s de una mezcla y sustancia, que conten\u00eda una cantidad detectable de hero\u00edna\u201d.<\/p>\n\n\n\n<p>Goris Castellanos fue arrestado en febrero de este a\u00f1o en la carretera principal del municipio las Guaran\u00e1s, provincia Duarte, por agentes de la DNCD, atendiendo a una orden dictada por la Segunda Sala de la Suprema Corte de Justicia.<\/p>\n\n\n\n<p>La extradici\u00f3n del dominicano obedece al fortalecimiento de la cooperaci\u00f3n de la Rep\u00fablica Dominicana, con los pa\u00edses aliados en la lucha contra el narcotr\u00e1fico, el lavado de activos y el crimen transnacional.<\/p>\n","protected":false},"excerpt":{"rendered":"<p>La Rep\u00fablica Dominicana, a trav\u00e9s de la Procuradur\u00eda General de la Rep\u00fablica y la Direcci\u00f3n Nacional de Control de Drogas (DNCD), con la cooperaci\u00f3n del Servicio de Alguaciles de Estados&hellip;<\/p>\n","protected":false},"author":2,"featured_media":64628,"comment_status":"open","ping_status":"open","sticky":false,"template":"","format":"standard","meta":{"content-type":"","jetpack_post_was_ever_published":false,"_jetpack_newsletter_access":"","_jetpack_dont_email_post_to_subs":false,"_jetpack_newsletter_tier_id":0,"_jetpack_memberships_contains_paywalled_content":false,"_jetpack_memberships_contains_paid_content":false,"footnotes":""},"categories":[3057],"tags":[364,206,12689,12688,127,6013],"class_list":["post-82031","post","type-post","status-publish","format-standard","has-post-thumbnail","hentry","category-militares","tag-dominicano","tag-ee-uu","tag-extradita","tag-heroina","tag-rd","tag-trafico"],"jetpack_featured_media_url":"https:\/\/lasprimeras.com.do\/wp-content\/uploads\/2023\/10\/DNCD-2.jpg","jetpack-related-posts":[{"id":97582,"url":"https:\/\/lasprimeras.com.do\/index.php\/2025\/04\/23\/extraditan-a-ee-uu-dominicano-acusado-trafico-de-drogas\/","url_meta":{"origin":82031,"position":0},"title":"Extraditan a EE.UU. dominicano acusado tr\u00e1fico de drogas","author":"Nelson Feliz","date":"23 de abril de 2025","format":false,"excerpt":"La Rep\u00fablica Dominicana, a trav\u00e9s de la Direcci\u00f3n Nacional de Control de Drogas (DNCD) y la Procuradur\u00eda General de la Rep\u00fablica (PGR), con el apoyo de Alguaciles de Estados Unidos (U.S. Marshals) y la Administraci\u00f3n de Control de Drogas, (DEA) entregaron a las autoridades estadounidenses a un dominicano, acusado de\u2026","rel":"","context":"En \u00abMILITARES\u00bb","block_context":{"text":"MILITARES","link":"https:\/\/lasprimeras.com.do\/index.php\/category\/militares\/"},"img":{"alt_text":"","src":"https:\/\/i0.wp.com\/lasprimeras.com.do\/wp-content\/uploads\/2025\/04\/WhatsApp-Image-2025-04-23-at-8.50.15-AM.jpeg?resize=350%2C200&ssl=1","width":350,"height":200,"srcset":"https:\/\/i0.wp.com\/lasprimeras.com.do\/wp-content\/uploads\/2025\/04\/WhatsApp-Image-2025-04-23-at-8.50.15-AM.jpeg?resize=350%2C200&ssl=1 1x, https:\/\/i0.wp.com\/lasprimeras.com.do\/wp-content\/uploads\/2025\/04\/WhatsApp-Image-2025-04-23-at-8.50.15-AM.jpeg?resize=525%2C300&ssl=1 1.5x, https:\/\/i0.wp.com\/lasprimeras.com.do\/wp-content\/uploads\/2025\/04\/WhatsApp-Image-2025-04-23-at-8.50.15-AM.jpeg?resize=700%2C400&ssl=1 2x, https:\/\/i0.wp.com\/lasprimeras.com.do\/wp-content\/uploads\/2025\/04\/WhatsApp-Image-2025-04-23-at-8.50.15-AM.jpeg?resize=1050%2C600&ssl=1 3x"},"classes":[]},{"id":88144,"url":"https:\/\/lasprimeras.com.do\/index.php\/2024\/08\/22\/rd-extradita-hombre-acusado-de-traficar-fentanilo-en-ee-uu\/","url_meta":{"origin":82031,"position":1},"title":"RD extradita hombre acusado de traficar fentanilo en EE.UU.","author":"Nelson Feliz","date":"22 de agosto de 2024","format":false,"excerpt":"La Rep\u00fablica Dominicana a trav\u00e9s de la Procuradur\u00eda General de la Rep\u00fablica (PGR) y agentes de la Direcci\u00f3n Nacional de Control de Drogas (DNCD), apoyados por Alguaciles de Estados Unidos (U.S. Marshals), extraditaron a un estadounidense con nacionalidad dominicana, acusado en esa naci\u00f3n, de traficar con la poderosa droga, conocida\u2026","rel":"","context":"En \u00abJUSTICIA\u00bb","block_context":{"text":"JUSTICIA","link":"https:\/\/lasprimeras.com.do\/index.php\/category\/justicia\/"},"img":{"alt_text":"","src":"https:\/\/i0.wp.com\/lasprimeras.com.do\/wp-content\/uploads\/2024\/08\/dncd-1-1.jpg?resize=350%2C200&ssl=1","width":350,"height":200,"srcset":"https:\/\/i0.wp.com\/lasprimeras.com.do\/wp-content\/uploads\/2024\/08\/dncd-1-1.jpg?resize=350%2C200&ssl=1 1x, https:\/\/i0.wp.com\/lasprimeras.com.do\/wp-content\/uploads\/2024\/08\/dncd-1-1.jpg?resize=525%2C300&ssl=1 1.5x, https:\/\/i0.wp.com\/lasprimeras.com.do\/wp-content\/uploads\/2024\/08\/dncd-1-1.jpg?resize=700%2C400&ssl=1 2x"},"classes":[]},{"id":85403,"url":"https:\/\/lasprimeras.com.do\/index.php\/2024\/06\/29\/rd-extradita-dos-dominicanos-a-ee-uu-acusados-de-narcotrafico-y-asesinato\/","url_meta":{"origin":82031,"position":2},"title":"RD extradita dos dominicanos a EE.UU. acusados de narcotr\u00e1fico y asesinato","author":"Nelson Feliz","date":"29 de junio de 2024","format":false,"excerpt":"Las autoridades dominicanas, a trav\u00e9s de la Procuradur\u00eda General de la Rep\u00fablica (PGR) y la Direcci\u00f3n Nacional de Control de Drogas (DNCD), con la cooperaci\u00f3n del Servicio de Alguaciles de Estados Unidos, (U.S. Marshals), extraditaron a Estados Unidos a otros dos dominicanos, acusados de narcotr\u00e1fico, asesinato y otros delitos. Wascar\u2026","rel":"","context":"En \u00abMILITARES\u00bb","block_context":{"text":"MILITARES","link":"https:\/\/lasprimeras.com.do\/index.php\/category\/militares\/"},"img":{"alt_text":"","src":"https:\/\/i0.wp.com\/lasprimeras.com.do\/wp-content\/uploads\/2024\/06\/DOS-1.jpg?resize=350%2C200&ssl=1","width":350,"height":200,"srcset":"https:\/\/i0.wp.com\/lasprimeras.com.do\/wp-content\/uploads\/2024\/06\/DOS-1.jpg?resize=350%2C200&ssl=1 1x, https:\/\/i0.wp.com\/lasprimeras.com.do\/wp-content\/uploads\/2024\/06\/DOS-1.jpg?resize=525%2C300&ssl=1 1.5x, https:\/\/i0.wp.com\/lasprimeras.com.do\/wp-content\/uploads\/2024\/06\/DOS-1.jpg?resize=700%2C400&ssl=1 2x"},"classes":[]},{"id":58603,"url":"https:\/\/lasprimeras.com.do\/index.php\/2023\/08\/25\/rd-entrega-dos-dominicanos-acusados-de-narcotrafico-en-estados-unidos\/","url_meta":{"origin":82031,"position":3},"title":"RD entrega dos dominicanos acusados de narcotr\u00e1fico en Estados Unidos","author":"Nelson Feliz","date":"25 de agosto de 2023","format":false,"excerpt":"Por Martin Restituyo La Procuradur\u00eda General de la Rep\u00fablica y agentes de la Direcci\u00f3n Nacional de Control de Drogas (DNCD), extraditaron a Estados Unidos a dos dominicanos acusados de narcotr\u00e1fico y otros delitos, en Virginia y Pensilvania. Se trata de Carlos Manuel Vidal Escoboza y Habys Omar Meran Peralta, quienes\u2026","rel":"","context":"En \u00abMILITARES\u00bb","block_context":{"text":"MILITARES","link":"https:\/\/lasprimeras.com.do\/index.php\/category\/militares\/"},"img":{"alt_text":"DNCD","src":"https:\/\/i0.wp.com\/lasprimeras.com.do\/wp-content\/uploads\/2023\/08\/preso-1-1.jpg?resize=350%2C200&ssl=1","width":350,"height":200,"srcset":"https:\/\/i0.wp.com\/lasprimeras.com.do\/wp-content\/uploads\/2023\/08\/preso-1-1.jpg?resize=350%2C200&ssl=1 1x, https:\/\/i0.wp.com\/lasprimeras.com.do\/wp-content\/uploads\/2023\/08\/preso-1-1.jpg?resize=525%2C300&ssl=1 1.5x, https:\/\/i0.wp.com\/lasprimeras.com.do\/wp-content\/uploads\/2023\/08\/preso-1-1.jpg?resize=700%2C400&ssl=1 2x"},"classes":[]},{"id":82639,"url":"https:\/\/lasprimeras.com.do\/index.php\/2024\/05\/06\/extraditan-dominicano-a-ee-uu-acusado-de-homicido-y-otros-cargos\/","url_meta":{"origin":82031,"position":4},"title":"Extraditan dominicano a EE.UU. acusado de homicido y otros cargos","author":"BIMARY DE JES\u00daS Matos","date":"6 de mayo de 2024","format":false,"excerpt":"Santo Domingo.- La Rep\u00fablica Dominicana a trav\u00e9s de la Procuradur\u00eda General de la Rep\u00fablica (PGR) y agentes de la Direcci\u00f3n Nacional de Control de Drogas (DNCD), con el apoyo de Alguaciles de Estados Unidos (U.S. Marshals), extraditaron a un dominicano acusado de homicidio y otros cargos en Estados Unidos. Se\u2026","rel":"","context":"En \u00abMILITARES\u00bb","block_context":{"text":"MILITARES","link":"https:\/\/lasprimeras.com.do\/index.php\/category\/militares\/"},"img":{"alt_text":"","src":"https:\/\/i0.wp.com\/lasprimeras.com.do\/wp-content\/uploads\/2024\/05\/IMG-20240506-WA0024-scaled.jpg?resize=350%2C200&ssl=1","width":350,"height":200,"srcset":"https:\/\/i0.wp.com\/lasprimeras.com.do\/wp-content\/uploads\/2024\/05\/IMG-20240506-WA0024-scaled.jpg?resize=350%2C200&ssl=1 1x, https:\/\/i0.wp.com\/lasprimeras.com.do\/wp-content\/uploads\/2024\/05\/IMG-20240506-WA0024-scaled.jpg?resize=525%2C300&ssl=1 1.5x, https:\/\/i0.wp.com\/lasprimeras.com.do\/wp-content\/uploads\/2024\/05\/IMG-20240506-WA0024-scaled.jpg?resize=700%2C400&ssl=1 2x, https:\/\/i0.wp.com\/lasprimeras.com.do\/wp-content\/uploads\/2024\/05\/IMG-20240506-WA0024-scaled.jpg?resize=1050%2C600&ssl=1 3x, https:\/\/i0.wp.com\/lasprimeras.com.do\/wp-content\/uploads\/2024\/05\/IMG-20240506-WA0024-scaled.jpg?resize=1400%2C800&ssl=1 4x"},"classes":[]},{"id":105752,"url":"https:\/\/lasprimeras.com.do\/index.php\/2025\/08\/06\/rd-extradita-a-ee-uu-otro-dominicano-acusado-de-trafico-internacional-de-drogas\/","url_meta":{"origin":82031,"position":5},"title":"RD extradita a EE.UU. otro dominicano acusado de Trafico Internacional de Drogas","author":"Nelson Feliz","date":"6 de agosto de 2025","format":false,"excerpt":"Su entrega obedece al firme compromiso de la Rep\u00fablica Dominicana de combatir el narcotr\u00e1fico y la criminalidad organizada. Las autoridades dominicanas a trav\u00e9s de la Procuradur\u00eda General de la Rep\u00fablica (PGR) y la Direcci\u00f3n Nacional de Control de Drogas (DNCD), con la cooperaci\u00f3n del Servicio de Alguaciles (U.S. Marshals), extraditaron\u2026","rel":"","context":"En \u00abMILITARES\u00bb","block_context":{"text":"MILITARES","link":"https:\/\/lasprimeras.com.do\/index.php\/category\/militares\/"},"img":{"alt_text":"","src":"https:\/\/i0.wp.com\/lasprimeras.com.do\/wp-content\/uploads\/2025\/08\/DNCD-3.jpg?resize=350%2C200&ssl=1","width":350,"height":200,"srcset":"https:\/\/i0.wp.com\/lasprimeras.com.do\/wp-content\/uploads\/2025\/08\/DNCD-3.jpg?resize=350%2C200&ssl=1 1x, https:\/\/i0.wp.com\/lasprimeras.com.do\/wp-content\/uploads\/2025\/08\/DNCD-3.jpg?resize=525%2C300&ssl=1 1.5x, https:\/\/i0.wp.com\/lasprimeras.com.do\/wp-content\/uploads\/2025\/08\/DNCD-3.jpg?resize=700%2C400&ssl=1 2x"},"classes":[]}],"jetpack_sharing_enabled":true,"_links":{"self":[{"href":"https:\/\/lasprimeras.com.do\/index.php\/wp-json\/wp\/v2\/posts\/82031","targetHints":{"allow":["GET"]}}],"collection":[{"href":"https:\/\/lasprimeras.com.do\/index.php\/wp-json\/wp\/v2\/posts"}],"about":[{"href":"https:\/\/lasprimeras.com.do\/index.php\/wp-json\/wp\/v2\/types\/post"}],"author":[{"embeddable":true,"href":"https:\/\/lasprimeras.com.do\/index.php\/wp-json\/wp\/v2\/users\/2"}],"replies":[{"embeddable":true,"href":"https:\/\/lasprimeras.com.do\/index.php\/wp-json\/wp\/v2\/comments?post=82031"}],"version-history":[{"count":1,"href":"https:\/\/lasprimeras.com.do\/index.php\/wp-json\/wp\/v2\/posts\/82031\/revisions"}],"predecessor-version":[{"id":82032,"href":"https:\/\/lasprimeras.com.do\/index.php\/wp-json\/wp\/v2\/posts\/82031\/revisions\/82032"}],"wp:featuredmedia":[{"embeddable":true,"href":"https:\/\/lasprimeras.com.do\/index.php\/wp-json\/wp\/v2\/media\/64628"}],"wp:attachment":[{"href":"https:\/\/lasprimeras.com.do\/index.php\/wp-json\/wp\/v2\/media?parent=82031"}],"wp:term":[{"taxonomy":"category","embeddable":true,"href":"https:\/\/lasprimeras.com.do\/index.php\/wp-json\/wp\/v2\/categories?post=82031"},{"taxonomy":"post_tag","embeddable":true,"href":"https:\/\/lasprimeras.com.do\/index.php\/wp-json\/wp\/v2\/tags?post=82031"}],"curies":[{"name":"wp","href":"https:\/\/api.w.org\/{rel}","templated":true}]}}