{"id":82143,"date":"2024-04-29T06:50:41","date_gmt":"2024-04-29T10:50:41","guid":{"rendered":"https:\/\/lasprimeras.com.do\/?p=82143"},"modified":"2024-04-29T06:50:42","modified_gmt":"2024-04-29T10:50:42","slug":"director-general-de-proindustria-recorre-parques-de-zonas-francas-del-cibao","status":"publish","type":"post","link":"https:\/\/lasprimeras.com.do\/index.php\/2024\/04\/29\/director-general-de-proindustria-recorre-parques-de-zonas-francas-del-cibao\/","title":{"rendered":"Director general de Proindustria recorre parques de zonas francas del Cibao"},"content":{"rendered":"\n<p>Hermanas Mirabal.- El director general del Centro de Desarrollo y Competitividad Industrial (Proindustria), Rafael Cruz Rodr\u00edguez, agot\u00f3 este fin de semana una extensa jornada de trabajo que contempl\u00f3 recorrer varios parques de zonas francas de la regi\u00f3n del Cibao.<\/p>\n\n\n\n<p>El recorrido del funcionario inici\u00f3 en las instalaciones del Parque Zona Franca Industrial de Cotu\u00ed, en la provincia S\u00e1nchez Ram\u00edrez, donde tanto \u00e9l como los colaboradores de la instituci\u00f3n que lo acompa\u00f1aban, fueron recibidos por Franklin Estarlin, administrador de \u00e9ste proyecto.<\/p>\n\n\n\n<p>Cabe destacar que, \u00e9ste parque industrial cuenta actualmente con unas cinco naves en operaci\u00f3n activa , de las cuales dos pertenecen al sector tabacalero, otras dos a la industria textil y una m\u00e1s alberga un taller de soldadura, en el que adem\u00e1s hay un \u00e1rea de capacitaci\u00f3n para la formaci\u00f3n de nuevos t\u00e9cnicos en la materia.<\/p>\n\n\n\n<p>Tras percatarse de las condiciones en las que se encontra el parque y algunas de las dificultades que enfrentan durante su proceso de manufactura, Cruz Rodr\u00edguez, comparti\u00f3 con empresarios del referido escenario impulsor del sector en \u00e9sta provincia para escuchar atentamente a sus demandas.<\/p>\n\n\n\n<p>\u201cEsto es lo que hemos venido haciendo estas primeras semanas de nuestra gesti\u00f3n, recogiendo de primera mano las impresiones, los datos que necesitamos y las demandas que debemos conocer acerca de \u00e9ste pujante e importante sector y estudiarlas , para poder trazar un plan de trabajo en funci\u00f3n de las mismas , para nosotros es muy importante \u00e9ste contacto con ustedes, la idea es que a partir de \u00e9stas visitas, podamos elaborar un informe el cual presentaremos a nuestro presidente Luis Abinader, seg\u00fan sus propias instrucciones\u201d, expuso, Rafael Cruz.<\/p>\n\n\n\n<p>Esta misma l\u00ednea de ejecuci\u00f3n y trabajo fue continuada al arribar a las provincias Hermanas Mirabal y Duarte, donde el director general de Proindustria recorri\u00f3 adem\u00e1s las instalaciones del Parque Industrial de Salcedo y el Parque Industrial de San Francisco de Macor\u00eds.<\/p>\n\n\n\n<p>Al t\u00e9rmino de su recorrido por el Cibao, el funcionario convers\u00f3 con algunos empresarios propietarios de naves industriales. Igualmente, visit\u00f3 una de las naves dedicadas a la producci\u00f3n de tabaco, observando su proceso de elaboraci\u00f3n y el auge en progreso que lleva \u00e9ste sector.<\/p>\n\n\n\n<p>En el \u00faltimo lugar de su agenda, el director general y sus colaboradores fueron recibidos por Silvano P\u00e9rez, administrador del Parque Zona Franca Industrial de Moca, en la que se registran poco m\u00e1s de 1,800 empleos directos distribuidos entre 19 naves en las que operan empresas dedicadas en su mayor\u00eda a la producci\u00f3n de textiles y alimentos.<\/p>\n\n\n\n<p>Durante el encuentro con los empresarios de la zona, Cruz Rodr\u00edguez manifest\u00f3 sentirse gratamente sorprendido por el nivel de cuidado y avance que exhibe este parque, al tiempo de externar su deseo de continuar potencializando sus capacidades para garantizar la generaci\u00f3n de empleos en el mismo y a su vez, continuar beneficiando a los residentes del municipio cabecera de la provincia Espaillat.<\/p>\n\n\n\n<p>Proindustria contin\u00faa ejerciendo su papel como ente regulador y representativo de todos los proyectos, planes y medidas del Sector Industrial del pa\u00eds proponiendo las pol\u00edticas y programas de apoyo que estimulen la renovaci\u00f3n industrial, a los fines de alcanzar la diversificaci\u00f3n del aparato productivo de la naci\u00f3n.<\/p>\n","protected":false},"excerpt":{"rendered":"<p>Hermanas Mirabal.- El director general del Centro de Desarrollo y Competitividad Industrial (Proindustria), Rafael Cruz Rodr\u00edguez, agot\u00f3 este fin de semana una extensa jornada de trabajo que contempl\u00f3 recorrer varios&hellip;<\/p>\n","protected":false},"author":3,"featured_media":82144,"comment_status":"open","ping_status":"open","sticky":false,"template":"","format":"standard","meta":{"content-type":"","jetpack_post_was_ever_published":false,"_jetpack_newsletter_access":"","_jetpack_dont_email_post_to_subs":false,"_jetpack_newsletter_tier_id":0,"_jetpack_memberships_contains_paywalled_content":false,"_jetpack_memberships_contains_paid_content":false,"footnotes":""},"categories":[25],"tags":[8605],"class_list":["post-82143","post","type-post","status-publish","format-standard","has-post-thumbnail","hentry","category-portada","tag-proindustria"],"jetpack_featured_media_url":"https:\/\/lasprimeras.com.do\/wp-content\/uploads\/2024\/04\/WhatsApp-Image-2024-04-26-at-4.57.10-PM-2.webp","jetpack-related-posts":[{"id":101568,"url":"https:\/\/lasprimeras.com.do\/index.php\/2025\/06\/23\/proindustria-anuncia-inversion-para-parque-zona-franca-tamboril\/","url_meta":{"origin":82143,"position":0},"title":"Proindustria anuncia inversi\u00f3n para Parque Zona Franca Tamboril","author":"Nelson Feliz","date":"23 de junio de 2025","format":false,"excerpt":"El director general del Centro de Desarrollo y Competitividad Industrial (Proindustria), Rafael Cruz Rodr\u00edguez, anunci\u00f3 \u00a0la aprobaci\u00f3n de 60 millones de pesos por parte del presidente Luis Abinader, canalizados a trav\u00e9s del Ministerio de Industria, Comercio y Mipymes (MICM), para la construcci\u00f3n de la verja perimetral del Parque Industrial de\u2026","rel":"","context":"En \u00abECONOM\u00cdA\u00bb","block_context":{"text":"ECONOM\u00cdA","link":"https:\/\/lasprimeras.com.do\/index.php\/category\/economia\/"},"img":{"alt_text":"","src":"https:\/\/i0.wp.com\/lasprimeras.com.do\/wp-content\/uploads\/2025\/06\/Rafael-Cruz-Rodriguez.jpg?resize=350%2C200&ssl=1","width":350,"height":200,"srcset":"https:\/\/i0.wp.com\/lasprimeras.com.do\/wp-content\/uploads\/2025\/06\/Rafael-Cruz-Rodriguez.jpg?resize=350%2C200&ssl=1 1x, https:\/\/i0.wp.com\/lasprimeras.com.do\/wp-content\/uploads\/2025\/06\/Rafael-Cruz-Rodriguez.jpg?resize=525%2C300&ssl=1 1.5x"},"classes":[]},{"id":115774,"url":"https:\/\/lasprimeras.com.do\/index.php\/2025\/11\/25\/proindustria-aclara-que-parque-de-zona-franca-de-bani-continua-sus-operaciones-con-normalidad\/","url_meta":{"origin":82143,"position":1},"title":"Proindustria aclara que Parque de Zona Franca de Ban\u00ed contin\u00faa sus operaciones con normalidad","author":"Nelson Feliz","date":"25 de noviembre de 2025","format":false,"excerpt":"El Centro de Desarrollo y Competitividad Industrial (Proindustria) aclar\u00f3 que el Parque de Zona Franca de Ban\u00ed mantiene sus operaciones con total normalidad, desmintiendo informaciones divulgadas por un medio digital que afirmaba el cierre del parque. El director general de Proindustria, Rafael Cruz Rodr\u00edguez, visit\u00f3 las instalaciones del parque y\u2026","rel":"","context":"En \u00abECONOM\u00cdA\u00bb","block_context":{"text":"ECONOM\u00cdA","link":"https:\/\/lasprimeras.com.do\/index.php\/category\/economia\/"},"img":{"alt_text":"","src":"https:\/\/i0.wp.com\/lasprimeras.com.do\/wp-content\/uploads\/2025\/11\/WhatsApp-Image-2025-11-25-at-9.19.18-AM.jpeg?resize=350%2C200&ssl=1","width":350,"height":200,"srcset":"https:\/\/i0.wp.com\/lasprimeras.com.do\/wp-content\/uploads\/2025\/11\/WhatsApp-Image-2025-11-25-at-9.19.18-AM.jpeg?resize=350%2C200&ssl=1 1x, https:\/\/i0.wp.com\/lasprimeras.com.do\/wp-content\/uploads\/2025\/11\/WhatsApp-Image-2025-11-25-at-9.19.18-AM.jpeg?resize=525%2C300&ssl=1 1.5x, https:\/\/i0.wp.com\/lasprimeras.com.do\/wp-content\/uploads\/2025\/11\/WhatsApp-Image-2025-11-25-at-9.19.18-AM.jpeg?resize=700%2C400&ssl=1 2x, https:\/\/i0.wp.com\/lasprimeras.com.do\/wp-content\/uploads\/2025\/11\/WhatsApp-Image-2025-11-25-at-9.19.18-AM.jpeg?resize=1050%2C600&ssl=1 3x, https:\/\/i0.wp.com\/lasprimeras.com.do\/wp-content\/uploads\/2025\/11\/WhatsApp-Image-2025-11-25-at-9.19.18-AM.jpeg?resize=1400%2C800&ssl=1 4x"},"classes":[]},{"id":109734,"url":"https:\/\/lasprimeras.com.do\/index.php\/2025\/09\/21\/proindustria-las-zonas-francas-generan-mas-de-2600-nuevos-empleos-en-el-ultimo-ano\/","url_meta":{"origin":82143,"position":2},"title":"Proindustria: Las zonas francas generan m\u00e1s de 2,600 nuevos empleos en el \u00faltimo a\u00f1o","author":"Nelson Feliz","date":"21 de septiembre de 2025","format":false,"excerpt":"En total, los parques registraron 22,119 empleos para julio de este a\u00f1o. El surgimiento de nuevas industrias de zonas francas especializadas en productos como el textil, calzado, tabaco, agroindustria, alimentos y manufactura ligera crearon m\u00e1s de 2,600 empleos directos en los \u00faltimos doce meses, una muestra de la expansi\u00f3n de\u2026","rel":"","context":"En \u00abECONOM\u00cdA\u00bb","block_context":{"text":"ECONOM\u00cdA","link":"https:\/\/lasprimeras.com.do\/index.php\/category\/economia\/"},"img":{"alt_text":"","src":"https:\/\/i0.wp.com\/lasprimeras.com.do\/wp-content\/uploads\/2025\/06\/ZFLA.jpg?resize=350%2C200&ssl=1","width":350,"height":200,"srcset":"https:\/\/i0.wp.com\/lasprimeras.com.do\/wp-content\/uploads\/2025\/06\/ZFLA.jpg?resize=350%2C200&ssl=1 1x, https:\/\/i0.wp.com\/lasprimeras.com.do\/wp-content\/uploads\/2025\/06\/ZFLA.jpg?resize=525%2C300&ssl=1 1.5x, https:\/\/i0.wp.com\/lasprimeras.com.do\/wp-content\/uploads\/2025\/06\/ZFLA.jpg?resize=700%2C400&ssl=1 2x"},"classes":[]},{"id":107620,"url":"https:\/\/lasprimeras.com.do\/index.php\/2025\/08\/28\/proindustria-celebra-tercera-edicion-del-reconocimiento-a-la-innovacion-industrial\/","url_meta":{"origin":82143,"position":3},"title":"Proindustria celebra tercera edici\u00f3n del Reconocimiento a la Innovaci\u00f3n Industrial","author":"Nelson Feliz","date":"28 de agosto de 2025","format":false,"excerpt":"El Centro de Desarrollo y Competitividad Industrial (Proindustria) celebr\u00f3 la tercera edici\u00f3n del Reconocimiento a la Innovaci\u00f3n Industrial Manufacturera 2025. La ceremonia estuvo encabezada por el director general de Proindustria, Rafael Cruz Rodr\u00edguez. Al pronunciar las palabras de apertura, Cruz Rodr\u00edguez resalt\u00f3 que la innovaci\u00f3n es el camino para transformar\u2026","rel":"","context":"En \u00abECONOM\u00cdA\u00bb","block_context":{"text":"ECONOM\u00cdA","link":"https:\/\/lasprimeras.com.do\/index.php\/category\/economia\/"},"img":{"alt_text":"","src":"https:\/\/i0.wp.com\/lasprimeras.com.do\/wp-content\/uploads\/2025\/08\/proindustria-celebra-tercera-edicion-del-reconocimiento-a-la-innovacion-industrial.jpg?resize=350%2C200&ssl=1","width":350,"height":200,"srcset":"https:\/\/i0.wp.com\/lasprimeras.com.do\/wp-content\/uploads\/2025\/08\/proindustria-celebra-tercera-edicion-del-reconocimiento-a-la-innovacion-industrial.jpg?resize=350%2C200&ssl=1 1x, https:\/\/i0.wp.com\/lasprimeras.com.do\/wp-content\/uploads\/2025\/08\/proindustria-celebra-tercera-edicion-del-reconocimiento-a-la-innovacion-industrial.jpg?resize=525%2C300&ssl=1 1.5x, https:\/\/i0.wp.com\/lasprimeras.com.do\/wp-content\/uploads\/2025\/08\/proindustria-celebra-tercera-edicion-del-reconocimiento-a-la-innovacion-industrial.jpg?resize=700%2C400&ssl=1 2x"},"classes":[]},{"id":84841,"url":"https:\/\/lasprimeras.com.do\/index.php\/2024\/06\/16\/director-de-proindustria-se-reune-con-los-presidentes-del-senado-y-camara-de-diputados\/","url_meta":{"origin":82143,"position":4},"title":"Director de Proindustria se re\u00fane con los presidentes del Senado y C\u00e1mara de Diputados","author":"Nelson Feliz","date":"16 de junio de 2024","format":false,"excerpt":"El\u00a0 director general del Centro de Desarrollo y Competitividad Industrial (Proindustria), Rafael Cruz Rodr\u00edguez, fue recibido por el presidente del Senado de la Rep\u00fablica, Ricardo de los Santos y su hom\u00f3logo en la C\u00e1mara de Diputados, Alfredo Pacheco, con quienes abord\u00f3 diversos temas de inter\u00e9s para el desarrollo y fortalecimiento\u2026","rel":"","context":"En \u00abPORTADA\u00bb","block_context":{"text":"PORTADA","link":"https:\/\/lasprimeras.com.do\/index.php\/category\/portada\/"},"img":{"alt_text":"Reunion Proindustria, Camara de Diputados y Senado","src":"https:\/\/i0.wp.com\/lasprimeras.com.do\/wp-content\/uploads\/2024\/06\/Reunion-Proindustria-Camara-de-Diputados-y-Senado.jpg?resize=350%2C200&ssl=1","width":350,"height":200,"srcset":"https:\/\/i0.wp.com\/lasprimeras.com.do\/wp-content\/uploads\/2024\/06\/Reunion-Proindustria-Camara-de-Diputados-y-Senado.jpg?resize=350%2C200&ssl=1 1x, https:\/\/i0.wp.com\/lasprimeras.com.do\/wp-content\/uploads\/2024\/06\/Reunion-Proindustria-Camara-de-Diputados-y-Senado.jpg?resize=525%2C300&ssl=1 1.5x"},"classes":[]},{"id":121998,"url":"https:\/\/lasprimeras.com.do\/index.php\/2026\/02\/12\/cibao-park-formaliza-su-operacion-como-zona-franca\/","url_meta":{"origin":82143,"position":5},"title":"Cibao Park formaliza su operaci\u00f3n como zona franca","author":"Nelson Feliz","date":"12 de febrero de 2026","format":false,"excerpt":"El Consejo Nacional de Zonas Francas aprob\u00f3 puesta en operaci\u00f3n de Cibao Park como parque de zona franca. Esta decisi\u00f3n marca un paso determinante para el inicio formal de su comercializaci\u00f3n y desarrollo como una nueva plataforma industrial, log\u00edstica y comercial en la regi\u00f3n Norte del pa\u00eds. La aprobaci\u00f3n se\u2026","rel":"","context":"En \u00abECONOM\u00cdA\u00bb","block_context":{"text":"ECONOM\u00cdA","link":"https:\/\/lasprimeras.com.do\/index.php\/category\/economia\/"},"img":{"alt_text":"","src":"https:\/\/i0.wp.com\/lasprimeras.com.do\/wp-content\/uploads\/2026\/02\/IMG-20260212-WA0331.jpg?resize=350%2C200&ssl=1","width":350,"height":200,"srcset":"https:\/\/i0.wp.com\/lasprimeras.com.do\/wp-content\/uploads\/2026\/02\/IMG-20260212-WA0331.jpg?resize=350%2C200&ssl=1 1x, https:\/\/i0.wp.com\/lasprimeras.com.do\/wp-content\/uploads\/2026\/02\/IMG-20260212-WA0331.jpg?resize=525%2C300&ssl=1 1.5x, https:\/\/i0.wp.com\/lasprimeras.com.do\/wp-content\/uploads\/2026\/02\/IMG-20260212-WA0331.jpg?resize=700%2C400&ssl=1 2x, https:\/\/i0.wp.com\/lasprimeras.com.do\/wp-content\/uploads\/2026\/02\/IMG-20260212-WA0331.jpg?resize=1050%2C600&ssl=1 3x"},"classes":[]}],"jetpack_sharing_enabled":true,"_links":{"self":[{"href":"https:\/\/lasprimeras.com.do\/index.php\/wp-json\/wp\/v2\/posts\/82143","targetHints":{"allow":["GET"]}}],"collection":[{"href":"https:\/\/lasprimeras.com.do\/index.php\/wp-json\/wp\/v2\/posts"}],"about":[{"href":"https:\/\/lasprimeras.com.do\/index.php\/wp-json\/wp\/v2\/types\/post"}],"author":[{"embeddable":true,"href":"https:\/\/lasprimeras.com.do\/index.php\/wp-json\/wp\/v2\/users\/3"}],"replies":[{"embeddable":true,"href":"https:\/\/lasprimeras.com.do\/index.php\/wp-json\/wp\/v2\/comments?post=82143"}],"version-history":[{"count":1,"href":"https:\/\/lasprimeras.com.do\/index.php\/wp-json\/wp\/v2\/posts\/82143\/revisions"}],"predecessor-version":[{"id":82145,"href":"https:\/\/lasprimeras.com.do\/index.php\/wp-json\/wp\/v2\/posts\/82143\/revisions\/82145"}],"wp:featuredmedia":[{"embeddable":true,"href":"https:\/\/lasprimeras.com.do\/index.php\/wp-json\/wp\/v2\/media\/82144"}],"wp:attachment":[{"href":"https:\/\/lasprimeras.com.do\/index.php\/wp-json\/wp\/v2\/media?parent=82143"}],"wp:term":[{"taxonomy":"category","embeddable":true,"href":"https:\/\/lasprimeras.com.do\/index.php\/wp-json\/wp\/v2\/categories?post=82143"},{"taxonomy":"post_tag","embeddable":true,"href":"https:\/\/lasprimeras.com.do\/index.php\/wp-json\/wp\/v2\/tags?post=82143"}],"curies":[{"name":"wp","href":"https:\/\/api.w.org\/{rel}","templated":true}]}}