{"id":82147,"date":"2024-04-29T12:10:45","date_gmt":"2024-04-29T16:10:45","guid":{"rendered":"https:\/\/lasprimeras.com.do\/?p=82147"},"modified":"2024-04-29T12:10:47","modified_gmt":"2024-04-29T16:10:47","slug":"partidos-llaman-poblacion-a-ejercer-derecho-al-voto","status":"publish","type":"post","link":"https:\/\/lasprimeras.com.do\/index.php\/2024\/04\/29\/partidos-llaman-poblacion-a-ejercer-derecho-al-voto\/","title":{"rendered":"Partidos llaman poblaci\u00f3n a ejercer derecho al voto"},"content":{"rendered":"\n<p>Santo Domingo.- A tres semanas para las elecciones, los candidatos presidenciales y congresuales intensifican la campa\u00f1a y contin\u00faa la disputa por la primera vuelta.<\/p>\n\n\n\n<p>Pese a que el presidente Luis Abinader, se siente seguro, llama a los perremeistas a no descuidarse y contactar los posibles votantes del PRM.<\/p>\n\n\n\n<p>Adem\u00e1s, asegurarse que el d\u00eda de los comicios voten por el aspirante perremeista y sus aliados.<\/p>\n\n\n\n<p>\u201cQue no se quede nadie que simpatice o que milite, porque la democracia los necesita, cada qui\u00e9n con su listado comiencen a llamar con su listado que comiencen desde a llamar a cada uno de sus miembros para que vayan a votar y desde tres d\u00edas antes que retomen el listado y vuelvan a llamarlo\u201d, manifest\u00f3 Luis Abinader, candidato presidencial PRM<\/p>\n\n\n\n<p>Mientras que el presidente del Partido de la Liberaci\u00f3n Dominicana, Danilo Medina, no cree que el oficialismo logre los votos para rebasar el 50 por ciento m\u00e1s uno de los votos y agreg\u00f3 que para lograr 60 por ciento falta mucho.<\/p>\n\n\n\n<p>Medina expuso que\u201cen las elecciones pasadas, que todo el mundo dice que barrieron en las municipales, ese partido sac\u00f3 1, 730,000 votos, y si le sumamos sus aliados, llegaron otra vez a 2, 100,000 votos. Para ganar en primera vuelta se requieren por lo menos 2, 800,000 votos; o sea, les faltan 700,000 votos que no s\u00e9 de d\u00f3nde lo van a sacar\u201d.<\/p>\n\n\n\n<p>El expresidente Leonel Fern\u00e1ndez, quien busca la presidencia de la Rep\u00fablica por la Fuerza del Pueblo, entiende que con los problemas de inseguridad y carest\u00eda de los alimentos no se lograr\u00e1 la reelecci\u00f3n.<\/p>\n\n\n\n<p>Este domingo los oficialistas y opositores midieron pulso en el Distrito Nacional, mientras Abel Mart\u00ednez del PLD, estaba en caravana junto a Omar Fern\u00e1ndez candidato a senador de la Fuerza del Pueblo, por la circunscripci\u00f3n n\u00famero tres, el presidente Luis Abinader estuvo con Guillermo Moreno en la capital en la circunscripci\u00f3n n\u00famero dos<\/p>\n\n\n\n<p>En los pr\u00f3ximos d\u00edas los candidatos presidenciales intensificar\u00e1n m\u00e1s la campa\u00f1a porque solo faltan 18 d\u00edas para el proselitismo.<\/p>\n","protected":false},"excerpt":{"rendered":"<p>Santo Domingo.- A tres semanas para las elecciones, los candidatos presidenciales y congresuales intensifican la campa\u00f1a y contin\u00faa la disputa por la primera vuelta. Pese a que el presidente Luis&hellip;<\/p>\n","protected":false},"author":3,"featured_media":82148,"comment_status":"open","ping_status":"open","sticky":false,"template":"","format":"standard","meta":{"content-type":"","jetpack_post_was_ever_published":false,"_jetpack_newsletter_access":"","_jetpack_dont_email_post_to_subs":false,"_jetpack_newsletter_tier_id":0,"_jetpack_memberships_contains_paywalled_content":false,"_jetpack_memberships_contains_paid_content":false,"footnotes":""},"categories":[1],"tags":[183],"class_list":["post-82147","post","type-post","status-publish","format-standard","has-post-thumbnail","hentry","category-sin-categoria","tag-jce"],"jetpack_featured_media_url":"https:\/\/lasprimeras.com.do\/wp-content\/uploads\/2024\/04\/\u00bfa-que-hora-votan-los-candidatos-a-alcalde-en-elecciones-municipales-focus-0-0-608-342.webp","jetpack-related-posts":[{"id":82186,"url":"https:\/\/lasprimeras.com.do\/index.php\/2024\/04\/29\/abinader-llama-a-perremeistas-a-consumar-en-votos-la-simpatia-que-reflejan-las-encuestas\/","url_meta":{"origin":82147,"position":0},"title":"Abinader llama a perreme\u00edstas a consumar en votos la simpat\u00eda que reflejan las encuestas","author":"Nelson Feliz","date":"29 de abril de 2024","format":false,"excerpt":"Guido G\u00f3mez Mazara, expresa que el 19 de mayo el PRM ganar\u00e1 en primera vuelta y le dar\u00e1 a la oposici\u00f3n una pela de calz\u00f3n quitado. El candidato presidencial por el Partido Revolucionario Moderno (PRM), Luis Abinader, pronunci\u00f3 un en\u00e9rgico discurso en un acto celebrado en el Club de los\u2026","rel":"","context":"En \u00abPORTADA\u00bb","block_context":{"text":"PORTADA","link":"https:\/\/lasprimeras.com.do\/index.php\/category\/portada\/"},"img":{"alt_text":"Luis Abinader","src":"https:\/\/i0.wp.com\/lasprimeras.com.do\/wp-content\/uploads\/2024\/04\/Luis-Abinader-4.jpg?resize=350%2C200&ssl=1","width":350,"height":200,"srcset":"https:\/\/i0.wp.com\/lasprimeras.com.do\/wp-content\/uploads\/2024\/04\/Luis-Abinader-4.jpg?resize=350%2C200&ssl=1 1x, https:\/\/i0.wp.com\/lasprimeras.com.do\/wp-content\/uploads\/2024\/04\/Luis-Abinader-4.jpg?resize=525%2C300&ssl=1 1.5x"},"classes":[]},{"id":61827,"url":"https:\/\/lasprimeras.com.do\/index.php\/2023\/10\/01\/manuel-jimenez-llama-a-perremeistas-de-sde-a-votar-temprano-por-luis-y-por-el\/","url_meta":{"origin":82147,"position":1},"title":"Manuel Jim\u00e9nez llama a perreme\u00edstas de SDE a votar temprano por Luis y por \u00e9l","author":"Nelson Feliz","date":"1 de octubre de 2023","format":false,"excerpt":"MANUEL JIM\u00c9NEZ ASEGURA QUE SU EQUIPO EST\u00c1 MOVILIZADO Y ATENTO A UN ESCRUTINIO TRANSPARENTE. Por Martin Restituyo Luego de ejercer el voto en las primarias del Partido Revolucionario Moderno (PRM), el alcalde Manuel Jim\u00e9nez exhort\u00f3 a todos los perreme\u00edstas a acudir a los centros a votar por el presidente Luis\u2026","rel":"","context":"En \u00abPORTADA\u00bb","block_context":{"text":"PORTADA","link":"https:\/\/lasprimeras.com.do\/index.php\/category\/portada\/"},"img":{"alt_text":"Manuel Jim\u00e9nez","src":"https:\/\/i0.wp.com\/lasprimeras.com.do\/wp-content\/uploads\/2023\/10\/Manuel-Jimenez-1.jpg?resize=350%2C200&ssl=1","width":350,"height":200,"srcset":"https:\/\/i0.wp.com\/lasprimeras.com.do\/wp-content\/uploads\/2023\/10\/Manuel-Jimenez-1.jpg?resize=350%2C200&ssl=1 1x, https:\/\/i0.wp.com\/lasprimeras.com.do\/wp-content\/uploads\/2023\/10\/Manuel-Jimenez-1.jpg?resize=525%2C300&ssl=1 1.5x, https:\/\/i0.wp.com\/lasprimeras.com.do\/wp-content\/uploads\/2023\/10\/Manuel-Jimenez-1.jpg?resize=700%2C400&ssl=1 2x"},"classes":[]},{"id":122201,"url":"https:\/\/lasprimeras.com.do\/index.php\/2026\/02\/15\/carolina-llama-a-los-perremeistas-a-defender-al-gobierno-y-a-seguir-trabajando-para-ganar-en-2028\/","url_meta":{"origin":82147,"position":2},"title":"Carolina llama a los perreme\u00edstas a defender al Gobierno y a seguir trabajando para ganar en 2028","author":"Nelson Feliz","date":"15 de febrero de 2026","format":false,"excerpt":"Mej\u00eda habl\u00f3 durante la celebraci\u00f3n del 11 aniversario del PRM a trav\u00e9s de un video que desat\u00f3 una gran ovaci\u00f3n La secretaria general del Partido Revolucionario Moderno (PRM), Carolina Mej\u00eda, aprovech\u00f3 la celebraci\u00f3n de los 11 a\u00f1os del PRM para hacer la sigu iente exhortaci\u00f3n: \u201cDefendamos nuestro Gobierno, un Gobierno\u2026","rel":"","context":"En \u00abPOLITICA\u00bb","block_context":{"text":"POLITICA","link":"https:\/\/lasprimeras.com.do\/index.php\/category\/politica\/"},"img":{"alt_text":"Carolina Mej\u00eda","src":"https:\/\/i0.wp.com\/lasprimeras.com.do\/wp-content\/uploads\/2024\/06\/Carolina-Mejia.jpg?resize=350%2C200&ssl=1","width":350,"height":200,"srcset":"https:\/\/i0.wp.com\/lasprimeras.com.do\/wp-content\/uploads\/2024\/06\/Carolina-Mejia.jpg?resize=350%2C200&ssl=1 1x, https:\/\/i0.wp.com\/lasprimeras.com.do\/wp-content\/uploads\/2024\/06\/Carolina-Mejia.jpg?resize=525%2C300&ssl=1 1.5x"},"classes":[]},{"id":76949,"url":"https:\/\/lasprimeras.com.do\/index.php\/2024\/02\/16\/luis-abinader-llama-a-votar-por-el-prm\/","url_meta":{"origin":82147,"position":3},"title":"Luis Abinader llama a votar por el PRM","author":"BIMARY DE JES\u00daS Matos","date":"16 de febrero de 2024","format":false,"excerpt":"Santo Domingo.-Al cierre de la campa\u00f1a proselitista del Partido Revolucionario Moderno por una red de televisi\u00f3n y radio, y en su calidad de candidato presidencial, Luis Abinader llam\u00f3 a los ciudadanos a votar por los candidatos de esta organizaci\u00f3n para las 158 alcald\u00edas y en los 258 distritos municipales en\u2026","rel":"","context":"En \u00abSin categor\u00eda\u00bb","block_context":{"text":"Sin categor\u00eda","link":"https:\/\/lasprimeras.com.do\/index.php\/category\/sin-categoria\/"},"img":{"alt_text":"","src":"https:\/\/i0.wp.com\/lasprimeras.com.do\/wp-content\/uploads\/2024\/02\/15975940818315-1.jpg?resize=350%2C200&ssl=1","width":350,"height":200,"srcset":"https:\/\/i0.wp.com\/lasprimeras.com.do\/wp-content\/uploads\/2024\/02\/15975940818315-1.jpg?resize=350%2C200&ssl=1 1x, https:\/\/i0.wp.com\/lasprimeras.com.do\/wp-content\/uploads\/2024\/02\/15975940818315-1.jpg?resize=525%2C300&ssl=1 1.5x"},"classes":[]},{"id":83120,"url":"https:\/\/lasprimeras.com.do\/index.php\/2024\/05\/11\/roberto-angel-dice-en-dajabon-habra-votos-a-montones-para-reelegir-a-abinader-y-ganar-el-congreso\/","url_meta":{"origin":82147,"position":4},"title":"Roberto \u00c1ngel dice en Dajab\u00f3n habr\u00e1 &#8220;votos a montones&#8221; para reelegir a Abinader y ganar el Congreso","author":"Nelson Feliz","date":"11 de mayo de 2024","format":false,"excerpt":"En una amplia jornada de actividades en esta provincia, llama a perremeistas y aliados a no descuidar los trabajos en el \u00faltimo tramo de la campa\u00f1a El miembro de la Direcci\u00f3n Ejecutiva del Partido Revolucionario Moderno (PRM), Roberto \u00c1ngel Salcedo, pronostic\u00f3 este s\u00e1bado que el 19 de mayo habr\u00e1 \"votos\u2026","rel":"","context":"En \u00abPORTADA\u00bb","block_context":{"text":"PORTADA","link":"https:\/\/lasprimeras.com.do\/index.php\/category\/portada\/"},"img":{"alt_text":"Roberto \u00c1ngel Salcedo","src":"https:\/\/i0.wp.com\/lasprimeras.com.do\/wp-content\/uploads\/2024\/05\/Roberto-Angel-Salcedo-14.jpg?resize=350%2C200&ssl=1","width":350,"height":200,"srcset":"https:\/\/i0.wp.com\/lasprimeras.com.do\/wp-content\/uploads\/2024\/05\/Roberto-Angel-Salcedo-14.jpg?resize=350%2C200&ssl=1 1x, https:\/\/i0.wp.com\/lasprimeras.com.do\/wp-content\/uploads\/2024\/05\/Roberto-Angel-Salcedo-14.jpg?resize=525%2C300&ssl=1 1.5x, https:\/\/i0.wp.com\/lasprimeras.com.do\/wp-content\/uploads\/2024\/05\/Roberto-Angel-Salcedo-14.jpg?resize=700%2C400&ssl=1 2x"},"classes":[]},{"id":82849,"url":"https:\/\/lasprimeras.com.do\/index.php\/2024\/05\/08\/senador-milciades-franjul-llama-a-votar-masivamente-por-candidato-senatorial-julito-fulcar\/","url_meta":{"origin":82147,"position":5},"title":"Senador Milciades Franjul llama a votar masivamente por candidato senatorial Julito Fulcar","author":"BIMARY DE JES\u00daS Matos","date":"8 de mayo de 2024","format":false,"excerpt":"Santo Domingo.-El Senador Milciades Franjul llama a votar masivamente por candidato senatorial Julito Fulcar. Franjul sostiene \u201chay que apoyar a todos los candidatos del PRM\u201d En medio de un ameno compartir de caf\u00e9, el senador por Peravia, Milciades Franjul, extern\u00f3 su completo apoyo al candidato senatorial y compa\u00f1ero de partido\u2026","rel":"","context":"En \u00abNACIONALES\u00bb","block_context":{"text":"NACIONALES","link":"https:\/\/lasprimeras.com.do\/index.php\/category\/nacionales\/"},"img":{"alt_text":"","src":"https:\/\/i0.wp.com\/lasprimeras.com.do\/wp-content\/uploads\/2024\/05\/IMG-20240508-WA0062.jpg?resize=350%2C200&ssl=1","width":350,"height":200,"srcset":"https:\/\/i0.wp.com\/lasprimeras.com.do\/wp-content\/uploads\/2024\/05\/IMG-20240508-WA0062.jpg?resize=350%2C200&ssl=1 1x, https:\/\/i0.wp.com\/lasprimeras.com.do\/wp-content\/uploads\/2024\/05\/IMG-20240508-WA0062.jpg?resize=525%2C300&ssl=1 1.5x, https:\/\/i0.wp.com\/lasprimeras.com.do\/wp-content\/uploads\/2024\/05\/IMG-20240508-WA0062.jpg?resize=700%2C400&ssl=1 2x, https:\/\/i0.wp.com\/lasprimeras.com.do\/wp-content\/uploads\/2024\/05\/IMG-20240508-WA0062.jpg?resize=1050%2C600&ssl=1 3x, https:\/\/i0.wp.com\/lasprimeras.com.do\/wp-content\/uploads\/2024\/05\/IMG-20240508-WA0062.jpg?resize=1400%2C800&ssl=1 4x"},"classes":[]}],"jetpack_sharing_enabled":true,"_links":{"self":[{"href":"https:\/\/lasprimeras.com.do\/index.php\/wp-json\/wp\/v2\/posts\/82147","targetHints":{"allow":["GET"]}}],"collection":[{"href":"https:\/\/lasprimeras.com.do\/index.php\/wp-json\/wp\/v2\/posts"}],"about":[{"href":"https:\/\/lasprimeras.com.do\/index.php\/wp-json\/wp\/v2\/types\/post"}],"author":[{"embeddable":true,"href":"https:\/\/lasprimeras.com.do\/index.php\/wp-json\/wp\/v2\/users\/3"}],"replies":[{"embeddable":true,"href":"https:\/\/lasprimeras.com.do\/index.php\/wp-json\/wp\/v2\/comments?post=82147"}],"version-history":[{"count":1,"href":"https:\/\/lasprimeras.com.do\/index.php\/wp-json\/wp\/v2\/posts\/82147\/revisions"}],"predecessor-version":[{"id":82149,"href":"https:\/\/lasprimeras.com.do\/index.php\/wp-json\/wp\/v2\/posts\/82147\/revisions\/82149"}],"wp:featuredmedia":[{"embeddable":true,"href":"https:\/\/lasprimeras.com.do\/index.php\/wp-json\/wp\/v2\/media\/82148"}],"wp:attachment":[{"href":"https:\/\/lasprimeras.com.do\/index.php\/wp-json\/wp\/v2\/media?parent=82147"}],"wp:term":[{"taxonomy":"category","embeddable":true,"href":"https:\/\/lasprimeras.com.do\/index.php\/wp-json\/wp\/v2\/categories?post=82147"},{"taxonomy":"post_tag","embeddable":true,"href":"https:\/\/lasprimeras.com.do\/index.php\/wp-json\/wp\/v2\/tags?post=82147"}],"curies":[{"name":"wp","href":"https:\/\/api.w.org\/{rel}","templated":true}]}}