{"id":82158,"date":"2024-04-29T14:30:26","date_gmt":"2024-04-29T18:30:26","guid":{"rendered":"https:\/\/lasprimeras.com.do\/?p=82158"},"modified":"2024-04-29T14:30:26","modified_gmt":"2024-04-29T18:30:26","slug":"apresan-hombre-por-consumo-no-autorizado-de-tarjeta-de-credito-de-en-cristo-rey","status":"publish","type":"post","link":"https:\/\/lasprimeras.com.do\/index.php\/2024\/04\/29\/apresan-hombre-por-consumo-no-autorizado-de-tarjeta-de-credito-de-en-cristo-rey\/","title":{"rendered":"Apresan hombre por consumo no autorizado de tarjeta de cr\u00e9dito de en Cristo Rey"},"content":{"rendered":"\n<p>Por Martin Restituyo<\/p>\n\n\n\n<p>Miembros de la Polic\u00eda Nacional apresaron un hombre por consumo no autorizado de tarjeta de cr\u00e9dito y\/o d\u00e9bito de una ciudadana en el sector de Cristo Rey, Distrito Nacional.<\/p>\n\n\n\n<p>El hombre por sustraer las tarjetas de una cartera, la misma conten\u00eda la suma de 300 d\u00f3lares y 2,300 pesos dominicanos.<\/p>\n\n\n\n<p>El detenido es Euris Jos\u00e9 Rodr\u00edguez (a) Billy Jey, de 23 a\u00f1os, fue capturado tras una intensa labor de investigaci\u00f3n t\u00e9cnica que estableci\u00f3 los lugares en donde us\u00f3 los pl\u00e1sticos.<\/p>\n\n\n\n<p>El supuesto delincuente detenido reside en el barrio Lahna Gautier en Cristo Rey, y era buscado con la orden judicial de arresto No. 0156-ABRIL-2024 por el uso indebido con consumos de tarjetas bancarias que fueron robadas a una mujer en la calle 41 del referido sector.<\/p>\n\n\n\n<p>El reporte preliminar refiere que la denunciante, quien declar\u00f3 que el pasado 20 de marzo del a\u00f1o en curso, mediante un descuido, le robaron un monedero conteniendo en su interior varias tarjetas de d\u00e9bito y cr\u00e9dito, adem\u00e1s de dichas sumas de dinero e identificaciones personales.<\/p>\n\n\n\n<p>Explica que se realizaron varios consumos con la tarjeta de d\u00e9bito para un total equivalente a 60,000 pesos.<\/p>\n\n\n\n<p>En ese sentido, el detenido fue identificado mediante acta de reconocimientos por fotograf\u00eda por los testigos de los lugares donde este utiliz\u00f3 la tarjeta junto a su c\u00e9lula para poder utilizar los servicios.<\/p>\n\n\n\n<p>El prevenido est\u00e1 bajo control del Ministerio P\u00fablico, para los fines legales correspondientes.<\/p>\n","protected":false},"excerpt":{"rendered":"<p>Por Martin Restituyo Miembros de la Polic\u00eda Nacional apresaron un hombre por consumo no autorizado de tarjeta de cr\u00e9dito y\/o d\u00e9bito de una ciudadana en el sector de Cristo Rey,&hellip;<\/p>\n","protected":false},"author":2,"featured_media":52882,"comment_status":"open","ping_status":"open","sticky":false,"template":"","format":"standard","meta":{"content-type":"","jetpack_post_was_ever_published":false,"_jetpack_newsletter_access":"","_jetpack_dont_email_post_to_subs":false,"_jetpack_newsletter_tier_id":0,"_jetpack_memberships_contains_paywalled_content":false,"_jetpack_memberships_contains_paid_content":false,"footnotes":""},"categories":[3057],"tags":[2166,46,1281],"class_list":["post-82158","post","type-post","status-publish","format-standard","has-post-thumbnail","hentry","category-militares","tag-cristo-rey","tag-hombre","tag-preso"],"jetpack_featured_media_url":"https:\/\/lasprimeras.com.do\/wp-content\/uploads\/2023\/06\/preso-celda.jpg","jetpack-related-posts":[{"id":81353,"url":"https:\/\/lasprimeras.com.do\/index.php\/2024\/04\/19\/dicat-apresa-mujer-por-consumo-no-autorizado-con-tarjeta-de-credito-de-otra-persona-en-spm\/","url_meta":{"origin":82158,"position":0},"title":"DICAT apresa mujer por consumo no autorizado con tarjeta de cr\u00e9dito de otra persona en SPM","author":"Nelson Feliz","date":"19 de abril de 2024","format":false,"excerpt":"Por Martin Restituyo Agentes policiales, adscritos al Departamento de Investigaci\u00f3n de Cr\u00edmenes y Delitos de Alta Tecnolog\u00eda (DICAT), apresaron una mujer acusada de realizar consumos no autorizados por 507,067 pesos, utilizando una tarjeta de cr\u00e9dito que no era de su propiedad. Mediante orden de arresto fue detenida Yasirys Altagracia Garc\u00eda\u2026","rel":"","context":"En \u00abMILITARES\u00bb","block_context":{"text":"MILITARES","link":"https:\/\/lasprimeras.com.do\/index.php\/category\/militares\/"},"img":{"alt_text":"Mujer Presa","src":"https:\/\/i0.wp.com\/lasprimeras.com.do\/wp-content\/uploads\/2023\/07\/Mujer-Presa.jpg?resize=350%2C200&ssl=1","width":350,"height":200},"classes":[]},{"id":88190,"url":"https:\/\/lasprimeras.com.do\/index.php\/2024\/08\/23\/apresan-hombre-acusado-de-intento-de-robo-en-jarabacoa\/","url_meta":{"origin":82158,"position":1},"title":"Apresan hombre acusado de intento de robo en Jarabacoa","author":"Nelson Feliz","date":"23 de agosto de 2024","format":false,"excerpt":"Miembros de la Polic\u00eda Nacional, adscritos a la Direcci\u00f3n Regional La Vega, con asiento en el municipio de Jarabacoa, apresaron a un hombre acusado de intentar robar en una vivienda habitada. Se trata de Salvador Collado, de 33 a\u00f1os, residente en el sector La Colonia de este municipio, quien fue\u2026","rel":"","context":"En \u00abMILITARES\u00bb","block_context":{"text":"MILITARES","link":"https:\/\/lasprimeras.com.do\/index.php\/category\/militares\/"},"img":{"alt_text":"preso-celda","src":"https:\/\/i0.wp.com\/lasprimeras.com.do\/wp-content\/uploads\/2023\/06\/preso-celda.jpg?resize=350%2C200&ssl=1","width":350,"height":200,"srcset":"https:\/\/i0.wp.com\/lasprimeras.com.do\/wp-content\/uploads\/2023\/06\/preso-celda.jpg?resize=350%2C200&ssl=1 1x, https:\/\/i0.wp.com\/lasprimeras.com.do\/wp-content\/uploads\/2023\/06\/preso-celda.jpg?resize=525%2C300&ssl=1 1.5x, https:\/\/i0.wp.com\/lasprimeras.com.do\/wp-content\/uploads\/2023\/06\/preso-celda.jpg?resize=700%2C400&ssl=1 2x"},"classes":[]},{"id":81587,"url":"https:\/\/lasprimeras.com.do\/index.php\/2024\/04\/22\/apresan-dos-mujeres-por-consumo-fraudulento-de-tarjeta-de-credito-en-santiago\/","url_meta":{"origin":82158,"position":2},"title":"Apresan dos mujeres por consumo fraudulento de tarjeta de cr\u00e9dito en Santiago","author":"Nelson Feliz","date":"22 de abril de 2024","format":false,"excerpt":"Por Roberto Perez Miembros de la Polic\u00eda Nacional arrestaron dos \u00a0mujeres luego que presuntamente realizaran consumo fraudulento de tarjeta de cr\u00e9dito, a nombre de otra persona, en diversos establecimientos comerciales de Santiago. Las detenidas son Eli Ysabel del Carmen Blanco V\u00e1squez y Luz del Alba P\u00e9rez, quienes realizaron transacciones en\u2026","rel":"","context":"En \u00abMILITARES\u00bb","block_context":{"text":"MILITARES","link":"https:\/\/lasprimeras.com.do\/index.php\/category\/militares\/"},"img":{"alt_text":"","src":"https:\/\/i0.wp.com\/lasprimeras.com.do\/wp-content\/uploads\/2024\/04\/paste.jpg?resize=350%2C200&ssl=1","width":350,"height":200,"srcset":"https:\/\/i0.wp.com\/lasprimeras.com.do\/wp-content\/uploads\/2024\/04\/paste.jpg?resize=350%2C200&ssl=1 1x, https:\/\/i0.wp.com\/lasprimeras.com.do\/wp-content\/uploads\/2024\/04\/paste.jpg?resize=525%2C300&ssl=1 1.5x"},"classes":[]},{"id":70008,"url":"https:\/\/lasprimeras.com.do\/index.php\/2023\/12\/07\/apresan-antisocial-roba-relojes-de-alto-costo-y-tarjetas-bancarias-en-sde\/","url_meta":{"origin":82158,"position":3},"title":"Apresan antisocial roba relojes de alto costo y tarjetas bancarias en SDE","author":"Nelson Feliz","date":"7 de diciembre de 2023","format":false,"excerpt":"Por Mart\u00edn Restituyo Agentes policiales con asiento en el ensanche Naco, del Distrito Nacional, capturaron en el municipio Santo Domingo Este a un presunto delincuente se\u00f1alado como el responsable del robo de dos relojes de la marca Rolex y tarjetas de diversas entidades bancarias de las cuales fueron realizadas varios\u2026","rel":"","context":"En \u00abMILITARES\u00bb","block_context":{"text":"MILITARES","link":"https:\/\/lasprimeras.com.do\/index.php\/category\/militares\/"},"img":{"alt_text":"Relojes","src":"https:\/\/i0.wp.com\/lasprimeras.com.do\/wp-content\/uploads\/2023\/12\/Relojes.jpg?resize=350%2C200&ssl=1","width":350,"height":200,"srcset":"https:\/\/i0.wp.com\/lasprimeras.com.do\/wp-content\/uploads\/2023\/12\/Relojes.jpg?resize=350%2C200&ssl=1 1x, https:\/\/i0.wp.com\/lasprimeras.com.do\/wp-content\/uploads\/2023\/12\/Relojes.jpg?resize=525%2C300&ssl=1 1.5x, https:\/\/i0.wp.com\/lasprimeras.com.do\/wp-content\/uploads\/2023\/12\/Relojes.jpg?resize=700%2C400&ssl=1 2x"},"classes":[]},{"id":108574,"url":"https:\/\/lasprimeras.com.do\/index.php\/2025\/09\/08\/detienen-a-jovenes-por-apunalar-a-estudiante-en-cristo-rey\/","url_meta":{"origin":82158,"position":4},"title":"Detienen a j\u00f3venes por apu\u00f1alar a estudiante en Cristo Rey","author":"Nelson Feliz","date":"8 de septiembre de 2025","format":false,"excerpt":"La Polic\u00eda y el Ministerio P\u00fablico arrestaron a dos j\u00f3venes que, por ri\u00f1as, hirieron con arma blanca un estudiante de 17 a\u00f1os en el sector de Cristo Rey, Distrito Nacional. Los detenidos son Endy Rafael Antigua Matos, de 18 a\u00f1os, y un adolescente de 16 a\u00f1os cuyo nombre se omite\u2026","rel":"","context":"En \u00abMILITARES\u00bb","block_context":{"text":"MILITARES","link":"https:\/\/lasprimeras.com.do\/index.php\/category\/militares\/"},"img":{"alt_text":"","src":"https:\/\/i0.wp.com\/lasprimeras.com.do\/wp-content\/uploads\/2023\/08\/Esposas.jpg?resize=350%2C200&ssl=1","width":350,"height":200,"srcset":"https:\/\/i0.wp.com\/lasprimeras.com.do\/wp-content\/uploads\/2023\/08\/Esposas.jpg?resize=350%2C200&ssl=1 1x, https:\/\/i0.wp.com\/lasprimeras.com.do\/wp-content\/uploads\/2023\/08\/Esposas.jpg?resize=525%2C300&ssl=1 1.5x"},"classes":[]},{"id":102036,"url":"https:\/\/lasprimeras.com.do\/index.php\/2025\/06\/30\/dncd-y-mp-arrestan-dos-hombres-e-incautan-drogas-en-cristo-rey\/","url_meta":{"origin":82158,"position":5},"title":"DNCD y MP arrestan dos hombres e incautan drogas en Cristo Rey","author":"Nelson Feliz","date":"30 de junio de 2025","format":false,"excerpt":"-Le ocupan m\u00e1s de 350 gramos de presunta coca\u00edna, marihuana y crack. Agentes de la Direcci\u00f3n Nacional de Control de Drogas (DNCD) y miembros del Ministerio P\u00fablico, allanaron una vivienda en el sector de Cristo Rey, Distrito Nacional, donde arrestaron a dos hombres e incautaron decenas de gramos de presunta\u2026","rel":"","context":"En \u00abMILITARES\u00bb","block_context":{"text":"MILITARES","link":"https:\/\/lasprimeras.com.do\/index.php\/category\/militares\/"},"img":{"alt_text":"","src":"https:\/\/i0.wp.com\/lasprimeras.com.do\/wp-content\/uploads\/2025\/06\/dncd-3.jpg?resize=350%2C200&ssl=1","width":350,"height":200,"srcset":"https:\/\/i0.wp.com\/lasprimeras.com.do\/wp-content\/uploads\/2025\/06\/dncd-3.jpg?resize=350%2C200&ssl=1 1x, https:\/\/i0.wp.com\/lasprimeras.com.do\/wp-content\/uploads\/2025\/06\/dncd-3.jpg?resize=525%2C300&ssl=1 1.5x, https:\/\/i0.wp.com\/lasprimeras.com.do\/wp-content\/uploads\/2025\/06\/dncd-3.jpg?resize=700%2C400&ssl=1 2x"},"classes":[]}],"jetpack_sharing_enabled":true,"_links":{"self":[{"href":"https:\/\/lasprimeras.com.do\/index.php\/wp-json\/wp\/v2\/posts\/82158","targetHints":{"allow":["GET"]}}],"collection":[{"href":"https:\/\/lasprimeras.com.do\/index.php\/wp-json\/wp\/v2\/posts"}],"about":[{"href":"https:\/\/lasprimeras.com.do\/index.php\/wp-json\/wp\/v2\/types\/post"}],"author":[{"embeddable":true,"href":"https:\/\/lasprimeras.com.do\/index.php\/wp-json\/wp\/v2\/users\/2"}],"replies":[{"embeddable":true,"href":"https:\/\/lasprimeras.com.do\/index.php\/wp-json\/wp\/v2\/comments?post=82158"}],"version-history":[{"count":1,"href":"https:\/\/lasprimeras.com.do\/index.php\/wp-json\/wp\/v2\/posts\/82158\/revisions"}],"predecessor-version":[{"id":82166,"href":"https:\/\/lasprimeras.com.do\/index.php\/wp-json\/wp\/v2\/posts\/82158\/revisions\/82166"}],"wp:featuredmedia":[{"embeddable":true,"href":"https:\/\/lasprimeras.com.do\/index.php\/wp-json\/wp\/v2\/media\/52882"}],"wp:attachment":[{"href":"https:\/\/lasprimeras.com.do\/index.php\/wp-json\/wp\/v2\/media?parent=82158"}],"wp:term":[{"taxonomy":"category","embeddable":true,"href":"https:\/\/lasprimeras.com.do\/index.php\/wp-json\/wp\/v2\/categories?post=82158"},{"taxonomy":"post_tag","embeddable":true,"href":"https:\/\/lasprimeras.com.do\/index.php\/wp-json\/wp\/v2\/tags?post=82158"}],"curies":[{"name":"wp","href":"https:\/\/api.w.org\/{rel}","templated":true}]}}