{"id":82165,"date":"2024-04-29T14:31:09","date_gmt":"2024-04-29T18:31:09","guid":{"rendered":"https:\/\/lasprimeras.com.do\/?p=82165"},"modified":"2024-04-29T14:31:10","modified_gmt":"2024-04-29T18:31:10","slug":"expresidente-uruguayo-jose-mujica-anuncia-que-tiene-un-tumor-en-el-esofago","status":"publish","type":"post","link":"https:\/\/lasprimeras.com.do\/index.php\/2024\/04\/29\/expresidente-uruguayo-jose-mujica-anuncia-que-tiene-un-tumor-en-el-esofago\/","title":{"rendered":"Expresidente uruguayo Jos\u00e9 Mujica anuncia que tiene un tumor en el es\u00f3fago"},"content":{"rendered":"\n<p>Montevideo. \u2013 El expresidente de Uruguay Jos\u00e9 Mujica anunci\u00f3 este lunes en una rueda de prensa que tiene un tumor en el es\u00f3fago.<\/p>\n\n\n\n<p>\u00abNecesito informarles que el viernes pasado concurr\u00ed al (centro hospitalario) Casmu a hacerme un chequeo en el cual se descubri\u00f3 que tengo un tumor en el es\u00f3fago, que es algo obviamente muy comprometido y que es doblemente complejo en mi caso, porque padezco una enfermedad inmunol\u00f3gica hace m\u00e1s de 20 a\u00f1os\u00bb, inform\u00f3.<\/p>\n\n\n\n<p>Agreg\u00f3 que esta le afect\u00f3 -entre otras cosas- los ri\u00f1ones, lo que crea \u00abobvias dificultades\u00bb para t\u00e9cnicas de quimioterapia o de cirug\u00edas.<\/p>\n\n\n\n<p>\u00abTodo eso lo est\u00e1n evaluando los galenos, haciendo an\u00e1lisis celular, c\u00f3mo sigue esta historia. Yo les quiero transmitir que en mi vida m\u00e1s de una vez anduvo la parca rondando el catre, pero me sigui\u00f3 pastoreando todos estos a\u00f1os\u00bb, enfatiz\u00f3 el expresidente, quien apunt\u00f3 que esta vez habr\u00e1 que ver qu\u00e9 pasa.<\/p>\n\n\n\n<p>Asimismo, dijo que mientras pueda seguir\u00e1 militando junto a sus compa\u00f1eros, fiel a su manera de pensar, y entretenido con sus verduras y sus gallinas.<\/p>\n","protected":false},"excerpt":{"rendered":"<p>Montevideo. \u2013 El expresidente de Uruguay Jos\u00e9 Mujica anunci\u00f3 este lunes en una rueda de prensa que tiene un tumor en el es\u00f3fago. \u00abNecesito informarles que el viernes pasado concurr\u00ed&hellip;<\/p>\n","protected":false},"author":3,"featured_media":82167,"comment_status":"open","ping_status":"open","sticky":false,"template":"","format":"standard","meta":{"content-type":"","jetpack_post_was_ever_published":false,"_jetpack_newsletter_access":"","_jetpack_dont_email_post_to_subs":false,"_jetpack_newsletter_tier_id":0,"_jetpack_memberships_contains_paywalled_content":false,"_jetpack_memberships_contains_paid_content":false,"footnotes":""},"categories":[1],"tags":[4698],"class_list":["post-82165","post","type-post","status-publish","format-standard","has-post-thumbnail","hentry","category-sin-categoria","tag-expresidente"],"jetpack_featured_media_url":"https:\/\/lasprimeras.com.do\/wp-content\/uploads\/2024\/04\/WhatsApp-Image-2024-04-26-at-4.57.10-PM-2-3.webp","jetpack-related-posts":[{"id":98865,"url":"https:\/\/lasprimeras.com.do\/index.php\/2025\/05\/13\/abinader-lamenta-fallecimiento-del-expresidente-de-uruguay-jose-pepe-mujica\/","url_meta":{"origin":82165,"position":0},"title":"Abinader lamenta fallecimiento del expresidente de Uruguay Jos\u00e9 -Pepe-Mujica","author":"Nelson Feliz","date":"13 de mayo de 2025","format":false,"excerpt":"\"Expreso mis condolencias a su familia, al pueblo uruguayo y a toda Am\u00e9rica Latina, que hoy despide a un referente moral y humano\", manifest\u00f3 el mandatario dominicano en su cuenta de X. El presidente Luis Abinader lament\u00f3 este martes la muerte del expresidente uruguayo Jos\u00e9 \"Pepe\" Mujica. A trav\u00e9s de\u2026","rel":"","context":"En \u00abNACIONALES\u00bb","block_context":{"text":"NACIONALES","link":"https:\/\/lasprimeras.com.do\/index.php\/category\/nacionales\/"},"img":{"alt_text":"","src":"https:\/\/i0.wp.com\/lasprimeras.com.do\/wp-content\/uploads\/2025\/05\/Jose-Pepe-Mujica.jpg?resize=350%2C200&ssl=1","width":350,"height":200},"classes":[]},{"id":98869,"url":"https:\/\/lasprimeras.com.do\/index.php\/2025\/05\/13\/evo-morales-lamenta-muerte-de-jose-mujica-y-dice-que-fue-creyente-de-la-patria-grande\/","url_meta":{"origin":82165,"position":1},"title":"Evo Morales lamenta muerte de Jos\u00e9 Mujica y dice que fue \u00abcreyente de la Patria Grande\u00bb","author":"Nelson Feliz","date":"13 de mayo de 2025","format":false,"excerpt":"LA PAZ.- El expresidente de Bolivia Evo Morales (2006-2019) lament\u00f3 este martes la muerte del exmandatario de Uruguay, Jos\u00e9 Mujica, y afirm\u00f3 que fue \u00abun ferviente de la Patria Grande\u00bb. El expresidente de Uruguay Jos\u00e9 \u2018Pepe\u2019 Mujica falleci\u00f3 este martes en Montevideo a los 89 a\u00f1os, un a\u00f1o despu\u00e9s de\u2026","rel":"","context":"En \u00abINTERNACIONALES\u00bb","block_context":{"text":"INTERNACIONALES","link":"https:\/\/lasprimeras.com.do\/index.php\/category\/sin-categoria\/internacionales\/"},"img":{"alt_text":"","src":"https:\/\/i0.wp.com\/lasprimeras.com.do\/wp-content\/uploads\/2025\/05\/Evo-Morales.jpg?resize=350%2C200&ssl=1","width":350,"height":200,"srcset":"https:\/\/i0.wp.com\/lasprimeras.com.do\/wp-content\/uploads\/2025\/05\/Evo-Morales.jpg?resize=350%2C200&ssl=1 1x, https:\/\/i0.wp.com\/lasprimeras.com.do\/wp-content\/uploads\/2025\/05\/Evo-Morales.jpg?resize=525%2C300&ssl=1 1.5x, https:\/\/i0.wp.com\/lasprimeras.com.do\/wp-content\/uploads\/2025\/05\/Evo-Morales.jpg?resize=700%2C400&ssl=1 2x"},"classes":[]},{"id":98934,"url":"https:\/\/lasprimeras.com.do\/index.php\/2025\/05\/14\/pld-lamenta-fallecimiento-de-pepe-mujica-un-lider-excepcional\/","url_meta":{"origin":82165,"position":2},"title":"PLD lamenta fallecimiento de Pepe Mujica, un l\u00edder excepcional","author":"Nelson Feliz","date":"14 de mayo de 2025","format":false,"excerpt":"Johnny Pujols, Secretario General del PLD: \u201cPensamiento de Jos\u00e9-Pepe-Mujica seguir\u00e1 vivo, invit\u00e1ndonos a pensar desde la pol\u00edtica en el bienestar com\u00fan\u201d . El Partido de la Liberaci\u00f3n Dominicana (PLD) lament\u00f3 la ca\u00edda del expresidente uruguayo Jos\u00e9 \u00abPepe\u00bb Mujica, a quien calific\u00f3 como un ser humano excepcional. Mediante un mensaje de\u2026","rel":"","context":"En \u00abPOLITICA\u00bb","block_context":{"text":"POLITICA","link":"https:\/\/lasprimeras.com.do\/index.php\/category\/politica\/"},"img":{"alt_text":"Jos\u00e9-Pepe-Mujica","src":"https:\/\/i0.wp.com\/lasprimeras.com.do\/wp-content\/uploads\/2025\/05\/Jose-Pepe-Mujica-1.jpg?resize=350%2C200&ssl=1","width":350,"height":200,"srcset":"https:\/\/i0.wp.com\/lasprimeras.com.do\/wp-content\/uploads\/2025\/05\/Jose-Pepe-Mujica-1.jpg?resize=350%2C200&ssl=1 1x, https:\/\/i0.wp.com\/lasprimeras.com.do\/wp-content\/uploads\/2025\/05\/Jose-Pepe-Mujica-1.jpg?resize=525%2C300&ssl=1 1.5x, https:\/\/i0.wp.com\/lasprimeras.com.do\/wp-content\/uploads\/2025\/05\/Jose-Pepe-Mujica-1.jpg?resize=700%2C400&ssl=1 2x"},"classes":[]},{"id":94016,"url":"https:\/\/lasprimeras.com.do\/index.php\/2025\/02\/24\/jose-mujica-llego-a-un-campamento-de-jovenes-militantes-y-hablo-sobre-su-cancer-soy-boleta\/","url_meta":{"origin":82165,"position":3},"title":"Jos\u00e9 Mujica lleg\u00f3 a un campamento de j\u00f3venes militantes y habl\u00f3 sobre su c\u00e1ncer: \u201cSoy boleta\u201d","author":"Nelson Feliz","date":"24 de febrero de 2025","format":false,"excerpt":"Durante una ola de calor, el ex presidente uruguayo record\u00f3 sus inicios en la militancia con 14 a\u00f1os. \u201cEs la causa de mi vida\u201d, reflexion\u00f3 Pedro TristantDesde Montevideo Cuando anunci\u00f3 que su c\u00e1ncer de es\u00f3fago se hab\u00eda extendido hacia el h\u00edgado, el ex presidente uruguayo Jos\u00e9 Mujica pidi\u00f3 que lo\u2026","rel":"","context":"En \u00abINTERNACIONALES\u00bb","block_context":{"text":"INTERNACIONALES","link":"https:\/\/lasprimeras.com.do\/index.php\/category\/sin-categoria\/internacionales\/"},"img":{"alt_text":"Jos\u00e9 Mujica","src":"https:\/\/i0.wp.com\/lasprimeras.com.do\/wp-content\/uploads\/2025\/02\/Jose-Mujica.png?resize=350%2C200&ssl=1","width":350,"height":200,"srcset":"https:\/\/i0.wp.com\/lasprimeras.com.do\/wp-content\/uploads\/2025\/02\/Jose-Mujica.png?resize=350%2C200&ssl=1 1x, https:\/\/i0.wp.com\/lasprimeras.com.do\/wp-content\/uploads\/2025\/02\/Jose-Mujica.png?resize=525%2C300&ssl=1 1.5x, https:\/\/i0.wp.com\/lasprimeras.com.do\/wp-content\/uploads\/2025\/02\/Jose-Mujica.png?resize=700%2C400&ssl=1 2x"},"classes":[]},{"id":98862,"url":"https:\/\/lasprimeras.com.do\/index.php\/2025\/05\/13\/muere-jose-mujica-el-audaz-politico-uruguayo-que-asombro-al-mundo-como-el-presidente-mas-pobre\/","url_meta":{"origin":82165,"position":4},"title":"Muere Jos\u00e9 Mujica, el audaz pol\u00edtico uruguayo que asombr\u00f3 al mundo como &#8220;el presidente m\u00e1s pobre&#8221;","author":"Nelson Feliz","date":"13 de mayo de 2025","format":false,"excerpt":"Gerardo LissardyT\u00edtulo del autor,BBC News Mundo No era mediod\u00eda a\u00fan cuando Jos\u00e9 Mujica nos sorprendi\u00f3 ofreci\u00e9ndonos \"un trago\" al terminar de entrevistarlo en la intimidad de su casa en 2012, a la mitad de su mandato como presidente uruguayo. Lav\u00f3 unos vasos, les ech\u00f3 unos hielos y los reg\u00f3 generosamente\u2026","rel":"","context":"En \u00abINTERNACIONALES\u00bb","block_context":{"text":"INTERNACIONALES","link":"https:\/\/lasprimeras.com.do\/index.php\/category\/sin-categoria\/internacionales\/"},"img":{"alt_text":"","src":"https:\/\/i0.wp.com\/lasprimeras.com.do\/wp-content\/uploads\/2025\/05\/Jose-Mujica.jpg?resize=350%2C200&ssl=1","width":350,"height":200,"srcset":"https:\/\/i0.wp.com\/lasprimeras.com.do\/wp-content\/uploads\/2025\/05\/Jose-Mujica.jpg?resize=350%2C200&ssl=1 1x, https:\/\/i0.wp.com\/lasprimeras.com.do\/wp-content\/uploads\/2025\/05\/Jose-Mujica.jpg?resize=525%2C300&ssl=1 1.5x"},"classes":[]},{"id":94470,"url":"https:\/\/lasprimeras.com.do\/index.php\/2025\/03\/01\/presidente-abinader-concluye-estadia-en-uruguay-con-una-visita-a-pepe-mujica\/","url_meta":{"origin":82165,"position":5},"title":"Presidente Abinader concluye estad\u00eda en Uruguay con una visita a Pepe Mujica","author":"Nelson Feliz","date":"1 de marzo de 2025","format":false,"excerpt":"Este encuentro fue especialmente importante para el presidente Abinader, quien ha expresado en varias ocasiones su admiraci\u00f3n por Mujica. El presidente Luis Abinader aprovech\u00f3 su visita a Uruguay para encontrarse con el exmandatario Jos\u00e9 \"Pepe\" Mujica en su residencia en las afueras de Montevideo. El mandatario dominicano lleg\u00f3 a la\u2026","rel":"","context":"En \u00abNACIONALES\u00bb","block_context":{"text":"NACIONALES","link":"https:\/\/lasprimeras.com.do\/index.php\/category\/nacionales\/"},"img":{"alt_text":"","src":"https:\/\/i0.wp.com\/lasprimeras.com.do\/wp-content\/uploads\/2025\/03\/Luis-Abinader-Y-Jose-Pepe-Mujica.jpg?resize=350%2C200&ssl=1","width":350,"height":200,"srcset":"https:\/\/i0.wp.com\/lasprimeras.com.do\/wp-content\/uploads\/2025\/03\/Luis-Abinader-Y-Jose-Pepe-Mujica.jpg?resize=350%2C200&ssl=1 1x, https:\/\/i0.wp.com\/lasprimeras.com.do\/wp-content\/uploads\/2025\/03\/Luis-Abinader-Y-Jose-Pepe-Mujica.jpg?resize=525%2C300&ssl=1 1.5x, https:\/\/i0.wp.com\/lasprimeras.com.do\/wp-content\/uploads\/2025\/03\/Luis-Abinader-Y-Jose-Pepe-Mujica.jpg?resize=700%2C400&ssl=1 2x, https:\/\/i0.wp.com\/lasprimeras.com.do\/wp-content\/uploads\/2025\/03\/Luis-Abinader-Y-Jose-Pepe-Mujica.jpg?resize=1050%2C600&ssl=1 3x"},"classes":[]}],"jetpack_sharing_enabled":true,"_links":{"self":[{"href":"https:\/\/lasprimeras.com.do\/index.php\/wp-json\/wp\/v2\/posts\/82165","targetHints":{"allow":["GET"]}}],"collection":[{"href":"https:\/\/lasprimeras.com.do\/index.php\/wp-json\/wp\/v2\/posts"}],"about":[{"href":"https:\/\/lasprimeras.com.do\/index.php\/wp-json\/wp\/v2\/types\/post"}],"author":[{"embeddable":true,"href":"https:\/\/lasprimeras.com.do\/index.php\/wp-json\/wp\/v2\/users\/3"}],"replies":[{"embeddable":true,"href":"https:\/\/lasprimeras.com.do\/index.php\/wp-json\/wp\/v2\/comments?post=82165"}],"version-history":[{"count":1,"href":"https:\/\/lasprimeras.com.do\/index.php\/wp-json\/wp\/v2\/posts\/82165\/revisions"}],"predecessor-version":[{"id":82168,"href":"https:\/\/lasprimeras.com.do\/index.php\/wp-json\/wp\/v2\/posts\/82165\/revisions\/82168"}],"wp:featuredmedia":[{"embeddable":true,"href":"https:\/\/lasprimeras.com.do\/index.php\/wp-json\/wp\/v2\/media\/82167"}],"wp:attachment":[{"href":"https:\/\/lasprimeras.com.do\/index.php\/wp-json\/wp\/v2\/media?parent=82165"}],"wp:term":[{"taxonomy":"category","embeddable":true,"href":"https:\/\/lasprimeras.com.do\/index.php\/wp-json\/wp\/v2\/categories?post=82165"},{"taxonomy":"post_tag","embeddable":true,"href":"https:\/\/lasprimeras.com.do\/index.php\/wp-json\/wp\/v2\/tags?post=82165"}],"curies":[{"name":"wp","href":"https:\/\/api.w.org\/{rel}","templated":true}]}}