{"id":82189,"date":"2024-04-29T21:00:36","date_gmt":"2024-04-30T01:00:36","guid":{"rendered":"https:\/\/lasprimeras.com.do\/?p=82189"},"modified":"2024-04-29T21:00:37","modified_gmt":"2024-04-30T01:00:37","slug":"hector-acosta-a-la-oposicion-que-mastiquen-y-traguen-que-el-19-de-mayo-se-mueren","status":"publish","type":"post","link":"https:\/\/lasprimeras.com.do\/index.php\/2024\/04\/29\/hector-acosta-a-la-oposicion-que-mastiquen-y-traguen-que-el-19-de-mayo-se-mueren\/","title":{"rendered":"H\u00e9ctor Acosta: A la oposici\u00f3n que mastiquen y traguen que el 19 de mayo se mueren"},"content":{"rendered":"\n<p>El senador por la provincia Monse\u00f1or Nouel y quien aspira a la misma posici\u00f3n, H\u00e9ctor Acosta &#8220;El Torito&#8221;, valor\u00f3 la obra de gobierno del presidente Luis Abinader en favor del pueblo dominicano.<\/p>\n\n\n\n<p>Acosta manifest\u00f3 que las actuales autoridades no le dan la espalda a su gente y que seguir\u00e1n luchando para que todo siga en el orden divino de Dios.<\/p>\n\n\n\n<p>El dirigente perremeista, advirti\u00f3 a la oposici\u00f3n que mastiquen y traguen que el 19 de mayo se mueren.<\/p>\n\n\n\n<p>Tambi\u00e9n, el alcalde del municipio de Bonao, Heberto N\u00fa\u00f1ez, afirm\u00f3 que la boleta al congreso que lleva el PRM en Monse\u00f1or Nouel, es la m\u00e1s completa del pa\u00eds.<\/p>\n\n\n\n<p>Agradeci\u00f3 el apoyo del presidente Abinader a su gesti\u00f3n al frente de la alcald\u00eda del municipio de Bonao el cual fue con m\u00e1s de un 70 por ciento e invit\u00f3 a todos a hacer lo propio con los votos hacia Abinader.<\/p>\n\n\n\n<p>El l\u00edder del PRM fue esperado por la enorme multitud donde tambi\u00e9n se encontraban los candidatos a diputados, Norberto Ortiz,&nbsp; Orlando Mart\u00ednez y Mar\u00eda Mercedes Fern\u00e1ndez.<\/p>\n","protected":false},"excerpt":{"rendered":"<p>El senador por la provincia Monse\u00f1or Nouel y quien aspira a la misma posici\u00f3n, H\u00e9ctor Acosta &#8220;El Torito&#8221;, valor\u00f3 la obra de gobierno del presidente Luis Abinader en favor del&hellip;<\/p>\n","protected":false},"author":2,"featured_media":82190,"comment_status":"open","ping_status":"open","sticky":false,"template":"","format":"standard","meta":{"content-type":"","jetpack_post_was_ever_published":false,"_jetpack_newsletter_access":"","_jetpack_dont_email_post_to_subs":false,"_jetpack_newsletter_tier_id":0,"_jetpack_memberships_contains_paywalled_content":false,"_jetpack_memberships_contains_paid_content":false,"footnotes":""},"categories":[1],"tags":[12243,4975,12734,238,341,12733],"class_list":["post-82189","post","type-post","status-publish","format-standard","has-post-thumbnail","hentry","category-sin-categoria","tag-19-de-mayo","tag-hector-acosta","tag-mastiquen","tag-mueren","tag-oposicion","tag-traguen"],"jetpack_featured_media_url":"https:\/\/lasprimeras.com.do\/wp-content\/uploads\/2024\/04\/Hector-Acosta.jpg","jetpack-related-posts":[{"id":127348,"url":"https:\/\/lasprimeras.com.do\/index.php\/2026\/04\/10\/bonao-se-moviliza-mas-de-2000-personas-dialogan-en-encuentro-con-superate-para-fortalecer-su-bienestar\/","url_meta":{"origin":82189,"position":0},"title":"Bonao se moviliza: M\u00e1s de 2000 personas dialogan en encuentro con Sup\u00e9rate para fortalecer su bienestar","author":"Nelson Feliz","date":"10 de abril de 2026","format":false,"excerpt":"Los diferentes subsidios otorgados por la entidad impactan la calidad de vida de m\u00e1s de 22 mil familias en la provincia Monse\u00f1or Nouel. La Direcci\u00f3n de Desarrollo Social Sup\u00e9rate desarroll\u00f3 este viernes un encuentro con familias beneficiarias de los programas de protecci\u00f3n social en el municipio de Bonao, provincia Monse\u00f1or\u2026","rel":"","context":"En \u00abECONOM\u00cdA\u00bb","block_context":{"text":"ECONOM\u00cdA","link":"https:\/\/lasprimeras.com.do\/index.php\/category\/economia\/"},"img":{"alt_text":"La directora general de Sup\u00e9rate, Mayra Jim\u00e9nez, junto al senador de la provincia H\u00e9ctor Acosta, autoridades locales y comunitarios durante encuentro comunitario en Bonao.","src":"https:\/\/i0.wp.com\/lasprimeras.com.do\/wp-content\/uploads\/2026\/04\/La-directora-general-de-Superate-Mayra-Jimenez-junto-al-senador-de-la-provincia-Hector-Acosta-autoridades-locales-y-comunitarios-durante-encuentro-comunitario-en-Bonao.jpg?resize=350%2C200&ssl=1","width":350,"height":200,"srcset":"https:\/\/i0.wp.com\/lasprimeras.com.do\/wp-content\/uploads\/2026\/04\/La-directora-general-de-Superate-Mayra-Jimenez-junto-al-senador-de-la-provincia-Hector-Acosta-autoridades-locales-y-comunitarios-durante-encuentro-comunitario-en-Bonao.jpg?resize=350%2C200&ssl=1 1x, https:\/\/i0.wp.com\/lasprimeras.com.do\/wp-content\/uploads\/2026\/04\/La-directora-general-de-Superate-Mayra-Jimenez-junto-al-senador-de-la-provincia-Hector-Acosta-autoridades-locales-y-comunitarios-durante-encuentro-comunitario-en-Bonao.jpg?resize=525%2C300&ssl=1 1.5x, https:\/\/i0.wp.com\/lasprimeras.com.do\/wp-content\/uploads\/2026\/04\/La-directora-general-de-Superate-Mayra-Jimenez-junto-al-senador-de-la-provincia-Hector-Acosta-autoridades-locales-y-comunitarios-durante-encuentro-comunitario-en-Bonao.jpg?resize=700%2C400&ssl=1 2x"},"classes":[]},{"id":127458,"url":"https:\/\/lasprimeras.com.do\/index.php\/2026\/04\/12\/carolina-recibe-contundente-respaldo-de-estructura-del-prm-en-monsenor-nouel\/","url_meta":{"origin":82189,"position":1},"title":"Carolina recibe contundente respaldo de estructura del PRM en Monse\u00f1or Nouel","author":"Nelson Feliz","date":"12 de abril de 2026","format":false,"excerpt":"\u2022H\u00e9ctor Acosta y Norberto Ortiz aseguran que Carolina cuenta con el 100% del apoyo en la provincia Carolina Mej\u00eda recibi\u00f3 un contundente respaldo de la estructura pol\u00edtica del Partido Revolucionario Moderno (PRM) en la provincia Monse\u00f1or Nouel, en un encuentro encabezado por el senador H\u00e9ctor Acosta (El Torito) y el\u2026","rel":"","context":"En \u00abPOLITICA\u00bb","block_context":{"text":"POLITICA","link":"https:\/\/lasprimeras.com.do\/index.php\/category\/politica\/"},"img":{"alt_text":"Carolina Mej\u00eda","src":"https:\/\/i0.wp.com\/lasprimeras.com.do\/wp-content\/uploads\/2026\/04\/Carolina-Mejia.jpg?resize=350%2C200&ssl=1","width":350,"height":200,"srcset":"https:\/\/i0.wp.com\/lasprimeras.com.do\/wp-content\/uploads\/2026\/04\/Carolina-Mejia.jpg?resize=350%2C200&ssl=1 1x, https:\/\/i0.wp.com\/lasprimeras.com.do\/wp-content\/uploads\/2026\/04\/Carolina-Mejia.jpg?resize=525%2C300&ssl=1 1.5x, https:\/\/i0.wp.com\/lasprimeras.com.do\/wp-content\/uploads\/2026\/04\/Carolina-Mejia.jpg?resize=700%2C400&ssl=1 2x"},"classes":[]},{"id":117420,"url":"https:\/\/lasprimeras.com.do\/index.php\/2025\/12\/10\/gobierno-entrega-certificaciones-para-importantes-obras-comunitarias-en-monsenor-nouel\/","url_meta":{"origin":82189,"position":2},"title":"Gobierno entrega certificaciones para importantes obras comunitarias en Monse\u00f1or Nouel","author":"Nelson Feliz","date":"10 de diciembre de 2025","format":false,"excerpt":"El ministro administrativo de la Presidencia, Andr\u00e9s Bautista Garc\u00eda, encabez\u00f3 junto a la gobernadora provincial Adela Tejada, tres actos de entrega de certificaciones para la ejecuci\u00f3n de diversas obras demandadas por los residentes de los distritos municipales Sabana del Puerto y La Salvia\u2013Los Quemados, as\u00ed como del municipio Bonao, provincia\u2026","rel":"","context":"En \u00abNACIONALES\u00bb","block_context":{"text":"NACIONALES","link":"https:\/\/lasprimeras.com.do\/index.php\/category\/nacionales\/"},"img":{"alt_text":"","src":"https:\/\/i0.wp.com\/lasprimeras.com.do\/wp-content\/uploads\/2025\/12\/Luis-5.jpg?resize=350%2C200&ssl=1","width":350,"height":200,"srcset":"https:\/\/i0.wp.com\/lasprimeras.com.do\/wp-content\/uploads\/2025\/12\/Luis-5.jpg?resize=350%2C200&ssl=1 1x, https:\/\/i0.wp.com\/lasprimeras.com.do\/wp-content\/uploads\/2025\/12\/Luis-5.jpg?resize=525%2C300&ssl=1 1.5x, https:\/\/i0.wp.com\/lasprimeras.com.do\/wp-content\/uploads\/2025\/12\/Luis-5.jpg?resize=700%2C400&ssl=1 2x"},"classes":[]},{"id":55255,"url":"https:\/\/lasprimeras.com.do\/index.php\/2023\/07\/19\/hector-acosta-niega-estar-pensando-salir-prm\/","url_meta":{"origin":82189,"position":3},"title":"H\u00e9ctor Acosta niega estar pensando salir PRM","author":"Nelson Feliz","date":"19 de julio de 2023","format":false,"excerpt":"El senador por la provincia Monse\u00f1or Nouel, H\u00e9ctor Acosta, neg\u00f3 que est\u00e9 pensando salir del Partido Revolucionario Moderno (PRM), como se ha estado comentando en algunos medios de comunicaci\u00f3n y las redes sociales. \u00abYo no soy un tr\u00e1nsfuga. Yo tengo valores morales y lo m\u00e1s grande que tengo es la\u2026","rel":"","context":"En \u00abPORTADA\u00bb","block_context":{"text":"PORTADA","link":"https:\/\/lasprimeras.com.do\/index.php\/category\/portada\/"},"img":{"alt_text":"H\u00e9ctor Acosta","src":"https:\/\/i0.wp.com\/lasprimeras.com.do\/wp-content\/uploads\/2023\/07\/Hector-Acosta.jpg?resize=350%2C200&ssl=1","width":350,"height":200,"srcset":"https:\/\/i0.wp.com\/lasprimeras.com.do\/wp-content\/uploads\/2023\/07\/Hector-Acosta.jpg?resize=350%2C200&ssl=1 1x, https:\/\/i0.wp.com\/lasprimeras.com.do\/wp-content\/uploads\/2023\/07\/Hector-Acosta.jpg?resize=525%2C300&ssl=1 1.5x, https:\/\/i0.wp.com\/lasprimeras.com.do\/wp-content\/uploads\/2023\/07\/Hector-Acosta.jpg?resize=700%2C400&ssl=1 2x"},"classes":[]},{"id":50192,"url":"https:\/\/lasprimeras.com.do\/index.php\/2023\/05\/17\/hugo-beras-apertura-oficina-de-licencias-en-bonao\/","url_meta":{"origin":82189,"position":4},"title":"Hugo Beras apertura oficina de licencias en Bonao","author":"prenxa100","date":"17 de mayo de 2023","format":false,"excerpt":"El servicio estatal qued\u00f3 disponible para los residentes de Monse\u00f1or Nouel tras 40 a\u00f1os de espera. Monse\u00f1or Nouel.- El director ejecutivo del Intrant, Hugo Beras, dej\u00f3 habilitada la nueva oficina de Licencias de Conducir en en el municipio de Bonao. La oficina que est\u00e1 ubicada en la calle Aniana Vargas,\u2026","rel":"","context":"En \u00abNACIONALES\u00bb","block_context":{"text":"NACIONALES","link":"https:\/\/lasprimeras.com.do\/index.php\/category\/nacionales\/"},"img":{"alt_text":"","src":"","width":0,"height":0},"classes":[]},{"id":87797,"url":"https:\/\/lasprimeras.com.do\/index.php\/2024\/08\/17\/hector-acosta-agradece-apoyo-de-los-medios-de-comunicacion-durante-su-carrera-y-recuperacion-de-salud\/","url_meta":{"origin":82189,"position":5},"title":"H\u00e9ctor Acosta agradece apoyo de los Medios durante su carrera y salud","author":"Nelson Feliz","date":"17 de agosto de 2024","format":false,"excerpt":"El reconocido merenguero y senador H\u00e9ctor Acosta \"El Torito\", expres\u00f3 este s\u00e1bado su profundo agradecimiento a los medios de comunicaci\u00f3n de la Rep\u00fablica Dominicana por el constante apoyo recibido a lo largo de su carrera, especialmente en este a\u00f1o 2024, cuando enfrent\u00f3 un proceso de salud complicado. Acosta, quien regres\u00f3\u2026","rel":"","context":"En \u00abPORTADA\u00bb","block_context":{"text":"PORTADA","link":"https:\/\/lasprimeras.com.do\/index.php\/category\/portada\/"},"img":{"alt_text":"H\u00e9ctor Acosta","src":"https:\/\/i0.wp.com\/lasprimeras.com.do\/wp-content\/uploads\/2024\/08\/Hector-Acosta.jpg?resize=350%2C200&ssl=1","width":350,"height":200,"srcset":"https:\/\/i0.wp.com\/lasprimeras.com.do\/wp-content\/uploads\/2024\/08\/Hector-Acosta.jpg?resize=350%2C200&ssl=1 1x, https:\/\/i0.wp.com\/lasprimeras.com.do\/wp-content\/uploads\/2024\/08\/Hector-Acosta.jpg?resize=525%2C300&ssl=1 1.5x, https:\/\/i0.wp.com\/lasprimeras.com.do\/wp-content\/uploads\/2024\/08\/Hector-Acosta.jpg?resize=700%2C400&ssl=1 2x"},"classes":[]}],"jetpack_sharing_enabled":true,"_links":{"self":[{"href":"https:\/\/lasprimeras.com.do\/index.php\/wp-json\/wp\/v2\/posts\/82189","targetHints":{"allow":["GET"]}}],"collection":[{"href":"https:\/\/lasprimeras.com.do\/index.php\/wp-json\/wp\/v2\/posts"}],"about":[{"href":"https:\/\/lasprimeras.com.do\/index.php\/wp-json\/wp\/v2\/types\/post"}],"author":[{"embeddable":true,"href":"https:\/\/lasprimeras.com.do\/index.php\/wp-json\/wp\/v2\/users\/2"}],"replies":[{"embeddable":true,"href":"https:\/\/lasprimeras.com.do\/index.php\/wp-json\/wp\/v2\/comments?post=82189"}],"version-history":[{"count":1,"href":"https:\/\/lasprimeras.com.do\/index.php\/wp-json\/wp\/v2\/posts\/82189\/revisions"}],"predecessor-version":[{"id":82191,"href":"https:\/\/lasprimeras.com.do\/index.php\/wp-json\/wp\/v2\/posts\/82189\/revisions\/82191"}],"wp:featuredmedia":[{"embeddable":true,"href":"https:\/\/lasprimeras.com.do\/index.php\/wp-json\/wp\/v2\/media\/82190"}],"wp:attachment":[{"href":"https:\/\/lasprimeras.com.do\/index.php\/wp-json\/wp\/v2\/media?parent=82189"}],"wp:term":[{"taxonomy":"category","embeddable":true,"href":"https:\/\/lasprimeras.com.do\/index.php\/wp-json\/wp\/v2\/categories?post=82189"},{"taxonomy":"post_tag","embeddable":true,"href":"https:\/\/lasprimeras.com.do\/index.php\/wp-json\/wp\/v2\/tags?post=82189"}],"curies":[{"name":"wp","href":"https:\/\/api.w.org\/{rel}","templated":true}]}}