{"id":82192,"date":"2024-04-29T21:18:32","date_gmt":"2024-04-30T01:18:32","guid":{"rendered":"https:\/\/lasprimeras.com.do\/?p=82192"},"modified":"2024-04-29T21:18:33","modified_gmt":"2024-04-30T01:18:33","slug":"ocupan-106-libras-de-marihuana-en-azua-arrestan-dos-personas","status":"publish","type":"post","link":"https:\/\/lasprimeras.com.do\/index.php\/2024\/04\/29\/ocupan-106-libras-de-marihuana-en-azua-arrestan-dos-personas\/","title":{"rendered":"Ocupan 106 libras de marihuana en Azua; arrestan dos personas"},"content":{"rendered":"\n<p>Por Martin Restituyo<\/p>\n\n\n\n<p>Agentes del Ej\u00e9rcito de Rep\u00fablica Dominicana (ERD) y de la Direcci\u00f3n Nacional de Control de Drogas (DNCD), apresaron a dos personas y confiscaron 106 libras presumiblemente marihuana, durante una operaci\u00f3n de interdicci\u00f3n, realizada en la provincia de Azua.<\/p>\n\n\n\n<p>Los militares y agentes actuantes, abordaron a un hombre y una mujer que se trasladaban en un veh\u00edculo por el puesto de chequeo del kil\u00f3metro 15 de la referida demarcaci\u00f3n a quienes se le ocupo la mercanc\u00eda.<\/p>\n\n\n\n<p>En presencia de los detenidos y por instrucciones del fiscal, se procedi\u00f3 a requisar el veh\u00edculo, (marca Kia, placa A881085), encontrando debajo de los asientos, y en el ba\u00fal un bulto con 42 pacas, con un peso preliminar de 106 libras presumiblemente de marihuana.<\/p>\n\n\n\n<p>Los detenidos fueron referidos al Ministerio P\u00fablico de la provincia de Azua, mientras las autoridades ampl\u00edan las investigaciones para determinar si hay otros implicados en el caso.<\/p>\n\n\n\n<p>En el operativo se ocuparon tres celulares, RD$51,000.00 pesos en efectivo, documentos personales y otras evidencias.<\/p>\n\n\n\n<p>Las pacas del vegetal fueron enviadas al Instituto Nacional de Ciencias Forenses (INACIF) para los fines correspondientes.<\/p>\n","protected":false},"excerpt":{"rendered":"<p>Por Martin Restituyo Agentes del Ej\u00e9rcito de Rep\u00fablica Dominicana (ERD) y de la Direcci\u00f3n Nacional de Control de Drogas (DNCD), apresaron a dos personas y confiscaron 106 libras presumiblemente marihuana,&hellip;<\/p>\n","protected":false},"author":2,"featured_media":82193,"comment_status":"open","ping_status":"open","sticky":false,"template":"","format":"standard","meta":{"content-type":"","jetpack_post_was_ever_published":false,"_jetpack_newsletter_access":"","_jetpack_dont_email_post_to_subs":false,"_jetpack_newsletter_tier_id":0,"_jetpack_memberships_contains_paywalled_content":false,"_jetpack_memberships_contains_paid_content":false,"footnotes":""},"categories":[3057],"tags":[12735,1296,3707,638,6201],"class_list":["post-82192","post","type-post","status-publish","format-standard","has-post-thumbnail","hentry","category-militares","tag-arrestan-dos-personas","tag-azua","tag-dncd","tag-erd","tag-marihuana"],"jetpack_featured_media_url":"https:\/\/lasprimeras.com.do\/wp-content\/uploads\/2024\/04\/marihuana-1.jpg","jetpack-related-posts":[{"id":127171,"url":"https:\/\/lasprimeras.com.do\/index.php\/2026\/04\/09\/interceptan-en-azua-conductor-de-camion-con-151-paquetes-con-presunta-marihuana-sintetica\/","url_meta":{"origin":82192,"position":0},"title":"Interceptan en Azua, conductor de cami\u00f3n con 151 paquetes con presunta marihuana sint\u00e9tica","author":"Nelson Feliz","date":"9 de abril de 2026","format":false,"excerpt":"_La sustancia, empacada en fundas pl\u00e1sticas, estaba oculta debajo de varios huacales vac\u00edos en la parte trasera del veh\u00edculo_ Efectivos del Ej\u00e9rcito de Rep\u00fablica Dominicana (ERD) y agentes de la Direcci\u00f3n Nacional de Control de Drogas (DNCD), bajo la coordinaci\u00f3n del Ministerio P\u00fablico y dentro del reforzamiento de las operaciones\u2026","rel":"","context":"En \u00abMILITARES\u00bb","block_context":{"text":"MILITARES","link":"https:\/\/lasprimeras.com.do\/index.php\/category\/militares\/"},"img":{"alt_text":"","src":"https:\/\/i0.wp.com\/lasprimeras.com.do\/wp-content\/uploads\/2026\/04\/IMG-20260409-WA0371-scaled.jpg?resize=350%2C200&ssl=1","width":350,"height":200,"srcset":"https:\/\/i0.wp.com\/lasprimeras.com.do\/wp-content\/uploads\/2026\/04\/IMG-20260409-WA0371-scaled.jpg?resize=350%2C200&ssl=1 1x, https:\/\/i0.wp.com\/lasprimeras.com.do\/wp-content\/uploads\/2026\/04\/IMG-20260409-WA0371-scaled.jpg?resize=525%2C300&ssl=1 1.5x, https:\/\/i0.wp.com\/lasprimeras.com.do\/wp-content\/uploads\/2026\/04\/IMG-20260409-WA0371-scaled.jpg?resize=700%2C400&ssl=1 2x, https:\/\/i0.wp.com\/lasprimeras.com.do\/wp-content\/uploads\/2026\/04\/IMG-20260409-WA0371-scaled.jpg?resize=1050%2C600&ssl=1 3x, https:\/\/i0.wp.com\/lasprimeras.com.do\/wp-content\/uploads\/2026\/04\/IMG-20260409-WA0371-scaled.jpg?resize=1400%2C800&ssl=1 4x"},"classes":[]},{"id":112383,"url":"https:\/\/lasprimeras.com.do\/index.php\/2025\/10\/21\/decomisan-marihuana-escondida-en-un-vehiculo-en-las-matas-de-farfan\/","url_meta":{"origin":82192,"position":1},"title":"Decomisan marihuana escondida en un veh\u00edculo en Las Matas de Farf\u00e1n","author":"Nelson Feliz","date":"21 de octubre de 2025","format":false,"excerpt":"Dos hombres fueron detenidos durante el operativo. La droga fue encontrada en un tanque de combustible adaptado debajo del veh\u00edculo. El Ej\u00e9rcito de la Rep\u00fablica Dominicana de la comunidad de Matayaya, fueron detenidos dos individuos que transportaban dos pacas de un vegetal presumiblemente marihuana, ocultas debajo de un veh\u00edculo. El\u2026","rel":"","context":"En \u00abMILITARES\u00bb","block_context":{"text":"MILITARES","link":"https:\/\/lasprimeras.com.do\/index.php\/category\/militares\/"},"img":{"alt_text":"","src":"https:\/\/i0.wp.com\/lasprimeras.com.do\/wp-content\/uploads\/2025\/10\/0.jpg?resize=350%2C200&ssl=1","width":350,"height":200,"srcset":"https:\/\/i0.wp.com\/lasprimeras.com.do\/wp-content\/uploads\/2025\/10\/0.jpg?resize=350%2C200&ssl=1 1x, https:\/\/i0.wp.com\/lasprimeras.com.do\/wp-content\/uploads\/2025\/10\/0.jpg?resize=525%2C300&ssl=1 1.5x, https:\/\/i0.wp.com\/lasprimeras.com.do\/wp-content\/uploads\/2025\/10\/0.jpg?resize=700%2C400&ssl=1 2x"},"classes":[]},{"id":89210,"url":"https:\/\/lasprimeras.com.do\/index.php\/2024\/09\/19\/cesfront-dncd-e-instituciones-de-las-ffaa-ocupan-182-libras-de-marihuana-y-un-fusil-en-elias-pina\/","url_meta":{"origin":82192,"position":2},"title":"CESFRONT, DNCD e instituciones de las FFAA ocupan 182 libras de marihuana y un fusil en El\u00edas Pi\u00f1a","author":"Paola Castillo","date":"19 de septiembre de 2024","format":false,"excerpt":"Santo Domingo.- Efectivos del Cuerpo Especializado de Seguridad Fronteriza (CESFronT) y agentes de la Direcci\u00f3n Nacional de Control de Drogas (DNCD), coordinados por el Ministerio P\u00fablico, miembros del J-2, Direcci\u00f3n de Inteligencia del Estado Mayor Conjunto, MIDE, el Ej\u00e9rcito de Rep\u00fablica Dominicana (ERD), G-2, Direcci\u00f3n de Inteligencia del ERD, ocuparon\u2026","rel":"","context":"En \u00abNACIONALES\u00bb","block_context":{"text":"NACIONALES","link":"https:\/\/lasprimeras.com.do\/index.php\/category\/nacionales\/"},"img":{"alt_text":"","src":"https:\/\/i0.wp.com\/lasprimeras.com.do\/wp-content\/uploads\/2024\/09\/WhatsApp-Image-2024-09-19-at-2.11.57-PM.jpeg?resize=350%2C200&ssl=1","width":350,"height":200,"srcset":"https:\/\/i0.wp.com\/lasprimeras.com.do\/wp-content\/uploads\/2024\/09\/WhatsApp-Image-2024-09-19-at-2.11.57-PM.jpeg?resize=350%2C200&ssl=1 1x, https:\/\/i0.wp.com\/lasprimeras.com.do\/wp-content\/uploads\/2024\/09\/WhatsApp-Image-2024-09-19-at-2.11.57-PM.jpeg?resize=525%2C300&ssl=1 1.5x, https:\/\/i0.wp.com\/lasprimeras.com.do\/wp-content\/uploads\/2024\/09\/WhatsApp-Image-2024-09-19-at-2.11.57-PM.jpeg?resize=700%2C400&ssl=1 2x, https:\/\/i0.wp.com\/lasprimeras.com.do\/wp-content\/uploads\/2024\/09\/WhatsApp-Image-2024-09-19-at-2.11.57-PM.jpeg?resize=1050%2C600&ssl=1 3x, https:\/\/i0.wp.com\/lasprimeras.com.do\/wp-content\/uploads\/2024\/09\/WhatsApp-Image-2024-09-19-at-2.11.57-PM.jpeg?resize=1400%2C800&ssl=1 4x"},"classes":[]},{"id":118329,"url":"https:\/\/lasprimeras.com.do\/index.php\/2025\/12\/26\/ejercito-detiene-hombre-que-ocultaba-12-pacas-de-marihuana-en-san-juan-de-la-maguana\/","url_meta":{"origin":82192,"position":3},"title":"Ej\u00e9rcito detiene hombre que ocultaba 12 pacas de marihuana en San Juan de la Maguana","author":"Nelson Feliz","date":"26 de diciembre de 2025","format":false,"excerpt":"El detenido transportaba la sustancia, de un peso aproximado de m\u00e1s de 78 libras, en compartimentos secretos de una jeepeta cuando fue interceptado por soldados del ERD. Soldados del Ej\u00e9rcito de Rep\u00fablica Dominicana (ERD) de servicio en el Destacamento de Matayaya-San Juan de la Maguana, detuvieron a un ciudadano dominicano\u2026","rel":"","context":"En \u00abMILITARES\u00bb","block_context":{"text":"MILITARES","link":"https:\/\/lasprimeras.com.do\/index.php\/category\/militares\/"},"img":{"alt_text":"Ej\u00e9rcito de Rep\u00fablica Dominicana","src":"https:\/\/i0.wp.com\/lasprimeras.com.do\/wp-content\/uploads\/2025\/12\/erd-1-1.jpg?resize=350%2C200&ssl=1","width":350,"height":200,"srcset":"https:\/\/i0.wp.com\/lasprimeras.com.do\/wp-content\/uploads\/2025\/12\/erd-1-1.jpg?resize=350%2C200&ssl=1 1x, https:\/\/i0.wp.com\/lasprimeras.com.do\/wp-content\/uploads\/2025\/12\/erd-1-1.jpg?resize=525%2C300&ssl=1 1.5x, https:\/\/i0.wp.com\/lasprimeras.com.do\/wp-content\/uploads\/2025\/12\/erd-1-1.jpg?resize=700%2C400&ssl=1 2x"},"classes":[]},{"id":85147,"url":"https:\/\/lasprimeras.com.do\/index.php\/2024\/06\/23\/desmantelan-red-en-santiago-apresan-tres-y-confiscan-mas-de-500-libras-presumiblemente-marihuana\/","url_meta":{"origin":82192,"position":4},"title":"Desmantelan red en Santiago; apresan tres y confiscan m\u00e1s de 500 libras presumiblemente marihuana","author":"Nelson Feliz","date":"23 de junio de 2024","format":false,"excerpt":"Por Martin Restituyo Agentes de la Direcci\u00f3n Nacional de Control de Drogas (DNCD) y miembros de la Procuradur\u00eda Especializada de Anti-lavado de Activos y Financiamiento al Terrrorismo, ejecutaron cuatro allanamientos de manera simult\u00e1nea en la provincia de Santiago. En dichos allanamientos, apresaron a varias personas y ocuparon m\u00e1s de 500\u2026","rel":"","context":"En \u00abMILITARES\u00bb","block_context":{"text":"MILITARES","link":"https:\/\/lasprimeras.com.do\/index.php\/category\/militares\/"},"img":{"alt_text":"","src":"https:\/\/i0.wp.com\/lasprimeras.com.do\/wp-content\/uploads\/2024\/06\/marihuana-1.jpg?resize=350%2C200&ssl=1","width":350,"height":200,"srcset":"https:\/\/i0.wp.com\/lasprimeras.com.do\/wp-content\/uploads\/2024\/06\/marihuana-1.jpg?resize=350%2C200&ssl=1 1x, https:\/\/i0.wp.com\/lasprimeras.com.do\/wp-content\/uploads\/2024\/06\/marihuana-1.jpg?resize=525%2C300&ssl=1 1.5x, https:\/\/i0.wp.com\/lasprimeras.com.do\/wp-content\/uploads\/2024\/06\/marihuana-1.jpg?resize=700%2C400&ssl=1 2x"},"classes":[]},{"id":61832,"url":"https:\/\/lasprimeras.com.do\/index.php\/2023\/10\/01\/dncd-cupa-cargamento-de-mas-dos-mil-libras-de-marihuana-en-santiago\/","url_meta":{"origin":82192,"position":5},"title":"DNCD cupa cargamento de m\u00e1s dos mil libras de Marihuana en Santiago","author":"Nelson Feliz","date":"1 de octubre de 2023","format":false,"excerpt":"Por Wilson Perez Agentes de la Direcci\u00f3n Nacional de Control de Drogas (DNCD) y miembros del Ministerio P\u00fablico, desarticularon una estructura de narcotr\u00e1fico, durante varias intervenciones realizadas en la ciudad de Santiago, donde confiscaron un cargamento de m\u00e1s de dos mil (2,000) libras presumiblemente marihuana, veh\u00edculos, armas, prendas y dinero\u2026","rel":"","context":"En \u00abMILITARES\u00bb","block_context":{"text":"MILITARES","link":"https:\/\/lasprimeras.com.do\/index.php\/category\/militares\/"},"img":{"alt_text":"","src":"","width":0,"height":0},"classes":[]}],"jetpack_sharing_enabled":true,"_links":{"self":[{"href":"https:\/\/lasprimeras.com.do\/index.php\/wp-json\/wp\/v2\/posts\/82192","targetHints":{"allow":["GET"]}}],"collection":[{"href":"https:\/\/lasprimeras.com.do\/index.php\/wp-json\/wp\/v2\/posts"}],"about":[{"href":"https:\/\/lasprimeras.com.do\/index.php\/wp-json\/wp\/v2\/types\/post"}],"author":[{"embeddable":true,"href":"https:\/\/lasprimeras.com.do\/index.php\/wp-json\/wp\/v2\/users\/2"}],"replies":[{"embeddable":true,"href":"https:\/\/lasprimeras.com.do\/index.php\/wp-json\/wp\/v2\/comments?post=82192"}],"version-history":[{"count":1,"href":"https:\/\/lasprimeras.com.do\/index.php\/wp-json\/wp\/v2\/posts\/82192\/revisions"}],"predecessor-version":[{"id":82194,"href":"https:\/\/lasprimeras.com.do\/index.php\/wp-json\/wp\/v2\/posts\/82192\/revisions\/82194"}],"wp:featuredmedia":[{"embeddable":true,"href":"https:\/\/lasprimeras.com.do\/index.php\/wp-json\/wp\/v2\/media\/82193"}],"wp:attachment":[{"href":"https:\/\/lasprimeras.com.do\/index.php\/wp-json\/wp\/v2\/media?parent=82192"}],"wp:term":[{"taxonomy":"category","embeddable":true,"href":"https:\/\/lasprimeras.com.do\/index.php\/wp-json\/wp\/v2\/categories?post=82192"},{"taxonomy":"post_tag","embeddable":true,"href":"https:\/\/lasprimeras.com.do\/index.php\/wp-json\/wp\/v2\/tags?post=82192"}],"curies":[{"name":"wp","href":"https:\/\/api.w.org\/{rel}","templated":true}]}}