{"id":82195,"date":"2024-04-29T21:30:25","date_gmt":"2024-04-30T01:30:25","guid":{"rendered":"https:\/\/lasprimeras.com.do\/?p=82195"},"modified":"2024-04-29T21:30:26","modified_gmt":"2024-04-30T01:30:26","slug":"museo-freddie-cabral-presenta-conferencia-las-palomas-de-la-guerra-de-juan-carlos-mieses","status":"publish","type":"post","link":"https:\/\/lasprimeras.com.do\/index.php\/2024\/04\/29\/museo-freddie-cabral-presenta-conferencia-las-palomas-de-la-guerra-de-juan-carlos-mieses\/","title":{"rendered":"Museo Freddie Cabral presenta conferencia las palomas de la guerra de Juan Carlos Mieses"},"content":{"rendered":"\n<p><strong>Anuncian creaci\u00f3n de Club de lectura.<\/strong><\/p>\n\n\n\n<p>El Museo Freddie Cabral realiz\u00f3 este s\u00e1bado la conferencia titulada Las palomas de La guerra, del literato dominicano Juan Carlos Mieses, Premio Nacional de Literatura 2024 de la Fundaci\u00f3n Corripio.<\/p>\n\n\n\n<p>La novela, basada en la Revoluci\u00f3n de abril del 1965, acontecida en la Rep\u00fablica Dominicana, es una obra deslumbrante, de mucha importancia en la carrera del escritor y para el pa\u00eds.<\/p>\n\n\n\n<p>Con una particularidad muy especial: inicia y se desarrolla en las inmediaciones del Museo Freddie Cabral donde se efectu\u00f3 la presentaci\u00f3n.<\/p>\n\n\n\n<p>Entre los presentes, se encuentran algunos protagonistas de la novela que son mis amigos de la infancia, no debo mencionar nombres ni lo que hac\u00edan, lo m\u00e1s importante es que forman parte de un proceso hist\u00f3rico irrepetible.<\/p>\n\n\n\n<p>Al inicio de la gesta yo viv\u00eda en la calle Charles Piet, la que llam\u00e1bamos Camino Chiquito, justamente en su intersecci\u00f3n con la calle Marcos Ad\u00f3n, en Villa Juana, ah\u00ed, hace 59 a\u00f1os, por sonidos inusuales comenc\u00e9&nbsp; a enterarme de lo que estaba sucediendo, marcando un punto de reflexi\u00f3n en mi vida y el inicio del trabajo literario, afirm\u00f3 Mieses.<\/p>\n\n\n\n<p>Parad\u00f3jicamente, despu\u00e9s de la construcci\u00f3n de la Avenida Quinto Centenario pas\u00f3 a ser parte del colindante Villa Consuelo.<\/p>\n\n\n\n<p>El escritor Eduardo Gautreaux tuvo una participaci\u00f3n, brillante, emotiva y enriquecedora: hizo una exposici\u00f3n completa de los sucesos basado en el libro, la importancia de la gesta heroica, los cambios generados tras la muerte de Trujillo y los aportes obtenidos por las acciones de muchos valientes comprometidos con la libertad y la democracia.<\/p>\n\n\n\n<p>El artista Freddie Cabral presidente del MUFRECA, agradeci\u00f3 a Juan Carlos Mieses, a Gautreau y los asistentes, por el inolvidable momento y por el logro de poner en escena a un creador del barrio que ha alcanzado un pelda\u00f1o honorable en la literatura latinoamericana.<\/p>\n\n\n\n<figure class=\"wp-block-image size-full is-resized\"><img decoding=\"async\" width=\"700\" height=\"434\" src=\"https:\/\/lasprimeras.com.do\/wp-content\/uploads\/2024\/04\/Freddie-Cabral.jpg\" alt=\"\" class=\"wp-image-82197\" style=\"width:840px;height:auto\" srcset=\"https:\/\/lasprimeras.com.do\/wp-content\/uploads\/2024\/04\/Freddie-Cabral.jpg 700w, https:\/\/lasprimeras.com.do\/wp-content\/uploads\/2024\/04\/Freddie-Cabral-300x186.jpg 300w\" sizes=\"(max-width: 700px) 100vw, 700px\" \/><\/figure>\n\n\n\n<p>Asimismo, Cabral desvel\u00f3 un p\u00f3dium met\u00e1lico de su autor\u00eda realizado especialmente para que Juan Carlos, su amigo de la ni\u00f1ez lo estrenara, la pieza, adem\u00e1s de su funci\u00f3n, es una valiosa obra escult\u00f3rica de un artista que por la forma de trabajar los minerales le llaman el Rey del metal.<\/p>\n\n\n\n<p>Finalmente, Isael P\u00e9rez de la Editora Santuario, consciente del aporte enriquecedor de la lectura, anunci\u00f3 la creaci\u00f3n del Club de lectura Freddie Cabral, que funcionar\u00e1 los \u00faltimos mi\u00e9rcoles de cada mes, en el museo omn\u00edmodo, la primera actividad ser\u00e1 el 29 de mayo, a las 6:30 p.m. en la Avenida Quinto Centenario esquina Jos\u00e9 de Jes\u00fas Ravelo.&nbsp;<\/p>\n","protected":false},"excerpt":{"rendered":"<p>Anuncian creaci\u00f3n de Club de lectura. El Museo Freddie Cabral realiz\u00f3 este s\u00e1bado la conferencia titulada Las palomas de La guerra, del literato dominicano Juan Carlos Mieses, Premio Nacional de&hellip;<\/p>\n","protected":false},"author":2,"featured_media":82196,"comment_status":"open","ping_status":"open","sticky":false,"template":"","format":"standard","meta":{"content-type":"","jetpack_post_was_ever_published":false,"_jetpack_newsletter_access":"","_jetpack_dont_email_post_to_subs":false,"_jetpack_newsletter_tier_id":0,"_jetpack_memberships_contains_paywalled_content":false,"_jetpack_memberships_contains_paid_content":false,"footnotes":""},"categories":[84],"tags":[667,9523,2060,12738,12737,12736],"class_list":["post-82195","post","type-post","status-publish","format-standard","has-post-thumbnail","hentry","category-entretenimiento","tag-conferencia","tag-freddie-cabral","tag-guerra","tag-juan-carlos-mieses","tag-las-palomas","tag-museo"],"jetpack_featured_media_url":"https:\/\/lasprimeras.com.do\/wp-content\/uploads\/2024\/04\/Juan-Carlos-Mieses.jpg","jetpack-related-posts":[{"id":84340,"url":"https:\/\/lasprimeras.com.do\/index.php\/2024\/06\/06\/museo-freddie-cabral-y-editora-santuario-estrenan-club-de-lectores\/","url_meta":{"origin":82195,"position":0},"title":"Museo Freddie Cabral y Editora Santuario estrenan Club de Lectores","author":"Nelson Feliz","date":"6 de junio de 2024","format":false,"excerpt":"Por: Elena Acevedo R. En un ambiente de mucha alegr\u00eda y confraternidad con diferentes escritores dominicanos y amantes de la literatura, se reunieron en el Museo Freddie Cabral para presentar sus libros, recitar y leer poemas, en una noche en que las arm\u00f3nicas palabras pronunciadas hicieron so\u00f1ar despiertos a la\u2026","rel":"","context":"En \u00abENTRETENIMIENTO\u00bb","block_context":{"text":"ENTRETENIMIENTO","link":"https:\/\/lasprimeras.com.do\/index.php\/category\/entretenimiento\/"},"img":{"alt_text":"Museo Freddie Cabral","src":"https:\/\/i0.wp.com\/lasprimeras.com.do\/wp-content\/uploads\/2024\/06\/Museo-Freddie-Cabral-1.jpg?resize=350%2C200&ssl=1","width":350,"height":200,"srcset":"https:\/\/i0.wp.com\/lasprimeras.com.do\/wp-content\/uploads\/2024\/06\/Museo-Freddie-Cabral-1.jpg?resize=350%2C200&ssl=1 1x, https:\/\/i0.wp.com\/lasprimeras.com.do\/wp-content\/uploads\/2024\/06\/Museo-Freddie-Cabral-1.jpg?resize=525%2C300&ssl=1 1.5x"},"classes":[]},{"id":59415,"url":"https:\/\/lasprimeras.com.do\/index.php\/2023\/09\/03\/la-fundacion-fusion-y-el-museo-freddie-cabral-dejan-clausurado-taller\/","url_meta":{"origin":82195,"position":1},"title":"La Fundaci\u00f3n FUSI\u00d3N y el Museo Freddie Cabral, dejan clausurado taller","author":"Nelson Feliz","date":"3 de septiembre de 2023","format":false,"excerpt":"FUSI\u00d3N entrega certificados a participantes Por: Elena Acevedo La Fundaci\u00f3n Inclusi\u00f3n Social (FUSI\u00d3N), y el Museo Freddie Cabral, clausuraron este s\u00e1bado, el taller de talla en madera titulado \"0+0+0\", auspiciado por la Fundaci\u00f3n Inari, con el objetivo de que los participantes puedan realizar una obra en esa materia, desde la\u2026","rel":"","context":"En \u00abENTRETENIMIENTO\u00bb","block_context":{"text":"ENTRETENIMIENTO","link":"https:\/\/lasprimeras.com.do\/index.php\/category\/entretenimiento\/"},"img":{"alt_text":"Museo Freddie Cabral","src":"https:\/\/i0.wp.com\/lasprimeras.com.do\/wp-content\/uploads\/2023\/09\/Museo-Freddie-Cabral-1.jpg?resize=350%2C200&ssl=1","width":350,"height":200,"srcset":"https:\/\/i0.wp.com\/lasprimeras.com.do\/wp-content\/uploads\/2023\/09\/Museo-Freddie-Cabral-1.jpg?resize=350%2C200&ssl=1 1x, https:\/\/i0.wp.com\/lasprimeras.com.do\/wp-content\/uploads\/2023\/09\/Museo-Freddie-Cabral-1.jpg?resize=525%2C300&ssl=1 1.5x, https:\/\/i0.wp.com\/lasprimeras.com.do\/wp-content\/uploads\/2023\/09\/Museo-Freddie-Cabral-1.jpg?resize=700%2C400&ssl=1 2x"},"classes":[]},{"id":67398,"url":"https:\/\/lasprimeras.com.do\/index.php\/2023\/11\/15\/exposicion-de-pintura-de-freddie-cabral\/","url_meta":{"origin":82195,"position":2},"title":"Exposici\u00f3n de pintura de Freddie Cabral","author":"Nelson Feliz","date":"15 de noviembre de 2023","format":false,"excerpt":"El Museo Freddie Cabral inaugura este jueves la exposici\u00f3n titulada: \"Lib\u00e9rrimas\", del maestro de las artes pl\u00e1sticas, presidente de la entidad que lleva su nombre, donde ser\u00e1 presentada la muestra. Lib\u00e9rrimas es una individual compuesta por 31 obras pintadas en \u00f3leo y acr\u00edlica sobre tela, en peque\u00f1os, medianos y grandes\u2026","rel":"","context":"En \u00abENTRETENIMIENTO\u00bb","block_context":{"text":"ENTRETENIMIENTO","link":"https:\/\/lasprimeras.com.do\/index.php\/category\/entretenimiento\/"},"img":{"alt_text":"Exposici\u00f3n de pintura de Freddie Cabral","src":"https:\/\/i0.wp.com\/lasprimeras.com.do\/wp-content\/uploads\/2023\/11\/Exposicion-de-pintura-de-Freddie-Cabral.jpg?resize=350%2C200&ssl=1","width":350,"height":200,"srcset":"https:\/\/i0.wp.com\/lasprimeras.com.do\/wp-content\/uploads\/2023\/11\/Exposicion-de-pintura-de-Freddie-Cabral.jpg?resize=350%2C200&ssl=1 1x, https:\/\/i0.wp.com\/lasprimeras.com.do\/wp-content\/uploads\/2023\/11\/Exposicion-de-pintura-de-Freddie-Cabral.jpg?resize=525%2C300&ssl=1 1.5x, https:\/\/i0.wp.com\/lasprimeras.com.do\/wp-content\/uploads\/2023\/11\/Exposicion-de-pintura-de-Freddie-Cabral.jpg?resize=700%2C400&ssl=1 2x"},"classes":[]},{"id":56264,"url":"https:\/\/lasprimeras.com.do\/index.php\/2023\/07\/30\/fundaciones-fusion-e-igneri-inician-taller-de-escultura-en-el-museo-freddie-cabral\/","url_meta":{"origin":82195,"position":3},"title":"Fundaciones Fusi\u00f3n e Igneri inician taller de escultura en el Museo Freddie Cabral","author":"Nelson Feliz","date":"30 de julio de 2023","format":false,"excerpt":"Por: Elena Acevedo R. El Museo Freddie Cabral inici\u00f3 este s\u00e1bado el taller de talla en madera titulado \"0+0+0\", auspiciado por las fundaciones Fusi\u00f3n, que dirige la artista Carmen In\u00e9s Bencosme e Igneri, presidida por el maestro Thimo Pimentel, dirigido a principiantes. Con el objetivo de que los participantes puedan\u2026","rel":"","context":"En \u00abENTRETENIMIENTO\u00bb","block_context":{"text":"ENTRETENIMIENTO","link":"https:\/\/lasprimeras.com.do\/index.php\/category\/entretenimiento\/"},"img":{"alt_text":"Escultura en Madera","src":"https:\/\/i0.wp.com\/lasprimeras.com.do\/wp-content\/uploads\/2023\/07\/Escultura-en-Madera.jpg?resize=350%2C200&ssl=1","width":350,"height":200,"srcset":"https:\/\/i0.wp.com\/lasprimeras.com.do\/wp-content\/uploads\/2023\/07\/Escultura-en-Madera.jpg?resize=350%2C200&ssl=1 1x, https:\/\/i0.wp.com\/lasprimeras.com.do\/wp-content\/uploads\/2023\/07\/Escultura-en-Madera.jpg?resize=525%2C300&ssl=1 1.5x, https:\/\/i0.wp.com\/lasprimeras.com.do\/wp-content\/uploads\/2023\/07\/Escultura-en-Madera.jpg?resize=700%2C400&ssl=1 2x"},"classes":[]},{"id":68574,"url":"https:\/\/lasprimeras.com.do\/index.php\/2023\/11\/25\/inauguran-primera-exposicion-de-pintura-de-freddie-cabral-en-republica-dominicana-por-elena-acevedo\/","url_meta":{"origin":82195,"position":4},"title":"Inauguran primera exposici\u00f3n de pintura de Freddie Cabral en Rep\u00fablica Dominicana","author":"BIMARY DE JES\u00daS Matos","date":"25 de noviembre de 2023","format":false,"excerpt":"Por: Elena Acevedo Santo Domingo. - El Museo Freddie Cabral dej\u00f3 inaugurada recientemente la exposici\u00f3n \"Lib\u00e9rrimas\", d\u00f3nde quedaron expuestas al p\u00fablico 31 obras en diferentes formatos del maestro de las artes pl\u00e1sticas Freddie Cabral, presidente de la entidad que lleva su nombre. Iniciando la actividad, Elena Acevedo, directora del museo,\u2026","rel":"","context":"En \u00abNACIONALES\u00bb","block_context":{"text":"NACIONALES","link":"https:\/\/lasprimeras.com.do\/index.php\/category\/nacionales\/"},"img":{"alt_text":"","src":"https:\/\/i0.wp.com\/lasprimeras.com.do\/wp-content\/uploads\/2023\/11\/WhatsApp-Image-2023-11-25-at-5.11.15-PM-1.jpeg?resize=350%2C200&ssl=1","width":350,"height":200,"srcset":"https:\/\/i0.wp.com\/lasprimeras.com.do\/wp-content\/uploads\/2023\/11\/WhatsApp-Image-2023-11-25-at-5.11.15-PM-1.jpeg?resize=350%2C200&ssl=1 1x, https:\/\/i0.wp.com\/lasprimeras.com.do\/wp-content\/uploads\/2023\/11\/WhatsApp-Image-2023-11-25-at-5.11.15-PM-1.jpeg?resize=525%2C300&ssl=1 1.5x, https:\/\/i0.wp.com\/lasprimeras.com.do\/wp-content\/uploads\/2023\/11\/WhatsApp-Image-2023-11-25-at-5.11.15-PM-1.jpeg?resize=700%2C400&ssl=1 2x"},"classes":[]},{"id":75118,"url":"https:\/\/lasprimeras.com.do\/index.php\/2024\/01\/29\/conversatorio-sobre-la-exposicion-liberrimas-del-pintor-freddie-cabral\/","url_meta":{"origin":82195,"position":5},"title":"Conversatorio sobre la exposici\u00f3n Lib\u00e9rrimas del pintor Freddie Cabral","author":"Nelson Feliz","date":"29 de enero de 2024","format":false,"excerpt":"Por: Elena Acevedo El Museo Freddie Cabral realiz\u00f3 este s\u00e1bado el Conversatorio titulado: Lib\u00e9rrimas s\u00f3lo las aves, en el que se analiz\u00f3 la primera exposici\u00f3n individual de pintura en la Rep\u00fablica Dominicana del connotado artista Freddie Cabral, a cargo de la maestra Olga Espinal, catedr\u00e1tica em\u00e9rita de la Facultad de\u2026","rel":"","context":"En \u00abENTRETENIMIENTO\u00bb","block_context":{"text":"ENTRETENIMIENTO","link":"https:\/\/lasprimeras.com.do\/index.php\/category\/entretenimiento\/"},"img":{"alt_text":"Museo Freddie Cabral","src":"https:\/\/i0.wp.com\/lasprimeras.com.do\/wp-content\/uploads\/2024\/01\/Museo-Freddie-Cabral.jpg?resize=350%2C200&ssl=1","width":350,"height":200,"srcset":"https:\/\/i0.wp.com\/lasprimeras.com.do\/wp-content\/uploads\/2024\/01\/Museo-Freddie-Cabral.jpg?resize=350%2C200&ssl=1 1x, https:\/\/i0.wp.com\/lasprimeras.com.do\/wp-content\/uploads\/2024\/01\/Museo-Freddie-Cabral.jpg?resize=525%2C300&ssl=1 1.5x, https:\/\/i0.wp.com\/lasprimeras.com.do\/wp-content\/uploads\/2024\/01\/Museo-Freddie-Cabral.jpg?resize=700%2C400&ssl=1 2x"},"classes":[]}],"jetpack_sharing_enabled":true,"_links":{"self":[{"href":"https:\/\/lasprimeras.com.do\/index.php\/wp-json\/wp\/v2\/posts\/82195","targetHints":{"allow":["GET"]}}],"collection":[{"href":"https:\/\/lasprimeras.com.do\/index.php\/wp-json\/wp\/v2\/posts"}],"about":[{"href":"https:\/\/lasprimeras.com.do\/index.php\/wp-json\/wp\/v2\/types\/post"}],"author":[{"embeddable":true,"href":"https:\/\/lasprimeras.com.do\/index.php\/wp-json\/wp\/v2\/users\/2"}],"replies":[{"embeddable":true,"href":"https:\/\/lasprimeras.com.do\/index.php\/wp-json\/wp\/v2\/comments?post=82195"}],"version-history":[{"count":1,"href":"https:\/\/lasprimeras.com.do\/index.php\/wp-json\/wp\/v2\/posts\/82195\/revisions"}],"predecessor-version":[{"id":82198,"href":"https:\/\/lasprimeras.com.do\/index.php\/wp-json\/wp\/v2\/posts\/82195\/revisions\/82198"}],"wp:featuredmedia":[{"embeddable":true,"href":"https:\/\/lasprimeras.com.do\/index.php\/wp-json\/wp\/v2\/media\/82196"}],"wp:attachment":[{"href":"https:\/\/lasprimeras.com.do\/index.php\/wp-json\/wp\/v2\/media?parent=82195"}],"wp:term":[{"taxonomy":"category","embeddable":true,"href":"https:\/\/lasprimeras.com.do\/index.php\/wp-json\/wp\/v2\/categories?post=82195"},{"taxonomy":"post_tag","embeddable":true,"href":"https:\/\/lasprimeras.com.do\/index.php\/wp-json\/wp\/v2\/tags?post=82195"}],"curies":[{"name":"wp","href":"https:\/\/api.w.org\/{rel}","templated":true}]}}