{"id":82205,"date":"2024-04-29T22:24:02","date_gmt":"2024-04-30T02:24:02","guid":{"rendered":"https:\/\/lasprimeras.com.do\/?p=82205"},"modified":"2024-04-29T22:24:04","modified_gmt":"2024-04-30T02:24:04","slug":"ingrid-mendoza-encabeza-acto-de-masivo-de-la-fuerza-del-pueblo-en-barcelona","status":"publish","type":"post","link":"https:\/\/lasprimeras.com.do\/index.php\/2024\/04\/29\/ingrid-mendoza-encabeza-acto-de-masivo-de-la-fuerza-del-pueblo-en-barcelona\/","title":{"rendered":"Ingrid Mendoza encabeza acto de masivo de la Fuerza del Pueblo en Barcelona"},"content":{"rendered":"\n<p>ESPA\u00d1A: La candidata a la Vicepresidencia de la Rep\u00fablica por el partido Fuerza del Pueblo, Ingrid Mendoza, encabez\u00f3 un acto masivo con la estructura partidaria de Catalu\u00f1a, de cara a las elecciones del 19 de mayo del 2024.<\/p>\n\n\n\n<p>El evento se efectu\u00f3 en la sede de las Comisiones Obreras de Barcelona, cont\u00f3 con la participaci\u00f3n de unos 300 dirigentes de toda la regi\u00f3n catalana.<\/p>\n\n\n\n<p>Mendoza, en su intervenci\u00f3n, se refiri\u00f3 en la importancia de acudir masivamente a las urnas en las elecciones venideras, para elegir a nuestros diputados de ultramar y a Leonel Fern\u00e1ndez como pr\u00f3ximo presidente de la Rep\u00fablica Dominicana, para el cuatrienio 2024-2028.<\/p>\n\n\n\n<p>Insisti\u00f3 en que la clave de nuestra organizaci\u00f3n partidaria es en la unidad interna, frente a las adversidades que se presentan por parte de nuestros adversarios pol\u00edticos. \u201cEl desaf\u00edo no est\u00e1 a lo interno de la organizaci\u00f3n, est\u00e1 fuera de nosotros, en nuestros adversarios\u201d.<\/p>\n\n\n\n<p>De su parte, el miembro de la Direcci\u00f3n Pol\u00edtica de la Fuerza del Pueblo, y presidente del Sector Externo con Leonel, Dr. Roberto Rosario M\u00e1rquez, se\u00f1al\u00f3 que el principal aval que tiene el partido ante el electorado, son las obras de gobierno del Presidente Fern\u00e1ndez y su propuesta de gesti\u00f3n p\u00fablica de cara al cuatrienio 2024-2028.<\/p>\n\n\n\n<p>En el acto intervinieron el Dr. Inocencio P\u00e9rez, presidente de la FP en Barcelona; los candidatos a diputados Rosemary L\u00f3pez y Rafael Dom\u00ednguez, quienes fueron proclamados por Ingrid Mendoza.<\/p>\n\n\n\n<p>En la mesa principal estuvieron, conjuntamente, el Ing. C\u00e9sar Fern\u00e1ndez, miembro de la Direcci\u00f3n Pol\u00edtica y secretario de Propaganda; Marcos Cross, miembro de la Central de la FP y presidente coordinador de campa\u00f1a de la FP para Europa; Ignacio Duran, presidente de Catalu\u00f1a; y la compa\u00f1era Lucy Mart\u00ednez, vicepresidente de Europa y presidente de Suiza.<\/p>\n\n\n\n<p>Junto a Mendoza, Rosario y Fern\u00e1ndez, estuvieron presentes Rafael Guillermo Guzm\u00e1n Ferm\u00edn, vicepresidente del Sector Externo con Leonel; y, V\u00edctor Villanueva, enlace para Europa.<\/p>\n","protected":false},"excerpt":{"rendered":"<p>ESPA\u00d1A: La candidata a la Vicepresidencia de la Rep\u00fablica por el partido Fuerza del Pueblo, Ingrid Mendoza, encabez\u00f3 un acto masivo con la estructura partidaria de Catalu\u00f1a, de cara a&hellip;<\/p>\n","protected":false},"author":2,"featured_media":82206,"comment_status":"open","ping_status":"open","sticky":false,"template":"","format":"standard","meta":{"content-type":"","jetpack_post_was_ever_published":false,"_jetpack_newsletter_access":"","_jetpack_dont_email_post_to_subs":false,"_jetpack_newsletter_tier_id":0,"_jetpack_memberships_contains_paywalled_content":false,"_jetpack_memberships_contains_paid_content":false,"footnotes":""},"categories":[1],"tags":[12740,7434,158,12518],"class_list":["post-82205","post","type-post","status-publish","format-standard","has-post-thumbnail","hentry","category-sin-categoria","tag-acto-de-masivo","tag-barcelona","tag-fuerza-del-pueblo","tag-ingrid-mendoza"],"jetpack_featured_media_url":"https:\/\/lasprimeras.com.do\/wp-content\/uploads\/2024\/04\/Ingrid-Mendoza.jpg","jetpack-related-posts":[{"id":82390,"url":"https:\/\/lasprimeras.com.do\/index.php\/2024\/05\/02\/ingrid-mendoza-fue-recibida-por-decenas-de-dominicanos-en-ny\/","url_meta":{"origin":82205,"position":0},"title":"\u00cdngrid Mendoza fue recibida por decenas de dominicanos en NY","author":"BIMARY DE JES\u00daS Matos","date":"2 de mayo de 2024","format":false,"excerpt":"Por FRANCIS PEREZNUEVA YORK.- La candidata vicepresidencial del partido Fuerza del Pueblo (FP), Ingrid Mendoza, arrib\u00f3 el mi\u00e9rcoles al aeropuerto John F. Kennedy, de Nueva York, donde fue recibida por decenas de dominicanos. Desde esta ciudad, Mendoza se desplazar\u00e1 hacia varios lugares en los cuales se reunir\u00e1 con las estructuras\u2026","rel":"","context":"En \u00abSin categor\u00eda\u00bb","block_context":{"text":"Sin categor\u00eda","link":"https:\/\/lasprimeras.com.do\/index.php\/category\/sin-categoria\/"},"img":{"alt_text":"","src":"https:\/\/i0.wp.com\/lasprimeras.com.do\/wp-content\/uploads\/2024\/05\/IMG-20240502-WA0022.jpg?resize=350%2C200&ssl=1","width":350,"height":200,"srcset":"https:\/\/i0.wp.com\/lasprimeras.com.do\/wp-content\/uploads\/2024\/05\/IMG-20240502-WA0022.jpg?resize=350%2C200&ssl=1 1x, https:\/\/i0.wp.com\/lasprimeras.com.do\/wp-content\/uploads\/2024\/05\/IMG-20240502-WA0022.jpg?resize=525%2C300&ssl=1 1.5x, https:\/\/i0.wp.com\/lasprimeras.com.do\/wp-content\/uploads\/2024\/05\/IMG-20240502-WA0022.jpg?resize=700%2C400&ssl=1 2x, https:\/\/i0.wp.com\/lasprimeras.com.do\/wp-content\/uploads\/2024\/05\/IMG-20240502-WA0022.jpg?resize=1050%2C600&ssl=1 3x, https:\/\/i0.wp.com\/lasprimeras.com.do\/wp-content\/uploads\/2024\/05\/IMG-20240502-WA0022.jpg?resize=1400%2C800&ssl=1 4x"},"classes":[]},{"id":80933,"url":"https:\/\/lasprimeras.com.do\/index.php\/2024\/04\/14\/leonel-e-ingrid-mendoza-encabezan-caravana-en-santo-domingo-norte\/","url_meta":{"origin":82205,"position":1},"title":"Leonel e Ingrid Mendoza encabezan caravana en Santo Domingo Norte","author":"Nelson Feliz","date":"14 de abril de 2024","format":false,"excerpt":"La actividad comenz\u00f3 en el sector de San Felipe de Villa Mella y culmin\u00f3 en Los Guaricanos. El candidato presidencial del partido Fuerza del Pueblo (FP), Leonel Fern\u00e1ndez, junto a organizaciones aliadas, encabez\u00f3 este domingo una marcha-caravana, que inici\u00f3 en el sector de San Felipe, de Villa Mella, enel municipio\u2026","rel":"","context":"En \u00abPORTADA\u00bb","block_context":{"text":"PORTADA","link":"https:\/\/lasprimeras.com.do\/index.php\/category\/portada\/"},"img":{"alt_text":"Leonel Fern\u00e1ndez eIngrid Mendoza","src":"https:\/\/i0.wp.com\/lasprimeras.com.do\/wp-content\/uploads\/2024\/04\/Leonel-Fernandez-eIngrid-Mendoza.jpg?resize=350%2C200&ssl=1","width":350,"height":200,"srcset":"https:\/\/i0.wp.com\/lasprimeras.com.do\/wp-content\/uploads\/2024\/04\/Leonel-Fernandez-eIngrid-Mendoza.jpg?resize=350%2C200&ssl=1 1x, https:\/\/i0.wp.com\/lasprimeras.com.do\/wp-content\/uploads\/2024\/04\/Leonel-Fernandez-eIngrid-Mendoza.jpg?resize=525%2C300&ssl=1 1.5x, https:\/\/i0.wp.com\/lasprimeras.com.do\/wp-content\/uploads\/2024\/04\/Leonel-Fernandez-eIngrid-Mendoza.jpg?resize=700%2C400&ssl=1 2x"},"classes":[]},{"id":83527,"url":"https:\/\/lasprimeras.com.do\/index.php\/2024\/05\/18\/leonel-votara-este-domingo-a-las-1100-a-m-en-la-escuela-republica-dominicana\/","url_meta":{"origin":82205,"position":2},"title":"Leonel votar\u00e1 este domingo a las 11:00 a.m. en la escuela Rep\u00fablica Dominicana","author":"Nelson Feliz","date":"18 de mayo de 2024","format":false,"excerpt":"Fern\u00e1ndez votar\u00e1 en la mesa n\u00famero 0529, ubicada en la Escuela Rep\u00fablica Dominicana en Villa Juana. El candidato presidencial del partido Fuerza del Pueblo, Leonel Fern\u00e1ndez, acudir\u00e1 a las urnas este domingo 19 de mayo para ejercer su derecho al voto, cumpliendo as\u00ed lo establecido en la Constituci\u00f3n de la\u2026","rel":"","context":"En \u00abPORTADA\u00bb","block_context":{"text":"PORTADA","link":"https:\/\/lasprimeras.com.do\/index.php\/category\/portada\/"},"img":{"alt_text":"Leonel Fern\u00e1ndez","src":"https:\/\/i0.wp.com\/lasprimeras.com.do\/wp-content\/uploads\/2024\/05\/Leonel-Fernandez-11.jpg?resize=350%2C200&ssl=1","width":350,"height":200,"srcset":"https:\/\/i0.wp.com\/lasprimeras.com.do\/wp-content\/uploads\/2024\/05\/Leonel-Fernandez-11.jpg?resize=350%2C200&ssl=1 1x, https:\/\/i0.wp.com\/lasprimeras.com.do\/wp-content\/uploads\/2024\/05\/Leonel-Fernandez-11.jpg?resize=525%2C300&ssl=1 1.5x, https:\/\/i0.wp.com\/lasprimeras.com.do\/wp-content\/uploads\/2024\/05\/Leonel-Fernandez-11.jpg?resize=700%2C400&ssl=1 2x"},"classes":[]},{"id":81715,"url":"https:\/\/lasprimeras.com.do\/index.php\/2024\/04\/24\/candidatas-vicepresidenciales-expusieron-planes-este-martes\/","url_meta":{"origin":82205,"position":3},"title":"Candidatas vicepresidenciales expusieron planes este martes","author":"BIMARY DE JES\u00daS Matos","date":"24 de abril de 2024","format":false,"excerpt":"SANTO DOMINGO.- Por primera vez se ha realizado un debate entre las candidatas a la vicepresidencia de la Rep\u00fablica Dominicana, con la participaci\u00f3n en esta oportunidad de Raquel Pe\u00f1a, del gobernante Partido Revolucionario Moderno (PRM); Zoraima Cuello, del Partido de la Liberaci\u00f3n Dominicana (PLD) e Ingrid Mendoza de la Fuerza\u2026","rel":"","context":"En \u00abSin categor\u00eda\u00bb","block_context":{"text":"Sin categor\u00eda","link":"https:\/\/lasprimeras.com.do\/index.php\/category\/sin-categoria\/"},"img":{"alt_text":"","src":"https:\/\/i0.wp.com\/lasprimeras.com.do\/wp-content\/uploads\/2024\/04\/WhatsApp-Image-2024-04-23-at-10.32.54-AM-5.jpeg?resize=350%2C200&ssl=1","width":350,"height":200,"srcset":"https:\/\/i0.wp.com\/lasprimeras.com.do\/wp-content\/uploads\/2024\/04\/WhatsApp-Image-2024-04-23-at-10.32.54-AM-5.jpeg?resize=350%2C200&ssl=1 1x, https:\/\/i0.wp.com\/lasprimeras.com.do\/wp-content\/uploads\/2024\/04\/WhatsApp-Image-2024-04-23-at-10.32.54-AM-5.jpeg?resize=525%2C300&ssl=1 1.5x, https:\/\/i0.wp.com\/lasprimeras.com.do\/wp-content\/uploads\/2024\/04\/WhatsApp-Image-2024-04-23-at-10.32.54-AM-5.jpeg?resize=700%2C400&ssl=1 2x"},"classes":[]},{"id":79069,"url":"https:\/\/lasprimeras.com.do\/index.php\/2024\/03\/23\/anje-convoca-a-candidatas-vicepresidenciales-a-debate\/","url_meta":{"origin":82205,"position":4},"title":"ANJE convoca a candidatas vicepresidenciales a debate","author":"BIMARY DE JES\u00daS Matos","date":"23 de marzo de 2024","format":false,"excerpt":"Santo Domingo.- La Asociaci\u00f3n Nacional de J\u00f3venes Empresarios (ANJE) convoc\u00f3 a un debate a las aspirantes vicepresidenciales Ingrid Mendoza, de la Fuerza del Pueblo; Raquel Pe\u00f1a, del Partido Revolucionario Moderno, y Zoraima Cuello, del Partido de la Liberaci\u00f3n Dominicana. El presidente de ANJE, Jos\u00e9 Nelton Gonz\u00e1lez, manifest\u00f3 que en este\u2026","rel":"","context":"En \u00abPORTADA\u00bb","block_context":{"text":"PORTADA","link":"https:\/\/lasprimeras.com.do\/index.php\/category\/portada\/"},"img":{"alt_text":"","src":"https:\/\/i0.wp.com\/lasprimeras.com.do\/wp-content\/uploads\/2024\/03\/WhatsApp-Image-2024-03-22-at-4.47.43-PM-6.jpeg?resize=350%2C200&ssl=1","width":350,"height":200,"srcset":"https:\/\/i0.wp.com\/lasprimeras.com.do\/wp-content\/uploads\/2024\/03\/WhatsApp-Image-2024-03-22-at-4.47.43-PM-6.jpeg?resize=350%2C200&ssl=1 1x, https:\/\/i0.wp.com\/lasprimeras.com.do\/wp-content\/uploads\/2024\/03\/WhatsApp-Image-2024-03-22-at-4.47.43-PM-6.jpeg?resize=525%2C300&ssl=1 1.5x, https:\/\/i0.wp.com\/lasprimeras.com.do\/wp-content\/uploads\/2024\/03\/WhatsApp-Image-2024-03-22-at-4.47.43-PM-6.jpeg?resize=700%2C400&ssl=1 2x, https:\/\/i0.wp.com\/lasprimeras.com.do\/wp-content\/uploads\/2024\/03\/WhatsApp-Image-2024-03-22-at-4.47.43-PM-6.jpeg?resize=1050%2C600&ssl=1 3x"},"classes":[]},{"id":81644,"url":"https:\/\/lasprimeras.com.do\/index.php\/2024\/04\/23\/esta-noche-es-el-debate-de-las-candidatas-a-vicepresidencia-rd\/","url_meta":{"origin":82205,"position":5},"title":"Esta noche es el debate de las candidatas a vicepresidencia RD","author":"BIMARY DE JES\u00daS Matos","date":"23 de abril de 2024","format":false,"excerpt":"SANTO DOMINGO.- Para esta noche est\u00e1 programado el debate entre las candidatas a la vicepresidencia de la Rep\u00fablica, organizado por la Asociaci\u00f3n Nacional de J\u00f3venes Emprendedores (ANJE). Participar\u00e1n Raquel Pe\u00f1a (PRM), Zoraima Cuello (PLD) e Ingrid Mendoza (FP). La noche de este lunes toc\u00f3 el turno de los aspirantes a\u2026","rel":"","context":"En \u00abPORTADA\u00bb","block_context":{"text":"PORTADA","link":"https:\/\/lasprimeras.com.do\/index.php\/category\/portada\/"},"img":{"alt_text":"","src":"https:\/\/i0.wp.com\/lasprimeras.com.do\/wp-content\/uploads\/2024\/04\/WhatsApp-Image-2024-04-23-at-10.32.54-AM.jpeg?resize=350%2C200&ssl=1","width":350,"height":200,"srcset":"https:\/\/i0.wp.com\/lasprimeras.com.do\/wp-content\/uploads\/2024\/04\/WhatsApp-Image-2024-04-23-at-10.32.54-AM.jpeg?resize=350%2C200&ssl=1 1x, https:\/\/i0.wp.com\/lasprimeras.com.do\/wp-content\/uploads\/2024\/04\/WhatsApp-Image-2024-04-23-at-10.32.54-AM.jpeg?resize=525%2C300&ssl=1 1.5x, https:\/\/i0.wp.com\/lasprimeras.com.do\/wp-content\/uploads\/2024\/04\/WhatsApp-Image-2024-04-23-at-10.32.54-AM.jpeg?resize=700%2C400&ssl=1 2x"},"classes":[]}],"jetpack_sharing_enabled":true,"_links":{"self":[{"href":"https:\/\/lasprimeras.com.do\/index.php\/wp-json\/wp\/v2\/posts\/82205","targetHints":{"allow":["GET"]}}],"collection":[{"href":"https:\/\/lasprimeras.com.do\/index.php\/wp-json\/wp\/v2\/posts"}],"about":[{"href":"https:\/\/lasprimeras.com.do\/index.php\/wp-json\/wp\/v2\/types\/post"}],"author":[{"embeddable":true,"href":"https:\/\/lasprimeras.com.do\/index.php\/wp-json\/wp\/v2\/users\/2"}],"replies":[{"embeddable":true,"href":"https:\/\/lasprimeras.com.do\/index.php\/wp-json\/wp\/v2\/comments?post=82205"}],"version-history":[{"count":1,"href":"https:\/\/lasprimeras.com.do\/index.php\/wp-json\/wp\/v2\/posts\/82205\/revisions"}],"predecessor-version":[{"id":82207,"href":"https:\/\/lasprimeras.com.do\/index.php\/wp-json\/wp\/v2\/posts\/82205\/revisions\/82207"}],"wp:featuredmedia":[{"embeddable":true,"href":"https:\/\/lasprimeras.com.do\/index.php\/wp-json\/wp\/v2\/media\/82206"}],"wp:attachment":[{"href":"https:\/\/lasprimeras.com.do\/index.php\/wp-json\/wp\/v2\/media?parent=82205"}],"wp:term":[{"taxonomy":"category","embeddable":true,"href":"https:\/\/lasprimeras.com.do\/index.php\/wp-json\/wp\/v2\/categories?post=82205"},{"taxonomy":"post_tag","embeddable":true,"href":"https:\/\/lasprimeras.com.do\/index.php\/wp-json\/wp\/v2\/tags?post=82205"}],"curies":[{"name":"wp","href":"https:\/\/api.w.org\/{rel}","templated":true}]}}