{"id":82208,"date":"2024-04-29T22:33:03","date_gmt":"2024-04-30T02:33:03","guid":{"rendered":"https:\/\/lasprimeras.com.do\/?p=82208"},"modified":"2024-04-29T22:33:03","modified_gmt":"2024-04-30T02:33:03","slug":"diputada-dulce-rojas-concita-apoyo-en-sectores-de-sdn-y-la-victoria","status":"publish","type":"post","link":"https:\/\/lasprimeras.com.do\/index.php\/2024\/04\/29\/diputada-dulce-rojas-concita-apoyo-en-sectores-de-sdn-y-la-victoria\/","title":{"rendered":"Diputada Dulce Rojas concita apoyo en sectores de SDN y La Victoria"},"content":{"rendered":"\n<p><strong>La miembro de la Direcci\u00f3n Pol\u00edtica de la FP se posiciona como la diputada a vencer en SDN.<\/strong><\/p>\n\n\n\n<p>La diputada por Santo Domingo Norte (SDN) y candidata a la misma posici\u00f3n por el Partido Fuerza del Pueblo (FP), Dulce Rojas, fortaleci\u00f3 este fin de semana su aspiraci\u00f3n congresual de cara a las elecciones del 19 de mayo, tras recibir el respaldo de cientos de personas en distintas zonas de este municipio y el Distrito Municipal La Victoria.<\/p>\n\n\n\n<p>Al encabezar amplios recorridos, encuentros, reuniones y juramentaci\u00f3n de un local de campa\u00f1a, Rojas concit\u00f3 el apoyo de personas de distintas edades en las zonas de Villa Mella, Los Guaricanos, Sabana Perdida y en los sectores del Distrito Municipal de La Victoria.<\/p>\n\n\n\n<p>En la apretada agenda de la miembro de la Direcci\u00f3n Pol\u00edtica de la FP que arranc\u00f3 el viernes 26 de abril hasta hoy lunes feriado 28 del mes en curso, la legisladora consolid\u00f3 sus aspiraciones con el apoyo de dirigentes pol\u00edticos, simpatizantes y comunitario en las comunidades de Guanuma, La Virgen, La Caoba, El Campechito, Juan Thomas y La 29.<\/p>\n\n\n\n<p>Tambi\u00e9n en las comunidades El Bonito, Sierra Prieta, Amor de Dios y Para\u00edso La 28, se ratific\u00f3 un fuerte respaldo a la diputada Dulce Rojas con el objetivo de que obtenga un triunfo arrollador en los pr\u00f3ximos comicios electorales.<\/p>\n\n\n\n<p>Adem\u00e1s, en los sectores de Maricao El 20, en el Distrito Municipal de La Victoria, y en La Barquita, en SDN, la congresista tambi\u00e9n fortaleci\u00f3 sus aspiraciones, tras sostener amplio recorrido en la zona, encabezar importantes reuniones con dirigentes de la FP que les apoyan y conversar con los ciudadanos y escuchar sus inquietudes.<\/p>\n\n\n\n<p>Adem\u00e1s, la diputada recibi\u00f3 apoyo en otras comunidades importantes de este municipio, en m\u00faltiples encuentros con comunitarios, dirigentes pol\u00edticos, simpatizantes y organizaciones comunitarias.<\/p>\n","protected":false},"excerpt":{"rendered":"<p>La miembro de la Direcci\u00f3n Pol\u00edtica de la FP se posiciona como la diputada a vencer en SDN. La diputada por Santo Domingo Norte (SDN) y candidata a la misma&hellip;<\/p>\n","protected":false},"author":2,"featured_media":82209,"comment_status":"open","ping_status":"open","sticky":false,"template":"","format":"standard","meta":{"content-type":"","jetpack_post_was_ever_published":false,"_jetpack_newsletter_access":"","_jetpack_dont_email_post_to_subs":false,"_jetpack_newsletter_tier_id":0,"_jetpack_memberships_contains_paywalled_content":false,"_jetpack_memberships_contains_paid_content":false,"footnotes":""},"categories":[1],"tags":[995,3973,3316,2092],"class_list":["post-82208","post","type-post","status-publish","format-standard","has-post-thumbnail","hentry","category-sin-categoria","tag-diputada","tag-dulce-rojas","tag-la-victoria","tag-sdn"],"jetpack_featured_media_url":"https:\/\/lasprimeras.com.do\/wp-content\/uploads\/2024\/04\/Dulce-Rojas-1.jpg","jetpack-related-posts":[{"id":119397,"url":"https:\/\/lasprimeras.com.do\/index.php\/2026\/01\/12\/diputada-dulce-rojas-anuncia-aspiraciones-a-la-alcaldia-de-sdn\/","url_meta":{"origin":82208,"position":0},"title":"Diputada Dulce Rojas anuncia aspiraciones a la Alcald\u00eda de SDN","author":"Nelson Feliz","date":"12 de enero de 2026","format":false,"excerpt":"Dulce Rojas","rel":"","context":"En \u00abPOLITICA\u00bb","block_context":{"text":"POLITICA","link":"https:\/\/lasprimeras.com.do\/index.php\/category\/politica\/"},"img":{"alt_text":"","src":"https:\/\/i0.wp.com\/lasprimeras.com.do\/wp-content\/uploads\/2026\/01\/IMG-20260111-WA0259.jpg?resize=350%2C200&ssl=1","width":350,"height":200,"srcset":"https:\/\/i0.wp.com\/lasprimeras.com.do\/wp-content\/uploads\/2026\/01\/IMG-20260111-WA0259.jpg?resize=350%2C200&ssl=1 1x, https:\/\/i0.wp.com\/lasprimeras.com.do\/wp-content\/uploads\/2026\/01\/IMG-20260111-WA0259.jpg?resize=525%2C300&ssl=1 1.5x, https:\/\/i0.wp.com\/lasprimeras.com.do\/wp-content\/uploads\/2026\/01\/IMG-20260111-WA0259.jpg?resize=700%2C400&ssl=1 2x, https:\/\/i0.wp.com\/lasprimeras.com.do\/wp-content\/uploads\/2026\/01\/IMG-20260111-WA0259.jpg?resize=1050%2C600&ssl=1 3x, https:\/\/i0.wp.com\/lasprimeras.com.do\/wp-content\/uploads\/2026\/01\/IMG-20260111-WA0259.jpg?resize=1400%2C800&ssl=1 4x"},"classes":[]},{"id":83289,"url":"https:\/\/lasprimeras.com.do\/index.php\/2024\/05\/14\/diputada-de-sdn-dulce-rojas-asegura-leonel-esta-preparado-para-ganar-el-domingo\/","url_meta":{"origin":82208,"position":1},"title":"Diputada de SDN, Dulce Rojas asegura Leonel est\u00e1 preparado para ganar el domingo","author":"Nelson Feliz","date":"14 de mayo de 2024","format":false,"excerpt":"Rojas vaticina que ser\u00e1 la diputada m\u00e1s votada en Santo Domingo Norte. La diputada y candidata a la misma posici\u00f3n por Santo Domingo Norte (SDN), Dulce Rojas, vaticin\u00f3 que el candidato presidencial por el partido Fuerza del Pueblo (FP), Leonel Fern\u00e1ndez, ganar\u00eda con el respaldo popular las elecciones presidenciales del\u2026","rel":"","context":"En \u00abPORTADA\u00bb","block_context":{"text":"PORTADA","link":"https:\/\/lasprimeras.com.do\/index.php\/category\/portada\/"},"img":{"alt_text":"Dulce Rojas y Leonel Fern\u00e1ndez","src":"https:\/\/i0.wp.com\/lasprimeras.com.do\/wp-content\/uploads\/2024\/05\/Dulce-Rojas-y-Leonel-Fernandez-1.jpg?resize=350%2C200&ssl=1","width":350,"height":200,"srcset":"https:\/\/i0.wp.com\/lasprimeras.com.do\/wp-content\/uploads\/2024\/05\/Dulce-Rojas-y-Leonel-Fernandez-1.jpg?resize=350%2C200&ssl=1 1x, https:\/\/i0.wp.com\/lasprimeras.com.do\/wp-content\/uploads\/2024\/05\/Dulce-Rojas-y-Leonel-Fernandez-1.jpg?resize=525%2C300&ssl=1 1.5x, https:\/\/i0.wp.com\/lasprimeras.com.do\/wp-content\/uploads\/2024\/05\/Dulce-Rojas-y-Leonel-Fernandez-1.jpg?resize=700%2C400&ssl=1 2x"},"classes":[]},{"id":114318,"url":"https:\/\/lasprimeras.com.do\/index.php\/2025\/11\/12\/miguel-florentino-favorece-victor-pavon-sea-proximo-candidato-alcalde-sdn\/","url_meta":{"origin":82208,"position":2},"title":"Miguel Florentino favorece V\u00edctor Pav\u00f3n sea pr\u00f3ximo candidato alcalde SDN","author":"Nelson Feliz","date":"12 de noviembre de 2025","format":false,"excerpt":"El miembro de la Direcci\u00f3n Central del Partido Fuerza del Pueblo (FP) y dirigente fundador de esa organizaci\u00f3n en Santo Domingo Norte (SDN), Miguel Florentino, favoreci\u00f3 que para el pr\u00f3ximo torneo electoral municipal sea escogido como candidato a alcalde el empresario V\u00edctor Pav\u00f3n. Florentino dijo que V\u00edctor Pav\u00f3n viene trabajando\u2026","rel":"","context":"En \u00abPOLITICA\u00bb","block_context":{"text":"POLITICA","link":"https:\/\/lasprimeras.com.do\/index.php\/category\/politica\/"},"img":{"alt_text":"","src":"https:\/\/i0.wp.com\/lasprimeras.com.do\/wp-content\/uploads\/2025\/11\/Miguel-Florentino.jpg?resize=350%2C200&ssl=1","width":350,"height":200,"srcset":"https:\/\/i0.wp.com\/lasprimeras.com.do\/wp-content\/uploads\/2025\/11\/Miguel-Florentino.jpg?resize=350%2C200&ssl=1 1x, https:\/\/i0.wp.com\/lasprimeras.com.do\/wp-content\/uploads\/2025\/11\/Miguel-Florentino.jpg?resize=525%2C300&ssl=1 1.5x, https:\/\/i0.wp.com\/lasprimeras.com.do\/wp-content\/uploads\/2025\/11\/Miguel-Florentino.jpg?resize=700%2C400&ssl=1 2x"},"classes":[]},{"id":82764,"url":"https:\/\/lasprimeras.com.do\/index.php\/2024\/05\/07\/iglesia-catolica-recomienda-votar-por-la-diputada-dulce-rojas-en-sdn-por-defender-el-derecho-a-la-vida\/","url_meta":{"origin":82208,"position":3},"title":"Iglesia Cat\u00f3lica recomienda votar por la diputada Dulce Rojas en SDN por defender el derecho a la vida","author":"BIMARY DE JES\u00daS Matos","date":"7 de mayo de 2024","format":false,"excerpt":"Santo Domingo, RD. - La Iglesia Cat\u00f3lica dominicana recomend\u00f3 a sus feligreses en Santo Domingo Norte (SDN) a votar por la diputada y candidata a la misma posici\u00f3n, Dulce Rojas, en las elecciones presidenciales y congresuales del pr\u00f3ximo 19 de mayo. En un documento de 66 p\u00e1ginas, la Arquidi\u00f3cesis de\u2026","rel":"","context":"En \u00abSin categor\u00eda\u00bb","block_context":{"text":"Sin categor\u00eda","link":"https:\/\/lasprimeras.com.do\/index.php\/category\/sin-categoria\/"},"img":{"alt_text":"","src":"https:\/\/i0.wp.com\/lasprimeras.com.do\/wp-content\/uploads\/2024\/05\/IMG-20240507-WA0030.jpg?resize=350%2C200&ssl=1","width":350,"height":200,"srcset":"https:\/\/i0.wp.com\/lasprimeras.com.do\/wp-content\/uploads\/2024\/05\/IMG-20240507-WA0030.jpg?resize=350%2C200&ssl=1 1x, https:\/\/i0.wp.com\/lasprimeras.com.do\/wp-content\/uploads\/2024\/05\/IMG-20240507-WA0030.jpg?resize=525%2C300&ssl=1 1.5x, https:\/\/i0.wp.com\/lasprimeras.com.do\/wp-content\/uploads\/2024\/05\/IMG-20240507-WA0030.jpg?resize=700%2C400&ssl=1 2x, https:\/\/i0.wp.com\/lasprimeras.com.do\/wp-content\/uploads\/2024\/05\/IMG-20240507-WA0030.jpg?resize=1050%2C600&ssl=1 3x, https:\/\/i0.wp.com\/lasprimeras.com.do\/wp-content\/uploads\/2024\/05\/IMG-20240507-WA0030.jpg?resize=1400%2C800&ssl=1 4x"},"classes":[]},{"id":86833,"url":"https:\/\/lasprimeras.com.do\/index.php\/2024\/08\/02\/dulce-rojas-critica-alcaldesa-betty-geronimo-por-cumulo-de-basura-y-gusano-en-sdn\/","url_meta":{"origin":82208,"position":4},"title":"Dulce Rojas cr\u00edtica alcaldesa Betty Ger\u00f3nimo por c\u00famulo de basura y gusano en SDN","author":"Nelson Feliz","date":"2 de agosto de 2024","format":false,"excerpt":"Denunci\u00f3 arrabalizaci\u00f3n y retroceso municipal desde la llegada de Ger\u00f3nimo. La diputada por el partido Fuerza del Pueblo (FP), Dulce Rojas, conden\u00f3 el retroceso que est\u00e1 experimentando el municipio Santo Domingo Norte (SDN) en materia de desarrollo municipal, luego que la alcaldesa Betty Ger\u00f3nimo asumiera la Alcald\u00eda de esta jurisdicci\u00f3n.\u2026","rel":"","context":"En \u00abPORTADA\u00bb","block_context":{"text":"PORTADA","link":"https:\/\/lasprimeras.com.do\/index.php\/category\/portada\/"},"img":{"alt_text":"Dulce Rojas","src":"https:\/\/i0.wp.com\/lasprimeras.com.do\/wp-content\/uploads\/2023\/06\/Dulce-Rojas.jpg?resize=350%2C200&ssl=1","width":350,"height":200,"srcset":"https:\/\/i0.wp.com\/lasprimeras.com.do\/wp-content\/uploads\/2023\/06\/Dulce-Rojas.jpg?resize=350%2C200&ssl=1 1x, https:\/\/i0.wp.com\/lasprimeras.com.do\/wp-content\/uploads\/2023\/06\/Dulce-Rojas.jpg?resize=525%2C300&ssl=1 1.5x, https:\/\/i0.wp.com\/lasprimeras.com.do\/wp-content\/uploads\/2023\/06\/Dulce-Rojas.jpg?resize=700%2C400&ssl=1 2x"},"classes":[]},{"id":106279,"url":"https:\/\/lasprimeras.com.do\/index.php\/2025\/08\/13\/liderazgo-de-la-fp-en-sdn-que-apoya-a-manuel-brito-a-la-presidencia-saca-amplia-mayoria-de-la-dc\/","url_meta":{"origin":82208,"position":5},"title":"Liderazgo de la FP en SDN que apoya a Manuel Brito a la Presidencia saca amplia mayor\u00eda de la DC","author":"Nelson Feliz","date":"13 de agosto de 2025","format":false,"excerpt":"En el municipio Santo Domingo Norte fueron elegidos 34 nuevos miembros de la Direcci\u00f3n Central en su Congreso Ordinario Manuel Aurelio Tavares Justo -Manolo- de los cuales 26 de ellos apoyan al actual secretarios general, Manuel Brito, para que presida la organizaci\u00f3n pol\u00edtica en el municipio. De unos 19 a\u2026","rel":"","context":"En \u00abPOLITICA\u00bb","block_context":{"text":"POLITICA","link":"https:\/\/lasprimeras.com.do\/index.php\/category\/politica\/"},"img":{"alt_text":"","src":"https:\/\/i0.wp.com\/lasprimeras.com.do\/wp-content\/uploads\/2025\/08\/FP-3.jpg?resize=350%2C200&ssl=1","width":350,"height":200,"srcset":"https:\/\/i0.wp.com\/lasprimeras.com.do\/wp-content\/uploads\/2025\/08\/FP-3.jpg?resize=350%2C200&ssl=1 1x, https:\/\/i0.wp.com\/lasprimeras.com.do\/wp-content\/uploads\/2025\/08\/FP-3.jpg?resize=525%2C300&ssl=1 1.5x, https:\/\/i0.wp.com\/lasprimeras.com.do\/wp-content\/uploads\/2025\/08\/FP-3.jpg?resize=700%2C400&ssl=1 2x"},"classes":[]}],"jetpack_sharing_enabled":true,"_links":{"self":[{"href":"https:\/\/lasprimeras.com.do\/index.php\/wp-json\/wp\/v2\/posts\/82208","targetHints":{"allow":["GET"]}}],"collection":[{"href":"https:\/\/lasprimeras.com.do\/index.php\/wp-json\/wp\/v2\/posts"}],"about":[{"href":"https:\/\/lasprimeras.com.do\/index.php\/wp-json\/wp\/v2\/types\/post"}],"author":[{"embeddable":true,"href":"https:\/\/lasprimeras.com.do\/index.php\/wp-json\/wp\/v2\/users\/2"}],"replies":[{"embeddable":true,"href":"https:\/\/lasprimeras.com.do\/index.php\/wp-json\/wp\/v2\/comments?post=82208"}],"version-history":[{"count":1,"href":"https:\/\/lasprimeras.com.do\/index.php\/wp-json\/wp\/v2\/posts\/82208\/revisions"}],"predecessor-version":[{"id":82210,"href":"https:\/\/lasprimeras.com.do\/index.php\/wp-json\/wp\/v2\/posts\/82208\/revisions\/82210"}],"wp:featuredmedia":[{"embeddable":true,"href":"https:\/\/lasprimeras.com.do\/index.php\/wp-json\/wp\/v2\/media\/82209"}],"wp:attachment":[{"href":"https:\/\/lasprimeras.com.do\/index.php\/wp-json\/wp\/v2\/media?parent=82208"}],"wp:term":[{"taxonomy":"category","embeddable":true,"href":"https:\/\/lasprimeras.com.do\/index.php\/wp-json\/wp\/v2\/categories?post=82208"},{"taxonomy":"post_tag","embeddable":true,"href":"https:\/\/lasprimeras.com.do\/index.php\/wp-json\/wp\/v2\/tags?post=82208"}],"curies":[{"name":"wp","href":"https:\/\/api.w.org\/{rel}","templated":true}]}}