{"id":82215,"date":"2024-04-30T07:44:49","date_gmt":"2024-04-30T11:44:49","guid":{"rendered":"https:\/\/lasprimeras.com.do\/?p=82215"},"modified":"2024-04-30T07:44:51","modified_gmt":"2024-04-30T11:44:51","slug":"danny-rivera-sinfonico-se-adueno-de-la-cuidad-corazon","status":"publish","type":"post","link":"https:\/\/lasprimeras.com.do\/index.php\/2024\/04\/30\/danny-rivera-sinfonico-se-adueno-de-la-cuidad-corazon\/","title":{"rendered":"\u201cDanny Rivera Sinf\u00f3nico\u201d, se adue\u00f1\u00f3 de la Cuidad Coraz\u00f3n"},"content":{"rendered":"\n<p>Santiago.- Setenta m\u00fasicos en escena bajo la direcci\u00f3n del maestro Amaury S\u00e1nchez y la voz incomparable del cantante Danny Rivera lograron que la noche fuera m\u00e1gica, hist\u00f3rica e inolvidable para el p\u00fablico de Santiago.<\/p>\n\n\n\n<p>Entre hermosas canciones, sorbos de sincronizados arpegios musicales y la complicidad entre Danny y Amaury, transcurri\u00f3 la velada del s\u00e1bado en la sala Restauraci\u00f3n del Gran Teatro del Cibao.<\/p>\n\n\n\n<p>El recital inici\u00f3 a las 8:45 de la noche con la obertura de fragmentos de las m\u00e1s emblem\u00e1ticas canciones de Rivera, interpretadas por la Orquesta Filarm\u00f3nica de Santo Domingo.<\/p>\n\n\n\n<p>Al salir a escena el cantante, la concurrida audiencia lo recibi\u00f3 con una ovaci\u00f3n de repetidos aplausos, siendo \u201cAmar o morir\u201d su primera canci\u00f3n.<\/p>\n\n\n\n<p>Con arreglos musicales del maestro Amaury S\u00e1nchez, la descarga continu\u00f3 con \u201cVivir sin tu cari\u00f1o\u201d, \u201cQue dar\u00eda yo\u201d, \u201cCon las alas rotas\u201d, \u201cMi viejo\u201d, \u201cAmada amante\u201d, \u201c\u00d3diame\u201d y \u201cLos hombres de rabia lloran\u201d.<\/p>\n\n\n\n<p>Feliz de estar de nuevo en Santiago y conversar con su p\u00fablico, Danny pas\u00f3 la noche entre an\u00e9cdotas, chistes y jocosidades que lograron conectar con los miles de fan\u00e1ticos que le acompa\u00f1aron.<\/p>\n\n\n\n<p>\u201cMuy amigos\u201d, \u201cCuando llego a la casa\u201d, \u201cPara decir adi\u00f3s\u201d, fueron interpretadas junto a la soprano M\u00f3nica Pl\u00e1cido, artista invitada desde Puerto Rico.<\/p>\n\n\n\n<p>\u201cMi hijo\u201d, \u201cMi \u00e1rbol y yo\u201d y \u201cAl nacer cada enero\u201d, dieron continuidad a la rom\u00e1ntica atm\u00f3sfera creada en toda la sala.<\/p>\n\n\n\n<p>Con producci\u00f3n de S\u00e1nchez, el concierto llegaba a la parte m\u00e1s alta, cuando Danny cantaba \u201cJesucristo\u201dy luego solo acompa\u00f1ado de guitarra \u201cMujer abre tu ventana\u201d, \u201cMadrigal\u201d, \u201cPara\u00edso so\u00f1ado\u201d y \u201cO sole m\u00edo\u201d.<\/p>\n\n\n\n<p>Para despedirse interpret\u00f3 \u201cTantos deseos de ella\u201d, \u201cLibre\u201d y \u201cTu pueblo\u201d, donde el auditorio se puso de pies para ovacionarlo.<\/p>\n\n\n\n<p>\u201cDanny Rivera Sinf\u00f3nico\u201d represent\u00f3 un viaje inolvidable a trav\u00e9s de la insuperable discograf\u00eda del artista boricua y un b\u00e1lsamo para el esp\u00edritu cargado de melod\u00edas que hablaban de amor, desamor y pasiones eternas.<\/p>\n","protected":false},"excerpt":{"rendered":"<p>Santiago.- Setenta m\u00fasicos en escena bajo la direcci\u00f3n del maestro Amaury S\u00e1nchez y la voz incomparable del cantante Danny Rivera lograron que la noche fuera m\u00e1gica, hist\u00f3rica e inolvidable para&hellip;<\/p>\n","protected":false},"author":3,"featured_media":82216,"comment_status":"open","ping_status":"open","sticky":false,"template":"","format":"standard","meta":{"content-type":"","jetpack_post_was_ever_published":false,"_jetpack_newsletter_access":"","_jetpack_dont_email_post_to_subs":false,"_jetpack_newsletter_tier_id":0,"_jetpack_memberships_contains_paywalled_content":false,"_jetpack_memberships_contains_paid_content":false,"footnotes":""},"categories":[84],"tags":[],"class_list":["post-82215","post","type-post","status-publish","format-standard","has-post-thumbnail","hentry","category-entretenimiento"],"jetpack_featured_media_url":"https:\/\/lasprimeras.com.do\/wp-content\/uploads\/2024\/04\/6a0c8a05-4f4b-48f5-a1d9-1ad180753c4a-56.jpg","jetpack-related-posts":[{"id":81288,"url":"https:\/\/lasprimeras.com.do\/index.php\/2024\/04\/19\/danny-rivera-sinfonico-consagrado-en-cuerpo-y-alma-al-publico-y-al-escenario\/","url_meta":{"origin":82215,"position":0},"title":"Danny Rivera Sinf\u00f3nico: consagrado en cuerpo y alma al p\u00fablico y al escenario","author":"BIMARY DE JES\u00daS Matos","date":"19 de abril de 2024","format":false,"excerpt":"Bajo la batuta de Amaury S\u00e1nchez, los 60 m\u00fasicos que conforman la Orquesta Filarm\u00f3nica de Santo Domingo se dieron cita junto al cantante Danny Rivera en un concierto sinf\u00f3nico que qued\u00f3 sellado por el amor, la devoci\u00f3n y el esmero de los artistas en cada una de las 22 piezas\u2026","rel":"","context":"En \u00abENTRETENIMIENTO\u00bb","block_context":{"text":"ENTRETENIMIENTO","link":"https:\/\/lasprimeras.com.do\/index.php\/category\/entretenimiento\/"},"img":{"alt_text":"","src":"https:\/\/i0.wp.com\/lasprimeras.com.do\/wp-content\/uploads\/2024\/04\/65f3a7703e1eb_jce2-1-4.jpg?resize=350%2C200&ssl=1","width":350,"height":200,"srcset":"https:\/\/i0.wp.com\/lasprimeras.com.do\/wp-content\/uploads\/2024\/04\/65f3a7703e1eb_jce2-1-4.jpg?resize=350%2C200&ssl=1 1x, https:\/\/i0.wp.com\/lasprimeras.com.do\/wp-content\/uploads\/2024\/04\/65f3a7703e1eb_jce2-1-4.jpg?resize=525%2C300&ssl=1 1.5x, https:\/\/i0.wp.com\/lasprimeras.com.do\/wp-content\/uploads\/2024\/04\/65f3a7703e1eb_jce2-1-4.jpg?resize=700%2C400&ssl=1 2x"},"classes":[]},{"id":115952,"url":"https:\/\/lasprimeras.com.do\/index.php\/2025\/11\/26\/amaury-perez-regresa-a-santo-domingo-para-un-concierto-intimo-en-lungomare-bar-lounge\/","url_meta":{"origin":82215,"position":1},"title":"Amaury P\u00e9rez regresa a Santo Domingo para un concierto \u00edntimo en Lungomare Bar &#038; Lounge","author":"Nelson Feliz","date":"26 de noviembre de 2025","format":false,"excerpt":"Amaury P\u00e9rez","rel":"","context":"En \u00abENTRETENIMIENTO\u00bb","block_context":{"text":"ENTRETENIMIENTO","link":"https:\/\/lasprimeras.com.do\/index.php\/category\/entretenimiento\/"},"img":{"alt_text":"","src":"https:\/\/i0.wp.com\/lasprimeras.com.do\/wp-content\/uploads\/2025\/11\/Amaury-Perez-1.jpeg?resize=350%2C200&ssl=1","width":350,"height":200,"srcset":"https:\/\/i0.wp.com\/lasprimeras.com.do\/wp-content\/uploads\/2025\/11\/Amaury-Perez-1.jpeg?resize=350%2C200&ssl=1 1x, https:\/\/i0.wp.com\/lasprimeras.com.do\/wp-content\/uploads\/2025\/11\/Amaury-Perez-1.jpeg?resize=525%2C300&ssl=1 1.5x, https:\/\/i0.wp.com\/lasprimeras.com.do\/wp-content\/uploads\/2025\/11\/Amaury-Perez-1.jpeg?resize=700%2C400&ssl=1 2x"},"classes":[]},{"id":100582,"url":"https:\/\/lasprimeras.com.do\/index.php\/2025\/06\/09\/fallecio-el-compositor-dominicano-cheo-zorrilla\/","url_meta":{"origin":82215,"position":2},"title":"Falleci\u00f3 el compositor dominicano Cheo Zorrilla","author":"Nelson Feliz","date":"9 de junio de 2025","format":false,"excerpt":"Falleci\u00f3 a los 75 a\u00f1os el compositor dominicano Cheo Zorrilla, una de las plumas m\u00e1s sentidas de la balada y el bolero del pa\u00eds, tras pasar varias semanas con problemas de salud. La artista Olga Lara confirm\u00f3 la noticia este domingo con un emotivo mensaje. \u201cGracias Cheo, por habernos regalado\u2026","rel":"","context":"En \u00abENTRETENIMIENTO\u00bb","block_context":{"text":"ENTRETENIMIENTO","link":"https:\/\/lasprimeras.com.do\/index.php\/category\/entretenimiento\/"},"img":{"alt_text":"","src":"https:\/\/i0.wp.com\/lasprimeras.com.do\/wp-content\/uploads\/2025\/06\/Cheo-Zorrilla.jpg?resize=350%2C200&ssl=1","width":350,"height":200,"srcset":"https:\/\/i0.wp.com\/lasprimeras.com.do\/wp-content\/uploads\/2025\/06\/Cheo-Zorrilla.jpg?resize=350%2C200&ssl=1 1x, https:\/\/i0.wp.com\/lasprimeras.com.do\/wp-content\/uploads\/2025\/06\/Cheo-Zorrilla.jpg?resize=525%2C300&ssl=1 1.5x"},"classes":[]},{"id":77711,"url":"https:\/\/lasprimeras.com.do\/index.php\/2024\/02\/24\/andrea-bocelli-ya-en-rd-para-su-concierto-de-este-sabado\/","url_meta":{"origin":82215,"position":3},"title":"Andrea Bocelli ya en RD para su concierto de este s\u00e1bado","author":"BIMARY DE JES\u00daS Matos","date":"24 de febrero de 2024","format":false,"excerpt":"SANTO DOMINGO.- El artista italiano Andrea Bocelli ya est\u00e1 en suelo dominicano para su concierto de este s\u00e1bado en el Estadio Ol\u00edmpico F\u00e9lix S\u00e1nchez. El tenor trae un viaje musical junto a la Orquesta Filarm\u00f3nica de Santo Domingo, dirigida por Carlos Bernini. Tambi\u00e9n estar\u00e1n acompa\u00f1ados por el reconocido director musical\u2026","rel":"","context":"En \u00abENTRETENIMIENTO\u00bb","block_context":{"text":"ENTRETENIMIENTO","link":"https:\/\/lasprimeras.com.do\/index.php\/category\/entretenimiento\/"},"img":{"alt_text":"","src":"https:\/\/i0.wp.com\/lasprimeras.com.do\/wp-content\/uploads\/2024\/02\/Andrea-Bocelli-2016.jpg?resize=350%2C200&ssl=1","width":350,"height":200,"srcset":"https:\/\/i0.wp.com\/lasprimeras.com.do\/wp-content\/uploads\/2024\/02\/Andrea-Bocelli-2016.jpg?resize=350%2C200&ssl=1 1x, https:\/\/i0.wp.com\/lasprimeras.com.do\/wp-content\/uploads\/2024\/02\/Andrea-Bocelli-2016.jpg?resize=525%2C300&ssl=1 1.5x, https:\/\/i0.wp.com\/lasprimeras.com.do\/wp-content\/uploads\/2024\/02\/Andrea-Bocelli-2016.jpg?resize=700%2C400&ssl=1 2x, https:\/\/i0.wp.com\/lasprimeras.com.do\/wp-content\/uploads\/2024\/02\/Andrea-Bocelli-2016.jpg?resize=1050%2C600&ssl=1 3x, https:\/\/i0.wp.com\/lasprimeras.com.do\/wp-content\/uploads\/2024\/02\/Andrea-Bocelli-2016.jpg?resize=1400%2C800&ssl=1 4x"},"classes":[]},{"id":106606,"url":"https:\/\/lasprimeras.com.do\/index.php\/2025\/08\/16\/academia-amaury-nina-lamenta-fallecimiento-del-prospecto-gustavo-talmare-de-14-anos\/","url_meta":{"origin":82215,"position":4},"title":"Academia Amaury Nina lamenta fallecimiento del prospecto Gustavo Talmare de 14 a\u00f1os","author":"Nelson Feliz","date":"16 de agosto de 2025","format":false,"excerpt":"La Academia Amaury Nina, dedicada a la formaci\u00f3n y desarrollo de talentos del b\u00e9isbol, expres\u00f3 su m\u00e1s profundo pesar por el fallecimiento del joven prospecto Gustavo Talmare, de 14 a\u00f1os, ocurrido la madrugada de este s\u00e1bado a causa de ahogamiento en una laguna. De acuerdo con la informaci\u00f3n ofrecida por\u2026","rel":"","context":"En \u00abDEPORTES\u00bb","block_context":{"text":"DEPORTES","link":"https:\/\/lasprimeras.com.do\/index.php\/category\/deportes\/"},"img":{"alt_text":"","src":"https:\/\/i0.wp.com\/lasprimeras.com.do\/wp-content\/uploads\/2025\/08\/Gustavo-Talmare.jpg?resize=350%2C200&ssl=1","width":350,"height":200,"srcset":"https:\/\/i0.wp.com\/lasprimeras.com.do\/wp-content\/uploads\/2025\/08\/Gustavo-Talmare.jpg?resize=350%2C200&ssl=1 1x, https:\/\/i0.wp.com\/lasprimeras.com.do\/wp-content\/uploads\/2025\/08\/Gustavo-Talmare.jpg?resize=525%2C300&ssl=1 1.5x, https:\/\/i0.wp.com\/lasprimeras.com.do\/wp-content\/uploads\/2025\/08\/Gustavo-Talmare.jpg?resize=700%2C400&ssl=1 2x"},"classes":[]},{"id":68436,"url":"https:\/\/lasprimeras.com.do\/index.php\/2023\/11\/24\/diomary-la-mala-iniciara-gira-a-piano-y-voz\/","url_meta":{"origin":82215,"position":5},"title":"Diomary La Mala iniciar\u00e1 gira a piano y voz","author":"BIMARY DE JES\u00daS Matos","date":"24 de noviembre de 2023","format":false,"excerpt":"Santo Domingo, Santiago y San Francisco de Macor\u00eds tendr\u00e1n la oportunidad de disfrutar del recital a piano y voz \u201cLa ruta del bolero\u201d, protagonizado por la cantante dominicana Diomary La Mala y el maestro cantautor cubano mexicano Daniel Herrera. La jornada musical en su primera entrega internacional iniciar\u00e1 el jueves\u2026","rel":"","context":"En \u00abENTRETENIMIENTO\u00bb","block_context":{"text":"ENTRETENIMIENTO","link":"https:\/\/lasprimeras.com.do\/index.php\/category\/entretenimiento\/"},"img":{"alt_text":"","src":"https:\/\/i0.wp.com\/lasprimeras.com.do\/wp-content\/uploads\/2023\/11\/WhatsApp-Image-2023-11-23-at-4.05.08-PM-5.jpeg?resize=350%2C200&ssl=1","width":350,"height":200,"srcset":"https:\/\/i0.wp.com\/lasprimeras.com.do\/wp-content\/uploads\/2023\/11\/WhatsApp-Image-2023-11-23-at-4.05.08-PM-5.jpeg?resize=350%2C200&ssl=1 1x, https:\/\/i0.wp.com\/lasprimeras.com.do\/wp-content\/uploads\/2023\/11\/WhatsApp-Image-2023-11-23-at-4.05.08-PM-5.jpeg?resize=525%2C300&ssl=1 1.5x, https:\/\/i0.wp.com\/lasprimeras.com.do\/wp-content\/uploads\/2023\/11\/WhatsApp-Image-2023-11-23-at-4.05.08-PM-5.jpeg?resize=700%2C400&ssl=1 2x"},"classes":[]}],"jetpack_sharing_enabled":true,"_links":{"self":[{"href":"https:\/\/lasprimeras.com.do\/index.php\/wp-json\/wp\/v2\/posts\/82215","targetHints":{"allow":["GET"]}}],"collection":[{"href":"https:\/\/lasprimeras.com.do\/index.php\/wp-json\/wp\/v2\/posts"}],"about":[{"href":"https:\/\/lasprimeras.com.do\/index.php\/wp-json\/wp\/v2\/types\/post"}],"author":[{"embeddable":true,"href":"https:\/\/lasprimeras.com.do\/index.php\/wp-json\/wp\/v2\/users\/3"}],"replies":[{"embeddable":true,"href":"https:\/\/lasprimeras.com.do\/index.php\/wp-json\/wp\/v2\/comments?post=82215"}],"version-history":[{"count":1,"href":"https:\/\/lasprimeras.com.do\/index.php\/wp-json\/wp\/v2\/posts\/82215\/revisions"}],"predecessor-version":[{"id":82217,"href":"https:\/\/lasprimeras.com.do\/index.php\/wp-json\/wp\/v2\/posts\/82215\/revisions\/82217"}],"wp:featuredmedia":[{"embeddable":true,"href":"https:\/\/lasprimeras.com.do\/index.php\/wp-json\/wp\/v2\/media\/82216"}],"wp:attachment":[{"href":"https:\/\/lasprimeras.com.do\/index.php\/wp-json\/wp\/v2\/media?parent=82215"}],"wp:term":[{"taxonomy":"category","embeddable":true,"href":"https:\/\/lasprimeras.com.do\/index.php\/wp-json\/wp\/v2\/categories?post=82215"},{"taxonomy":"post_tag","embeddable":true,"href":"https:\/\/lasprimeras.com.do\/index.php\/wp-json\/wp\/v2\/tags?post=82215"}],"curies":[{"name":"wp","href":"https:\/\/api.w.org\/{rel}","templated":true}]}}