{"id":82221,"date":"2024-04-30T07:47:28","date_gmt":"2024-04-30T11:47:28","guid":{"rendered":"https:\/\/lasprimeras.com.do\/?p=82221"},"modified":"2024-04-30T07:47:29","modified_gmt":"2024-04-30T11:47:29","slug":"al-menos-nueve-muertos-por-accidente-de-helicoptero-del-ejercito-en-el-norte-de-colombia","status":"publish","type":"post","link":"https:\/\/lasprimeras.com.do\/index.php\/2024\/04\/30\/al-menos-nueve-muertos-por-accidente-de-helicoptero-del-ejercito-en-el-norte-de-colombia\/","title":{"rendered":"Al menos nueve muertos por accidente de helic\u00f3ptero del Ej\u00e9rcito en el norte de Colombia"},"content":{"rendered":"\n<p>Bogot\u00e1.- Al menos nueve personas murieron este lunes en el accidente de un helic\u00f3ptero MI-17 del Ej\u00e9rcito colombiano en el departamento caribe\u00f1o de Bol\u00edvar (norte), informaron fuentes oficiales.<\/p>\n\n\n\n<p>\u00abLamento la muerte de los nueve integrantes del vuelo del helic\u00f3ptero del Ej\u00e9rcito que se precipit\u00f3 a tierra y que estaba abasteciendo de tropas el sur de Bol\u00edvar en las operaciones contra el Clan del Golfo\u00bb, afirm\u00f3 el presidente colombiano, Gustavo Petro, en la red social X.<\/p>\n\n\n\n<p>El accidente del helic\u00f3ptero MI-17 HK3395 sucedi\u00f3 en la vereda (aldea) Guaraperia, del municipio de Santa Rosa del Sur a las 13:50 hora local (18:50 GMT) cuando estaba abasteciendo a tropas de la Fuerza de Tarea Marte del Ej\u00e9rcito.<\/p>\n\n\n\n<p>La aeronave se precipit\u00f3 a tierra y el accidente no dej\u00f3 sobrevivientes, seg\u00fan el Ej\u00e9rcito.<\/p>\n\n\n\n<p>Las v\u00edctimas mortales son el coronel Jes\u00fas David Carvajal; el mayor Edward Andrey Espinosa; los sargentos Diego Ram\u00edrez y Michael Villanueva; los cabos Cristian Ord\u00f3\u00f1ez y Jhon Olea y los soldados Sman Sanabria, Jes\u00fas Montalvo y Yeisson Mendoza.<\/p>\n\n\n\n<p>En febrero pasado, un helic\u00f3ptero de la Polic\u00eda fue hallado accidentado con sus cuatro tripulantes fallecidos en el departamento de Antioquia (noroeste).<\/p>\n\n\n\n<p>La tripulaci\u00f3n estaba compuesta por el mayor Juan Carlos Morales (piloto), el capit\u00e1n C\u00e9sar Andr\u00e9s Rodr\u00edguez (copiloto) y los subintendentes Rafael Antonio Gonz\u00e1lez (t\u00e9cnico) y Feder Alejandro Celis, quienes seg\u00fan la Polic\u00eda fallecieron en el accidente.<\/p>\n\n\n\n<p>Seg\u00fan afirm\u00f3 entonces el director de la Polic\u00eda, general William Ren\u00e9 Salamanca, el Black Hawk hab\u00eda partido de Caucasia, localidad situada en la regi\u00f3n del Bajo Cauca, y su destino final era Tulu\u00e1, en el departamento del Valle del Cauca, pero desapareci\u00f3 cuando sobrevolaba el municipio antioque\u00f1o de Caramanta.<\/p>\n\n\n\n<p>El pasado 5 de febrero, otro helic\u00f3ptero Black Hawk, pero del Ej\u00e9rcito colombiano, se estrell\u00f3 cuando volaba cerca de la frontera con Panam\u00e1, accidente en el que murieron cuatro militares que hac\u00edan parte de la tripulaci\u00f3n y tres m\u00e1s quedaron heridos.<\/p>\n","protected":false},"excerpt":{"rendered":"<p>Bogot\u00e1.- Al menos nueve personas murieron este lunes en el accidente de un helic\u00f3ptero MI-17 del Ej\u00e9rcito colombiano en el departamento caribe\u00f1o de Bol\u00edvar (norte), informaron fuentes oficiales. \u00abLamento la&hellip;<\/p>\n","protected":false},"author":3,"featured_media":82222,"comment_status":"open","ping_status":"open","sticky":false,"template":"","format":"standard","meta":{"content-type":"","jetpack_post_was_ever_published":false,"_jetpack_newsletter_access":"","_jetpack_dont_email_post_to_subs":false,"_jetpack_newsletter_tier_id":0,"_jetpack_memberships_contains_paywalled_content":false,"_jetpack_memberships_contains_paid_content":false,"footnotes":""},"categories":[1],"tags":[6327],"class_list":["post-82221","post","type-post","status-publish","format-standard","has-post-thumbnail","hentry","category-sin-categoria","tag-helicoptero"],"jetpack_featured_media_url":"https:\/\/lasprimeras.com.do\/wp-content\/uploads\/2024\/04\/6a0c8a05-4f4b-48f5-a1d9-1ad180753c4a-18.webp","jetpack-related-posts":[{"id":107877,"url":"https:\/\/lasprimeras.com.do\/index.php\/2025\/09\/01\/cinco-muertos-tras-estrellarse-un-helicoptero-militar-en-el-norte-de-pakistan\/","url_meta":{"origin":82221,"position":0},"title":"Cinco muertos tras estrellarse un helic\u00f3ptero militar en el norte de Pakist\u00e1n","author":"Nelson Feliz","date":"1 de septiembre de 2025","format":false,"excerpt":"QUETTA, Pakist\u00e1n (AP) \u2014 Un helic\u00f3ptero del ej\u00e9rcito en un vuelo de rutina se estrell\u00f3 el lunes en el norte de Pakist\u00e1n, afirm\u00f3 un portavoz del gobierno. Dos pilotos y tres t\u00e9cnicos que iban a bordo murieron. El helic\u00f3ptero aparentemente se precipit\u00f3 en la regi\u00f3n de Gilgit-Baltist\u00e1n debido a una\u2026","rel":"","context":"En \u00abINTERNACIONALES\u00bb","block_context":{"text":"INTERNACIONALES","link":"https:\/\/lasprimeras.com.do\/index.php\/category\/sin-categoria\/internacionales\/"},"img":{"alt_text":"","src":"https:\/\/i0.wp.com\/lasprimeras.com.do\/wp-content\/uploads\/2025\/09\/Cinco-muertos-tras-estrellarse-un-helicoptero-militar-en-el-norte-de-Pakistan.jpg?resize=350%2C200&ssl=1","width":350,"height":200,"srcset":"https:\/\/i0.wp.com\/lasprimeras.com.do\/wp-content\/uploads\/2025\/09\/Cinco-muertos-tras-estrellarse-un-helicoptero-militar-en-el-norte-de-Pakistan.jpg?resize=350%2C200&ssl=1 1x, https:\/\/i0.wp.com\/lasprimeras.com.do\/wp-content\/uploads\/2025\/09\/Cinco-muertos-tras-estrellarse-un-helicoptero-militar-en-el-norte-de-Pakistan.jpg?resize=525%2C300&ssl=1 1.5x, https:\/\/i0.wp.com\/lasprimeras.com.do\/wp-content\/uploads\/2025\/09\/Cinco-muertos-tras-estrellarse-un-helicoptero-militar-en-el-norte-de-Pakistan.jpg?resize=700%2C400&ssl=1 2x"},"classes":[]},{"id":76007,"url":"https:\/\/lasprimeras.com.do\/index.php\/2024\/02\/06\/muere-en-un-accidente-aereo-el-ex-presidente-sebastian-pinera\/","url_meta":{"origin":82221,"position":1},"title":"Muere en un accidente a\u00e9reo el ex presidente Sebasti\u00e1n Pi\u00f1era","author":"Nelson Feliz","date":"6 de febrero de 2024","format":false,"excerpt":"Chile.-. Un accidente a\u00e9reo se registr\u00f3 esta tarde en el sector rural de Ilihue, en localidad del Lago Ranco, regi\u00f3n de los R\u00edos, Chile. Un helic\u00f3ptero privado se precipit\u00f3 en medio del cuerpo de agua, con al menos cuatro ocupantes. Entre ellos estar\u00eda el ex presidente Sebasti\u00e1n Pi\u00f1era. Seg\u00fan los\u2026","rel":"","context":"En \u00abSin categor\u00eda\u00bb","block_context":{"text":"Sin categor\u00eda","link":"https:\/\/lasprimeras.com.do\/index.php\/category\/sin-categoria\/"},"img":{"alt_text":"Sebastian Pi\u00f1era","src":"https:\/\/i0.wp.com\/lasprimeras.com.do\/wp-content\/uploads\/2024\/02\/Sebastian-Pinera.jpg?resize=350%2C200&ssl=1","width":350,"height":200,"srcset":"https:\/\/i0.wp.com\/lasprimeras.com.do\/wp-content\/uploads\/2024\/02\/Sebastian-Pinera.jpg?resize=350%2C200&ssl=1 1x, https:\/\/i0.wp.com\/lasprimeras.com.do\/wp-content\/uploads\/2024\/02\/Sebastian-Pinera.jpg?resize=525%2C300&ssl=1 1.5x, https:\/\/i0.wp.com\/lasprimeras.com.do\/wp-content\/uploads\/2024\/02\/Sebastian-Pinera.jpg?resize=700%2C400&ssl=1 2x"},"classes":[]},{"id":81511,"url":"https:\/\/lasprimeras.com.do\/index.php\/2024\/04\/21\/dos-helicopteros-de-la-marina-japonesa-se-estrellan-en-el-oceano-pacifico-durante-entrenamiento\/","url_meta":{"origin":82221,"position":2},"title":"Dos helic\u00f3pteros de la marina japonesa se estrellan en el Oc\u00e9ano Pac\u00edfico durante entrenamiento","author":"Nelson Feliz","date":"21 de abril de 2024","format":false,"excerpt":"Accidente aereo deja 1 muerto y 7 desaparecidos en Tokio POR MARI YAMAGUCHI TOKIO (AP) \u2014 Dos helic\u00f3pteros de la marina japonesa que transportaban a ocho miembros de su tripulaci\u00f3n se estrellaron en el Oc\u00e9ano Pac\u00edfico al sur de Tokio durante un entrenamiento nocturno en una posible colisi\u00f3n, dejando un\u2026","rel":"","context":"En \u00abSin categor\u00eda\u00bb","block_context":{"text":"Sin categor\u00eda","link":"https:\/\/lasprimeras.com.do\/index.php\/category\/sin-categoria\/"},"img":{"alt_text":"Buque","src":"https:\/\/i0.wp.com\/lasprimeras.com.do\/wp-content\/uploads\/2024\/04\/Buque.jpg?resize=350%2C200&ssl=1","width":350,"height":200,"srcset":"https:\/\/i0.wp.com\/lasprimeras.com.do\/wp-content\/uploads\/2024\/04\/Buque.jpg?resize=350%2C200&ssl=1 1x, https:\/\/i0.wp.com\/lasprimeras.com.do\/wp-content\/uploads\/2024\/04\/Buque.jpg?resize=525%2C300&ssl=1 1.5x, https:\/\/i0.wp.com\/lasprimeras.com.do\/wp-content\/uploads\/2024\/04\/Buque.jpg?resize=700%2C400&ssl=1 2x"},"classes":[]},{"id":52723,"url":"https:\/\/lasprimeras.com.do\/index.php\/2023\/06\/13\/aviones-y-helicopteros-sobrevuelan-toda-la-ciudad-de-santiago\/","url_meta":{"origin":82221,"position":3},"title":"Aviones y helic\u00f3pteros sobrevuelan toda la ciudad de Santiago","author":"prenxa100","date":"13 de junio de 2023","format":false,"excerpt":"El director general de la Polic\u00eda Nacional, mayor general Eduardo Alberto Then, despliega un ampli\u00f3 operativo en unos 20 sectores de la ciudad de Santiago. Dicho operativo, se est\u00e1 realizando por aire y tierra. Seg\u00fan informaciones de personas residentes en la ciudad coraz\u00f3n, desde tempranas horas de este martes, sobrevuelan\u2026","rel":"","context":"En \u00abNACIONALES\u00bb","block_context":{"text":"NACIONALES","link":"https:\/\/lasprimeras.com.do\/index.php\/category\/nacionales\/"},"img":{"alt_text":"","src":"https:\/\/i0.wp.com\/lasprimeras.com.do\/wp-content\/uploads\/2023\/06\/aviones-y-helicopteros-sobrevuelan-toda-la-ciudad-de-santiago.jpg?resize=350%2C200&ssl=1","width":350,"height":200,"srcset":"https:\/\/i0.wp.com\/lasprimeras.com.do\/wp-content\/uploads\/2023\/06\/aviones-y-helicopteros-sobrevuelan-toda-la-ciudad-de-santiago.jpg?resize=350%2C200&ssl=1 1x, https:\/\/i0.wp.com\/lasprimeras.com.do\/wp-content\/uploads\/2023\/06\/aviones-y-helicopteros-sobrevuelan-toda-la-ciudad-de-santiago.jpg?resize=525%2C300&ssl=1 1.5x"},"classes":[]},{"id":89287,"url":"https:\/\/lasprimeras.com.do\/index.php\/2024\/09\/21\/dos-heridos-al-estrellarse-un-helicoptero-en-stgo-rodriguez\/","url_meta":{"origin":82221,"position":4},"title":"Dos heridos al estrellarse un helic\u00f3ptero en Santiago Rodr\u00edguez","author":"Nelson Feliz","date":"21 de septiembre de 2024","format":false,"excerpt":"Una pareja de esposos result\u00f3 herida este s\u00e1bado al precipitarse el helic\u00f3ptero privado en el que viajaban en una zona monta\u00f1osa de la provincia Santiago Rodr\u00edguez. Las autoridades de emergencias identificaron a los heridos como el piloto Irvin Crespo y su esposa, Mar\u00eda Roxanna Rodr\u00edguez. El hombre sufri\u00f3 lesiones menores,\u2026","rel":"","context":"En \u00abNACIONALES\u00bb","block_context":{"text":"NACIONALES","link":"https:\/\/lasprimeras.com.do\/index.php\/category\/nacionales\/"},"img":{"alt_text":"Helic\u00f3ptero JetRanger III en el que viajaba la pareja","src":"https:\/\/i0.wp.com\/lasprimeras.com.do\/wp-content\/uploads\/2024\/09\/Helicoptero-JetRanger-III-en-el-que-viajaba-la-pareja.jpg?resize=350%2C200&ssl=1","width":350,"height":200,"srcset":"https:\/\/i0.wp.com\/lasprimeras.com.do\/wp-content\/uploads\/2024\/09\/Helicoptero-JetRanger-III-en-el-que-viajaba-la-pareja.jpg?resize=350%2C200&ssl=1 1x, https:\/\/i0.wp.com\/lasprimeras.com.do\/wp-content\/uploads\/2024\/09\/Helicoptero-JetRanger-III-en-el-que-viajaba-la-pareja.jpg?resize=525%2C300&ssl=1 1.5x"},"classes":[]},{"id":52555,"url":"https:\/\/lasprimeras.com.do\/index.php\/2023\/06\/11\/al-menos-diez-muertos-y-once-heridos-tras-volcar-un-autobus-en-australia\/","url_meta":{"origin":82221,"position":5},"title":"Al menos diez muertos y once heridos tras volcar un autob\u00fas en Australia","author":"prenxa100","date":"11 de junio de 2023","format":false,"excerpt":"Al menos diez personas han muerto y once resultaron heridas al volcar el autob\u00fas en el que viajaban en la localidad de Greta, a unos 180 kil\u00f3metros al norte de la ciudad de S\u00eddney, informaron este lunes fuentes policiales. La Polic\u00eda de la regi\u00f3n de Nueva Gales del Sur explic\u00f3\u2026","rel":"","context":"En \u00abSin categor\u00eda\u00bb","block_context":{"text":"Sin categor\u00eda","link":"https:\/\/lasprimeras.com.do\/index.php\/category\/sin-categoria\/"},"img":{"alt_text":"","src":"","width":0,"height":0},"classes":[]}],"jetpack_sharing_enabled":true,"_links":{"self":[{"href":"https:\/\/lasprimeras.com.do\/index.php\/wp-json\/wp\/v2\/posts\/82221","targetHints":{"allow":["GET"]}}],"collection":[{"href":"https:\/\/lasprimeras.com.do\/index.php\/wp-json\/wp\/v2\/posts"}],"about":[{"href":"https:\/\/lasprimeras.com.do\/index.php\/wp-json\/wp\/v2\/types\/post"}],"author":[{"embeddable":true,"href":"https:\/\/lasprimeras.com.do\/index.php\/wp-json\/wp\/v2\/users\/3"}],"replies":[{"embeddable":true,"href":"https:\/\/lasprimeras.com.do\/index.php\/wp-json\/wp\/v2\/comments?post=82221"}],"version-history":[{"count":1,"href":"https:\/\/lasprimeras.com.do\/index.php\/wp-json\/wp\/v2\/posts\/82221\/revisions"}],"predecessor-version":[{"id":82223,"href":"https:\/\/lasprimeras.com.do\/index.php\/wp-json\/wp\/v2\/posts\/82221\/revisions\/82223"}],"wp:featuredmedia":[{"embeddable":true,"href":"https:\/\/lasprimeras.com.do\/index.php\/wp-json\/wp\/v2\/media\/82222"}],"wp:attachment":[{"href":"https:\/\/lasprimeras.com.do\/index.php\/wp-json\/wp\/v2\/media?parent=82221"}],"wp:term":[{"taxonomy":"category","embeddable":true,"href":"https:\/\/lasprimeras.com.do\/index.php\/wp-json\/wp\/v2\/categories?post=82221"},{"taxonomy":"post_tag","embeddable":true,"href":"https:\/\/lasprimeras.com.do\/index.php\/wp-json\/wp\/v2\/tags?post=82221"}],"curies":[{"name":"wp","href":"https:\/\/api.w.org\/{rel}","templated":true}]}}