{"id":82224,"date":"2024-04-30T07:48:45","date_gmt":"2024-04-30T11:48:45","guid":{"rendered":"https:\/\/lasprimeras.com.do\/?p=82224"},"modified":"2024-04-30T07:48:47","modified_gmt":"2024-04-30T11:48:47","slug":"jce-pone-fecha-al-prm-y-fp-para-completar-boleta-de-diputados-en-dn","status":"publish","type":"post","link":"https:\/\/lasprimeras.com.do\/index.php\/2024\/04\/30\/jce-pone-fecha-al-prm-y-fp-para-completar-boleta-de-diputados-en-dn\/","title":{"rendered":"JCE pone fecha al PRM y FP para completar boleta de diputados en DN"},"content":{"rendered":"\n<p>SANTO DOMINGO.- La Junta Central Electoral (JCE) le otorg\u00f3 un nuevo plazo que vencer\u00e1 el 1 de mayo a las 7:00 de la noche a los partidos Revolucionario Moderno (PRM) y Fuerza del Pueblo (FP) para que completen sus boletas electorales para candidatos a diputados en dos circunscripciones del Distrito Nacional de cara a las elecciones presidenciales.<\/p>\n\n\n\n<p>En una comunicaci\u00f3n, la JCE especifica que a la Fuerza del Pueblo tiene hasta el plazo establecido para hacer un nuevo dep\u00f3sito de candidaturas. Lo que significa que la candidatura de Rafael Paz volvi\u00f3 a quedar fuera de la contienda electoral.<\/p>\n\n\n\n<p>En el caso del PRM, el \u00f3rgano electoral concedi\u00f3 un plazo para que en la boleta de la circunscripci\u00f3n n\u00famero 3 del Distrito Nacional cumpla con la cuota de g\u00e9nero.<\/p>\n\n\n\n<p>En esta circunscripci\u00f3n est\u00e1n inscritos cinco candidatos y dos candidatas, y la ley ordena que sean cuatro de un sexo y tres de otro, por lo que deber\u00eda cambiar un hombre por una mujer.<\/p>\n\n\n\n<p>Las candidaturas presentadas por el PRM en esta circunscripci\u00f3n y que la JCE no admiti\u00f3 son las de Ram\u00f3n Antonio Bueno, Sergio Moya, V\u00edctor Emilio Ogando, Alexander Liz De Jes\u00fas, Carlos S\u00e1nchez Quezada, Chavely S\u00e1nchez Taveras y Alejandrina Mu\u00f1oz Guti\u00e9rrez.<\/p>\n\n\n\n<p>A ley de 19 d\u00edas de las pr\u00f3ximas elecciones presidenciales, ya la JCE inici\u00f3 el despacho hacia el exterior del pa\u00eds de los materiales electorales para la celebraci\u00f3n de las elecciones presidenciales y para diputados de ultramar, a celebrarse el 19 de mayo.<\/p>\n\n\n\n<p>Las 1,566 valijas con kits electorales y dos mil 15 que contienen las EDET, para un total de tres mil 581, contienen los materiales a ser utilizados para la celebraci\u00f3n de las elecciones dominicanas en 46 localidades de 35 pa\u00edses de Europa, Centroam\u00e9rica, Sudam\u00e9rica, Estados Unidos y Canad\u00e1.<\/p>\n","protected":false},"excerpt":{"rendered":"<p>SANTO DOMINGO.- La Junta Central Electoral (JCE) le otorg\u00f3 un nuevo plazo que vencer\u00e1 el 1 de mayo a las 7:00 de la noche a los partidos Revolucionario Moderno (PRM)&hellip;<\/p>\n","protected":false},"author":3,"featured_media":82225,"comment_status":"open","ping_status":"open","sticky":false,"template":"","format":"standard","meta":{"content-type":"","jetpack_post_was_ever_published":false,"_jetpack_newsletter_access":"","_jetpack_dont_email_post_to_subs":false,"_jetpack_newsletter_tier_id":0,"_jetpack_memberships_contains_paywalled_content":false,"_jetpack_memberships_contains_paid_content":false,"footnotes":""},"categories":[1],"tags":[183],"class_list":["post-82224","post","type-post","status-publish","format-standard","has-post-thumbnail","hentry","category-sin-categoria","tag-jce"],"jetpack_featured_media_url":"https:\/\/lasprimeras.com.do\/wp-content\/uploads\/2024\/04\/6a0c8a05-4f4b-48f5-a1d9-1ad180753c4a-19.webp","jetpack-related-posts":[{"id":82240,"url":"https:\/\/lasprimeras.com.do\/index.php\/2024\/04\/30\/jce-deja-fuera-de-boleta-a-rafael-paz-y-otros-candidatos-de-fp-en-circunscripcion-1-dn\/","url_meta":{"origin":82224,"position":0},"title":"JCE deja fuera de boleta a Rafael Paz y otros candidatos de FP, en Circunscripci\u00f3n 1 DN","author":"BIMARY DE JES\u00daS Matos","date":"30 de abril de 2024","format":false,"excerpt":"SANTO DOMINGO.- La Junta Central Electoral (JCE) no acogi\u00f3 la inscripci\u00f3n de candidatos a diputados de la Fuerza del Pueblo en la circunscripci\u00f3n 1 del Distrito Nacional, en vista de que incumple lo ordenado por el Tribunal Superior Electoral. Por lo que otorg\u00f3 un plazo hasta el mi\u00e9rcoles a la\u2026","rel":"","context":"En \u00abSin categor\u00eda\u00bb","block_context":{"text":"Sin categor\u00eda","link":"https:\/\/lasprimeras.com.do\/index.php\/category\/sin-categoria\/"},"img":{"alt_text":"","src":"https:\/\/i0.wp.com\/lasprimeras.com.do\/wp-content\/uploads\/2024\/04\/DSC00247-1.jpg?resize=350%2C200&ssl=1","width":350,"height":200,"srcset":"https:\/\/i0.wp.com\/lasprimeras.com.do\/wp-content\/uploads\/2024\/04\/DSC00247-1.jpg?resize=350%2C200&ssl=1 1x, https:\/\/i0.wp.com\/lasprimeras.com.do\/wp-content\/uploads\/2024\/04\/DSC00247-1.jpg?resize=525%2C300&ssl=1 1.5x, https:\/\/i0.wp.com\/lasprimeras.com.do\/wp-content\/uploads\/2024\/04\/DSC00247-1.jpg?resize=700%2C400&ssl=1 2x, https:\/\/i0.wp.com\/lasprimeras.com.do\/wp-content\/uploads\/2024\/04\/DSC00247-1.jpg?resize=1050%2C600&ssl=1 3x"},"classes":[]},{"id":116211,"url":"https:\/\/lasprimeras.com.do\/index.php\/2025\/11\/28\/tobias-crespo-anuncia-aspiraciones-a-la-alcaldia-del-dn-critica-al-prm-por-narcotrafico-y-corrupcion\/","url_meta":{"origin":82224,"position":1},"title":"Tob\u00edas Crespo anuncia aspiraciones a la Alcald\u00eda del DN; critica al PRM por narcotr\u00e1fico y corrupci\u00f3n","author":"Nelson Feliz","date":"28 de noviembre de 2025","format":false,"excerpt":"-El experimentado legislador, tras 18 a\u00f1os en el Congreso, se encuentra en un proceso de consulta popular antes de formalizar su candidatura por La Fuerza del Pueblo. El miembro prominente de La Fuerza del Pueblo (FP), diputado Rafael Tob\u00edas Crespo, ha anunciado su intenci\u00f3n de postularse para la Alcald\u00eda del\u2026","rel":"","context":"En \u00abPOLITICA\u00bb","block_context":{"text":"POLITICA","link":"https:\/\/lasprimeras.com.do\/index.php\/category\/politica\/"},"img":{"alt_text":"","src":"https:\/\/i0.wp.com\/lasprimeras.com.do\/wp-content\/uploads\/2025\/11\/Rafael-Tobias-Crespo.jpeg?resize=350%2C200&ssl=1","width":350,"height":200,"srcset":"https:\/\/i0.wp.com\/lasprimeras.com.do\/wp-content\/uploads\/2025\/11\/Rafael-Tobias-Crespo.jpeg?resize=350%2C200&ssl=1 1x, https:\/\/i0.wp.com\/lasprimeras.com.do\/wp-content\/uploads\/2025\/11\/Rafael-Tobias-Crespo.jpeg?resize=525%2C300&ssl=1 1.5x, https:\/\/i0.wp.com\/lasprimeras.com.do\/wp-content\/uploads\/2025\/11\/Rafael-Tobias-Crespo.jpeg?resize=700%2C400&ssl=1 2x"},"classes":[]},{"id":82358,"url":"https:\/\/lasprimeras.com.do\/index.php\/2024\/05\/02\/junta-central-otorga-otro-plazo-prm-y-fp\/","url_meta":{"origin":82224,"position":2},"title":"Junta Central otorga otro plazo PRM y FP","author":"BIMARY DE JES\u00daS Matos","date":"2 de mayo de 2024","format":false,"excerpt":"Santo Domingo.- La Junta Central Electoral (JCE) otorg\u00f3 otro plazo a los partidos Revolucionario Moderno y Fuerza del Pueblo para que depositen sus propuestas de boletas en la circunscripci\u00f3n tres del Distrito Nacional (PRM), y la uno (FP), donde ninguna de las dos organizaciones cumpl\u00eda con la cuota de g\u00e9nero\u2026","rel":"","context":"En \u00abSin categor\u00eda\u00bb","block_context":{"text":"Sin categor\u00eda","link":"https:\/\/lasprimeras.com.do\/index.php\/category\/sin-categoria\/"},"img":{"alt_text":"","src":"https:\/\/i0.wp.com\/lasprimeras.com.do\/wp-content\/uploads\/2024\/04\/6a0c8a05-4f4b-48f5-a1d9-1ad180753c4a-19.webp?resize=350%2C200&ssl=1","width":350,"height":200,"srcset":"https:\/\/i0.wp.com\/lasprimeras.com.do\/wp-content\/uploads\/2024\/04\/6a0c8a05-4f4b-48f5-a1d9-1ad180753c4a-19.webp?resize=350%2C200&ssl=1 1x, https:\/\/i0.wp.com\/lasprimeras.com.do\/wp-content\/uploads\/2024\/04\/6a0c8a05-4f4b-48f5-a1d9-1ad180753c4a-19.webp?resize=525%2C300&ssl=1 1.5x, https:\/\/i0.wp.com\/lasprimeras.com.do\/wp-content\/uploads\/2024\/04\/6a0c8a05-4f4b-48f5-a1d9-1ad180753c4a-19.webp?resize=700%2C400&ssl=1 2x, https:\/\/i0.wp.com\/lasprimeras.com.do\/wp-content\/uploads\/2024\/04\/6a0c8a05-4f4b-48f5-a1d9-1ad180753c4a-19.webp?resize=1050%2C600&ssl=1 3x"},"classes":[]},{"id":126925,"url":"https:\/\/lasprimeras.com.do\/index.php\/2026\/04\/06\/fp-iniciara-este-martes-jornada-de-cedulacion-de-sus-dirigentes-en-coordinacion-con-la-jce\/","url_meta":{"origin":82224,"position":3},"title":"FP iniciar\u00e1 este martes jornada de cedulaci\u00f3n de sus dirigentes en coordinaci\u00f3n con la JCE","author":"Nelson Feliz","date":"6 de abril de 2026","format":false,"excerpt":"Con esta jornada, la FP, al igual que otras organizaciones, respalda a la JCE en el proceso de renovaci\u00f3n del nuevo documento oficial. El partido Fuerza del Pueblo, en coordinaci\u00f3n con la Junta Central Electoral (JCE), iniciar\u00e1 este martes 7 una jornada nacional de cedulaci\u00f3n dirigida a los integrantes de\u2026","rel":"","context":"En \u00abPOLITICA\u00bb","block_context":{"text":"POLITICA","link":"https:\/\/lasprimeras.com.do\/index.php\/category\/politica\/"},"img":{"alt_text":"Henry Mer\u00e1n","src":"https:\/\/i0.wp.com\/lasprimeras.com.do\/wp-content\/uploads\/2026\/04\/Henry-Meran.jpg?resize=350%2C200&ssl=1","width":350,"height":200,"srcset":"https:\/\/i0.wp.com\/lasprimeras.com.do\/wp-content\/uploads\/2026\/04\/Henry-Meran.jpg?resize=350%2C200&ssl=1 1x, https:\/\/i0.wp.com\/lasprimeras.com.do\/wp-content\/uploads\/2026\/04\/Henry-Meran.jpg?resize=525%2C300&ssl=1 1.5x, https:\/\/i0.wp.com\/lasprimeras.com.do\/wp-content\/uploads\/2026\/04\/Henry-Meran.jpg?resize=700%2C400&ssl=1 2x"},"classes":[]},{"id":83052,"url":"https:\/\/lasprimeras.com.do\/index.php\/2024\/05\/10\/rafael-alburquerque-declina-dos-cargos-en-fuerza-del-pueblo-y-los-ocupara-rafael-paz\/","url_meta":{"origin":82224,"position":4},"title":"Rafael Alburquerque declina dos cargos en Fuerza del Pueblo y los ocupar\u00e1 Rafael Paz","author":"Nelson Feliz","date":"10 de mayo de 2024","format":false,"excerpt":"Rafael Paz asume desde este viernes la posici\u00f3n de presidente del Distrito Nacional del partido Fuerza del Pueblo, as\u00ed como coordinador de campa\u00f1a en la misma demarcaci\u00f3n. El pol\u00edtico qued\u00f3 fuera de la boleta electoral luego de que el Tribunal Superior Electoral (TSE) excluyera su candidatura a diputado por la\u2026","rel":"","context":"En \u00abPORTADA\u00bb","block_context":{"text":"PORTADA","link":"https:\/\/lasprimeras.com.do\/index.php\/category\/portada\/"},"img":{"alt_text":"Rafael Alburquerque","src":"https:\/\/i0.wp.com\/lasprimeras.com.do\/wp-content\/uploads\/2024\/05\/Rafael-Alburquerque.jpg?resize=350%2C200&ssl=1","width":350,"height":200},"classes":[]},{"id":102488,"url":"https:\/\/lasprimeras.com.do\/index.php\/2025\/07\/04\/lf-participara-este-sabado-en-graduacion-de-diplomado-especializado-de-la-jce\/","url_meta":{"origin":82224,"position":5},"title":"LF participar\u00e1 este s\u00e1bado en graduaci\u00f3n de diplomado especializado de la JCE","author":"Nelson Feliz","date":"4 de julio de 2025","format":false,"excerpt":"El expresidente de la Rep\u00fablica y actual presidente del partido Fuerza del Pueblo (FP), Leonel Fern\u00e1ndez, asistir\u00e1 este s\u00e1bado al acto de graduaci\u00f3n del Diplomado Especializado en Administraci\u00f3n Electoral, iniciativa acad\u00e9mica coordinada por el Instituto Especializado Superior en Formaci\u00f3n Pol\u00edtica, Electoral y del Estado Civil (IESPEC), \u00f3rgano acad\u00e9mico de la\u2026","rel":"","context":"En \u00abNACIONALES\u00bb","block_context":{"text":"NACIONALES","link":"https:\/\/lasprimeras.com.do\/index.php\/category\/nacionales\/"},"img":{"alt_text":"","src":"https:\/\/i0.wp.com\/lasprimeras.com.do\/wp-content\/uploads\/2025\/07\/Leonel-Fernandez-y-Roman-Jaquez-Liranzo.jpg?resize=350%2C200&ssl=1","width":350,"height":200,"srcset":"https:\/\/i0.wp.com\/lasprimeras.com.do\/wp-content\/uploads\/2025\/07\/Leonel-Fernandez-y-Roman-Jaquez-Liranzo.jpg?resize=350%2C200&ssl=1 1x, https:\/\/i0.wp.com\/lasprimeras.com.do\/wp-content\/uploads\/2025\/07\/Leonel-Fernandez-y-Roman-Jaquez-Liranzo.jpg?resize=525%2C300&ssl=1 1.5x, https:\/\/i0.wp.com\/lasprimeras.com.do\/wp-content\/uploads\/2025\/07\/Leonel-Fernandez-y-Roman-Jaquez-Liranzo.jpg?resize=700%2C400&ssl=1 2x"},"classes":[]}],"jetpack_sharing_enabled":true,"_links":{"self":[{"href":"https:\/\/lasprimeras.com.do\/index.php\/wp-json\/wp\/v2\/posts\/82224","targetHints":{"allow":["GET"]}}],"collection":[{"href":"https:\/\/lasprimeras.com.do\/index.php\/wp-json\/wp\/v2\/posts"}],"about":[{"href":"https:\/\/lasprimeras.com.do\/index.php\/wp-json\/wp\/v2\/types\/post"}],"author":[{"embeddable":true,"href":"https:\/\/lasprimeras.com.do\/index.php\/wp-json\/wp\/v2\/users\/3"}],"replies":[{"embeddable":true,"href":"https:\/\/lasprimeras.com.do\/index.php\/wp-json\/wp\/v2\/comments?post=82224"}],"version-history":[{"count":1,"href":"https:\/\/lasprimeras.com.do\/index.php\/wp-json\/wp\/v2\/posts\/82224\/revisions"}],"predecessor-version":[{"id":82226,"href":"https:\/\/lasprimeras.com.do\/index.php\/wp-json\/wp\/v2\/posts\/82224\/revisions\/82226"}],"wp:featuredmedia":[{"embeddable":true,"href":"https:\/\/lasprimeras.com.do\/index.php\/wp-json\/wp\/v2\/media\/82225"}],"wp:attachment":[{"href":"https:\/\/lasprimeras.com.do\/index.php\/wp-json\/wp\/v2\/media?parent=82224"}],"wp:term":[{"taxonomy":"category","embeddable":true,"href":"https:\/\/lasprimeras.com.do\/index.php\/wp-json\/wp\/v2\/categories?post=82224"},{"taxonomy":"post_tag","embeddable":true,"href":"https:\/\/lasprimeras.com.do\/index.php\/wp-json\/wp\/v2\/tags?post=82224"}],"curies":[{"name":"wp","href":"https:\/\/api.w.org\/{rel}","templated":true}]}}