{"id":82234,"date":"2024-04-30T11:46:25","date_gmt":"2024-04-30T15:46:25","guid":{"rendered":"https:\/\/lasprimeras.com.do\/?p=82234"},"modified":"2024-04-30T11:46:32","modified_gmt":"2024-04-30T15:46:32","slug":"fingio-el-suicidio-de-su-mujer-y-se-compro-una-muneca-sexual-con-el-dinero-del-seguro","status":"publish","type":"post","link":"https:\/\/lasprimeras.com.do\/index.php\/2024\/04\/30\/fingio-el-suicidio-de-su-mujer-y-se-compro-una-muneca-sexual-con-el-dinero-del-seguro\/","title":{"rendered":"Fingi\u00f3 el suicidio de su mujer y se compr\u00f3 una mu\u00f1eca sexual con el dinero del seguro"},"content":{"rendered":"\n<p>EFE.-En la madrugada de Halloween de 2019, una llamada desesperada al 911 romp\u00eda el silencio en Hays, Kansas. <\/p>\n\n\n\n<p>Colby Trickle, un reservista del ej\u00e9rcito, reportaba entre l\u00e1grimas el suicidio de su esposa, Kristen, de tan solo 26 a\u00f1os.<\/p>\n\n\n\n<p>Seg\u00fan su relato, ella hab\u00eda decidido terminar con su vida de un disparo a la cabeza. Sin embargo, esta versi\u00f3n inicial, aceptada casi a rega\u00f1adientes por las autoridades, comenzar\u00eda a desmoronarse bajo el escrutinio de una investigaci\u00f3n m\u00e1s profunda. \u00bfSer\u00eda posible que detr\u00e1s de la fachada de un luto perturbador se escondiera un macabro asesinato planeado con meticulosidad?<\/p>\n\n\n\n<p>Seg\u00fan detall\u00f3 CBS, la primera se\u00f1al de alerta surgi\u00f3 casi de inmediato, cuando el sargento Brandon Hauptman, primero en responder al llamado, inspeccion\u00f3 la escena. Algo no encajaba: la disposici\u00f3n del cuerpo, la expresi\u00f3n de la v\u00edctima y, especialmente, la manera inusual en que supuestamente hab\u00eda optado por suicidarse.<\/p>\n\n\n\n<p>Y a\u00fan cuando tres d\u00edas despu\u00e9s del incidente, el m\u00e9dico forense declar\u00f3 la muerte como suicidio, los detectives no estaban convencidos y continuaron hurgando en las circunstancias que rodeaban el caso.<br>Fingi\u00f3 el suicidio de su mujer y se compr\u00f3 una mu\u00f1eca sexual con el dinero del seguro<br>Colby Trickle hizo gastos extravagantes que despert\u00f3 sospechas en los invetsigadores y familiares ) Facebook Kristen Trickle)<\/p>\n\n\n\n<p>La sospechosa escena del suicidio<\/p>\n\n\n\n<p>Uno de los primeros detalles que llam\u00f3 la atenci\u00f3n fue la vestimenta de Kristen. Solo llevaba ropa interior, lo cual es at\u00edpico en suicidios, especialmente aquellos involucrando armas de fuego, donde las v\u00edctimas suelen prepararse de manera m\u00e1s deliberada para el acto.<\/p>\n\n\n\n<p>Adem\u00e1s, la posici\u00f3n y tama\u00f1o del arma utilizada complicaban a\u00fan m\u00e1s la teor\u00eda del suicidio. La pistola encontrada junto a Kristen era inusualmente grande para que ella la manejara c\u00f3modamente y se disparara a s\u00ed misma en la cabeza, seg\u00fan lo descrito por los oficiales en la escena. Esto plante\u00f3 preguntas sobre la viabilidad f\u00edsica del supuesto suicidio.<\/p>\n\n\n\n<p>Colby Trickle plane\u00f3 meticulosamente el crimen de su esposa (Fiscal\u00eda de Ellis)<br>Puedes leer: Las secuelas de un intento de suicidio<\/p>\n\n\n\n<p>Otro elemento discordante fue el tel\u00e9fono de Kristen, que continuaba sonando con una alarma que ella hab\u00eda configurado la noche anterior. Este peque\u00f1o pero significativo detalle suger\u00eda que Kristen ten\u00eda planes para ese d\u00eda, algo poco com\u00fan en personas que est\u00e1n contemplando el suicidio. La presencia de la alarma indicaba que Kristen esperaba seguir con su rutina diaria, lo cual contradec\u00eda la idea de una decisi\u00f3n premeditada de quitarse la vida.<\/p>\n\n\n\n<p>El despilfarro de Colby Trickle tras la tragedia<\/p>\n\n\n\n<p>Tras la tr\u00e1gica muerte de Kristen, Trickle se encontr\u00f3 repentinamente con una suma considerable de dinero, gracias a las dos p\u00f3lizas de seguro de vida que cobr\u00f3\u2026 Y r\u00e1pidamente, las investigaciones revelaron movimientos financieros alarmantes.<\/p>\n\n\n\n<p>En un lapso de apenas ocho meses, Trickle dilapid\u00f3 los m\u00e1s de 120 mil d\u00f3lares que hab\u00eda obtenido. Los registros y testimonios durante el juicio expusieron que Trickle no solo se entreg\u00f3 a extravagancias personales, sino que adem\u00e1s llev\u00f3 un estilo de vida desenfrenado e irresponsable. Parte del dinero se esfum\u00f3 en videojuegos y equipos de m\u00fasica, con el sue\u00f1o poco realista de convertirse en un artista famoso.<\/p>\n\n\n\n<p>El gasto m\u00e1s llamativo y perturbador fue, sin embargo, la adquisici\u00f3n de la mu\u00f1eca sexual de tama\u00f1o natural por casi dos mil d\u00f3lares, que algunos interpretaron como un intento macabro de reemplazar a su difunta esposa.<br>Esta compra fue particularmente inquietante para la familia de Kristen y los investigadores, y se destac\u00f3 en el juicio como un ejemplo de su falta de empat\u00eda y respeto por la memoria de su esposa.<\/p>\n\n\n\n<p>Tras casi dos a\u00f1os de indagaciones y recolecci\u00f3n de pruebas, ya se acumulaban suficientes evidencias para arrestar a Colby Trickle. En septiembre de 2023, el caso se present\u00f3 ante el jurado, donde impactantes revelaciones salieron a la luz. Desde testimonios que desment\u00edan las alegaciones de servicio militar de Trickle hasta la fr\u00eda utilizaci\u00f3n del dinero del seguro, todo se un\u00eda para tejer la imagen de un hombre que parec\u00eda haber planeado meticulosamente no solo el asesinato de su esposa, sino tambi\u00e9n su vida posterior sin ella.<\/p>\n\n\n\n<p>Puedes leer: Mercedes Toribio prisionera entre escalones y pobreza<\/p>\n\n\n\n<p>La fiscal\u00eda argument\u00f3 que este comportamiento era indicativo de una falta total de remordimiento y posiblemente evidencia de premeditaci\u00f3n en el crimen que hab\u00eda cometido. Los testimonios de expertos y familiares durante el juicio pintaron un retrato de un hombre que, en lugar de enfrentar el duelo, eligi\u00f3 sumergirse en un torbellino de consumo y hedonismo.<\/p>\n\n\n\n<p>Finalmente, los jurados fueron persuadidos no solo por las pruebas forenses y los patrones de gasto, sino tambi\u00e9n por el testimonio emocional de la familia de Kristen, quienes expusieron el contraste doloroso entre el supuesto dolor de Trickle y su fren\u00e9tica dilapidaci\u00f3n del dinero de las p\u00f3lizas.<\/p>\n\n\n\n<p>El juicio, cargado de emociones y revelaciones, culmin\u00f3 con la condena de Colby a cadena perpetua, sin posibilidad de libertad condicional.<\/p>\n","protected":false},"excerpt":{"rendered":"<p>EFE.-En la madrugada de Halloween de 2019, una llamada desesperada al 911 romp\u00eda el silencio en Hays, Kansas. Colby Trickle, un reservista del ej\u00e9rcito, reportaba entre l\u00e1grimas el suicidio de&hellip;<\/p>\n","protected":false},"author":3,"featured_media":82235,"comment_status":"open","ping_status":"open","sticky":false,"template":"","format":"standard","meta":{"content-type":"","jetpack_post_was_ever_published":false,"_jetpack_newsletter_access":"","_jetpack_dont_email_post_to_subs":false,"_jetpack_newsletter_tier_id":0,"_jetpack_memberships_contains_paywalled_content":false,"_jetpack_memberships_contains_paid_content":false,"footnotes":""},"categories":[1],"tags":[3427],"class_list":["post-82234","post","type-post","status-publish","format-standard","has-post-thumbnail","hentry","category-sin-categoria","tag-suicidio"],"jetpack_featured_media_url":"https:\/\/lasprimeras.com.do\/wp-content\/uploads\/2024\/04\/DSC00247.jpg","jetpack-related-posts":[{"id":54683,"url":"https:\/\/lasprimeras.com.do\/index.php\/2023\/07\/13\/funglode-de-627-feminicidios-ocurridos-entre-2016-y-2022-en-174-casos-los-agresores-se-suicidaron\/","url_meta":{"origin":82234,"position":0},"title":"Funglode: De 627 feminicidios ocurridos entre 2016 y 2022, en 174 casos los agresores se suicidaron","author":"Nelson Feliz","date":"13 de julio de 2023","format":false,"excerpt":"La investigaci\u00f3n que publica anualmente el Observatorio Pol\u00edtico Dominicano (OPD-Funglode) sobre la problem\u00e1tica de los feminicidios, este a\u00f1o analiza por primera vez en el pa\u00eds de manera de manera exclusiva la conducta suicida de los agresores. De los 627 feminicidios que se registraron en el pa\u00eds en el periodo 2016-2022,\u2026","rel":"","context":"En \u00abNACIONALES\u00bb","block_context":{"text":"NACIONALES","link":"https:\/\/lasprimeras.com.do\/index.php\/category\/nacionales\/"},"img":{"alt_text":"Flor Batista Polo","src":"https:\/\/i0.wp.com\/lasprimeras.com.do\/wp-content\/uploads\/2023\/07\/Flor-Batista-Polo-autora.jpg?resize=350%2C200&ssl=1","width":350,"height":200,"srcset":"https:\/\/i0.wp.com\/lasprimeras.com.do\/wp-content\/uploads\/2023\/07\/Flor-Batista-Polo-autora.jpg?resize=350%2C200&ssl=1 1x, https:\/\/i0.wp.com\/lasprimeras.com.do\/wp-content\/uploads\/2023\/07\/Flor-Batista-Polo-autora.jpg?resize=525%2C300&ssl=1 1.5x, https:\/\/i0.wp.com\/lasprimeras.com.do\/wp-content\/uploads\/2023\/07\/Flor-Batista-Polo-autora.jpg?resize=700%2C400&ssl=1 2x"},"classes":[]},{"id":127294,"url":"https:\/\/lasprimeras.com.do\/index.php\/2026\/04\/10\/autoridades-de-ny-intensifican-campana-para-prevenir-suicidios\/","url_meta":{"origin":82234,"position":1},"title":"Autoridades de NY intensifican campa\u00f1a para prevenir suicidios","author":"Nelson Feliz","date":"10 de abril de 2026","format":false,"excerpt":"Por Ram\u00f3n Mercedes NUEVA YORK.- Las autoridades de salud de este estado, junto con las de la ciudad, est\u00e1n intensificando una campa\u00f1a para prevenir el suicidio. \u201cNo est\u00e1s solo\u201d: instan a los neoyorquinos a llamar a la l\u00ednea de prevenci\u00f3n del suicidio 988, que ofrece apoyo gratuito y confidencial, intervenci\u00f3n\u2026","rel":"","context":"En \u00abINTERNACIONALES\u00bb","block_context":{"text":"INTERNACIONALES","link":"https:\/\/lasprimeras.com.do\/index.php\/category\/sin-categoria\/internacionales\/"},"img":{"alt_text":"","src":"https:\/\/i0.wp.com\/lasprimeras.com.do\/wp-content\/uploads\/2026\/04\/IMG-20260410-WA0035.jpg?resize=350%2C200&ssl=1","width":350,"height":200,"srcset":"https:\/\/i0.wp.com\/lasprimeras.com.do\/wp-content\/uploads\/2026\/04\/IMG-20260410-WA0035.jpg?resize=350%2C200&ssl=1 1x, https:\/\/i0.wp.com\/lasprimeras.com.do\/wp-content\/uploads\/2026\/04\/IMG-20260410-WA0035.jpg?resize=525%2C300&ssl=1 1.5x"},"classes":[]},{"id":62561,"url":"https:\/\/lasprimeras.com.do\/index.php\/2023\/10\/05\/neuropsicologia-dice-suicidios-constituye-un-problema-de-salud-publica\/","url_meta":{"origin":82234,"position":2},"title":"Neuropsicolog\u00eda dice suicidios constituye un problema de salud p\u00fablica\u00a0","author":"Nelson Feliz","date":"5 de octubre de 2023","format":false,"excerpt":"Por Martin Restituyo Los suicidios en la poblaci\u00f3n joven constituyen un problema de \u201csalud P\u00fablica, afirm\u00f3 la neuropsicolog\u00eda Samaritana S\u00e1nchez, al exponer en el tercer simposio sobre \u201cSalud Mental y Derechos Humanos, efectuado en el Audit\u00f3rium \u201cDr. Antonio M\u00e9ndez\u201d, de la UASD Recinto Barahona. Adem\u00e1s, de S\u00e1nchez, expuso en el\u2026","rel":"","context":"En \u00abNACIONALES\u00bb","block_context":{"text":"NACIONALES","link":"https:\/\/lasprimeras.com.do\/index.php\/category\/nacionales\/"},"img":{"alt_text":"UASD BARAHONA","src":"https:\/\/i0.wp.com\/lasprimeras.com.do\/wp-content\/uploads\/2023\/10\/UASD-BARAHONA.jpg?resize=350%2C200&ssl=1","width":350,"height":200,"srcset":"https:\/\/i0.wp.com\/lasprimeras.com.do\/wp-content\/uploads\/2023\/10\/UASD-BARAHONA.jpg?resize=350%2C200&ssl=1 1x, https:\/\/i0.wp.com\/lasprimeras.com.do\/wp-content\/uploads\/2023\/10\/UASD-BARAHONA.jpg?resize=525%2C300&ssl=1 1.5x, https:\/\/i0.wp.com\/lasprimeras.com.do\/wp-content\/uploads\/2023\/10\/UASD-BARAHONA.jpg?resize=700%2C400&ssl=1 2x"},"classes":[]},{"id":96455,"url":"https:\/\/lasprimeras.com.do\/index.php\/2025\/04\/01\/consterna-el-triple-homicidio-y-suicidio-en-santo-domingo-este\/","url_meta":{"origin":82234,"position":3},"title":"Consterna el triple homicidio y suicidio en Santo Domingo Este","author":"Nelson Feliz","date":"1 de abril de 2025","format":false,"excerpt":"Mientras en el ambiente se percib\u00eda lamento y desconcierto por lo ocurrido, familiares y vecinos se\u00f1alaron que Montero fue un hombre \u201cintegrado a su familia\u201d, y todas las tardes se sentaba a la sombra de un \u00e1rbol. \u201c\u00a1Ay qu\u00e9 tragedia m\u00e1s grande!\u201d, \u201c\u00a1ay qu\u00e9 dolor, Dios m\u00edo!\u201d, fueron las expresiones\u2026","rel":"","context":"En \u00abNACIONALES\u00bb","block_context":{"text":"NACIONALES","link":"https:\/\/lasprimeras.com.do\/index.php\/category\/nacionales\/"},"img":{"alt_text":"","src":"https:\/\/i0.wp.com\/lasprimeras.com.do\/wp-content\/uploads\/2025\/04\/llora.jpeg?resize=350%2C200&ssl=1","width":350,"height":200,"srcset":"https:\/\/i0.wp.com\/lasprimeras.com.do\/wp-content\/uploads\/2025\/04\/llora.jpeg?resize=350%2C200&ssl=1 1x, https:\/\/i0.wp.com\/lasprimeras.com.do\/wp-content\/uploads\/2025\/04\/llora.jpeg?resize=525%2C300&ssl=1 1.5x, https:\/\/i0.wp.com\/lasprimeras.com.do\/wp-content\/uploads\/2025\/04\/llora.jpeg?resize=700%2C400&ssl=1 2x"},"classes":[]},{"id":52479,"url":"https:\/\/lasprimeras.com.do\/index.php\/2023\/06\/10\/que-se-sabe-sobre-el-suicidio-de-oscar-davila-uno-de-los-jefes-de-seguridad-de-petro-implicado-en-el-nineragate\/","url_meta":{"origin":82234,"position":4},"title":"\u00bfQu\u00e9 se sabe sobre el suicidio de Oscar D\u00e1vila, uno de los jefes de seguridad de Petro implicado en el &#8216;ni\u00f1eragate&#8217;?","author":"prenxa100","date":"10 de junio de 2023","format":false,"excerpt":"El oficial se hab\u00eda mostrado dispuesto a brindar su versi\u00f3n sobre el esc\u00e1ndalo del pol\u00edgrafo y las escuchas ilegales a la exni\u00f1era del hijo de quien era jefa del Gabinete presidencial, Laura Sarabia. El teniente coronel de la Polic\u00eda Oscar D\u00e1vila adscrito a la seguridad de la presidencia de Colombia\u2026","rel":"","context":"En \u00abSin categor\u00eda\u00bb","block_context":{"text":"Sin categor\u00eda","link":"https:\/\/lasprimeras.com.do\/index.php\/category\/sin-categoria\/"},"img":{"alt_text":"","src":"","width":0,"height":0},"classes":[]},{"id":74014,"url":"https:\/\/lasprimeras.com.do\/index.php\/2024\/01\/18\/investigan-muerte-de-hombre-hallado-con-un-disparo-en-la-cabeza\/","url_meta":{"origin":82234,"position":5},"title":"Investigan muerte de hombre hallado con un disparo en la cabeza","author":"Nelson Feliz","date":"18 de enero de 2024","format":false,"excerpt":"Puerto Plata.-Las autoridades investigan la muerte de un hombre hallado con un disparo en la cabeza. El cuerpo de Starling Bautista, de 23 a\u00f1os, fue encontrado en unos matorrales de la playa Bergant\u00edn en el municipio de Villa Montellano, de Puerto Plata, en aparente suicidio. Bautista, quien resid\u00eda en el\u2026","rel":"","context":"En \u00abNACIONALES\u00bb","block_context":{"text":"NACIONALES","link":"https:\/\/lasprimeras.com.do\/index.php\/category\/nacionales\/"},"img":{"alt_text":"","src":"","width":0,"height":0},"classes":[]}],"jetpack_sharing_enabled":true,"_links":{"self":[{"href":"https:\/\/lasprimeras.com.do\/index.php\/wp-json\/wp\/v2\/posts\/82234","targetHints":{"allow":["GET"]}}],"collection":[{"href":"https:\/\/lasprimeras.com.do\/index.php\/wp-json\/wp\/v2\/posts"}],"about":[{"href":"https:\/\/lasprimeras.com.do\/index.php\/wp-json\/wp\/v2\/types\/post"}],"author":[{"embeddable":true,"href":"https:\/\/lasprimeras.com.do\/index.php\/wp-json\/wp\/v2\/users\/3"}],"replies":[{"embeddable":true,"href":"https:\/\/lasprimeras.com.do\/index.php\/wp-json\/wp\/v2\/comments?post=82234"}],"version-history":[{"count":1,"href":"https:\/\/lasprimeras.com.do\/index.php\/wp-json\/wp\/v2\/posts\/82234\/revisions"}],"predecessor-version":[{"id":82236,"href":"https:\/\/lasprimeras.com.do\/index.php\/wp-json\/wp\/v2\/posts\/82234\/revisions\/82236"}],"wp:featuredmedia":[{"embeddable":true,"href":"https:\/\/lasprimeras.com.do\/index.php\/wp-json\/wp\/v2\/media\/82235"}],"wp:attachment":[{"href":"https:\/\/lasprimeras.com.do\/index.php\/wp-json\/wp\/v2\/media?parent=82234"}],"wp:term":[{"taxonomy":"category","embeddable":true,"href":"https:\/\/lasprimeras.com.do\/index.php\/wp-json\/wp\/v2\/categories?post=82234"},{"taxonomy":"post_tag","embeddable":true,"href":"https:\/\/lasprimeras.com.do\/index.php\/wp-json\/wp\/v2\/tags?post=82234"}],"curies":[{"name":"wp","href":"https:\/\/api.w.org\/{rel}","templated":true}]}}