{"id":82240,"date":"2024-04-30T11:49:08","date_gmt":"2024-04-30T15:49:08","guid":{"rendered":"https:\/\/lasprimeras.com.do\/?p=82240"},"modified":"2024-04-30T11:49:11","modified_gmt":"2024-04-30T15:49:11","slug":"jce-deja-fuera-de-boleta-a-rafael-paz-y-otros-candidatos-de-fp-en-circunscripcion-1-dn","status":"publish","type":"post","link":"https:\/\/lasprimeras.com.do\/index.php\/2024\/04\/30\/jce-deja-fuera-de-boleta-a-rafael-paz-y-otros-candidatos-de-fp-en-circunscripcion-1-dn\/","title":{"rendered":"JCE deja fuera de boleta a Rafael Paz y otros candidatos de FP, en Circunscripci\u00f3n 1 DN"},"content":{"rendered":"\n<p>SANTO DOMINGO.- La Junta Central Electoral (JCE) no acogi\u00f3 la inscripci\u00f3n de candidatos a diputados de la Fuerza del Pueblo en la circunscripci\u00f3n 1 del Distrito Nacional, en vista de que incumple lo ordenado por el Tribunal Superior Electoral.<\/p>\n\n\n\n<p>Por lo que otorg\u00f3 un plazo hasta el mi\u00e9rcoles a la Fuerza del Pueblo para depositar su propuesta de candidaturas a diputados en la Circunscripci\u00f3n 1 del Distrito Nacional tal como lo disponen tres sentencias del Tribunal Superior Electoral (TSE).<\/p>\n\n\n\n<p>El \u00f3rgano electoral le dio un plazo hasta el 1 de mayo a las 7 de la noche para hacer un nuevo dep\u00f3sito de candidaturas.<\/p>\n","protected":false},"excerpt":{"rendered":"<p>SANTO DOMINGO.- La Junta Central Electoral (JCE) no acogi\u00f3 la inscripci\u00f3n de candidatos a diputados de la Fuerza del Pueblo en la circunscripci\u00f3n 1 del Distrito Nacional, en vista de&hellip;<\/p>\n","protected":false},"author":3,"featured_media":82241,"comment_status":"open","ping_status":"open","sticky":false,"template":"","format":"standard","meta":{"content-type":"","jetpack_post_was_ever_published":false,"_jetpack_newsletter_access":"","_jetpack_dont_email_post_to_subs":false,"_jetpack_newsletter_tier_id":0,"_jetpack_memberships_contains_paywalled_content":false,"_jetpack_memberships_contains_paid_content":false,"footnotes":""},"categories":[1],"tags":[183],"class_list":["post-82240","post","type-post","status-publish","format-standard","has-post-thumbnail","hentry","category-sin-categoria","tag-jce"],"jetpack_featured_media_url":"https:\/\/lasprimeras.com.do\/wp-content\/uploads\/2024\/04\/DSC00247-1.jpg","jetpack-related-posts":[{"id":82224,"url":"https:\/\/lasprimeras.com.do\/index.php\/2024\/04\/30\/jce-pone-fecha-al-prm-y-fp-para-completar-boleta-de-diputados-en-dn\/","url_meta":{"origin":82240,"position":0},"title":"JCE pone fecha al PRM y FP para completar boleta de diputados en DN","author":"BIMARY DE JES\u00daS Matos","date":"30 de abril de 2024","format":false,"excerpt":"SANTO DOMINGO.- La Junta Central Electoral (JCE) le otorg\u00f3 un nuevo plazo que vencer\u00e1 el 1 de mayo a las 7:00 de la noche a los partidos Revolucionario Moderno (PRM) y Fuerza del Pueblo (FP) para que completen sus boletas electorales para candidatos a diputados en dos circunscripciones del Distrito\u2026","rel":"","context":"En \u00abSin categor\u00eda\u00bb","block_context":{"text":"Sin categor\u00eda","link":"https:\/\/lasprimeras.com.do\/index.php\/category\/sin-categoria\/"},"img":{"alt_text":"","src":"https:\/\/i0.wp.com\/lasprimeras.com.do\/wp-content\/uploads\/2024\/04\/6a0c8a05-4f4b-48f5-a1d9-1ad180753c4a-19.webp?resize=350%2C200&ssl=1","width":350,"height":200,"srcset":"https:\/\/i0.wp.com\/lasprimeras.com.do\/wp-content\/uploads\/2024\/04\/6a0c8a05-4f4b-48f5-a1d9-1ad180753c4a-19.webp?resize=350%2C200&ssl=1 1x, https:\/\/i0.wp.com\/lasprimeras.com.do\/wp-content\/uploads\/2024\/04\/6a0c8a05-4f4b-48f5-a1d9-1ad180753c4a-19.webp?resize=525%2C300&ssl=1 1.5x, https:\/\/i0.wp.com\/lasprimeras.com.do\/wp-content\/uploads\/2024\/04\/6a0c8a05-4f4b-48f5-a1d9-1ad180753c4a-19.webp?resize=700%2C400&ssl=1 2x, https:\/\/i0.wp.com\/lasprimeras.com.do\/wp-content\/uploads\/2024\/04\/6a0c8a05-4f4b-48f5-a1d9-1ad180753c4a-19.webp?resize=1050%2C600&ssl=1 3x"},"classes":[]},{"id":82358,"url":"https:\/\/lasprimeras.com.do\/index.php\/2024\/05\/02\/junta-central-otorga-otro-plazo-prm-y-fp\/","url_meta":{"origin":82240,"position":1},"title":"Junta Central otorga otro plazo PRM y FP","author":"BIMARY DE JES\u00daS Matos","date":"2 de mayo de 2024","format":false,"excerpt":"Santo Domingo.- La Junta Central Electoral (JCE) otorg\u00f3 otro plazo a los partidos Revolucionario Moderno y Fuerza del Pueblo para que depositen sus propuestas de boletas en la circunscripci\u00f3n tres del Distrito Nacional (PRM), y la uno (FP), donde ninguna de las dos organizaciones cumpl\u00eda con la cuota de g\u00e9nero\u2026","rel":"","context":"En \u00abSin categor\u00eda\u00bb","block_context":{"text":"Sin categor\u00eda","link":"https:\/\/lasprimeras.com.do\/index.php\/category\/sin-categoria\/"},"img":{"alt_text":"","src":"https:\/\/i0.wp.com\/lasprimeras.com.do\/wp-content\/uploads\/2024\/04\/6a0c8a05-4f4b-48f5-a1d9-1ad180753c4a-19.webp?resize=350%2C200&ssl=1","width":350,"height":200,"srcset":"https:\/\/i0.wp.com\/lasprimeras.com.do\/wp-content\/uploads\/2024\/04\/6a0c8a05-4f4b-48f5-a1d9-1ad180753c4a-19.webp?resize=350%2C200&ssl=1 1x, https:\/\/i0.wp.com\/lasprimeras.com.do\/wp-content\/uploads\/2024\/04\/6a0c8a05-4f4b-48f5-a1d9-1ad180753c4a-19.webp?resize=525%2C300&ssl=1 1.5x, https:\/\/i0.wp.com\/lasprimeras.com.do\/wp-content\/uploads\/2024\/04\/6a0c8a05-4f4b-48f5-a1d9-1ad180753c4a-19.webp?resize=700%2C400&ssl=1 2x, https:\/\/i0.wp.com\/lasprimeras.com.do\/wp-content\/uploads\/2024\/04\/6a0c8a05-4f4b-48f5-a1d9-1ad180753c4a-19.webp?resize=1050%2C600&ssl=1 3x"},"classes":[]},{"id":83052,"url":"https:\/\/lasprimeras.com.do\/index.php\/2024\/05\/10\/rafael-alburquerque-declina-dos-cargos-en-fuerza-del-pueblo-y-los-ocupara-rafael-paz\/","url_meta":{"origin":82240,"position":2},"title":"Rafael Alburquerque declina dos cargos en Fuerza del Pueblo y los ocupar\u00e1 Rafael Paz","author":"Nelson Feliz","date":"10 de mayo de 2024","format":false,"excerpt":"Rafael Paz asume desde este viernes la posici\u00f3n de presidente del Distrito Nacional del partido Fuerza del Pueblo, as\u00ed como coordinador de campa\u00f1a en la misma demarcaci\u00f3n. El pol\u00edtico qued\u00f3 fuera de la boleta electoral luego de que el Tribunal Superior Electoral (TSE) excluyera su candidatura a diputado por la\u2026","rel":"","context":"En \u00abPORTADA\u00bb","block_context":{"text":"PORTADA","link":"https:\/\/lasprimeras.com.do\/index.php\/category\/portada\/"},"img":{"alt_text":"Rafael Alburquerque","src":"https:\/\/i0.wp.com\/lasprimeras.com.do\/wp-content\/uploads\/2024\/05\/Rafael-Alburquerque.jpg?resize=350%2C200&ssl=1","width":350,"height":200},"classes":[]},{"id":53565,"url":"https:\/\/lasprimeras.com.do\/index.php\/2023\/06\/28\/fuerza-del-pueblo-deposito-reservas-de-candidaturas-ante-la-jce\/","url_meta":{"origin":82240,"position":3},"title":"Fuerza del Pueblo deposit\u00f3 reservas de candidaturas ante la JCE","author":"Nelson Feliz","date":"28 de junio de 2023","format":false,"excerpt":"El partido Fuerza del Pueblo (FP) deposit\u00f3 ante la Junta Central Electoral (JCE) sus reservas de candidaturas, en cumplimiento del plazo otorgado y correspondiente al 20% establecido en la ley 33-18 de Partidos y Agrupaciones Pol\u00edticas. El partido que preside el l\u00edder de la oposici\u00f3n pol\u00edtica dominicana, Leonel Fern\u00e1ndez, tambi\u00e9n\u2026","rel":"","context":"En \u00abSin categor\u00eda\u00bb","block_context":{"text":"Sin categor\u00eda","link":"https:\/\/lasprimeras.com.do\/index.php\/category\/sin-categoria\/"},"img":{"alt_text":"Manuel Crespo","src":"https:\/\/i0.wp.com\/lasprimeras.com.do\/wp-content\/uploads\/2023\/06\/Manuel-Crespo.jpg?resize=350%2C200&ssl=1","width":350,"height":200,"srcset":"https:\/\/i0.wp.com\/lasprimeras.com.do\/wp-content\/uploads\/2023\/06\/Manuel-Crespo.jpg?resize=350%2C200&ssl=1 1x, https:\/\/i0.wp.com\/lasprimeras.com.do\/wp-content\/uploads\/2023\/06\/Manuel-Crespo.jpg?resize=525%2C300&ssl=1 1.5x"},"classes":[]},{"id":82478,"url":"https:\/\/lasprimeras.com.do\/index.php\/2024\/05\/04\/jce-reimprimira-mas-de-600-mil-boletas-debido-a-fallo-del-tse\/","url_meta":{"origin":82240,"position":4},"title":"JCE reimprimir\u00e1 m\u00e1s de 600 mil boletas debido a fallo del TSE","author":"BIMARY DE JES\u00daS Matos","date":"4 de mayo de 2024","format":false,"excerpt":"Santo Domingo.-La Junta Central Electoral (JCE) inform\u00f3 ayer que acatar\u00e1 la sentencia del Tribunal Superior Electoral (TSE) y reordenar\u00e1 la boleta de la Fuerza del Pueblo para la circunscripci\u00f3n 1 de las candidaturas a diputados para dominicanos en el exterior. Sin embargo, enfatiz\u00f3 en que ya esas boletas hab\u00edan sido\u2026","rel":"","context":"En \u00abSin categor\u00eda\u00bb","block_context":{"text":"Sin categor\u00eda","link":"https:\/\/lasprimeras.com.do\/index.php\/category\/sin-categoria\/"},"img":{"alt_text":"","src":"https:\/\/i0.wp.com\/lasprimeras.com.do\/wp-content\/uploads\/2024\/04\/6a0c8a05-4f4b-48f5-a1d9-1ad180753c4a-19.webp?resize=350%2C200&ssl=1","width":350,"height":200,"srcset":"https:\/\/i0.wp.com\/lasprimeras.com.do\/wp-content\/uploads\/2024\/04\/6a0c8a05-4f4b-48f5-a1d9-1ad180753c4a-19.webp?resize=350%2C200&ssl=1 1x, https:\/\/i0.wp.com\/lasprimeras.com.do\/wp-content\/uploads\/2024\/04\/6a0c8a05-4f4b-48f5-a1d9-1ad180753c4a-19.webp?resize=525%2C300&ssl=1 1.5x, https:\/\/i0.wp.com\/lasprimeras.com.do\/wp-content\/uploads\/2024\/04\/6a0c8a05-4f4b-48f5-a1d9-1ad180753c4a-19.webp?resize=700%2C400&ssl=1 2x, https:\/\/i0.wp.com\/lasprimeras.com.do\/wp-content\/uploads\/2024\/04\/6a0c8a05-4f4b-48f5-a1d9-1ad180753c4a-19.webp?resize=1050%2C600&ssl=1 3x"},"classes":[]},{"id":66747,"url":"https:\/\/lasprimeras.com.do\/index.php\/2023\/11\/09\/tse-deja-en-estado-de-fallo-dos-acciones-contra-el-prm-y-jce\/","url_meta":{"origin":82240,"position":5},"title":"TSE deja en Estado de fallo dos acciones contra el PRM y JCE","author":"Nelson Feliz","date":"9 de noviembre de 2023","format":false,"excerpt":"El Tribunal Superior Electoral, dej\u00f3 en estado de fallo reservado dos procesos incoados contra el Partido Revolucionario Moderno (PRM) y la Junta Central Electoral. Un primer expediente es el n\u00famero TSE-01-0042-2023, sobre la Solicitud de Reconteo incoada por el se\u00f1or Abraham S\u00e1nchez Alc\u00e1ntara contra el Partido Revolucionario Moderno (PRM) y\u2026","rel":"","context":"En \u00abJUSTICIA\u00bb","block_context":{"text":"JUSTICIA","link":"https:\/\/lasprimeras.com.do\/index.php\/category\/justicia\/"},"img":{"alt_text":"TSE","src":"https:\/\/i0.wp.com\/lasprimeras.com.do\/wp-content\/uploads\/2023\/11\/TSE-1.jpg?resize=350%2C200&ssl=1","width":350,"height":200,"srcset":"https:\/\/i0.wp.com\/lasprimeras.com.do\/wp-content\/uploads\/2023\/11\/TSE-1.jpg?resize=350%2C200&ssl=1 1x, https:\/\/i0.wp.com\/lasprimeras.com.do\/wp-content\/uploads\/2023\/11\/TSE-1.jpg?resize=525%2C300&ssl=1 1.5x, https:\/\/i0.wp.com\/lasprimeras.com.do\/wp-content\/uploads\/2023\/11\/TSE-1.jpg?resize=700%2C400&ssl=1 2x"},"classes":[]}],"jetpack_sharing_enabled":true,"_links":{"self":[{"href":"https:\/\/lasprimeras.com.do\/index.php\/wp-json\/wp\/v2\/posts\/82240","targetHints":{"allow":["GET"]}}],"collection":[{"href":"https:\/\/lasprimeras.com.do\/index.php\/wp-json\/wp\/v2\/posts"}],"about":[{"href":"https:\/\/lasprimeras.com.do\/index.php\/wp-json\/wp\/v2\/types\/post"}],"author":[{"embeddable":true,"href":"https:\/\/lasprimeras.com.do\/index.php\/wp-json\/wp\/v2\/users\/3"}],"replies":[{"embeddable":true,"href":"https:\/\/lasprimeras.com.do\/index.php\/wp-json\/wp\/v2\/comments?post=82240"}],"version-history":[{"count":1,"href":"https:\/\/lasprimeras.com.do\/index.php\/wp-json\/wp\/v2\/posts\/82240\/revisions"}],"predecessor-version":[{"id":82242,"href":"https:\/\/lasprimeras.com.do\/index.php\/wp-json\/wp\/v2\/posts\/82240\/revisions\/82242"}],"wp:featuredmedia":[{"embeddable":true,"href":"https:\/\/lasprimeras.com.do\/index.php\/wp-json\/wp\/v2\/media\/82241"}],"wp:attachment":[{"href":"https:\/\/lasprimeras.com.do\/index.php\/wp-json\/wp\/v2\/media?parent=82240"}],"wp:term":[{"taxonomy":"category","embeddable":true,"href":"https:\/\/lasprimeras.com.do\/index.php\/wp-json\/wp\/v2\/categories?post=82240"},{"taxonomy":"post_tag","embeddable":true,"href":"https:\/\/lasprimeras.com.do\/index.php\/wp-json\/wp\/v2\/tags?post=82240"}],"curies":[{"name":"wp","href":"https:\/\/api.w.org\/{rel}","templated":true}]}}