{"id":82276,"date":"2024-04-30T20:06:15","date_gmt":"2024-05-01T00:06:15","guid":{"rendered":"https:\/\/lasprimeras.com.do\/?p=82276"},"modified":"2024-04-30T20:06:17","modified_gmt":"2024-05-01T00:06:17","slug":"abinader-dice-gobierno-ha-recuperado-y-creado-mas-de-657-mil-empleos","status":"publish","type":"post","link":"https:\/\/lasprimeras.com.do\/index.php\/2024\/04\/30\/abinader-dice-gobierno-ha-recuperado-y-creado-mas-de-657-mil-empleos\/","title":{"rendered":"Abinader dice gobierno ha recuperado y creado m\u00e1s de 657 mil empleos"},"content":{"rendered":"\n<p><strong>El jefe del Estado indic\u00f3 que hay 2 millones de mujeres ocupadas, cifra que afirma es la m\u00e1s alta de la historia.<\/strong><\/p>\n\n\n\n<p>El presidente Luis Abinader habl\u00f3 este martes en LA Semanal con la Prensa sobre empleos y mejores salarios y afirm\u00f3 que se han facilitado m\u00e1s de 657 mil empleos nuevos y recuperados desde el 2020 hasta la fecha, adem\u00e1s se han realizado 400 ferias y jornadas de empleos.<\/p>\n\n\n\n<p>Inform\u00f3 que el 56% de la reducci\u00f3n de la pobreza se atribuye al aumento del ingreso laboral per c\u00e1pita y que seg\u00fan el Ministerio de Econom\u00eda, Planificaci\u00f3n y Desarrollo, la pobreza se redujo en 4.6 puntos porcentuales del 2019 al 2023.<\/p>\n\n\n\n<p>Indic\u00f3 que desde 2020 hasta la fecha se han facilitado 657,527 empleos nuevos y recuperados seg\u00fan la Encuesta Nacional de Fuerza de Trabajo. De igual forma, se han creado 509,344 nuevos empleos formales afiliados a la TSS. Lo que indica que ha crecido un 87%.<\/p>\n\n\n\n<p>Se\u00f1al\u00f3 que hay 168,279 j\u00f3venes empleados formales adicionales a los encontrados en 2020 y precis\u00f3 que se han realizado 400 ferias y jornadas de empleos.<\/p>\n\n\n\n<p>El jefe del Estado indic\u00f3 que hay 2 millones de mujeres ocupadas, cifra que afirma es la m\u00e1s alta de la historia; con el apoyo del PNUD se han realizado distintas ferias de empleos para personas discapacitadas.<\/p>\n\n\n\n<p>Precis\u00f3 que se han realizado 2 aumentos de salarios m\u00ednimos aprobados por el Comit\u00e9 Nacional de Salarios del 2020 al 2024. Tambi\u00e9n, 23 aumentos a los sectores no sectorizados, en el privado no sectorizado 23% en 2021 y un 19% en el 2023.<\/p>\n\n\n\n<p>En las zonas francas en el sector industrial de m\u00e1s de 39%, mientras que en hoteles y restaurantes un 40%.<\/p>\n\n\n\n<p>El presidente Abinader destac\u00f3 que el total de crecimiento real acumulado del salario ha sido de un 9.6%. En torno al aumento de salario m\u00ednimo cotizable en d\u00f3lares en agosto de 2012 fue de US$208.2, en agosto de 2020 US$247 y en febrero de 2024 US$361.4.<\/p>\n\n\n\n<p>Esto demuestra que el salario real privado no sectorizado ha sido de un 15% representado por el 70% de los trabajadores asalariados del pa\u00eds.<\/p>\n\n\n\n<p>Sobre este tema, manifest\u00f3 que el salario m\u00ednimo de las grandes empresas cubre el 92.9% y de las medianas el 85.2%, que es el nivel m\u00e1s alto en la historia del pa\u00eds.<\/p>\n\n\n\n<p>El mandatario inform\u00f3 que el 56% de la reducci\u00f3n de la pobreza se atribuye al aumento del ingreso laboral per c\u00e1pita. &nbsp;Seg\u00fan el Ministerio de Econom\u00eda, Planificaci\u00f3n y Desarrollo, la pobreza se redujo en 4.6 puntos porcentuales del 2019 al 2023.<\/p>\n\n\n\n<p>El jefe de Estado explic\u00f3 que el Ministerio de Trabajo cre\u00f3 la Escuela Nacional de Mediaci\u00f3n Laboral, mediante la resoluci\u00f3n N\u00ba 09-23 de fecha 03\/10\/23, con el objetivo de mediar entre empleados y empleadores, con la participaci\u00f3n de la Organizaci\u00f3n Internacional del Trabajo (OIT).<\/p>\n\n\n\n<p>Asimismo, indic\u00f3 que durante la pandemia se establecieron normativas de teletrabajo y se lanz\u00f3 el proyecto &#8220;Fomento al Teletrabajo como Modalidad de Flexibilidad, Innovaci\u00f3n y Trabajo Decente&#8221;.<\/p>\n\n\n\n<p>En cuanto a la seguridad social, el mandatario report\u00f3 un incremento del 30.66% en la afiliaci\u00f3n al Seguro Familiar de Salud (SFS), pasando de 8,035,364 a 10,498,609 afiliados hasta febrero de 2024.<\/p>\n\n\n\n<p>Esto significa que m\u00e1s del 98% de la poblaci\u00f3n cuenta ahora con cobertura de salud en la Seguridad Social, incluyendo la afiliaci\u00f3n de menores de edad bajo la protecci\u00f3n del CONANI y el SeNaSa.<\/p>\n\n\n\n<p>En este mismo sentido, tambi\u00e9n destac\u00f3 que la cobertura de medicamentos ambulatorios en el Seguro Familiar de Salud aument\u00f3 de ocho mil a doce mil pesos por afiliado por a\u00f1o. Adem\u00e1s, se han a\u00f1adido 70 nuevas coberturas prioritarias, un aumento del 40% en los honorarios m\u00e9dicos, un 50% en las consultas de internamiento y un 15% en la cobertura de habitaciones, por afiliado y por d\u00eda.<\/p>\n\n\n\n<p>Asimismo, se incluy\u00f3 la cobertura integral del trasplante renal con un l\u00edmite de tres millones 500 mil pesos en el plan b\u00e1sico de salud para los afiliados del r\u00e9gimen contributivo. Se ampli\u00f3 la cobertura de medicamentos de alto costo relacionada con el tratamiento del c\u00e1ncer, de 1 mill\u00f3n de pesos a 2 millones 90 mil.<\/p>\n\n\n\n<p>De igual forma, se incluyeron la mastectom\u00eda profil\u00e1ctica por prevenci\u00f3n, la reconstrucci\u00f3n mamaria por c\u00e1ncer de mama y el PET-CT al cat\u00e1logo del plan de servicios de salud del SFS.<\/p>\n\n\n\n<p>Para este sector, se estableci\u00f3 un m\u00ednimo de 8 mil pesos para las pensiones por discapacidad y sobrevivencia y se dispuso la cobertura del 100% para gastos f\u00fanebres por accidentes laborales.<\/p>\n\n\n\n<p>Para el cumplimiento del reglamento 522-06 de seguridad y salud en el trabajo, se certificaron 283 nuevas empresas mientras que 243 renovaron su certificaci\u00f3n. Adem\u00e1s, se lanz\u00f3 la gu\u00eda amable de uso y aplicaci\u00f3n de plaguicidas.<\/p>\n\n\n\n<p>El presidente Abinader inform\u00f3 de igual forma, que m\u00e1s de 20 mil empleados han sido beneficiados con la autorizaci\u00f3n para el traspaso al sistema de reparto de empleados p\u00fablicos que estaban en n\u00f3mina en junio 2003 y fueron afiliados a la AFP.<\/p>\n\n\n\n<p>Tambi\u00e9n, se otorgaron m\u00e1s de 50 mil pensiones solidarias que incluyen adultos mayores, personas con discapacidad y madres solteras en estado vulnerables y se ampliaron los beneficios del cambio normativo para facilitar el pago de pensiones por discapacidad y sobrevivencia y el aumento a 20 a\u00f1os del plazo para reclamos.<\/p>\n\n\n\n<p>Se elimin\u00f3 el impuesto sucesoral para el acceso a los fondos acumulados en las AFP&#8217;s a los familiares de un afiliado fallecido. &nbsp;Se aprob\u00f3 la devoluci\u00f3n de fondos de quienes cotizaron desde el sector privado a reparto, y no fueron contemplados al pensionarlo.<\/p>\n\n\n\n<p>Por \u00faltimo, actualmente m\u00e1s de 28 mil familias pueden solicitar el retiro de m\u00e1s de 7,500 millones de pesos por reducci\u00f3n a 44 a\u00f1os para acceder al beneficio de devoluci\u00f3n de aportes por ingreso tard\u00edo.<\/p>\n","protected":false},"excerpt":{"rendered":"<p>El jefe del Estado indic\u00f3 que hay 2 millones de mujeres ocupadas, cifra que afirma es la m\u00e1s alta de la historia. El presidente Luis Abinader habl\u00f3 este martes en&hellip;<\/p>\n","protected":false},"author":2,"featured_media":82277,"comment_status":"open","ping_status":"open","sticky":false,"template":"","format":"standard","meta":{"content-type":"","jetpack_post_was_ever_published":false,"_jetpack_newsletter_access":"","_jetpack_dont_email_post_to_subs":false,"_jetpack_newsletter_tier_id":0,"_jetpack_memberships_contains_paywalled_content":false,"_jetpack_memberships_contains_paid_content":false,"footnotes":""},"categories":[39,25],"tags":[171,67,12757],"class_list":["post-82276","post","type-post","status-publish","format-standard","has-post-thumbnail","hentry","category-economia","category-portada","tag-gobierno","tag-luis-abinader","tag-recuperado"],"jetpack_featured_media_url":"https:\/\/lasprimeras.com.do\/wp-content\/uploads\/2024\/04\/Luis-Abinader-7.jpg","jetpack-related-posts":[{"id":82302,"url":"https:\/\/lasprimeras.com.do\/index.php\/2024\/05\/01\/abinader-garantiza-elecciones-pacificas\/","url_meta":{"origin":82276,"position":0},"title":"Abinader garantiza elecciones pac\u00edficas","author":"BIMARY DE JES\u00daS Matos","date":"1 de mayo de 2024","format":false,"excerpt":"Santo Domingo.- \u201cLas primeras carpas aqu\u00ed las mont\u00f3 el Partido de la Liberaci\u00f3n Dominicana, en campa\u00f1a. Pero llamar a la violencia, cuando t\u00fa dices que vayan a votar. Aqu\u00ed hay dos discursos y eso es peligroso\u201d, fueron las palabras del presidente Luis Abinader ante el llamado que hizo el expresidente\u2026","rel":"","context":"En \u00abSin categor\u00eda\u00bb","block_context":{"text":"Sin categor\u00eda","link":"https:\/\/lasprimeras.com.do\/index.php\/category\/sin-categoria\/"},"img":{"alt_text":"","src":"https:\/\/i0.wp.com\/lasprimeras.com.do\/wp-content\/uploads\/2024\/05\/6a0c8a05-4f4b-48f5-a1d9-1ad180753c4a.webp?resize=350%2C200&ssl=1","width":350,"height":200,"srcset":"https:\/\/i0.wp.com\/lasprimeras.com.do\/wp-content\/uploads\/2024\/05\/6a0c8a05-4f4b-48f5-a1d9-1ad180753c4a.webp?resize=350%2C200&ssl=1 1x, https:\/\/i0.wp.com\/lasprimeras.com.do\/wp-content\/uploads\/2024\/05\/6a0c8a05-4f4b-48f5-a1d9-1ad180753c4a.webp?resize=525%2C300&ssl=1 1.5x, https:\/\/i0.wp.com\/lasprimeras.com.do\/wp-content\/uploads\/2024\/05\/6a0c8a05-4f4b-48f5-a1d9-1ad180753c4a.webp?resize=700%2C400&ssl=1 2x, https:\/\/i0.wp.com\/lasprimeras.com.do\/wp-content\/uploads\/2024\/05\/6a0c8a05-4f4b-48f5-a1d9-1ad180753c4a.webp?resize=1050%2C600&ssl=1 3x, https:\/\/i0.wp.com\/lasprimeras.com.do\/wp-content\/uploads\/2024\/05\/6a0c8a05-4f4b-48f5-a1d9-1ad180753c4a.webp?resize=1400%2C800&ssl=1 4x"},"classes":[]},{"id":82283,"url":"https:\/\/lasprimeras.com.do\/index.php\/2024\/04\/30\/abinader-afirma-el-56-de-la-reduccion-de-la-pobreza-se-debe-al-aumento-del-ingreso-laboral-per-capita\/","url_meta":{"origin":82276,"position":1},"title":"Abinader afirma \u201cel 56 % de la reducci\u00f3n de la pobreza\u201d se debe al aumento del ingreso laboral per c\u00e1pita","author":"BIMARY DE JES\u00daS Matos","date":"30 de abril de 2024","format":false,"excerpt":"Santo Domingo, RD.- Durante el encuentro LA Semanal con la Prensa, realizado este martes, el presidente Luis Abinader habl\u00f3 sobre empleos y mejores salarios y afirm\u00f3 que se han facilitado m\u00e1s de 657 mil empleos nuevos y recuperados desde el 2020 hasta la fecha, adem\u00e1s se han realizado 400 ferias\u2026","rel":"","context":"En \u00abPORTADA\u00bb","block_context":{"text":"PORTADA","link":"https:\/\/lasprimeras.com.do\/index.php\/category\/portada\/"},"img":{"alt_text":"","src":"https:\/\/i0.wp.com\/lasprimeras.com.do\/wp-content\/uploads\/2024\/04\/6a0c8a05-4f4b-48f5-a1d9-1ad180753c4a-21.webp?resize=350%2C200&ssl=1","width":350,"height":200,"srcset":"https:\/\/i0.wp.com\/lasprimeras.com.do\/wp-content\/uploads\/2024\/04\/6a0c8a05-4f4b-48f5-a1d9-1ad180753c4a-21.webp?resize=350%2C200&ssl=1 1x, https:\/\/i0.wp.com\/lasprimeras.com.do\/wp-content\/uploads\/2024\/04\/6a0c8a05-4f4b-48f5-a1d9-1ad180753c4a-21.webp?resize=525%2C300&ssl=1 1.5x, https:\/\/i0.wp.com\/lasprimeras.com.do\/wp-content\/uploads\/2024\/04\/6a0c8a05-4f4b-48f5-a1d9-1ad180753c4a-21.webp?resize=700%2C400&ssl=1 2x"},"classes":[]},{"id":123244,"url":"https:\/\/lasprimeras.com.do\/index.php\/2026\/02\/27\/abinader-asegura-que-casi-200-mil-personas-salieron-de-la-pobreza-en-el-ultimo-ano\/","url_meta":{"origin":82276,"position":2},"title":"Abinader asegura que casi 200 mil personas salieron de la pobreza en el \u00faltimo a\u00f1o","author":"Nelson Feliz","date":"27 de febrero de 2026","format":false,"excerpt":"Enfatiz\u00f3 que el crecimiento econ\u00f3mico debe traducirse en mejores condiciones de vida. El presidente Luis Abinader afirm\u00f3 este viernes que la reducci\u00f3n de la pobreza en el pa\u00eds es uno de sus logros durante su gesti\u00f3n, informando que el \u00edndice general baj\u00f3 de un 19 % a un 17.3 %\u2026","rel":"","context":"En \u00abECONOM\u00cdA\u00bb","block_context":{"text":"ECONOM\u00cdA","link":"https:\/\/lasprimeras.com.do\/index.php\/category\/economia\/"},"img":{"alt_text":"","src":"https:\/\/i0.wp.com\/lasprimeras.com.do\/wp-content\/uploads\/2026\/02\/Luis-Abinader-c-3.jpg?resize=350%2C200&ssl=1","width":350,"height":200,"srcset":"https:\/\/i0.wp.com\/lasprimeras.com.do\/wp-content\/uploads\/2026\/02\/Luis-Abinader-c-3.jpg?resize=350%2C200&ssl=1 1x, https:\/\/i0.wp.com\/lasprimeras.com.do\/wp-content\/uploads\/2026\/02\/Luis-Abinader-c-3.jpg?resize=525%2C300&ssl=1 1.5x, https:\/\/i0.wp.com\/lasprimeras.com.do\/wp-content\/uploads\/2026\/02\/Luis-Abinader-c-3.jpg?resize=700%2C400&ssl=1 2x"},"classes":[]},{"id":70452,"url":"https:\/\/lasprimeras.com.do\/index.php\/2023\/12\/11\/abinader-afirma-que-el-23-4-es-la-tasa-de-pobreza-mas-baja-de-la-historia\/","url_meta":{"origin":82276,"position":3},"title":"Abinader afirma que el 23.4% es la tasa de pobreza m\u00e1s baja de la historia","author":"Nelson Feliz","date":"11 de diciembre de 2023","format":false,"excerpt":"En cuanto a los aumentos salariales, el mandatario manifest\u00f3 que los dos aumentos realizados del 2022 al 2024 ser\u00eda de un 38%. 22.7% de inflaci\u00f3n acumulada de 2020 al 2023 El presidente Luis Abinader afirm\u00f3 este lunes que de abril a junio de 2023 la tasa de pobreza en el\u2026","rel":"","context":"En \u00abECONOM\u00cdA\u00bb","block_context":{"text":"ECONOM\u00cdA","link":"https:\/\/lasprimeras.com.do\/index.php\/category\/economia\/"},"img":{"alt_text":"Luis Abinader","src":"https:\/\/i0.wp.com\/lasprimeras.com.do\/wp-content\/uploads\/2023\/12\/Luis-Abinader-1-2.jpg?resize=350%2C200&ssl=1","width":350,"height":200,"srcset":"https:\/\/i0.wp.com\/lasprimeras.com.do\/wp-content\/uploads\/2023\/12\/Luis-Abinader-1-2.jpg?resize=350%2C200&ssl=1 1x, https:\/\/i0.wp.com\/lasprimeras.com.do\/wp-content\/uploads\/2023\/12\/Luis-Abinader-1-2.jpg?resize=525%2C300&ssl=1 1.5x, https:\/\/i0.wp.com\/lasprimeras.com.do\/wp-content\/uploads\/2023\/12\/Luis-Abinader-1-2.jpg?resize=700%2C400&ssl=1 2x"},"classes":[]},{"id":117570,"url":"https:\/\/lasprimeras.com.do\/index.php\/2025\/12\/11\/presidente-abinader-celebra-cifra-record-de-200134-empleos-directos-en-zonas-francas\/","url_meta":{"origin":82276,"position":4},"title":"Presidente Abinader celebra cifra r\u00e9cord de 200,134 empleos directos en zonas francas","author":"Nelson Feliz","date":"11 de diciembre de 2025","format":false,"excerpt":"Se destaca crecimiento de 67% del sector entre 2020 y 2025, impulsado por la confianza empresarial nacional e internacional, la diversificaci\u00f3n productiva y la creaci\u00f3n de nuevas oportunidades para las familias dominicanas El presidente Luis Abinader, junto al ministro de Industria, Comercio y Mipymes, V\u00edctor -Ito- Bison\u00f3, encabez\u00f3 un encuentro\u2026","rel":"","context":"En \u00abECONOM\u00cdA\u00bb","block_context":{"text":"ECONOM\u00cdA","link":"https:\/\/lasprimeras.com.do\/index.php\/category\/economia\/"},"img":{"alt_text":"Luis Abinader","src":"https:\/\/i0.wp.com\/lasprimeras.com.do\/wp-content\/uploads\/2025\/11\/Luis-Abinader-7.jpg?resize=350%2C200&ssl=1","width":350,"height":200,"srcset":"https:\/\/i0.wp.com\/lasprimeras.com.do\/wp-content\/uploads\/2025\/11\/Luis-Abinader-7.jpg?resize=350%2C200&ssl=1 1x, https:\/\/i0.wp.com\/lasprimeras.com.do\/wp-content\/uploads\/2025\/11\/Luis-Abinader-7.jpg?resize=525%2C300&ssl=1 1.5x, https:\/\/i0.wp.com\/lasprimeras.com.do\/wp-content\/uploads\/2025\/11\/Luis-Abinader-7.jpg?resize=700%2C400&ssl=1 2x"},"classes":[]},{"id":123262,"url":"https:\/\/lasprimeras.com.do\/index.php\/2026\/02\/27\/abinader-destaca-robustecimiento-del-mercado-laboral\/","url_meta":{"origin":82276,"position":5},"title":"Abinader destaca robustecimiento del mercado laboral","author":"Nelson Feliz","date":"27 de febrero de 2026","format":false,"excerpt":"Rep\u00fablica Dominicana alcanza los 5.1 millones de personas ocupadas El presidente Luis Abinader inform\u00f3 este viernes que de acuerdo con la Encuesta Nacional Continua de Fuerza de Trabajo (ENCFT), durante el pasado a\u00f1o se crearon 133,915 nuevos puestos de trabajo y que, con este incremento, el pa\u00eds alcanza la cifra\u2026","rel":"","context":"En \u00abECONOM\u00cdA\u00bb","block_context":{"text":"ECONOM\u00cdA","link":"https:\/\/lasprimeras.com.do\/index.php\/category\/economia\/"},"img":{"alt_text":"","src":"https:\/\/i0.wp.com\/lasprimeras.com.do\/wp-content\/uploads\/2026\/02\/Luis-Abinader-c.jpg?resize=350%2C200&ssl=1","width":350,"height":200,"srcset":"https:\/\/i0.wp.com\/lasprimeras.com.do\/wp-content\/uploads\/2026\/02\/Luis-Abinader-c.jpg?resize=350%2C200&ssl=1 1x, https:\/\/i0.wp.com\/lasprimeras.com.do\/wp-content\/uploads\/2026\/02\/Luis-Abinader-c.jpg?resize=525%2C300&ssl=1 1.5x, https:\/\/i0.wp.com\/lasprimeras.com.do\/wp-content\/uploads\/2026\/02\/Luis-Abinader-c.jpg?resize=700%2C400&ssl=1 2x"},"classes":[]}],"jetpack_sharing_enabled":true,"_links":{"self":[{"href":"https:\/\/lasprimeras.com.do\/index.php\/wp-json\/wp\/v2\/posts\/82276","targetHints":{"allow":["GET"]}}],"collection":[{"href":"https:\/\/lasprimeras.com.do\/index.php\/wp-json\/wp\/v2\/posts"}],"about":[{"href":"https:\/\/lasprimeras.com.do\/index.php\/wp-json\/wp\/v2\/types\/post"}],"author":[{"embeddable":true,"href":"https:\/\/lasprimeras.com.do\/index.php\/wp-json\/wp\/v2\/users\/2"}],"replies":[{"embeddable":true,"href":"https:\/\/lasprimeras.com.do\/index.php\/wp-json\/wp\/v2\/comments?post=82276"}],"version-history":[{"count":1,"href":"https:\/\/lasprimeras.com.do\/index.php\/wp-json\/wp\/v2\/posts\/82276\/revisions"}],"predecessor-version":[{"id":82278,"href":"https:\/\/lasprimeras.com.do\/index.php\/wp-json\/wp\/v2\/posts\/82276\/revisions\/82278"}],"wp:featuredmedia":[{"embeddable":true,"href":"https:\/\/lasprimeras.com.do\/index.php\/wp-json\/wp\/v2\/media\/82277"}],"wp:attachment":[{"href":"https:\/\/lasprimeras.com.do\/index.php\/wp-json\/wp\/v2\/media?parent=82276"}],"wp:term":[{"taxonomy":"category","embeddable":true,"href":"https:\/\/lasprimeras.com.do\/index.php\/wp-json\/wp\/v2\/categories?post=82276"},{"taxonomy":"post_tag","embeddable":true,"href":"https:\/\/lasprimeras.com.do\/index.php\/wp-json\/wp\/v2\/tags?post=82276"}],"curies":[{"name":"wp","href":"https:\/\/api.w.org\/{rel}","templated":true}]}}