{"id":82280,"date":"2024-04-30T22:46:08","date_gmt":"2024-05-01T02:46:08","guid":{"rendered":"https:\/\/lasprimeras.com.do\/?p=82280"},"modified":"2024-04-30T22:46:10","modified_gmt":"2024-05-01T02:46:10","slug":"presidente-abinader-califica-como-un-avance-la-designacion-de-nuevo-primer-ministro-de-haiti","status":"publish","type":"post","link":"https:\/\/lasprimeras.com.do\/index.php\/2024\/04\/30\/presidente-abinader-califica-como-un-avance-la-designacion-de-nuevo-primer-ministro-de-haiti\/","title":{"rendered":"Presidente Abinader califica como un avance la designaci\u00f3n de nuevo primer ministro de Hait\u00ed"},"content":{"rendered":"\n<p>SANTO DOMINGO.- El presidente Luis Abinader calific\u00f3 como un avance la designaci\u00f3n de Fritz B\u00e9lizaire, como nuevo primer ministro de Hait\u00ed.<\/p>\n\n\n\n<p>El Mandatario expres\u00f3 que no conoce a B\u00e9lizaire, pero \u00abcualquier mejor\u00eda que haya en Hait\u00ed nosotros nos alegramos\u00bb.<\/p>\n\n\n\n<p>\u00abYo pienso que es un avance el hecho de que se vaya ya seleccionando y haya alguien con quien poder interactuar. La verdad es que no lo conozco, creo que fue presidente del Senado hasta el 2020, durante cuatro a\u00f1os, seg\u00fan los informes que tengo\u00bb, sostuvo al ser cuestionado al respecto en La Semanal.<\/p>\n\n\n\n<p>El Consejo Presidencial de Hait\u00ed eligi\u00f3 este martes a Fritz B\u00e9lizaire, extitular de Deportes, como nuevo primer ministro, en sustituci\u00f3n de Ariel Henry, y design\u00f3 a Edgard Leblanc Fils al frente de la instituci\u00f3n encargada de la transici\u00f3n en el pa\u00eds.<\/p>\n\n\n\n<p>Estos nombramientos se llevaron a cabo en una reuni\u00f3n celebrada en el despacho del Primer Ministro, en la Villa d\u2019Accueil de Bourdon, en Puerto Pr\u00edncipe, cinco d\u00edas despu\u00e9s de la instalaci\u00f3n del Consejo Presidencial para la Transici\u00f3n en el Palacio Nacional y de que Henry dimitiera oficialmente del cargo.<\/p>\n\n\n\n<p>El Consejo est\u00e1 compuesto por nueve miembros, siete de ellos con derecho a voz y voto (Smith Augustin, Louis G\u00e9rald Gilles, Fritz Alphonse Jean, Edgar Leblanc Fils, Laurent St-Cyr, Emmanuel Vertilaire y Leslie Voltaire) y dos solo con derecho a voz (R\u00e9gine Abraham y Frisnel Joseph).<\/p>\n","protected":false},"excerpt":{"rendered":"<p>SANTO DOMINGO.- El presidente Luis Abinader calific\u00f3 como un avance la designaci\u00f3n de Fritz B\u00e9lizaire, como nuevo primer ministro de Hait\u00ed. El Mandatario expres\u00f3 que no conoce a B\u00e9lizaire, pero&hellip;<\/p>\n","protected":false},"author":3,"featured_media":82281,"comment_status":"open","ping_status":"open","sticky":false,"template":"","format":"standard","meta":{"content-type":"","jetpack_post_was_ever_published":false,"_jetpack_newsletter_access":"","_jetpack_dont_email_post_to_subs":false,"_jetpack_newsletter_tier_id":0,"_jetpack_memberships_contains_paywalled_content":false,"_jetpack_memberships_contains_paid_content":false,"footnotes":""},"categories":[35],"tags":[67],"class_list":["post-82280","post","type-post","status-publish","format-standard","has-post-thumbnail","hentry","category-nacionales","tag-luis-abinader"],"jetpack_featured_media_url":"https:\/\/lasprimeras.com.do\/wp-content\/uploads\/2024\/04\/6a0c8a05-4f4b-48f5-a1d9-1ad180753c4a-58.jpg","jetpack-related-posts":[{"id":82249,"url":"https:\/\/lasprimeras.com.do\/index.php\/2024\/04\/30\/fritz-belizaire-es-nombrado-nuevo-primer-ministro-de-haiti\/","url_meta":{"origin":82280,"position":0},"title":"Fritz B\u00e9lizaire es nombrado nuevo primer ministro de Hait\u00ed","author":"BIMARY DE JES\u00daS Matos","date":"30 de abril de 2024","format":false,"excerpt":"Puerto Pr\u00edncipe.\u2013 El Consejo Presidencial de Hait\u00ed eligi\u00f3 este martes a Fritz B\u00e9lizaire, extitular de Deportes, como nuevo primer ministro, en sustituci\u00f3n de Ariel Henry, y design\u00f3 a Edgard Leblanc Fils al frente de la instituci\u00f3n encargada de la transici\u00f3n en el pa\u00eds. Estos nombramientos se llevaron a cabo en\u2026","rel":"","context":"En \u00abPORTADA\u00bb","block_context":{"text":"PORTADA","link":"https:\/\/lasprimeras.com.do\/index.php\/category\/portada\/"},"img":{"alt_text":"","src":"https:\/\/i0.wp.com\/lasprimeras.com.do\/wp-content\/uploads\/2024\/04\/DSC00247-2.webp?resize=350%2C200&ssl=1","width":350,"height":200,"srcset":"https:\/\/i0.wp.com\/lasprimeras.com.do\/wp-content\/uploads\/2024\/04\/DSC00247-2.webp?resize=350%2C200&ssl=1 1x, https:\/\/i0.wp.com\/lasprimeras.com.do\/wp-content\/uploads\/2024\/04\/DSC00247-2.webp?resize=525%2C300&ssl=1 1.5x"},"classes":[]},{"id":82387,"url":"https:\/\/lasprimeras.com.do\/index.php\/2024\/05\/02\/haiti-extiende-por-3-dias-el-toque-de-queda-en-el-departamento-donde-esta-puerto-principe\/","url_meta":{"origin":82280,"position":1},"title":"Hait\u00ed extiende por 3 d\u00edas el toque de queda en el departamento donde est\u00e1 Puerto Pr\u00edncipe","author":"BIMARY DE JES\u00daS Matos","date":"2 de mayo de 2024","format":false,"excerpt":"Puerto Pr\u00edncipe.- El Gobierno de Hait\u00ed extendi\u00f3 este mi\u00e9rcoles por tres d\u00edas el toque de queda en el departamento Oeste, donde se localiza Puerto Pr\u00edncipe, capital cuya mayor parte de su territorio est\u00e1 dominado por bandas armadas que imponen el terror entre la ciudadan\u00eda. En un comunicado firmado por el\u2026","rel":"","context":"En \u00abPORTADA\u00bb","block_context":{"text":"PORTADA","link":"https:\/\/lasprimeras.com.do\/index.php\/category\/portada\/"},"img":{"alt_text":"","src":"https:\/\/i0.wp.com\/lasprimeras.com.do\/wp-content\/uploads\/2024\/05\/WhatsApp-Image-2024-05-01-at-9.01.03-AM-2.webp?resize=350%2C200&ssl=1","width":350,"height":200,"srcset":"https:\/\/i0.wp.com\/lasprimeras.com.do\/wp-content\/uploads\/2024\/05\/WhatsApp-Image-2024-05-01-at-9.01.03-AM-2.webp?resize=350%2C200&ssl=1 1x, https:\/\/i0.wp.com\/lasprimeras.com.do\/wp-content\/uploads\/2024\/05\/WhatsApp-Image-2024-05-01-at-9.01.03-AM-2.webp?resize=525%2C300&ssl=1 1.5x, https:\/\/i0.wp.com\/lasprimeras.com.do\/wp-content\/uploads\/2024\/05\/WhatsApp-Image-2024-05-01-at-9.01.03-AM-2.webp?resize=700%2C400&ssl=1 2x"},"classes":[]},{"id":83078,"url":"https:\/\/lasprimeras.com.do\/index.php\/2024\/05\/11\/consejo-presidencial-de-transicion-de-haiti-adopta-una-presidencia-rotatoria\/","url_meta":{"origin":82280,"position":2},"title":"Consejo Presidencial de Transici\u00f3n de Hait\u00ed adopta una presidencia rotatoria","author":"BIMARY DE JES\u00daS Matos","date":"11 de mayo de 2024","format":false,"excerpt":"Puerto Pr\u00edncipe.- El Consejo Presidencial de Transici\u00f3n de Hait\u00ed, instalado el 26 de abril, anunci\u00f3 este viernes que la presidencia del ente ser\u00e1 rotativa y sus grandes decisiones se tomar\u00e1n por mayor\u00eda cualificada de sus miembros, de cinco sobre siete. Esta decisi\u00f3n se tom\u00f3 a la vista de la crisis\u2026","rel":"","context":"En \u00abSin categor\u00eda\u00bb","block_context":{"text":"Sin categor\u00eda","link":"https:\/\/lasprimeras.com.do\/index.php\/category\/sin-categoria\/"},"img":{"alt_text":"","src":"https:\/\/i0.wp.com\/lasprimeras.com.do\/wp-content\/uploads\/2024\/05\/Diseno-sin-titulo-3-1.webp?resize=350%2C200&ssl=1","width":350,"height":200,"srcset":"https:\/\/i0.wp.com\/lasprimeras.com.do\/wp-content\/uploads\/2024\/05\/Diseno-sin-titulo-3-1.webp?resize=350%2C200&ssl=1 1x, https:\/\/i0.wp.com\/lasprimeras.com.do\/wp-content\/uploads\/2024\/05\/Diseno-sin-titulo-3-1.webp?resize=525%2C300&ssl=1 1.5x, https:\/\/i0.wp.com\/lasprimeras.com.do\/wp-content\/uploads\/2024\/05\/Diseno-sin-titulo-3-1.webp?resize=700%2C400&ssl=1 2x"},"classes":[]},{"id":84025,"url":"https:\/\/lasprimeras.com.do\/index.php\/2024\/05\/28\/haiti-elige-un-nuevo-primer-ministro-para-un-pais-asediado-por-las-pandillas\/","url_meta":{"origin":82280,"position":3},"title":"Hait\u00ed elige un nuevo primer ministro para un pa\u00eds asediado por las pandillas","author":"Nelson Feliz","date":"28 de mayo de 2024","format":false,"excerpt":"POR D\u00c1NICA COTO SAN JUAN, Puerto Rico (AP) \u2014 El especialista en desarrollo de la ONU, Garry Conille, fue nombrado nuevo primer ministro de Hait\u00ed el martes por la noche, casi un mes despu\u00e9s de que una coalici\u00f3n dentro de un consejo de transici\u00f3n fracturado buscara elegir a otra persona\u2026","rel":"","context":"En \u00abSin categor\u00eda\u00bb","block_context":{"text":"Sin categor\u00eda","link":"https:\/\/lasprimeras.com.do\/index.php\/category\/sin-categoria\/"},"img":{"alt_text":"","src":"https:\/\/i0.wp.com\/lasprimeras.com.do\/wp-content\/uploads\/2024\/05\/Primer-ministro.jpg?resize=350%2C200&ssl=1","width":350,"height":200,"srcset":"https:\/\/i0.wp.com\/lasprimeras.com.do\/wp-content\/uploads\/2024\/05\/Primer-ministro.jpg?resize=350%2C200&ssl=1 1x, https:\/\/i0.wp.com\/lasprimeras.com.do\/wp-content\/uploads\/2024\/05\/Primer-ministro.jpg?resize=525%2C300&ssl=1 1.5x, https:\/\/i0.wp.com\/lasprimeras.com.do\/wp-content\/uploads\/2024\/05\/Primer-ministro.jpg?resize=700%2C400&ssl=1 2x"},"classes":[]},{"id":55151,"url":"https:\/\/lasprimeras.com.do\/index.php\/2023\/07\/18\/presidente-abinader-republica-dominicana-no-puede-cansarse-del-tema-haitiano\/","url_meta":{"origin":82280,"position":4},"title":"Presidente Abinader: Rep\u00fablica Dominicana no puede cansarse del tema haitiano","author":"Nelson Feliz","date":"18 de julio de 2023","format":false,"excerpt":"Califica de valiente al primer ministro de Hait\u00ed, Ariel Henry por enfrentar los problemas de esa naci\u00f3n, pero dice necesita la ayuda de la comunidad internacional. El presidente Luis Abinader se refiri\u00f3 nuevamente a la situaci\u00f3n que afecta a Hait\u00ed y reiter\u00f3 que todos los pa\u00edses y la comunidad internacional\u2026","rel":"","context":"En \u00abNACIONALES\u00bb","block_context":{"text":"NACIONALES","link":"https:\/\/lasprimeras.com.do\/index.php\/category\/nacionales\/"},"img":{"alt_text":"Luis Abinader","src":"https:\/\/i0.wp.com\/lasprimeras.com.do\/wp-content\/uploads\/2023\/07\/Luis-Abinader-Haiti.jpg?resize=350%2C200&ssl=1","width":350,"height":200},"classes":[]},{"id":128234,"url":"https:\/\/lasprimeras.com.do\/index.php\/2026\/04\/20\/rd-y-haiti-reanudan-dialogo-sobre-agenda-bilateral-en-zona-fronteriza\/","url_meta":{"origin":82280,"position":5},"title":"RD y Hait\u00ed reanudan di\u00e1logo sobre agenda bilateral en zona fronteriza","author":"Nelson Feliz","date":"20 de abril de 2026","format":false,"excerpt":"Delegaciones del Mirex y su hom\u00f3logo de Haiti se re\u00fanen en Codevi para dar seguimiento a los nueve puntos acordados en la declaraci\u00f3n conjunta de 2021. Las delegaciones del Ministerio de Relaciones Exteriores de Rep\u00fablica Dominicana (Mirex) y del Ministerio de Relaciones Exteriores y Cultos (MAEC por sus iniciales en\u2026","rel":"","context":"En \u00abNACIONALES\u00bb","block_context":{"text":"NACIONALES","link":"https:\/\/lasprimeras.com.do\/index.php\/category\/nacionales\/"},"img":{"alt_text":"RD y Hait\u00ed","src":"https:\/\/i0.wp.com\/lasprimeras.com.do\/wp-content\/uploads\/2026\/04\/RD-y-Haiti.jpg?resize=350%2C200&ssl=1","width":350,"height":200,"srcset":"https:\/\/i0.wp.com\/lasprimeras.com.do\/wp-content\/uploads\/2026\/04\/RD-y-Haiti.jpg?resize=350%2C200&ssl=1 1x, https:\/\/i0.wp.com\/lasprimeras.com.do\/wp-content\/uploads\/2026\/04\/RD-y-Haiti.jpg?resize=525%2C300&ssl=1 1.5x, https:\/\/i0.wp.com\/lasprimeras.com.do\/wp-content\/uploads\/2026\/04\/RD-y-Haiti.jpg?resize=700%2C400&ssl=1 2x"},"classes":[]}],"jetpack_sharing_enabled":true,"_links":{"self":[{"href":"https:\/\/lasprimeras.com.do\/index.php\/wp-json\/wp\/v2\/posts\/82280","targetHints":{"allow":["GET"]}}],"collection":[{"href":"https:\/\/lasprimeras.com.do\/index.php\/wp-json\/wp\/v2\/posts"}],"about":[{"href":"https:\/\/lasprimeras.com.do\/index.php\/wp-json\/wp\/v2\/types\/post"}],"author":[{"embeddable":true,"href":"https:\/\/lasprimeras.com.do\/index.php\/wp-json\/wp\/v2\/users\/3"}],"replies":[{"embeddable":true,"href":"https:\/\/lasprimeras.com.do\/index.php\/wp-json\/wp\/v2\/comments?post=82280"}],"version-history":[{"count":1,"href":"https:\/\/lasprimeras.com.do\/index.php\/wp-json\/wp\/v2\/posts\/82280\/revisions"}],"predecessor-version":[{"id":82282,"href":"https:\/\/lasprimeras.com.do\/index.php\/wp-json\/wp\/v2\/posts\/82280\/revisions\/82282"}],"wp:featuredmedia":[{"embeddable":true,"href":"https:\/\/lasprimeras.com.do\/index.php\/wp-json\/wp\/v2\/media\/82281"}],"wp:attachment":[{"href":"https:\/\/lasprimeras.com.do\/index.php\/wp-json\/wp\/v2\/media?parent=82280"}],"wp:term":[{"taxonomy":"category","embeddable":true,"href":"https:\/\/lasprimeras.com.do\/index.php\/wp-json\/wp\/v2\/categories?post=82280"},{"taxonomy":"post_tag","embeddable":true,"href":"https:\/\/lasprimeras.com.do\/index.php\/wp-json\/wp\/v2\/tags?post=82280"}],"curies":[{"name":"wp","href":"https:\/\/api.w.org\/{rel}","templated":true}]}}