{"id":82286,"date":"2024-04-30T22:50:19","date_gmt":"2024-05-01T02:50:19","guid":{"rendered":"https:\/\/lasprimeras.com.do\/?p=82286"},"modified":"2024-04-30T22:50:20","modified_gmt":"2024-05-01T02:50:20","slug":"jueza-otorga-libertad-condicional-a-la-pastora-imputada-caso-coral","status":"publish","type":"post","link":"https:\/\/lasprimeras.com.do\/index.php\/2024\/04\/30\/jueza-otorga-libertad-condicional-a-la-pastora-imputada-caso-coral\/","title":{"rendered":"Jueza otorga libertad condicional a la pastora imputada caso Coral"},"content":{"rendered":"\n<p>SANTO DOMINGO.- El Tribunal Colegiado del Distrito Nacional vari\u00f3 este martes la medida de coerci\u00f3n a la pastora Rossy Guzm\u00e1n, imputada en el caso Coral, y le otorg\u00f3 libertad condicional.<\/p>\n\n\n\n<p>La presidenta del tribunal retir\u00f3 la prisi\u00f3n domiciliaria y el uso de grillete a Guzm\u00e1n, se\u00f1alada como testaferra de la trama de corrupci\u00f3n que se habr\u00eda orquestado a trav\u00e9s del Cuerpo de Seguridad Presidencial (Cusep) y del Cuerpo de Seguridad Tur\u00edstica (Cestur).<\/p>\n\n\n\n<p>Guzm\u00e1n solo tendr\u00e1 impedimento de salida del pa\u00eds, para lo que necesitar\u00eda la autorizaci\u00f3n del tribunal, y garant\u00eda econ\u00f3mica de 50 millones de pesos.<\/p>\n\n\n\n<p>A Guzm\u00e1n y dem\u00e1s implicados en el caso Coral se les atribuye la distracci\u00f3n de fondos p\u00fablicos con compras de raciones de alimentos, combustibles y en nombramiento de policias y militares a los cuales se les pagaba menos del 30 por ciento del salario y el restante se quedaba en poder de la red.<\/p>\n","protected":false},"excerpt":{"rendered":"<p>SANTO DOMINGO.- El Tribunal Colegiado del Distrito Nacional vari\u00f3 este martes la medida de coerci\u00f3n a la pastora Rossy Guzm\u00e1n, imputada en el caso Coral, y le otorg\u00f3 libertad condicional.&hellip;<\/p>\n","protected":false},"author":3,"featured_media":82287,"comment_status":"open","ping_status":"open","sticky":false,"template":"","format":"standard","meta":{"content-type":"","jetpack_post_was_ever_published":false,"_jetpack_newsletter_access":"","_jetpack_dont_email_post_to_subs":false,"_jetpack_newsletter_tier_id":0,"_jetpack_memberships_contains_paywalled_content":false,"_jetpack_memberships_contains_paid_content":false,"footnotes":""},"categories":[25],"tags":[4565],"class_list":["post-82286","post","type-post","status-publish","format-standard","has-post-thumbnail","hentry","category-portada","tag-caso-coral"],"jetpack_featured_media_url":"https:\/\/lasprimeras.com.do\/wp-content\/uploads\/2024\/04\/6a0c8a05-4f4b-48f5-a1d9-1ad180753c4a-59.jpg","jetpack-related-posts":[{"id":119523,"url":"https:\/\/lasprimeras.com.do\/index.php\/2026\/01\/14\/ministerio-publico-presentara-conclusiones-del-caso-coral-y-coral-5g\/","url_meta":{"origin":82286,"position":0},"title":"Ministerio P\u00fablico presentar\u00e1 conclusiones del caso Coral y Coral 5G","author":"Nelson Feliz","date":"14 de enero de 2026","format":false,"excerpt":"La red de corrupci\u00f3n administrativa procesada desfalc\u00f3 al Estado dominicano con m\u00e1s de 4,500 millones de pesos El Ministerio P\u00fablico dio a conocer este martes, ante el Primer Tribunal Colegiado del Distrito Nacional, que en la pr\u00f3xima audiencia iniciar\u00e1 la presentaci\u00f3n de las conclusiones en la acusaci\u00f3n contra los procesados\u2026","rel":"","context":"En \u00abJUSTICIA\u00bb","block_context":{"text":"JUSTICIA","link":"https:\/\/lasprimeras.com.do\/index.php\/category\/justicia\/"},"img":{"alt_text":"","src":"https:\/\/i0.wp.com\/lasprimeras.com.do\/wp-content\/uploads\/2025\/09\/Ministerio-Publico.jpg?resize=350%2C200&ssl=1","width":350,"height":200,"srcset":"https:\/\/i0.wp.com\/lasprimeras.com.do\/wp-content\/uploads\/2025\/09\/Ministerio-Publico.jpg?resize=350%2C200&ssl=1 1x, https:\/\/i0.wp.com\/lasprimeras.com.do\/wp-content\/uploads\/2025\/09\/Ministerio-Publico.jpg?resize=525%2C300&ssl=1 1.5x"},"classes":[]},{"id":54472,"url":"https:\/\/lasprimeras.com.do\/index.php\/2023\/07\/11\/jueza-ordena-juicio-de-fondo-caso-coral\/","url_meta":{"origin":82286,"position":1},"title":"Jueza ordena juicio de fondo caso Coral","author":"Nelson Feliz","date":"11 de julio de 2023","format":false,"excerpt":"La jueza del Sexto Juzgado de la Instrucci\u00f3n del Distrito Nacional, orden\u00f3 apertura a juicio de fondo en contra del exjefe de seguridad del entonce presidente Danilo Medina y a los otros imputados en el caso denominado Coral. La magistrada Yanibet Rivas emiti\u00f3 el fallo tras acoger la solicitud del\u2026","rel":"","context":"En \u00abJUSTICIA\u00bb","block_context":{"text":"JUSTICIA","link":"https:\/\/lasprimeras.com.do\/index.php\/category\/justicia\/"},"img":{"alt_text":"","src":"https:\/\/i0.wp.com\/lasprimeras.com.do\/wp-content\/uploads\/2023\/07\/caso-coral-25-medium.jpg?resize=350%2C200&ssl=1","width":350,"height":200,"srcset":"https:\/\/i0.wp.com\/lasprimeras.com.do\/wp-content\/uploads\/2023\/07\/caso-coral-25-medium.jpg?resize=350%2C200&ssl=1 1x, https:\/\/i0.wp.com\/lasprimeras.com.do\/wp-content\/uploads\/2023\/07\/caso-coral-25-medium.jpg?resize=525%2C300&ssl=1 1.5x, https:\/\/i0.wp.com\/lasprimeras.com.do\/wp-content\/uploads\/2023\/07\/caso-coral-25-medium.jpg?resize=700%2C400&ssl=1 2x"},"classes":[]},{"id":100213,"url":"https:\/\/lasprimeras.com.do\/index.php\/2025\/06\/03\/ministerio-publico-refuerza-expediente-contra-adan-caceres-con-mas-de-300-pruebas\/","url_meta":{"origin":82286,"position":2},"title":"Ministerio P\u00fablico refuerza expediente contra Ad\u00e1n C\u00e1ceres con m\u00e1s de 300 pruebas","author":"Nelson Feliz","date":"3 de junio de 2025","format":false,"excerpt":"El Ministerio P\u00fablico reafirm\u00f3 ayer lunes la solidez del expediente acusatorio contra el mayor general Ad\u00e1n Benoni C\u00e1ceres Silvestre y otros oficiales militares y policiales, al incorporar m\u00e1s de 300 pruebas documentales y periciales durante la audiencia que se celebra en el Primer Tribunal Colegiado del Distrito Nacional. Las pruebas\u2026","rel":"","context":"En \u00abJUSTICIA\u00bb","block_context":{"text":"JUSTICIA","link":"https:\/\/lasprimeras.com.do\/index.php\/category\/justicia\/"},"img":{"alt_text":"Ad\u00e1n Benoni C\u00e1ceres Silvestre","src":"https:\/\/i0.wp.com\/lasprimeras.com.do\/wp-content\/uploads\/2025\/06\/ADAN.jpeg?resize=350%2C200&ssl=1","width":350,"height":200,"srcset":"https:\/\/i0.wp.com\/lasprimeras.com.do\/wp-content\/uploads\/2025\/06\/ADAN.jpeg?resize=350%2C200&ssl=1 1x, https:\/\/i0.wp.com\/lasprimeras.com.do\/wp-content\/uploads\/2025\/06\/ADAN.jpeg?resize=525%2C300&ssl=1 1.5x, https:\/\/i0.wp.com\/lasprimeras.com.do\/wp-content\/uploads\/2025\/06\/ADAN.jpeg?resize=700%2C400&ssl=1 2x"},"classes":[]},{"id":49683,"url":"https:\/\/lasprimeras.com.do\/index.php\/2023\/05\/13\/mp-inicia-el-lunes-sus-replicas-en-audiencia-preliminar-de-los-casos-coral-y-coral-5g\/","url_meta":{"origin":82286,"position":3},"title":"MP inicia el lunes sus r\u00e9plicas en audiencia preliminar de los casos Coral y Coral 5G","author":"prenxa100","date":"13 de mayo de 2023","format":false,"excerpt":"Santo Domingo.-. La procuradora de corte Mirna Ortiz se\u00f1al\u00f3 que el Ministerio P\u00fablico espera iniciar las r\u00e9plicas a los argumentos planteados por las defensas en la pr\u00f3xima audiencia preliminar que se sigue a los acusados en las operaciones Coral y Coral 5G. \u201cPara la pr\u00f3xima audiencia iniciar\u00edamos con las r\u00e9plicas\u2026","rel":"","context":"En \u00abJUSTICIA\u00bb","block_context":{"text":"JUSTICIA","link":"https:\/\/lasprimeras.com.do\/index.php\/category\/justicia\/"},"img":{"alt_text":"","src":"","width":0,"height":0},"classes":[]},{"id":59055,"url":"https:\/\/lasprimeras.com.do\/index.php\/2023\/08\/30\/declaran-inadmisible-recurso-interpuesto-por-rosario-piron-imputado-en-coral-y-coral-5g-para-retiro-de-grillete\/","url_meta":{"origin":82286,"position":4},"title":"Declaran inadmisible recurso interpuesto por Rosario Pir\u00f3n, imputado en Coral y Coral 5G, para retiro de grillete","author":"Nelson Feliz","date":"30 de agosto de 2023","format":false,"excerpt":"La Segunda Sala Penal de la Corte de Apelaci\u00f3n del Distrito Nacional declar\u00f3 inadmisible este martes un recurso de apelaci\u00f3n para retiro de grillete electr\u00f3nico interpuesto por Jos\u00e9 Manuel Rosario Pir\u00f3n, acusado de incurrir en corrupci\u00f3n administrativa en el expediente de las operaciones Coral y Coral 5G Al acoger la\u2026","rel":"","context":"En \u00abJUSTICIA\u00bb","block_context":{"text":"JUSTICIA","link":"https:\/\/lasprimeras.com.do\/index.php\/category\/justicia\/"},"img":{"alt_text":"","src":"https:\/\/i0.wp.com\/lasprimeras.com.do\/wp-content\/uploads\/2023\/08\/piron.jpeg?resize=350%2C200&ssl=1","width":350,"height":200,"srcset":"https:\/\/i0.wp.com\/lasprimeras.com.do\/wp-content\/uploads\/2023\/08\/piron.jpeg?resize=350%2C200&ssl=1 1x, https:\/\/i0.wp.com\/lasprimeras.com.do\/wp-content\/uploads\/2023\/08\/piron.jpeg?resize=525%2C300&ssl=1 1.5x, https:\/\/i0.wp.com\/lasprimeras.com.do\/wp-content\/uploads\/2023\/08\/piron.jpeg?resize=700%2C400&ssl=1 2x"},"classes":[]},{"id":90797,"url":"https:\/\/lasprimeras.com.do\/index.php\/2024\/10\/29\/ministerio-publico-presenta-diez-testigos-en-los-casos-coral-y-coral-5g\/","url_meta":{"origin":82286,"position":5},"title":"Ministerio Publico presenta diez testigos en los casos Coral y Coral 5G","author":"Nelson Feliz","date":"29 de octubre de 2024","format":false,"excerpt":"El Ministerio P\u00fablico present\u00f3 este martes otros diez testigos en el juicio de fondo contra los acusados en el alegado entramado de corrupci\u00f3n que involucra a polic\u00edas y militares, desmantelado mediante la Operaci\u00f3n Coral. Con este n\u00famero, suman quince los declarantes. La coordinadora de Litigaci\u00f3n de la Procuradur\u00eda Especializada de\u2026","rel":"","context":"En \u00abJUSTICIA\u00bb","block_context":{"text":"JUSTICIA","link":"https:\/\/lasprimeras.com.do\/index.php\/category\/justicia\/"},"img":{"alt_text":"Juicio de fondo","src":"https:\/\/i0.wp.com\/lasprimeras.com.do\/wp-content\/uploads\/2024\/10\/Juicio-de-fondo.jpg?resize=350%2C200&ssl=1","width":350,"height":200,"srcset":"https:\/\/i0.wp.com\/lasprimeras.com.do\/wp-content\/uploads\/2024\/10\/Juicio-de-fondo.jpg?resize=350%2C200&ssl=1 1x, https:\/\/i0.wp.com\/lasprimeras.com.do\/wp-content\/uploads\/2024\/10\/Juicio-de-fondo.jpg?resize=525%2C300&ssl=1 1.5x, https:\/\/i0.wp.com\/lasprimeras.com.do\/wp-content\/uploads\/2024\/10\/Juicio-de-fondo.jpg?resize=700%2C400&ssl=1 2x"},"classes":[]}],"jetpack_sharing_enabled":true,"_links":{"self":[{"href":"https:\/\/lasprimeras.com.do\/index.php\/wp-json\/wp\/v2\/posts\/82286","targetHints":{"allow":["GET"]}}],"collection":[{"href":"https:\/\/lasprimeras.com.do\/index.php\/wp-json\/wp\/v2\/posts"}],"about":[{"href":"https:\/\/lasprimeras.com.do\/index.php\/wp-json\/wp\/v2\/types\/post"}],"author":[{"embeddable":true,"href":"https:\/\/lasprimeras.com.do\/index.php\/wp-json\/wp\/v2\/users\/3"}],"replies":[{"embeddable":true,"href":"https:\/\/lasprimeras.com.do\/index.php\/wp-json\/wp\/v2\/comments?post=82286"}],"version-history":[{"count":1,"href":"https:\/\/lasprimeras.com.do\/index.php\/wp-json\/wp\/v2\/posts\/82286\/revisions"}],"predecessor-version":[{"id":82288,"href":"https:\/\/lasprimeras.com.do\/index.php\/wp-json\/wp\/v2\/posts\/82286\/revisions\/82288"}],"wp:featuredmedia":[{"embeddable":true,"href":"https:\/\/lasprimeras.com.do\/index.php\/wp-json\/wp\/v2\/media\/82287"}],"wp:attachment":[{"href":"https:\/\/lasprimeras.com.do\/index.php\/wp-json\/wp\/v2\/media?parent=82286"}],"wp:term":[{"taxonomy":"category","embeddable":true,"href":"https:\/\/lasprimeras.com.do\/index.php\/wp-json\/wp\/v2\/categories?post=82286"},{"taxonomy":"post_tag","embeddable":true,"href":"https:\/\/lasprimeras.com.do\/index.php\/wp-json\/wp\/v2\/tags?post=82286"}],"curies":[{"name":"wp","href":"https:\/\/api.w.org\/{rel}","templated":true}]}}