{"id":82289,"date":"2024-04-30T22:58:20","date_gmt":"2024-05-01T02:58:20","guid":{"rendered":"https:\/\/lasprimeras.com.do\/?p=82289"},"modified":"2024-04-30T22:58:20","modified_gmt":"2024-05-01T02:58:20","slug":"pelegrin-castillo-dice-debate-organizado-por-anje-fue-para-bajar-tensiones","status":"publish","type":"post","link":"https:\/\/lasprimeras.com.do\/index.php\/2024\/04\/30\/pelegrin-castillo-dice-debate-organizado-por-anje-fue-para-bajar-tensiones\/","title":{"rendered":"Pelegr\u00edn Castillo dice Debate organizado por ANJE fue para bajar tensiones"},"content":{"rendered":"\n<p>El vicepresidente de la Fuerza Nacional Progresista (FNP), sostuvo que el empresariado busca bajar las tensiones pol\u00edticas generadas por la oposici\u00f3n con el debate de los candidatos presidenciales realizado por la Asociaci\u00f3n de J\u00f3venes Empresarios (ANJE), con el fin de legitimar el proceso electoral y los eventuales resultados.<\/p>\n\n\n\n<p>Pelegr\u00edn Castillo, se\u00f1al\u00f3 que los empresarios hicieron su trabajo, en el sentido de llamar a los l\u00edderes mayores y serenarlos, especialmente a la gente de la Fuerza del Pueblo y a la gente del PLD.<\/p>\n\n\n\n<p>Inform\u00f3 que si esas tensiones segu\u00edan podr\u00edan afectar el clima de inversi\u00f3n, el turismo y los proyectos que se ejecutan, como el de convertir a la Rep\u00fablica Dominicana en centro privilegiado de la pre-localizaci\u00f3n de la cadena de suministro.<\/p>\n\n\n\n<p>El dirigente pol\u00edtico, manifest\u00f3 que al pa\u00eds lo vienen considerando como naci\u00f3n l\u00edder del Caribe, y que por eso considera que la estrategia de ANJE buscaba cuidar la imagen del pa\u00eds.<\/p>\n\n\n\n<p>\u201cPienso que el debate organizado por los j\u00f3venes empresarios, se hizo con un prop\u00f3sito de aplacar una serie de actitudes y tendencia que se ven\u00edan manifestando y que pod\u00edan eventualmente perjudicar la estabilidad.<\/p>\n\n\n\n<p>Invit\u00f3 a observar que \u201cvoceros importantes de esos partidos llegaron a decir que el proceso era ileg\u00edtimo, que el presidente Abinader estaba comprando las elecciones, que era algo que iba a conducir a una confrontaci\u00f3n el d\u00eda de las elecciones\u201d, entre otras cosas.<\/p>\n\n\n\n<p>\u201cYo creo que los negocios creados alrededor del mundo de las inversiones quisieron proyectar con ese debate esa imagen de que hay ya una definici\u00f3n y que lo que se va a discutir es una cuesti\u00f3n de las candidaturas a senadores, a diputados\u2026 porque ya, como quien dice, la presidencia est\u00e1 definida, esa fue la percepci\u00f3n y quiz\u00e1s eso explique por qu\u00e9 el presidente Abinader fue al debate, por qu\u00e9 el presidente Fern\u00e1ndez se sent\u00eda un poco inc\u00f3modo\u201d, analiz\u00f3 Castillo.<\/p>\n\n\n\n<p>Pelegr\u00edn Castillo entiende que no hubo un abordaje a fondo de los grandes temas nacionales y considera que hubo un acuerdo de no entrar a fondo en otros t\u00f3picos para no encrespar m\u00e1s porque en su opini\u00f3n el objetivo era tranquilizar y sosegar.<\/p>\n\n\n\n<p>\u201cHubo muchos temas que debieron haberse discutido, por ejemplo, temas como la falta de una pol\u00edtica nacional de agua, que es un tema medular. Cuando yo entr\u00e9 al Congreso lleg\u00f3 el proyecto de la Ley General del Agua y todav\u00eda no se aprueba\u201d, apunt\u00f3.<\/p>\n\n\n\n<p>Celebr\u00f3 que el ex presidente Leonel Fern\u00e1ndez tratara en ese evento el tema haitiano con el \u00e9nfasis con que lo trat\u00f3 en la frontera de Dajab\u00f3n y destac\u00f3 que en este sentido, el candidato del PLD, Abel Mart\u00ednez, le record\u00f3 a ANJE que la construcci\u00f3n del muro fue propuesta por Vinicio Castillo Sem\u00e1n.<\/p>\n\n\n\n<p>Castillo dijo que ech\u00f3 de menos que el presidente Luis Abinader no les recordara a Fern\u00e1ndez y a Mart\u00ednez que los hab\u00eda invitado a un pacto nacional sobre el tema de Hait\u00ed y que estaba abierta la invitaci\u00f3n para que firmaran.<\/p>\n\n\n\n<p>Entre otros temas medulares que Pelegr\u00edn considera que debieron tocarse, est\u00e1 el de la producci\u00f3n nacional, al se\u00f1alar que sin esta no hay naci\u00f3n. &nbsp;<\/p>\n\n\n\n<p>\u201cHay una cosa m\u00e1s importante que el Metro, una cosa m\u00e1s importante que el Monorriel\u2026 que es la red nacional de caminos productivos. Yo acabo de terminar el Congreso Nacional de Productores Agropecuarios, electo por segunda vez presidente, y lo que uno oye en todas las provincias del pa\u00eds es que hay una necesidad de pol\u00edtica de Estado con relaci\u00f3n a la construcci\u00f3n, de mantenimiento y gesti\u00f3n de los caminos productivos\u201d, dijo Castillo, al reiterar que ah\u00ed no hubo propiamente un debate a fondo.<\/p>\n\n\n\n<p>Reiter\u00f3 que entiende que el objetivo de ANJE con el debate tiene que ver con un tema de marketing pa\u00eds ante el contexto internacional de incertidumbre que impacta al pa\u00eds, destacando que fue una estrategia inteligente. &nbsp;<\/p>\n\n\n\n<p>Razon\u00f3 que lo que ve a futuro, en el contexto pol\u00edtico, es que el ciclo hist\u00f3rico est\u00e1 terminando y que el liderazgo que domina en 30 a\u00f1os finaliza y viene un periodo de recomposici\u00f3n que puede ser traum\u00e1tico con ruptura, o puede ser suave con contradicciones, pero ustedes lo que tienen que saber es que el ciclo del 1996 termina ahora.<\/p>\n\n\n\n<p>\u201cAbinader cierra este ciclo pol\u00edtico, empieza otro y hay que ver si incluye al PRM o si termina el ciclo del PLD, PRD y PRM\u2026 y viene una recomposici\u00f3n de fuerzas\u201d, analiz\u00f3 Pelegr\u00edn Castillo, quien abord\u00f3 otros temas de contexto internacional.<\/p>\n","protected":false},"excerpt":{"rendered":"<p>El vicepresidente de la Fuerza Nacional Progresista (FNP), sostuvo que el empresariado busca bajar las tensiones pol\u00edticas generadas por la oposici\u00f3n con el debate de los candidatos presidenciales realizado por&hellip;<\/p>\n","protected":false},"author":2,"featured_media":61592,"comment_status":"open","ping_status":"open","sticky":false,"template":"","format":"standard","meta":{"content-type":"","jetpack_post_was_ever_published":false,"_jetpack_newsletter_access":"","_jetpack_dont_email_post_to_subs":false,"_jetpack_newsletter_tier_id":0,"_jetpack_memberships_contains_paywalled_content":false,"_jetpack_memberships_contains_paid_content":false,"footnotes":""},"categories":[1],"tags":[2505,12758,6989,7975],"class_list":["post-82289","post","type-post","status-publish","format-standard","has-post-thumbnail","hentry","category-sin-categoria","tag-anje","tag-bajar-tensiones","tag-debate","tag-pelegrin-castillo"],"jetpack_featured_media_url":"https:\/\/lasprimeras.com.do\/wp-content\/uploads\/2023\/09\/pelegrin-castillo-ve-canal-masacre-es-pretexto-para-unificar-fuerzas-en-haiti-contra-rd.jpg","jetpack-related-posts":[{"id":79069,"url":"https:\/\/lasprimeras.com.do\/index.php\/2024\/03\/23\/anje-convoca-a-candidatas-vicepresidenciales-a-debate\/","url_meta":{"origin":82289,"position":0},"title":"ANJE convoca a candidatas vicepresidenciales a debate","author":"BIMARY DE JES\u00daS Matos","date":"23 de marzo de 2024","format":false,"excerpt":"Santo Domingo.- La Asociaci\u00f3n Nacional de J\u00f3venes Empresarios (ANJE) convoc\u00f3 a un debate a las aspirantes vicepresidenciales Ingrid Mendoza, de la Fuerza del Pueblo; Raquel Pe\u00f1a, del Partido Revolucionario Moderno, y Zoraima Cuello, del Partido de la Liberaci\u00f3n Dominicana. El presidente de ANJE, Jos\u00e9 Nelton Gonz\u00e1lez, manifest\u00f3 que en este\u2026","rel":"","context":"En \u00abPORTADA\u00bb","block_context":{"text":"PORTADA","link":"https:\/\/lasprimeras.com.do\/index.php\/category\/portada\/"},"img":{"alt_text":"","src":"https:\/\/i0.wp.com\/lasprimeras.com.do\/wp-content\/uploads\/2024\/03\/WhatsApp-Image-2024-03-22-at-4.47.43-PM-6.jpeg?resize=350%2C200&ssl=1","width":350,"height":200,"srcset":"https:\/\/i0.wp.com\/lasprimeras.com.do\/wp-content\/uploads\/2024\/03\/WhatsApp-Image-2024-03-22-at-4.47.43-PM-6.jpeg?resize=350%2C200&ssl=1 1x, https:\/\/i0.wp.com\/lasprimeras.com.do\/wp-content\/uploads\/2024\/03\/WhatsApp-Image-2024-03-22-at-4.47.43-PM-6.jpeg?resize=525%2C300&ssl=1 1.5x, https:\/\/i0.wp.com\/lasprimeras.com.do\/wp-content\/uploads\/2024\/03\/WhatsApp-Image-2024-03-22-at-4.47.43-PM-6.jpeg?resize=700%2C400&ssl=1 2x, https:\/\/i0.wp.com\/lasprimeras.com.do\/wp-content\/uploads\/2024\/03\/WhatsApp-Image-2024-03-22-at-4.47.43-PM-6.jpeg?resize=1050%2C600&ssl=1 3x"},"classes":[]},{"id":81559,"url":"https:\/\/lasprimeras.com.do\/index.php\/2024\/04\/22\/este-lunes-comienzan-los-debates-convocados-por-anje\/","url_meta":{"origin":82289,"position":1},"title":"Este lunes comienzan los debates convocados por ANJE","author":"BIMARY DE JES\u00daS Matos","date":"22 de abril de 2024","format":false,"excerpt":"Santo Domingo.-Esta semana la Asociaci\u00f3n Nacional de J\u00f3venes Empresarios (ANJE) celebrar\u00e1 su anunciado debate con los candidatos de los niveles senatoriales, vicepresidenciales y presidenciales del Distrito Nacional y Santiago. \u00danicamente participar\u00e1n los candidatos de los partidos Revolucionario Moderno (PRM), de la Liberaci\u00f3n Dominicana (PLD) y Fuerza del Pueblo (FP). El\u2026","rel":"","context":"En \u00abNACIONALES\u00bb","block_context":{"text":"NACIONALES","link":"https:\/\/lasprimeras.com.do\/index.php\/category\/nacionales\/"},"img":{"alt_text":"","src":"https:\/\/i0.wp.com\/lasprimeras.com.do\/wp-content\/uploads\/2024\/04\/6a0c8a05-4f4b-48f5-a1d9-1ad180753c4a-30.jpg?resize=350%2C200&ssl=1","width":350,"height":200,"srcset":"https:\/\/i0.wp.com\/lasprimeras.com.do\/wp-content\/uploads\/2024\/04\/6a0c8a05-4f4b-48f5-a1d9-1ad180753c4a-30.jpg?resize=350%2C200&ssl=1 1x, https:\/\/i0.wp.com\/lasprimeras.com.do\/wp-content\/uploads\/2024\/04\/6a0c8a05-4f4b-48f5-a1d9-1ad180753c4a-30.jpg?resize=525%2C300&ssl=1 1.5x, https:\/\/i0.wp.com\/lasprimeras.com.do\/wp-content\/uploads\/2024\/04\/6a0c8a05-4f4b-48f5-a1d9-1ad180753c4a-30.jpg?resize=700%2C400&ssl=1 2x"},"classes":[]},{"id":78585,"url":"https:\/\/lasprimeras.com.do\/index.php\/2024\/03\/17\/abel-martinez-confirma-participacion-en-debate-anje\/","url_meta":{"origin":82289,"position":2},"title":"Abel Mart\u00ednez confirma participaci\u00f3n en debate ANJE","author":"Nelson Feliz","date":"17 de marzo de 2024","format":false,"excerpt":"Propone incluir a todos los aspirantes presidenciales. El candidato presidencial del Partido de la Liberaci\u00f3n Dominicana (PLD) Abel Mart\u00ednez confirm\u00f3 su presencia en el debate presidencial que organiza la Asociaci\u00f3n de J\u00f3venes Empresarios (ANJE) complacido de que los dem\u00e1s candidatos hayan decidido participar del mismo. A trav\u00e9s de un v\u00eddeo\u2026","rel":"","context":"En \u00abPORTADA\u00bb","block_context":{"text":"PORTADA","link":"https:\/\/lasprimeras.com.do\/index.php\/category\/portada\/"},"img":{"alt_text":"Abel Mart\u00ednez","src":"https:\/\/i0.wp.com\/lasprimeras.com.do\/wp-content\/uploads\/2024\/03\/Abel-Martinez-3.jpeg?resize=350%2C200&ssl=1","width":350,"height":200,"srcset":"https:\/\/i0.wp.com\/lasprimeras.com.do\/wp-content\/uploads\/2024\/03\/Abel-Martinez-3.jpeg?resize=350%2C200&ssl=1 1x, https:\/\/i0.wp.com\/lasprimeras.com.do\/wp-content\/uploads\/2024\/03\/Abel-Martinez-3.jpeg?resize=525%2C300&ssl=1 1.5x, https:\/\/i0.wp.com\/lasprimeras.com.do\/wp-content\/uploads\/2024\/03\/Abel-Martinez-3.jpeg?resize=700%2C400&ssl=1 2x, https:\/\/i0.wp.com\/lasprimeras.com.do\/wp-content\/uploads\/2024\/03\/Abel-Martinez-3.jpeg?resize=1050%2C600&ssl=1 3x, https:\/\/i0.wp.com\/lasprimeras.com.do\/wp-content\/uploads\/2024\/03\/Abel-Martinez-3.jpeg?resize=1400%2C800&ssl=1 4x"},"classes":[]},{"id":78451,"url":"https:\/\/lasprimeras.com.do\/index.php\/2024\/03\/16\/leonel-fernandez-acepta-participar-en-debate-presidencial-por-anje\/","url_meta":{"origin":82289,"position":3},"title":"Leonel Fern\u00e1ndez acepta participar en debate presidencial por ANJE","author":"BIMARY DE JES\u00daS Matos","date":"16 de marzo de 2024","format":false,"excerpt":"Santo Domingo.- El candidato presidencial del partido Fuerza del Pueblo, Leonel Fern\u00e1ndez, dijo hoy que acepta participar en el debate propuesto por la Asociaci\u00f3n Nacional de J\u00f3venes Empresarios, ANJE. \u201cAnuncio, desde aqu\u00ed, que acepto el debate con el presidente de la Rep\u00fablica Luis Abinader\u201d, asegur\u00f3 el candidato presidencial opositor. \u201cDesde\u2026","rel":"","context":"En \u00abPORTADA\u00bb","block_context":{"text":"PORTADA","link":"https:\/\/lasprimeras.com.do\/index.php\/category\/portada\/"},"img":{"alt_text":"","src":"https:\/\/i0.wp.com\/lasprimeras.com.do\/wp-content\/uploads\/2024\/03\/IMG-20240316-WA0011-scaled.jpg?resize=350%2C200&ssl=1","width":350,"height":200,"srcset":"https:\/\/i0.wp.com\/lasprimeras.com.do\/wp-content\/uploads\/2024\/03\/IMG-20240316-WA0011-scaled.jpg?resize=350%2C200&ssl=1 1x, https:\/\/i0.wp.com\/lasprimeras.com.do\/wp-content\/uploads\/2024\/03\/IMG-20240316-WA0011-scaled.jpg?resize=525%2C300&ssl=1 1.5x, https:\/\/i0.wp.com\/lasprimeras.com.do\/wp-content\/uploads\/2024\/03\/IMG-20240316-WA0011-scaled.jpg?resize=700%2C400&ssl=1 2x, https:\/\/i0.wp.com\/lasprimeras.com.do\/wp-content\/uploads\/2024\/03\/IMG-20240316-WA0011-scaled.jpg?resize=1050%2C600&ssl=1 3x, https:\/\/i0.wp.com\/lasprimeras.com.do\/wp-content\/uploads\/2024\/03\/IMG-20240316-WA0011-scaled.jpg?resize=1400%2C800&ssl=1 4x"},"classes":[]},{"id":74047,"url":"https:\/\/lasprimeras.com.do\/index.php\/2024\/01\/18\/jce-respalda-preparativos-de-la-anje-para-debates-de-candidatos\/","url_meta":{"origin":82289,"position":4},"title":"JCE respalda preparativos de la ANJE para debates de candidatos","author":"BIMARY DE JES\u00daS Matos","date":"18 de enero de 2024","format":false,"excerpt":"SANTO DOMINGO. \u2013 La Asociaci\u00f3n Nacional de J\u00f3venes Empresarios (ANJE) recibi\u00f3 el respaldo de la Junta Central Electoral (JCE) durante una visita al presidente de esta instituci\u00f3n, en la cual se discuti\u00f3 la colaboraci\u00f3n para la realizaci\u00f3n de debates electorales de cara a los comicios de 2024. El presidente de\u2026","rel":"","context":"En \u00abSin categor\u00eda\u00bb","block_context":{"text":"Sin categor\u00eda","link":"https:\/\/lasprimeras.com.do\/index.php\/category\/sin-categoria\/"},"img":{"alt_text":"","src":"https:\/\/i0.wp.com\/lasprimeras.com.do\/wp-content\/uploads\/2024\/01\/Presidente-Abinader-entrega-3100-titulos-de-propiedad-a-residentes-del-Tamarindo-primero-2.jpg?resize=350%2C200&ssl=1","width":350,"height":200,"srcset":"https:\/\/i0.wp.com\/lasprimeras.com.do\/wp-content\/uploads\/2024\/01\/Presidente-Abinader-entrega-3100-titulos-de-propiedad-a-residentes-del-Tamarindo-primero-2.jpg?resize=350%2C200&ssl=1 1x, https:\/\/i0.wp.com\/lasprimeras.com.do\/wp-content\/uploads\/2024\/01\/Presidente-Abinader-entrega-3100-titulos-de-propiedad-a-residentes-del-Tamarindo-primero-2.jpg?resize=525%2C300&ssl=1 1.5x"},"classes":[]},{"id":78398,"url":"https:\/\/lasprimeras.com.do\/index.php\/2024\/03\/16\/luis-abinader-acepta-participar-en-debate-presidencial\/","url_meta":{"origin":82289,"position":5},"title":"Luis Abinader acepta participar en debate presidencial","author":"BIMARY DE JES\u00daS Matos","date":"16 de marzo de 2024","format":false,"excerpt":"Santo Domingo.- El presidente de la Rep\u00fablica Luis Abinader, quien busca reelegirse en las elecciones del 19 de mayo por le Partido Revolucionario Dominicano, anunci\u00f3 este viernes que participar\u00e1 en el debate de candidatos presidenciales de la Asociaci\u00f3n de J\u00f3venes Empresarios el 24 de abril. \u00abHoy, a pesar de estar\u2026","rel":"","context":"En \u00abPORTADA\u00bb","block_context":{"text":"PORTADA","link":"https:\/\/lasprimeras.com.do\/index.php\/category\/portada\/"},"img":{"alt_text":"","src":"https:\/\/i0.wp.com\/lasprimeras.com.do\/wp-content\/uploads\/2024\/03\/Diseno-sin-titulo-4.jpg?resize=350%2C200&ssl=1","width":350,"height":200,"srcset":"https:\/\/i0.wp.com\/lasprimeras.com.do\/wp-content\/uploads\/2024\/03\/Diseno-sin-titulo-4.jpg?resize=350%2C200&ssl=1 1x, https:\/\/i0.wp.com\/lasprimeras.com.do\/wp-content\/uploads\/2024\/03\/Diseno-sin-titulo-4.jpg?resize=525%2C300&ssl=1 1.5x, https:\/\/i0.wp.com\/lasprimeras.com.do\/wp-content\/uploads\/2024\/03\/Diseno-sin-titulo-4.jpg?resize=700%2C400&ssl=1 2x"},"classes":[]}],"jetpack_sharing_enabled":true,"_links":{"self":[{"href":"https:\/\/lasprimeras.com.do\/index.php\/wp-json\/wp\/v2\/posts\/82289","targetHints":{"allow":["GET"]}}],"collection":[{"href":"https:\/\/lasprimeras.com.do\/index.php\/wp-json\/wp\/v2\/posts"}],"about":[{"href":"https:\/\/lasprimeras.com.do\/index.php\/wp-json\/wp\/v2\/types\/post"}],"author":[{"embeddable":true,"href":"https:\/\/lasprimeras.com.do\/index.php\/wp-json\/wp\/v2\/users\/2"}],"replies":[{"embeddable":true,"href":"https:\/\/lasprimeras.com.do\/index.php\/wp-json\/wp\/v2\/comments?post=82289"}],"version-history":[{"count":1,"href":"https:\/\/lasprimeras.com.do\/index.php\/wp-json\/wp\/v2\/posts\/82289\/revisions"}],"predecessor-version":[{"id":82290,"href":"https:\/\/lasprimeras.com.do\/index.php\/wp-json\/wp\/v2\/posts\/82289\/revisions\/82290"}],"wp:featuredmedia":[{"embeddable":true,"href":"https:\/\/lasprimeras.com.do\/index.php\/wp-json\/wp\/v2\/media\/61592"}],"wp:attachment":[{"href":"https:\/\/lasprimeras.com.do\/index.php\/wp-json\/wp\/v2\/media?parent=82289"}],"wp:term":[{"taxonomy":"category","embeddable":true,"href":"https:\/\/lasprimeras.com.do\/index.php\/wp-json\/wp\/v2\/categories?post=82289"},{"taxonomy":"post_tag","embeddable":true,"href":"https:\/\/lasprimeras.com.do\/index.php\/wp-json\/wp\/v2\/tags?post=82289"}],"curies":[{"name":"wp","href":"https:\/\/api.w.org\/{rel}","templated":true}]}}