{"id":82291,"date":"2024-05-01T07:13:19","date_gmt":"2024-05-01T11:13:19","guid":{"rendered":"https:\/\/lasprimeras.com.do\/?p=82291"},"modified":"2024-05-01T07:13:20","modified_gmt":"2024-05-01T11:13:20","slug":"eddy-herrera-celebra-seis-decadas-de-vida-como-un-galan-del-merengue","status":"publish","type":"post","link":"https:\/\/lasprimeras.com.do\/index.php\/2024\/05\/01\/eddy-herrera-celebra-seis-decadas-de-vida-como-un-galan-del-merengue\/","title":{"rendered":"Eddy Herrera celebra seis d\u00e9cadas de vida como un &#8220;gal\u00e1n del merengue&#8221;"},"content":{"rendered":"\n<p>Eddy Herrera, el cibae\u00f1o que en sus a\u00f1os mozos estaba m\u00e1s inclinado a la balada y que termin\u00f3 como figura estelar del merengue, cumple este martes 60 a\u00f1os de edad, 40 de ellos en la m\u00fasica.<\/p>\n\n\n\n<p>El denominado &#8220;Gal\u00e1n del merengue&#8221; naci\u00f3 el 30 de abril de 1964 en Santiago de los Caballeros, donde sus sue\u00f1os de adolescentes se forjaban en sus pininos como cantante y estudiante de arquitectura en la Pontificia Universidad Cat\u00f3lica Madre y Maestra cuando en su vida apareci\u00f3 el hada padrino Wilfrido Vargas.<\/p>\n\n\n\n<p>Desde su ni\u00f1ez simpat\u00eda por la m\u00fasica desde los seis a\u00f1os, pues cantaba de todo menos merengue, porque su deseo era ser baladista.<\/p>\n\n\n\n<p>A los nueve a\u00f1os ya sab\u00eda tocar guitarra (su padre Iv\u00e1n Herrera le hab\u00eda comprado una por su cumplea\u00f1os) y a los 15 a\u00f1os particip\u00f3 en un festival de la voz en la Ciudad Coraz\u00f3n.<\/p>\n\n\n\n<p>Luego de esa participaci\u00f3n, Jorge Amaro fue quien le present\u00f3 ante July Mateo (Rasput\u00edn) como un \u201cnuevo talento para la m\u00fasica en el pa\u00eds\u201d.<\/p>\n","protected":false},"excerpt":{"rendered":"<p>Eddy Herrera, el cibae\u00f1o que en sus a\u00f1os mozos estaba m\u00e1s inclinado a la balada y que termin\u00f3 como figura estelar del merengue, cumple este martes 60 a\u00f1os de edad,&hellip;<\/p>\n","protected":false},"author":3,"featured_media":82292,"comment_status":"open","ping_status":"open","sticky":false,"template":"","format":"standard","meta":{"content-type":"","jetpack_post_was_ever_published":false,"_jetpack_newsletter_access":"","_jetpack_dont_email_post_to_subs":false,"_jetpack_newsletter_tier_id":0,"_jetpack_memberships_contains_paywalled_content":false,"_jetpack_memberships_contains_paid_content":false,"footnotes":""},"categories":[84],"tags":[7464],"class_list":["post-82291","post","type-post","status-publish","format-standard","has-post-thumbnail","hentry","category-entretenimiento","tag-eddy-herrera"],"jetpack_featured_media_url":"https:\/\/lasprimeras.com.do\/wp-content\/uploads\/2024\/05\/6a0c8a05-4f4b-48f5-a1d9-1ad180753c4a.jpg","jetpack-related-posts":[{"id":60324,"url":"https:\/\/lasprimeras.com.do\/index.php\/2023\/09\/13\/maridalia-hernandez-jose-alberto-el-canario-y-wilfrido-vargas-estaran-en-concierto-agradecido-de-eddy-herrera\/","url_meta":{"origin":82291,"position":0},"title":"Maridalia Hern\u00e1ndez, Jos\u00e9 Alberto &#8220;El Canario&#8221; y Wilfrido Vargas estar\u00e1n en concierto \u201cAgradecido\u201d de Eddy Herrera","author":"Nelson Feliz","date":"13 de septiembre de 2023","format":false,"excerpt":"Bajo la producci\u00f3n de Edilenia Tactuk se presentar\u00e1 \u201cEl gal\u00e1n del merengue\u201d, el pr\u00f3ximo s\u00e1bado 23 de septiembre en El Gran Teatro del Cibao Emocionado y feliz, as\u00ed anunci\u00f3 Eddy Herrera a Maridalia Hern\u00e1ndez, Jos\u00e9 Alberto \"El Canario\" y Wilfrido Vargas, parte de los destacados artistas que lo acompa\u00f1ar\u00e1n el\u2026","rel":"","context":"En \u00abENTRETENIMIENTO\u00bb","block_context":{"text":"ENTRETENIMIENTO","link":"https:\/\/lasprimeras.com.do\/index.php\/category\/entretenimiento\/"},"img":{"alt_text":"Eddy Herrera","src":"https:\/\/i0.wp.com\/lasprimeras.com.do\/wp-content\/uploads\/2023\/09\/Eddy-Herrera-1.jpg?resize=350%2C200&ssl=1","width":350,"height":200,"srcset":"https:\/\/i0.wp.com\/lasprimeras.com.do\/wp-content\/uploads\/2023\/09\/Eddy-Herrera-1.jpg?resize=350%2C200&ssl=1 1x, https:\/\/i0.wp.com\/lasprimeras.com.do\/wp-content\/uploads\/2023\/09\/Eddy-Herrera-1.jpg?resize=525%2C300&ssl=1 1.5x, https:\/\/i0.wp.com\/lasprimeras.com.do\/wp-content\/uploads\/2023\/09\/Eddy-Herrera-1.jpg?resize=700%2C400&ssl=1 2x"},"classes":[]},{"id":102070,"url":"https:\/\/lasprimeras.com.do\/index.php\/2025\/06\/30\/muere-july-nunez-trompetista-y-fundador-de-la-orquesta-de-eddy-herrera\/","url_meta":{"origin":82291,"position":1},"title":"Muere July N\u00fa\u00f1ez, trompetista y fundador de la orquesta de Eddy Herrera","author":"Nelson Feliz","date":"30 de junio de 2025","format":false,"excerpt":"N\u00fa\u00f1ez estuvo en la agrupaci\u00f3n de Herrera desde su fundaci\u00f3n en el a\u00f1o 1990 hasta su fallecimiento. El trompetista July N\u00fa\u00f1ez, quien trabaj\u00f3 con las orquestas de merengue La Banda Gorda, La Artiller\u00eda, Eddy Herrera, Rocka Banda y Parada Joven, muri\u00f3 la noche de este domingo tras luchar contra el\u2026","rel":"","context":"En \u00abENTRETENIMIENTO\u00bb","block_context":{"text":"ENTRETENIMIENTO","link":"https:\/\/lasprimeras.com.do\/index.php\/category\/entretenimiento\/"},"img":{"alt_text":"","src":"https:\/\/i0.wp.com\/lasprimeras.com.do\/wp-content\/uploads\/2025\/06\/July-Nunez.jpeg?resize=350%2C200&ssl=1","width":350,"height":200,"srcset":"https:\/\/i0.wp.com\/lasprimeras.com.do\/wp-content\/uploads\/2025\/06\/July-Nunez.jpeg?resize=350%2C200&ssl=1 1x, https:\/\/i0.wp.com\/lasprimeras.com.do\/wp-content\/uploads\/2025\/06\/July-Nunez.jpeg?resize=525%2C300&ssl=1 1.5x, https:\/\/i0.wp.com\/lasprimeras.com.do\/wp-content\/uploads\/2025\/06\/July-Nunez.jpeg?resize=700%2C400&ssl=1 2x"},"classes":[]},{"id":75450,"url":"https:\/\/lasprimeras.com.do\/index.php\/2024\/02\/01\/eddy-herrera-celebrara-sus-35-anos-en-la-musica-en-premios-soberano-2024\/","url_meta":{"origin":82291,"position":2},"title":"Eddy Herrera celebrar\u00e1 sus 35 a\u00f1os en la m\u00fasica en Premios Soberano 2024","author":"BIMARY DE JES\u00daS Matos","date":"1 de febrero de 2024","format":false,"excerpt":"Santo Domingo.-Celebrar mis 35 a\u00f1os de carrera en la m\u00fasica en los Premios Soberano es m\u00e1s que una bendici\u00f3n, es un honor\u201d. As\u00ed se manifest\u00f3 el carism\u00e1tico merenguero Eddy Herrera quien ser\u00e1 parte de la ceremonia de la edici\u00f3n n\u00famero 39 de la premiaci\u00f3n art\u00edstica m\u00e1s importante el pr\u00f3ximo martes\u2026","rel":"","context":"En \u00abENTRETENIMIENTO\u00bb","block_context":{"text":"ENTRETENIMIENTO","link":"https:\/\/lasprimeras.com.do\/index.php\/category\/entretenimiento\/"},"img":{"alt_text":"","src":"https:\/\/i0.wp.com\/lasprimeras.com.do\/wp-content\/uploads\/2024\/02\/CANDIDATO-A-REGIDOR-Justicia-Social-JOSUE-MENDEZ-APOYARA-A-DIO-ASTACIO-DEL-PRM.jpg?resize=350%2C200&ssl=1","width":350,"height":200,"srcset":"https:\/\/i0.wp.com\/lasprimeras.com.do\/wp-content\/uploads\/2024\/02\/CANDIDATO-A-REGIDOR-Justicia-Social-JOSUE-MENDEZ-APOYARA-A-DIO-ASTACIO-DEL-PRM.jpg?resize=350%2C200&ssl=1 1x, https:\/\/i0.wp.com\/lasprimeras.com.do\/wp-content\/uploads\/2024\/02\/CANDIDATO-A-REGIDOR-Justicia-Social-JOSUE-MENDEZ-APOYARA-A-DIO-ASTACIO-DEL-PRM.jpg?resize=525%2C300&ssl=1 1.5x, https:\/\/i0.wp.com\/lasprimeras.com.do\/wp-content\/uploads\/2024\/02\/CANDIDATO-A-REGIDOR-Justicia-Social-JOSUE-MENDEZ-APOYARA-A-DIO-ASTACIO-DEL-PRM.jpg?resize=700%2C400&ssl=1 2x"},"classes":[]},{"id":125063,"url":"https:\/\/lasprimeras.com.do\/index.php\/2026\/03\/18\/dalvin-la-melodia-brilla-y-gana-el-premio-revelacion-del-ano-en-los-soberano-2026\/","url_meta":{"origin":82291,"position":3},"title":"Dalvin La Melod\u00eda brilla y gana el premio Revelaci\u00f3n del A\u00f1o en los Soberano 2026","author":"Nelson Feliz","date":"18 de marzo de 2026","format":false,"excerpt":"El bachatero Dalvin La Melod\u00eda se alz\u00f3 con el premio Revelaci\u00f3n del A\u00f1o en los Premios Soberano 2026, celebrados la noche de este mi\u00e9rcoles en la capital dominicana. El int\u00e9rprete de \u201cMi reina\u201d compet\u00eda junto a Evenezer Guerra, la cantante cristiana Martha Candela y La Fiera T\u00edpica. El galard\u00f3n fue\u2026","rel":"","context":"En \u00abENTRETENIMIENTO\u00bb","block_context":{"text":"ENTRETENIMIENTO","link":"https:\/\/lasprimeras.com.do\/index.php\/category\/entretenimiento\/"},"img":{"alt_text":"","src":"https:\/\/i0.wp.com\/lasprimeras.com.do\/wp-content\/uploads\/2026\/03\/Dalvin-La-Melodia.jpg?resize=350%2C200&ssl=1","width":350,"height":200,"srcset":"https:\/\/i0.wp.com\/lasprimeras.com.do\/wp-content\/uploads\/2026\/03\/Dalvin-La-Melodia.jpg?resize=350%2C200&ssl=1 1x, https:\/\/i0.wp.com\/lasprimeras.com.do\/wp-content\/uploads\/2026\/03\/Dalvin-La-Melodia.jpg?resize=525%2C300&ssl=1 1.5x, https:\/\/i0.wp.com\/lasprimeras.com.do\/wp-content\/uploads\/2026\/03\/Dalvin-La-Melodia.jpg?resize=700%2C400&ssl=1 2x"},"classes":[]},{"id":91239,"url":"https:\/\/lasprimeras.com.do\/index.php\/2024\/11\/14\/juan-luis-guerra-gana-latin-grammy-a-mejor-album-de-merengue-bachata-y-mejor-cancion-tropical\/","url_meta":{"origin":82291,"position":4},"title":"Juan Luis Guerra gana Latin Grammy a &#8216;Mejor \u00c1lbum de Merengue\/Bachata&#8217; y &#8216;Mejor Canci\u00f3n Tropical&#8217;","author":"Nelson Feliz","date":"14 de noviembre de 2024","format":false,"excerpt":"Severo Rivera El laureado artista dominicano Juan Luis Guerra se llev\u00f3 el Latin Grammy a \"Mejor \u00c1lbum de Merengue y\/o Bachata\" por su disco Radio G\u00fcira y el galard\u00f3n a la \"Mejor Canci\u00f3n Tropical: \"Mambo 23\", Juan Luis Guerra, en la ceremonia no televisada de la Academia Latina de la\u2026","rel":"","context":"En \u00abENTRETENIMIENTO\u00bb","block_context":{"text":"ENTRETENIMIENTO","link":"https:\/\/lasprimeras.com.do\/index.php\/category\/entretenimiento\/"},"img":{"alt_text":"","src":"https:\/\/i0.wp.com\/lasprimeras.com.do\/wp-content\/uploads\/2024\/11\/juan-luis-guerra-gana-latin-grammy-a-mejor-album-de-merengue-bachata-y-mejor-cancion-tropical.webp?resize=350%2C200&ssl=1","width":350,"height":200,"srcset":"https:\/\/i0.wp.com\/lasprimeras.com.do\/wp-content\/uploads\/2024\/11\/juan-luis-guerra-gana-latin-grammy-a-mejor-album-de-merengue-bachata-y-mejor-cancion-tropical.webp?resize=350%2C200&ssl=1 1x, https:\/\/i0.wp.com\/lasprimeras.com.do\/wp-content\/uploads\/2024\/11\/juan-luis-guerra-gana-latin-grammy-a-mejor-album-de-merengue-bachata-y-mejor-cancion-tropical.webp?resize=525%2C300&ssl=1 1.5x"},"classes":[]},{"id":52426,"url":"https:\/\/lasprimeras.com.do\/index.php\/2023\/06\/10\/eddy-corona-se-posiciona-dentro-de-la-musica-urbana-con-letras-limpias\/","url_meta":{"origin":82291,"position":5},"title":"Eddy Corona se posiciona dentro de la m\u00fasica urbana con letras limpias","author":"prenxa100","date":"10 de junio de 2023","format":false,"excerpt":"El popular cantante urbano cristiano Eddy Corona \"Str8Talk\", contin\u00faa posicion\u00e1ndose dentro del competitivo mundo de la m\u00fasica urbana con dos importantes colaboraciones. La primera es \"Un d\u00eda a la vez\", atractiva propuesta musical que grab\u00f3 junto a la nueva cara del merengue pop Jerek Music, quien fue contraparte de Manny\u2026","rel":"","context":"En \u00abENTRETENIMIENTO\u00bb","block_context":{"text":"ENTRETENIMIENTO","link":"https:\/\/lasprimeras.com.do\/index.php\/category\/entretenimiento\/"},"img":{"alt_text":"","src":"https:\/\/i0.wp.com\/img.youtube.com\/vi\/03eNamYu200\/0.jpg?resize=350%2C200","width":350,"height":200},"classes":[]}],"jetpack_sharing_enabled":true,"_links":{"self":[{"href":"https:\/\/lasprimeras.com.do\/index.php\/wp-json\/wp\/v2\/posts\/82291","targetHints":{"allow":["GET"]}}],"collection":[{"href":"https:\/\/lasprimeras.com.do\/index.php\/wp-json\/wp\/v2\/posts"}],"about":[{"href":"https:\/\/lasprimeras.com.do\/index.php\/wp-json\/wp\/v2\/types\/post"}],"author":[{"embeddable":true,"href":"https:\/\/lasprimeras.com.do\/index.php\/wp-json\/wp\/v2\/users\/3"}],"replies":[{"embeddable":true,"href":"https:\/\/lasprimeras.com.do\/index.php\/wp-json\/wp\/v2\/comments?post=82291"}],"version-history":[{"count":1,"href":"https:\/\/lasprimeras.com.do\/index.php\/wp-json\/wp\/v2\/posts\/82291\/revisions"}],"predecessor-version":[{"id":82293,"href":"https:\/\/lasprimeras.com.do\/index.php\/wp-json\/wp\/v2\/posts\/82291\/revisions\/82293"}],"wp:featuredmedia":[{"embeddable":true,"href":"https:\/\/lasprimeras.com.do\/index.php\/wp-json\/wp\/v2\/media\/82292"}],"wp:attachment":[{"href":"https:\/\/lasprimeras.com.do\/index.php\/wp-json\/wp\/v2\/media?parent=82291"}],"wp:term":[{"taxonomy":"category","embeddable":true,"href":"https:\/\/lasprimeras.com.do\/index.php\/wp-json\/wp\/v2\/categories?post=82291"},{"taxonomy":"post_tag","embeddable":true,"href":"https:\/\/lasprimeras.com.do\/index.php\/wp-json\/wp\/v2\/tags?post=82291"}],"curies":[{"name":"wp","href":"https:\/\/api.w.org\/{rel}","templated":true}]}}