{"id":82294,"date":"2024-05-01T07:14:29","date_gmt":"2024-05-01T11:14:29","guid":{"rendered":"https:\/\/lasprimeras.com.do\/?p=82294"},"modified":"2024-05-01T07:14:31","modified_gmt":"2024-05-01T11:14:31","slug":"gobierno-dice-invierte-rd142-millones-en-pistas-de-atletismo","status":"publish","type":"post","link":"https:\/\/lasprimeras.com.do\/index.php\/2024\/05\/01\/gobierno-dice-invierte-rd142-millones-en-pistas-de-atletismo\/","title":{"rendered":"Gobierno dice invierte RD$142 millones en pistas de atletismo"},"content":{"rendered":"\n<p>SANTO DOMINGO.- El Gobierno del presidente Luis Abinader ha dispuesto, a trav\u00e9s del Ministerio de Deportes y Recreaci\u00f3n, da una inversi\u00f3n de 142.74 millones de pesos en la reconstrucci\u00f3n de tres pistas de atletismo y la construcci\u00f3n de una nueva como parte del apoyo que ejecutan las autoridades en favor de la juventud que practica las distintas modalidades de dicha disciplina.<\/p>\n\n\n\n<p>La informaci\u00f3n la suministr\u00f3 este martes el ministro de Deportes, Francisco Camacho, quien apunt\u00f3 que en estos momentos se trabaja en la reconstrucci\u00f3n de las pistas de atletismo del Estadio Ol\u00edmpico F\u00e9lix S\u00e1nchez y la contigua de calentamiento en el Centro Ol\u00edmpico Juan Pablo Duarte, en el Distrito Nacional, y la del complejo deportivo de Moca, en la provincia de Espaillat.<\/p>\n\n\n\n<p>Una estructura que construye el Ministerio de Deportes desde sus cimientos es el complejo deportivo de San Jos\u00e9 de Ocoa, con pista de atletismo incluida, adem\u00e1s de un estadio de s\u00f3ftbol, explic\u00f3 el funcionario.<\/p>\n\n\n\n<p>Camacho cuantific\u00f3 la inversi\u00f3n que se realiza solo en la pista del Ol\u00edmpico F\u00e9lix S\u00e1nchez, en 65 millones,715,430 pesos, con 75 centavos; mientras que la de calentamiento est\u00e1 presupuestada en 33 millones,984,308 pesos con 75 centavos.<\/p>\n\n\n\n<p>El ministro indic\u00f3 que la reconstrucci\u00f3n de la pista de atletismo de Moca est\u00e1 estipulada con un presupuesto de 33 millones,786, 818 pesos, con 73 centavos; y la construcci\u00f3n de la de Ocoa conllevar\u00e1 una inversi\u00f3n de 9 millones,744,706 pesos con 71 centavos.<\/p>\n\n\n\n<p>Explic\u00f3 que la terminaci\u00f3n en Moca, lo mismo que en San Jos\u00e9 de Ocoa, est\u00e1 proyectada para finales del presente a\u00f1o, tomando en cuenta los imprevistos que se puedan presentar, como las temporadas lluviosas o de mal tiempo que suelen afectar el avance de los trabajos.<\/p>\n\n\n\n<p>Camacho reiter\u00f3 que las labores en las dos pistas del Centro Ol\u00edmpico Juan Pablo Duarte forman parte del proceso de reparaci\u00f3n de todas las estructuras de este complejo, as\u00ed como del Parque del Este, m\u00e1s otras, que acoger\u00e1n los XXV Juegos Deportivos Centroamericanos y del Caribe Santo Domingo 2026.<\/p>\n\n\n\n<p>Record\u00f3 que a mediados de marzo pasado el presidente Luis Abinader dio el \u00abpalazo\u00bb de inicio de las labores de reparaci\u00f3n y mejora de todas las instalaciones que ser\u00e1n utilizadas en el montaje de los XXV Juegos, fijados por el Comit\u00e9 Organizador para realizarse del 24 de julio al 8 de agosto del citado a\u00f1o.<\/p>\n","protected":false},"excerpt":{"rendered":"<p>SANTO DOMINGO.- El Gobierno del presidente Luis Abinader ha dispuesto, a trav\u00e9s del Ministerio de Deportes y Recreaci\u00f3n, da una inversi\u00f3n de 142.74 millones de pesos en la reconstrucci\u00f3n de&hellip;<\/p>\n","protected":false},"author":3,"featured_media":82295,"comment_status":"open","ping_status":"open","sticky":false,"template":"","format":"standard","meta":{"content-type":"","jetpack_post_was_ever_published":false,"_jetpack_newsletter_access":"","_jetpack_dont_email_post_to_subs":false,"_jetpack_newsletter_tier_id":0,"_jetpack_memberships_contains_paywalled_content":false,"_jetpack_memberships_contains_paid_content":false,"footnotes":""},"categories":[1],"tags":[6518],"class_list":["post-82294","post","type-post","status-publish","format-standard","has-post-thumbnail","hentry","category-sin-categoria","tag-atletismo"],"jetpack_featured_media_url":"https:\/\/lasprimeras.com.do\/wp-content\/uploads\/2024\/05\/6a0c8a05-4f4b-48f5-a1d9-1ad180753c4a-1.jpg","jetpack-related-posts":[{"id":83221,"url":"https:\/\/lasprimeras.com.do\/index.php\/2024\/05\/13\/abinader-en-esta-gestion-de-gobierno-se-entregaron-mas-de-mil-instalaciones-deportivas\/","url_meta":{"origin":82294,"position":0},"title":"Abinader: en esta gesti\u00f3n de gobierno se entregaron m\u00e1s de mil instalaciones deportivas","author":"Nelson Feliz","date":"13 de mayo de 2024","format":false,"excerpt":"Indic\u00f3 tambi\u00e9n que se entregaron RD$ 235 millones al Comit\u00e9 Ol\u00edmpico Dominicano para los Juegos Ol\u00edmpicos de Par\u00eds 2024, incluyendo fondos para la reparaci\u00f3n, clasificaci\u00f3n y participaci\u00f3n de los atletas y se ha retornado la autonom\u00eda financiera a las Federaciones Deportivas Nacionales. El presidente Luis Abinader inform\u00f3 este lunes que\u2026","rel":"","context":"En \u00abPORTADA\u00bb","block_context":{"text":"PORTADA","link":"https:\/\/lasprimeras.com.do\/index.php\/category\/portada\/"},"img":{"alt_text":"Luis Abinader","src":"https:\/\/i0.wp.com\/lasprimeras.com.do\/wp-content\/uploads\/2024\/05\/Luis-Abinader-LS-1.jpg?resize=350%2C200&ssl=1","width":350,"height":200,"srcset":"https:\/\/i0.wp.com\/lasprimeras.com.do\/wp-content\/uploads\/2024\/05\/Luis-Abinader-LS-1.jpg?resize=350%2C200&ssl=1 1x, https:\/\/i0.wp.com\/lasprimeras.com.do\/wp-content\/uploads\/2024\/05\/Luis-Abinader-LS-1.jpg?resize=525%2C300&ssl=1 1.5x, https:\/\/i0.wp.com\/lasprimeras.com.do\/wp-content\/uploads\/2024\/05\/Luis-Abinader-LS-1.jpg?resize=700%2C400&ssl=1 2x"},"classes":[]},{"id":80689,"url":"https:\/\/lasprimeras.com.do\/index.php\/2024\/04\/11\/medallistas-de-rd-competiran-en-atletismo-de-los-juegos-militares\/","url_meta":{"origin":82294,"position":1},"title":"Medallistas de RD competir\u00e1n en atletismo de los Juegos Militares","author":"BIMARY DE JES\u00daS Matos","date":"11 de abril de 2024","format":false,"excerpt":"SANTIAGO DE LOS CABALLEROS.- Medallistas ol\u00edmpicos, mundialistas, panamericanos, en centroamericanos, encabezados por Marileidy Paulino, Anabel Medina, Fiordaliza Cofil, Alexander Ogando, y Lidio Feliz, accionar\u00e1n a partir de este jueves en el evento de atletismo en los LIII Juegos Deportivos Militares que se celebrar\u00e1 hasta el s\u00e1bado en la pista de\u2026","rel":"","context":"En \u00abSin categor\u00eda\u00bb","block_context":{"text":"Sin categor\u00eda","link":"https:\/\/lasprimeras.com.do\/index.php\/category\/sin-categoria\/"},"img":{"alt_text":"","src":"https:\/\/i0.wp.com\/lasprimeras.com.do\/wp-content\/uploads\/2024\/04\/meda.jpg?resize=350%2C200&ssl=1","width":350,"height":200,"srcset":"https:\/\/i0.wp.com\/lasprimeras.com.do\/wp-content\/uploads\/2024\/04\/meda.jpg?resize=350%2C200&ssl=1 1x, https:\/\/i0.wp.com\/lasprimeras.com.do\/wp-content\/uploads\/2024\/04\/meda.jpg?resize=525%2C300&ssl=1 1.5x, https:\/\/i0.wp.com\/lasprimeras.com.do\/wp-content\/uploads\/2024\/04\/meda.jpg?resize=700%2C400&ssl=1 2x"},"classes":[]},{"id":81365,"url":"https:\/\/lasprimeras.com.do\/index.php\/2024\/04\/20\/corren-este-sabado-4to-clasico-felix-sanchez-evento-clasificatorio-a-los-juegos-olimpicos-de-paris\/","url_meta":{"origin":82294,"position":2},"title":"Corren este s\u00e1bado &#8220;4to Cl\u00e1sico F\u00e9lix S\u00e1nchez&#8221;; evento clasificatorio a los Juegos Ol\u00edmpicos de Par\u00eds","author":"BIMARY DE JES\u00daS Matos","date":"20 de abril de 2024","format":false,"excerpt":"BAYAGUANA.- Con la participaci\u00f3n de estrellas del atletismo mundial, se correr\u00e1 este s\u00e1bado aqu\u00ed el \u00ab4to Cl\u00e1sico F\u00e9lix S\u00e1nchez\u00bb, a partir de la una de la tarde, en la pista de atletismo \u00abLuguelin Santos\u00bb, en el complejo deportivo de aqu\u00ed, evento que ser\u00e1 clasificatorio para los venideros Juegos Ol\u00edmpicos de\u2026","rel":"","context":"En \u00abSin categor\u00eda\u00bb","block_context":{"text":"Sin categor\u00eda","link":"https:\/\/lasprimeras.com.do\/index.php\/category\/sin-categoria\/"},"img":{"alt_text":"","src":"https:\/\/i0.wp.com\/lasprimeras.com.do\/wp-content\/uploads\/2024\/04\/6a0c8a05-4f4b-48f5-a1d9-1ad180753c4a-9.webp?resize=350%2C200&ssl=1","width":350,"height":200,"srcset":"https:\/\/i0.wp.com\/lasprimeras.com.do\/wp-content\/uploads\/2024\/04\/6a0c8a05-4f4b-48f5-a1d9-1ad180753c4a-9.webp?resize=350%2C200&ssl=1 1x, https:\/\/i0.wp.com\/lasprimeras.com.do\/wp-content\/uploads\/2024\/04\/6a0c8a05-4f4b-48f5-a1d9-1ad180753c4a-9.webp?resize=525%2C300&ssl=1 1.5x, https:\/\/i0.wp.com\/lasprimeras.com.do\/wp-content\/uploads\/2024\/04\/6a0c8a05-4f4b-48f5-a1d9-1ad180753c4a-9.webp?resize=700%2C400&ssl=1 2x, https:\/\/i0.wp.com\/lasprimeras.com.do\/wp-content\/uploads\/2024\/04\/6a0c8a05-4f4b-48f5-a1d9-1ad180753c4a-9.webp?resize=1050%2C600&ssl=1 3x, https:\/\/i0.wp.com\/lasprimeras.com.do\/wp-content\/uploads\/2024\/04\/6a0c8a05-4f4b-48f5-a1d9-1ad180753c4a-9.webp?resize=1400%2C800&ssl=1 4x"},"classes":[]},{"id":81900,"url":"https:\/\/lasprimeras.com.do\/index.php\/2024\/04\/26\/deportes-entregara-incentivo-de-100000-pesos-a-los-atletas-que-iran-a-juegos-olimpicos\/","url_meta":{"origin":82294,"position":3},"title":"Deportes entregar\u00e1 incentivo de 100,000 pesos a los atletas que ir\u00e1n a Juegos Ol\u00edmpicos","author":"BIMARY DE JES\u00daS Matos","date":"26 de abril de 2024","format":false,"excerpt":"Santo Domingo.- El ministro de Deportes, Francisco Camacho, cumpliendo con los postulados del presidente Luis Abinader, anunci\u00f3 este jueves la entrega de un incentivo sin precedentes de 100,000 pesos a los atletas ya clasificados y a los que tambi\u00e9n lo hagan para los Juegos Ol\u00edmpicos de Par\u00eds 2024, y eso\u2026","rel":"","context":"En \u00abSin categor\u00eda\u00bb","block_context":{"text":"Sin categor\u00eda","link":"https:\/\/lasprimeras.com.do\/index.php\/category\/sin-categoria\/"},"img":{"alt_text":"","src":"https:\/\/i0.wp.com\/lasprimeras.com.do\/wp-content\/uploads\/2024\/04\/6a0c8a05-4f4b-48f5-a1d9-1ad180753c4a-16.webp?resize=350%2C200&ssl=1","width":350,"height":200,"srcset":"https:\/\/i0.wp.com\/lasprimeras.com.do\/wp-content\/uploads\/2024\/04\/6a0c8a05-4f4b-48f5-a1d9-1ad180753c4a-16.webp?resize=350%2C200&ssl=1 1x, https:\/\/i0.wp.com\/lasprimeras.com.do\/wp-content\/uploads\/2024\/04\/6a0c8a05-4f4b-48f5-a1d9-1ad180753c4a-16.webp?resize=525%2C300&ssl=1 1.5x, https:\/\/i0.wp.com\/lasprimeras.com.do\/wp-content\/uploads\/2024\/04\/6a0c8a05-4f4b-48f5-a1d9-1ad180753c4a-16.webp?resize=700%2C400&ssl=1 2x, https:\/\/i0.wp.com\/lasprimeras.com.do\/wp-content\/uploads\/2024\/04\/6a0c8a05-4f4b-48f5-a1d9-1ad180753c4a-16.webp?resize=1050%2C600&ssl=1 3x, https:\/\/i0.wp.com\/lasprimeras.com.do\/wp-content\/uploads\/2024\/04\/6a0c8a05-4f4b-48f5-a1d9-1ad180753c4a-16.webp?resize=1400%2C800&ssl=1 4x"},"classes":[]},{"id":69204,"url":"https:\/\/lasprimeras.com.do\/index.php\/2023\/11\/30\/paulino-elegida-atleta-del-ano-2022-por-cronistas-deportivos-rd\/","url_meta":{"origin":82294,"position":4},"title":"Paulino elegida Atleta del A\u00f1o 2022 por cronistas deportivos RD","author":"BIMARY DE JES\u00daS Matos","date":"30 de noviembre de 2023","format":false,"excerpt":"SANTO DOMINGO.- La velocista dominicana Marileidy Paulino fue seleccionada como la \u00abAtleta del A\u00f1o 2022\u2033 por la Asociaci\u00f3n de Cronistas Deportivos (ACD) de Santo Domingo, por su excelente actuaci\u00f3n en eventos internacionales. El Comit\u00e9 Ejecutivo de la ACD reconoci\u00f3 el t\u00edtulo logrado por la \u00abreina de las pistas\u00bb en la\u2026","rel":"","context":"En \u00abSin categor\u00eda\u00bb","block_context":{"text":"Sin categor\u00eda","link":"https:\/\/lasprimeras.com.do\/index.php\/category\/sin-categoria\/"},"img":{"alt_text":"","src":"https:\/\/i0.wp.com\/lasprimeras.com.do\/wp-content\/uploads\/2023\/11\/WhatsApp-Image-2023-11-30-at-12.17.32-PM-2.png?resize=350%2C200&ssl=1","width":350,"height":200},"classes":[]},{"id":82366,"url":"https:\/\/lasprimeras.com.do\/index.php\/2024\/05\/02\/atletismo-rd-sale-este-jueves-a-bahamas-a-buscar-plazas-en-los-relevos-para-juegos-olimpicos\/","url_meta":{"origin":82294,"position":5},"title":"Atletismo RD sale este jueves a Bahamas a buscar plazas en los Relevos para Juegos Ol\u00edmpicos","author":"BIMARY DE JES\u00daS Matos","date":"2 de mayo de 2024","format":false,"excerpt":"Santo Domingo.- La delegaci\u00f3n de atletismo de la Rep\u00fablica Dominicana que buscar\u00e1 boletos para los Juegos Ol\u00edmpicos de Par\u00eds, en el Campeonato Mundial de Relevos 2024 que se iniciar\u00e1 el d\u00eda cuatro, partir\u00e1 este jueves con cinco equipos hacia esa isla, con la frente en el alto con y con\u2026","rel":"","context":"En \u00abSin categor\u00eda\u00bb","block_context":{"text":"Sin categor\u00eda","link":"https:\/\/lasprimeras.com.do\/index.php\/category\/sin-categoria\/"},"img":{"alt_text":"","src":"","width":0,"height":0},"classes":[]}],"jetpack_sharing_enabled":true,"_links":{"self":[{"href":"https:\/\/lasprimeras.com.do\/index.php\/wp-json\/wp\/v2\/posts\/82294","targetHints":{"allow":["GET"]}}],"collection":[{"href":"https:\/\/lasprimeras.com.do\/index.php\/wp-json\/wp\/v2\/posts"}],"about":[{"href":"https:\/\/lasprimeras.com.do\/index.php\/wp-json\/wp\/v2\/types\/post"}],"author":[{"embeddable":true,"href":"https:\/\/lasprimeras.com.do\/index.php\/wp-json\/wp\/v2\/users\/3"}],"replies":[{"embeddable":true,"href":"https:\/\/lasprimeras.com.do\/index.php\/wp-json\/wp\/v2\/comments?post=82294"}],"version-history":[{"count":1,"href":"https:\/\/lasprimeras.com.do\/index.php\/wp-json\/wp\/v2\/posts\/82294\/revisions"}],"predecessor-version":[{"id":82296,"href":"https:\/\/lasprimeras.com.do\/index.php\/wp-json\/wp\/v2\/posts\/82294\/revisions\/82296"}],"wp:featuredmedia":[{"embeddable":true,"href":"https:\/\/lasprimeras.com.do\/index.php\/wp-json\/wp\/v2\/media\/82295"}],"wp:attachment":[{"href":"https:\/\/lasprimeras.com.do\/index.php\/wp-json\/wp\/v2\/media?parent=82294"}],"wp:term":[{"taxonomy":"category","embeddable":true,"href":"https:\/\/lasprimeras.com.do\/index.php\/wp-json\/wp\/v2\/categories?post=82294"},{"taxonomy":"post_tag","embeddable":true,"href":"https:\/\/lasprimeras.com.do\/index.php\/wp-json\/wp\/v2\/tags?post=82294"}],"curies":[{"name":"wp","href":"https:\/\/api.w.org\/{rel}","templated":true}]}}