{"id":82297,"date":"2024-05-01T07:16:31","date_gmt":"2024-05-01T11:16:31","guid":{"rendered":"https:\/\/lasprimeras.com.do\/?p=82297"},"modified":"2024-05-01T07:16:33","modified_gmt":"2024-05-01T11:16:33","slug":"multan-a-trump-con-9-000-dolares-por-desacato-en-orden-mordaza-durante-su-juicio-penal","status":"publish","type":"post","link":"https:\/\/lasprimeras.com.do\/index.php\/2024\/05\/01\/multan-a-trump-con-9-000-dolares-por-desacato-en-orden-mordaza-durante-su-juicio-penal\/","title":{"rendered":"Multan a Trump con 9.000 d\u00f3lares por desacato en \u2018orden mordaza\u2019 durante su juicio penal"},"content":{"rendered":"\n<p>Nueva York.- El expresidente Donald Trump, que se enfrenta a un juicio penal en Nueva York, fue multado este martes con 9.000 d\u00f3lares por desacato a la \u2018orden mordaza\u2019 que le proh\u00edbe cargar p\u00fablicamente contra testigos, fiscales y miembros del jurado.<\/p>\n\n\n\n<p>El juez Juan M. Merch\u00e1n, encargado del proceso penal al que se enfrena el republicano en Nueva York, determin\u00f3 que Trump hab\u00eda violado la \u2018orden mordaza\u2019 al hacer varias declaraciones p\u00fablicas en su red social, Truth Social, y en el sitio web de su campa\u00f1a en las que atac\u00f3 a los testigos que participan en el juicio.<\/p>\n\n\n\n<p>Trump debe eliminar las siete \u201cpublicaciones ofensivas\u201d de Truth Social y las dos \u201cpublicaciones ofensivas\u201d del sitio web de su campa\u00f1a antes de las 14-15 hora local (18.15 GMT) de hoy.<\/p>\n\n\n\n<p>Este martes empez\u00f3 la tercera semana del juicio contra el exmandatario y candidato a las presidenciales republicanas de este a\u00f1o, que contin\u00faa con las declaraciones de Gary Farro, el banquero que comenz\u00f3 a testificar el viernes.<\/p>\n\n\n\n<p>Farro relat\u00f3 los esfuerzos de Michael Cohen -el antiguo abogado y mano derecha de Trump, quien se espera que sea uno de los testigos estrella de la Fiscal\u00eda esta semana- para abrir una cuenta financiera que se utiliz\u00f3 para pagar a la actriz porno Stormy Daniels.<\/p>\n\n\n\n<p>Trump, que est\u00e1 obligado a asistir a todo el juicio, se present\u00f3 hoy en la corte acompa\u00f1ado de su hijo Eric Trump.<\/p>\n\n\n\n<p>El magnate enfrenta 34 cargos por delitos graves de falsificaci\u00f3n de registros comerciales en primer grado para encubrir un esc\u00e1ndalo sexual.<\/p>\n","protected":false},"excerpt":{"rendered":"<p>Nueva York.- El expresidente Donald Trump, que se enfrenta a un juicio penal en Nueva York, fue multado este martes con 9.000 d\u00f3lares por desacato a la \u2018orden mordaza\u2019 que&hellip;<\/p>\n","protected":false},"author":3,"featured_media":82298,"comment_status":"open","ping_status":"open","sticky":false,"template":"","format":"standard","meta":{"content-type":"","jetpack_post_was_ever_published":false,"_jetpack_newsletter_access":"","_jetpack_dont_email_post_to_subs":false,"_jetpack_newsletter_tier_id":0,"_jetpack_memberships_contains_paywalled_content":false,"_jetpack_memberships_contains_paid_content":false,"footnotes":""},"categories":[1],"tags":[978],"class_list":["post-82297","post","type-post","status-publish","format-standard","has-post-thumbnail","hentry","category-sin-categoria","tag-donald-trump"],"jetpack_featured_media_url":"https:\/\/lasprimeras.com.do\/wp-content\/uploads\/2024\/05\/6a0c8a05-4f4b-48f5-a1d9-1ad180753c4a-2.jpg","jetpack-related-posts":[{"id":50685,"url":"https:\/\/lasprimeras.com.do\/index.php\/2023\/05\/23\/donald-trump-aparecera-en-video-mientras-juez-refuerza-prohibicion-de-atacar-a-testigos\/","url_meta":{"origin":82297,"position":0},"title":"Donald Trump aparecer\u00e1 en video mientras juez refuerza prohibici\u00f3n de atacar a testigos","author":"prenxa100","date":"23 de mayo de 2023","format":false,"excerpt":"Por MICHAEL R. SISAK NUEVA YORK (AP) \u2014 El juez del caso penal de Donald Trump llevar\u00e1 a cabo una audiencia h\u00edbrida el martes para asegurarse doblemente de que el expresidente est\u00e9 al tanto de las nuevas reglas que le proh\u00edben usar pruebas para atacar a los testigos. Trump no\u2026","rel":"","context":"En \u00abSin categor\u00eda\u00bb","block_context":{"text":"Sin categor\u00eda","link":"https:\/\/lasprimeras.com.do\/index.php\/category\/sin-categoria\/"},"img":{"alt_text":"","src":"","width":0,"height":0},"classes":[]},{"id":82681,"url":"https:\/\/lasprimeras.com.do\/index.php\/2024\/05\/06\/trump-recibe-una-multa-de-1-000-dolares-por-violar-la-orden-de-silencio\/","url_meta":{"origin":82297,"position":1},"title":"Trump recibe una multa de 1.000 d\u00f3lares por violar la orden de silencio","author":"Esteffany Vargas","date":"6 de mayo de 2024","format":false,"excerpt":"POR MICHAEL R. SISAK, JENNIFER PELTZ, ERIC TUCKER Y JAKE OFFENHARTZ NUEVA YORK (AP) \u2014 El juez en el juicio por dinero secreto de Donald Trump le impuso una multa de 1.000 d\u00f3lares el lunes y, en su advertencia m\u00e1s severa hasta el momento, le dijo al expresidente que futuras\u2026","rel":"","context":"En \u00abSin categor\u00eda\u00bb","block_context":{"text":"Sin categor\u00eda","link":"https:\/\/lasprimeras.com.do\/index.php\/category\/sin-categoria\/"},"img":{"alt_text":"Donald Trump","src":"https:\/\/i0.wp.com\/lasprimeras.com.do\/wp-content\/uploads\/2024\/05\/Donald-Trump-1.jpg?resize=350%2C200&ssl=1","width":350,"height":200,"srcset":"https:\/\/i0.wp.com\/lasprimeras.com.do\/wp-content\/uploads\/2024\/05\/Donald-Trump-1.jpg?resize=350%2C200&ssl=1 1x, https:\/\/i0.wp.com\/lasprimeras.com.do\/wp-content\/uploads\/2024\/05\/Donald-Trump-1.jpg?resize=525%2C300&ssl=1 1.5x, https:\/\/i0.wp.com\/lasprimeras.com.do\/wp-content\/uploads\/2024\/05\/Donald-Trump-1.jpg?resize=700%2C400&ssl=1 2x"},"classes":[]},{"id":62003,"url":"https:\/\/lasprimeras.com.do\/index.php\/2023\/10\/02\/donald-trump-llega-a-nueva-york-horas-antes-de-su-juicio-por-fraude-civil\/","url_meta":{"origin":82297,"position":2},"title":"Donald Trump llega a Nueva York horas antes de su juicio por fraude civil","author":"Nelson Feliz","date":"2 de octubre de 2023","format":false,"excerpt":"El exmandatario y su empresa, la Organizaci\u00f3n Trump, est\u00e1n acusados de mentir sobre el valor de sus activos para obtener pr\u00e9stamos y beneficios. De ser declarado culpable, podr\u00eda perder su \u00e1tico en la Torre Trump. Por Jerald Jim\u00e9nez El expresidente Donald Trump lleg\u00f3 a Nueva York el domingo por la\u2026","rel":"","context":"En \u00abSin categor\u00eda\u00bb","block_context":{"text":"Sin categor\u00eda","link":"https:\/\/lasprimeras.com.do\/index.php\/category\/sin-categoria\/"},"img":{"alt_text":"Donald Trump","src":"https:\/\/i0.wp.com\/lasprimeras.com.do\/wp-content\/uploads\/2023\/10\/Donald-Trump-1.jpg?resize=350%2C200&ssl=1","width":350,"height":200},"classes":[]},{"id":65736,"url":"https:\/\/lasprimeras.com.do\/index.php\/2023\/10\/31\/lo-que-trump-puede-y-no-puede-decir-bajo-una-orden-de-silencio-en-su-caso-de-interferencia-federal-en-las-elecciones-de-2020\/","url_meta":{"origin":82297,"position":3},"title":"Lo que Trump puede y no puede decir bajo una orden de silencio en su caso","author":"Nelson Feliz","date":"31 de octubre de 2023","format":false,"excerpt":"POR ALANNA DURKIN RICHER Y ERIC TUCKER WASHINGTON (AP) \u2014 Una orden de silencio en el caso de interferencia electoral de Donald Trump en Washington ha vuelto a estar vigente, restringiendo la ret\u00f3rica incendiaria del expresidente mientras se prepara para el juicio y hace campa\u00f1a para regresar a la Casa\u2026","rel":"","context":"En \u00abSin categor\u00eda\u00bb","block_context":{"text":"Sin categor\u00eda","link":"https:\/\/lasprimeras.com.do\/index.php\/category\/sin-categoria\/"},"img":{"alt_text":"Donald Trump","src":"https:\/\/i0.wp.com\/lasprimeras.com.do\/wp-content\/uploads\/2023\/10\/Donald-Trump-5.jpg?resize=350%2C200&ssl=1","width":350,"height":200,"srcset":"https:\/\/i0.wp.com\/lasprimeras.com.do\/wp-content\/uploads\/2023\/10\/Donald-Trump-5.jpg?resize=350%2C200&ssl=1 1x, https:\/\/i0.wp.com\/lasprimeras.com.do\/wp-content\/uploads\/2023\/10\/Donald-Trump-5.jpg?resize=525%2C300&ssl=1 1.5x, https:\/\/i0.wp.com\/lasprimeras.com.do\/wp-content\/uploads\/2023\/10\/Donald-Trump-5.jpg?resize=700%2C400&ssl=1 2x"},"classes":[]},{"id":66459,"url":"https:\/\/lasprimeras.com.do\/index.php\/2023\/11\/07\/trump-arremete-contra-el-juez-y-el-fiscal-general-de-ny-mientras-testifica-en-un-juicio-por-fraude\/","url_meta":{"origin":82297,"position":4},"title":"Trump arremete contra el juez y el fiscal general de NY mientras testifica en un juicio por fraude","author":"Nelson Feliz","date":"7 de noviembre de 2023","format":false,"excerpt":"POR JILL COLVIN , MICHAEL R. SISAK,JENNIFER PELTZ Y ERIC TUCKER https:\/\/youtu.be\/sYBvxMm8r6k NUEVA YORK (AP) \u2014 Un desafiante Donald Trump se enfrent\u00f3 a un juez de Nueva York y critic\u00f3 duramente al fiscal general del estado que lo demand\u00f3 el lunes, utilizando el estrado de los testigos en su juicio\u2026","rel":"","context":"En \u00abSin categor\u00eda\u00bb","block_context":{"text":"Sin categor\u00eda","link":"https:\/\/lasprimeras.com.do\/index.php\/category\/sin-categoria\/"},"img":{"alt_text":"Donald Trump","src":"https:\/\/i0.wp.com\/lasprimeras.com.do\/wp-content\/uploads\/2023\/11\/Donald-Trump.jpg?resize=350%2C200&ssl=1","width":350,"height":200,"srcset":"https:\/\/i0.wp.com\/lasprimeras.com.do\/wp-content\/uploads\/2023\/11\/Donald-Trump.jpg?resize=350%2C200&ssl=1 1x, https:\/\/i0.wp.com\/lasprimeras.com.do\/wp-content\/uploads\/2023\/11\/Donald-Trump.jpg?resize=525%2C300&ssl=1 1.5x, https:\/\/i0.wp.com\/lasprimeras.com.do\/wp-content\/uploads\/2023\/11\/Donald-Trump.jpg?resize=700%2C400&ssl=1 2x"},"classes":[]},{"id":64832,"url":"https:\/\/lasprimeras.com.do\/index.php\/2023\/10\/24\/se-espera-que-donald-trump-regrese-al-juicio-por-fraude-civil\/","url_meta":{"origin":82297,"position":5},"title":"Se espera que Donald Trump regrese al juicio por fraude civil","author":"Nelson Feliz","date":"24 de octubre de 2023","format":false,"excerpt":"El reparador convertido en enemigo Michael Cohen testificar\u00e1 POR MICHAEL R. SISAK NUEVA YORK (AP) \u2014 Michael Cohen proclam\u00f3 una vez que \u201crecibir\u00eda una bala\u201d por Donald Trump. Ahora, despu\u00e9s de romper con el expresidente en medio de sus propios problemas legales, el intermediario convertido en enemigo est\u00e1 listo para\u2026","rel":"","context":"En \u00abSin categor\u00eda\u00bb","block_context":{"text":"Sin categor\u00eda","link":"https:\/\/lasprimeras.com.do\/index.php\/category\/sin-categoria\/"},"img":{"alt_text":"Donald Trump","src":"https:\/\/i0.wp.com\/lasprimeras.com.do\/wp-content\/uploads\/2023\/10\/Donald-Trump-4.jpg?resize=350%2C200&ssl=1","width":350,"height":200,"srcset":"https:\/\/i0.wp.com\/lasprimeras.com.do\/wp-content\/uploads\/2023\/10\/Donald-Trump-4.jpg?resize=350%2C200&ssl=1 1x, https:\/\/i0.wp.com\/lasprimeras.com.do\/wp-content\/uploads\/2023\/10\/Donald-Trump-4.jpg?resize=525%2C300&ssl=1 1.5x, https:\/\/i0.wp.com\/lasprimeras.com.do\/wp-content\/uploads\/2023\/10\/Donald-Trump-4.jpg?resize=700%2C400&ssl=1 2x"},"classes":[]}],"jetpack_sharing_enabled":true,"_links":{"self":[{"href":"https:\/\/lasprimeras.com.do\/index.php\/wp-json\/wp\/v2\/posts\/82297","targetHints":{"allow":["GET"]}}],"collection":[{"href":"https:\/\/lasprimeras.com.do\/index.php\/wp-json\/wp\/v2\/posts"}],"about":[{"href":"https:\/\/lasprimeras.com.do\/index.php\/wp-json\/wp\/v2\/types\/post"}],"author":[{"embeddable":true,"href":"https:\/\/lasprimeras.com.do\/index.php\/wp-json\/wp\/v2\/users\/3"}],"replies":[{"embeddable":true,"href":"https:\/\/lasprimeras.com.do\/index.php\/wp-json\/wp\/v2\/comments?post=82297"}],"version-history":[{"count":1,"href":"https:\/\/lasprimeras.com.do\/index.php\/wp-json\/wp\/v2\/posts\/82297\/revisions"}],"predecessor-version":[{"id":82299,"href":"https:\/\/lasprimeras.com.do\/index.php\/wp-json\/wp\/v2\/posts\/82297\/revisions\/82299"}],"wp:featuredmedia":[{"embeddable":true,"href":"https:\/\/lasprimeras.com.do\/index.php\/wp-json\/wp\/v2\/media\/82298"}],"wp:attachment":[{"href":"https:\/\/lasprimeras.com.do\/index.php\/wp-json\/wp\/v2\/media?parent=82297"}],"wp:term":[{"taxonomy":"category","embeddable":true,"href":"https:\/\/lasprimeras.com.do\/index.php\/wp-json\/wp\/v2\/categories?post=82297"},{"taxonomy":"post_tag","embeddable":true,"href":"https:\/\/lasprimeras.com.do\/index.php\/wp-json\/wp\/v2\/tags?post=82297"}],"curies":[{"name":"wp","href":"https:\/\/api.w.org\/{rel}","templated":true}]}}