{"id":82302,"date":"2024-05-01T07:19:09","date_gmt":"2024-05-01T11:19:09","guid":{"rendered":"https:\/\/lasprimeras.com.do\/?p=82302"},"modified":"2024-05-01T07:19:10","modified_gmt":"2024-05-01T11:19:10","slug":"abinader-garantiza-elecciones-pacificas","status":"publish","type":"post","link":"https:\/\/lasprimeras.com.do\/index.php\/2024\/05\/01\/abinader-garantiza-elecciones-pacificas\/","title":{"rendered":"Abinader garantiza elecciones pac\u00edficas"},"content":{"rendered":"\n<p>Santo Domingo.- \u201cLas primeras carpas aqu\u00ed las mont\u00f3 el Partido de la Liberaci\u00f3n Dominicana, en campa\u00f1a. Pero llamar a la violencia, cuando t\u00fa dices que vayan a votar. Aqu\u00ed hay dos discursos y eso es peligroso\u201d, fueron las palabras del presidente Luis Abinader ante el llamado que hizo el expresidente Danilo Mediana para que sus militantes destruyeran cualquier carpa que pongan pr\u00f3ximo a un centro de votaci\u00f3n en las elecciones que se celebrar\u00e1n el pr\u00f3ximo 19 de mayo.<\/p>\n\n\n\n<p>El jefe de la naci\u00f3n y candidato a un segundo mandato presidencial por el Partido Revolucionario Moderno (PRM) afirm\u00f3 que el pa\u00eds tendr\u00e1 unas elecciones pac\u00edficas al tiempo que invit\u00f3 a todos los dominicanos a votar por el partido que deseen.<\/p>\n\n\n\n<p>Abinader respondi\u00f3 a una pregunta durante su acostumbrado encuentro LA Semanal con la Prensa, donde se habl\u00f3 previamente sobre empleos y mejores salarios. All\u00ed el presidente afirm\u00f3 que se han facilitado m\u00e1s de 657 mil empleos nuevos y recuperados desde el 2020 hasta la fecha, adem\u00e1s se han realizado 400 ferias y jornadas de empleos.<\/p>\n\n\n\n<p>El mandatario inform\u00f3 que el 56 % de la reducci\u00f3n de la pobreza se atribuye al aumento del ingreso laboral per c\u00e1pita, y que seg\u00fan el Ministerio de Econom\u00eda, Planificaci\u00f3n y Desarrollo, la pobreza se redujo en 4.6 puntos porcentuales de 2019 al 2023.<\/p>\n","protected":false},"excerpt":{"rendered":"<p>Santo Domingo.- \u201cLas primeras carpas aqu\u00ed las mont\u00f3 el Partido de la Liberaci\u00f3n Dominicana, en campa\u00f1a. Pero llamar a la violencia, cuando t\u00fa dices que vayan a votar. Aqu\u00ed hay&hellip;<\/p>\n","protected":false},"author":3,"featured_media":82303,"comment_status":"open","ping_status":"open","sticky":false,"template":"","format":"standard","meta":{"content-type":"","jetpack_post_was_ever_published":false,"_jetpack_newsletter_access":"","_jetpack_dont_email_post_to_subs":false,"_jetpack_newsletter_tier_id":0,"_jetpack_memberships_contains_paywalled_content":false,"_jetpack_memberships_contains_paid_content":false,"footnotes":""},"categories":[1],"tags":[67],"class_list":["post-82302","post","type-post","status-publish","format-standard","has-post-thumbnail","hentry","category-sin-categoria","tag-luis-abinader"],"jetpack_featured_media_url":"https:\/\/lasprimeras.com.do\/wp-content\/uploads\/2024\/05\/6a0c8a05-4f4b-48f5-a1d9-1ad180753c4a.webp","jetpack-related-posts":[{"id":82347,"url":"https:\/\/lasprimeras.com.do\/index.php\/2024\/05\/01\/en-defensa-del-voto-de-la-gente\/","url_meta":{"origin":82302,"position":0},"title":"En defensa del voto de la gente","author":"BIMARY DE JES\u00daS Matos","date":"1 de mayo de 2024","format":false,"excerpt":"Lo que la gente en las calles dice es que la oposici\u00f3n ganar\u00e1 las pr\u00f3ximas elecciones, explica el diputado Luis Henr\u00edquez. El diputado del Partido de la Liberaci\u00f3n Dominicana por Santo Domingo Este, Luis Henr\u00edquez, dijo que esa organizaci\u00f3n pol\u00edtica defender\u00e1 \u201ccon u\u00f1as y dientes\u201d su voto en las elecciones\u2026","rel":"","context":"En \u00abSin categor\u00eda\u00bb","block_context":{"text":"Sin categor\u00eda","link":"https:\/\/lasprimeras.com.do\/index.php\/category\/sin-categoria\/"},"img":{"alt_text":"","src":"https:\/\/i0.wp.com\/lasprimeras.com.do\/wp-content\/uploads\/2024\/05\/7936642f-f3d7-4f69-9984-c103811f2689.jpg?resize=350%2C200&ssl=1","width":350,"height":200,"srcset":"https:\/\/i0.wp.com\/lasprimeras.com.do\/wp-content\/uploads\/2024\/05\/7936642f-f3d7-4f69-9984-c103811f2689.jpg?resize=350%2C200&ssl=1 1x, https:\/\/i0.wp.com\/lasprimeras.com.do\/wp-content\/uploads\/2024\/05\/7936642f-f3d7-4f69-9984-c103811f2689.jpg?resize=525%2C300&ssl=1 1.5x, https:\/\/i0.wp.com\/lasprimeras.com.do\/wp-content\/uploads\/2024\/05\/7936642f-f3d7-4f69-9984-c103811f2689.jpg?resize=700%2C400&ssl=1 2x, https:\/\/i0.wp.com\/lasprimeras.com.do\/wp-content\/uploads\/2024\/05\/7936642f-f3d7-4f69-9984-c103811f2689.jpg?resize=1050%2C600&ssl=1 3x, https:\/\/i0.wp.com\/lasprimeras.com.do\/wp-content\/uploads\/2024\/05\/7936642f-f3d7-4f69-9984-c103811f2689.jpg?resize=1400%2C800&ssl=1 4x"},"classes":[]},{"id":82871,"url":"https:\/\/lasprimeras.com.do\/index.php\/2024\/05\/08\/el-pld-de-santiago-llama-a-la-ciudadania-a-velar-por-un-proceso-transparente-este-19-de-mayo\/","url_meta":{"origin":82302,"position":1},"title":"El PLD de Santiago llama a la ciudadan\u00eda a velar por un proceso transparente este 19 de Mayo","author":"Nelson Feliz","date":"8 de mayo de 2024","format":false,"excerpt":"El Presidente del Comit\u00e9 Provincial del Partido de la Liberaci\u00f3n Dominicana, Antonio Pe\u00f1a Mirabal, advirti\u00f3 a la sociedad para que est\u00e9 atenta y evitar la mala pr\u00e1ctica de la compra y venta de votos implementadas por el PRM en las elecciones de febrero pasado. \u201cLa democracia dominicana se vio seriamente\u2026","rel":"","context":"En \u00abPORTADA\u00bb","block_context":{"text":"PORTADA","link":"https:\/\/lasprimeras.com.do\/index.php\/category\/portada\/"},"img":{"alt_text":"Pe\u00f1a Mirabal","src":"https:\/\/i0.wp.com\/lasprimeras.com.do\/wp-content\/uploads\/2024\/05\/Pena-Mirabal.jpeg?resize=350%2C200&ssl=1","width":350,"height":200,"srcset":"https:\/\/i0.wp.com\/lasprimeras.com.do\/wp-content\/uploads\/2024\/05\/Pena-Mirabal.jpeg?resize=350%2C200&ssl=1 1x, https:\/\/i0.wp.com\/lasprimeras.com.do\/wp-content\/uploads\/2024\/05\/Pena-Mirabal.jpeg?resize=525%2C300&ssl=1 1.5x, https:\/\/i0.wp.com\/lasprimeras.com.do\/wp-content\/uploads\/2024\/05\/Pena-Mirabal.jpeg?resize=700%2C400&ssl=1 2x"},"classes":[]},{"id":82330,"url":"https:\/\/lasprimeras.com.do\/index.php\/2024\/05\/01\/encuesta-en-new-york-destapo-la-division-en-la-fuerza-del-pueblo\/","url_meta":{"origin":82302,"position":2},"title":"Encuesta en New York destap\u00f3 la divisi\u00f3n en la Fuerza del Pueblo.","author":"BIMARY DE JES\u00daS Matos","date":"1 de mayo de 2024","format":false,"excerpt":"RD.-El coordinador adjunto del comando de campa\u00f1a en New York, manifest\u00f3 su complacencia con el simulacro, al mismo tiempo que se\u00f1al\u00f3 la divisi\u00f3n existente en la direcci\u00f3n de la Fuerza del Pueblo, heridas que todav\u00eda no han cerrado entre el Dr Tallaj y Gregorio Morrobel. En cuanto al Partido Revolucionario\u2026","rel":"","context":"En \u00abSin categor\u00eda\u00bb","block_context":{"text":"Sin categor\u00eda","link":"https:\/\/lasprimeras.com.do\/index.php\/category\/sin-categoria\/"},"img":{"alt_text":"","src":"https:\/\/i0.wp.com\/lasprimeras.com.do\/wp-content\/uploads\/2024\/05\/IMG-20240501-WA0027.jpg?resize=350%2C200&ssl=1","width":350,"height":200,"srcset":"https:\/\/i0.wp.com\/lasprimeras.com.do\/wp-content\/uploads\/2024\/05\/IMG-20240501-WA0027.jpg?resize=350%2C200&ssl=1 1x, https:\/\/i0.wp.com\/lasprimeras.com.do\/wp-content\/uploads\/2024\/05\/IMG-20240501-WA0027.jpg?resize=525%2C300&ssl=1 1.5x, https:\/\/i0.wp.com\/lasprimeras.com.do\/wp-content\/uploads\/2024\/05\/IMG-20240501-WA0027.jpg?resize=700%2C400&ssl=1 2x"},"classes":[]},{"id":82186,"url":"https:\/\/lasprimeras.com.do\/index.php\/2024\/04\/29\/abinader-llama-a-perremeistas-a-consumar-en-votos-la-simpatia-que-reflejan-las-encuestas\/","url_meta":{"origin":82302,"position":3},"title":"Abinader llama a perreme\u00edstas a consumar en votos la simpat\u00eda que reflejan las encuestas","author":"Nelson Feliz","date":"29 de abril de 2024","format":false,"excerpt":"Guido G\u00f3mez Mazara, expresa que el 19 de mayo el PRM ganar\u00e1 en primera vuelta y le dar\u00e1 a la oposici\u00f3n una pela de calz\u00f3n quitado. El candidato presidencial por el Partido Revolucionario Moderno (PRM), Luis Abinader, pronunci\u00f3 un en\u00e9rgico discurso en un acto celebrado en el Club de los\u2026","rel":"","context":"En \u00abPORTADA\u00bb","block_context":{"text":"PORTADA","link":"https:\/\/lasprimeras.com.do\/index.php\/category\/portada\/"},"img":{"alt_text":"Luis Abinader","src":"https:\/\/i0.wp.com\/lasprimeras.com.do\/wp-content\/uploads\/2024\/04\/Luis-Abinader-4.jpg?resize=350%2C200&ssl=1","width":350,"height":200,"srcset":"https:\/\/i0.wp.com\/lasprimeras.com.do\/wp-content\/uploads\/2024\/04\/Luis-Abinader-4.jpg?resize=350%2C200&ssl=1 1x, https:\/\/i0.wp.com\/lasprimeras.com.do\/wp-content\/uploads\/2024\/04\/Luis-Abinader-4.jpg?resize=525%2C300&ssl=1 1.5x"},"classes":[]},{"id":83371,"url":"https:\/\/lasprimeras.com.do\/index.php\/2024\/05\/15\/pasove-juramenta-a-franklin-ferreras-y-garantiza-triunfo-de-abinader-en-sdn\/","url_meta":{"origin":82302,"position":4},"title":"Pasove juramenta a Franklin Ferreras y garantiza triunfo de Abinader en SDN","author":"Nelson Feliz","date":"15 de mayo de 2024","format":false,"excerpt":"El Partido Verde Dominicano (Pasove), encabezado por Francisco Fern\u00e1ndez, jurament\u00f3 este martes en sus filas al experimentado dirigente pol\u00edtico y deportivo Franklin Ferreras en un acto el que esa organizaci\u00f3n garantiz\u00f3 el triunfo del presidente Luis Abinader en primera vuelta en las elecciones de este domingo. Fern\u00e1ndez, presidente en funciones\u2026","rel":"","context":"En \u00abSin categor\u00eda\u00bb","block_context":{"text":"Sin categor\u00eda","link":"https:\/\/lasprimeras.com.do\/index.php\/category\/sin-categoria\/"},"img":{"alt_text":"Franklin Ferreras","src":"https:\/\/i0.wp.com\/lasprimeras.com.do\/wp-content\/uploads\/2024\/05\/Franklin-Ferreras-1.jpg?resize=350%2C200&ssl=1","width":350,"height":200,"srcset":"https:\/\/i0.wp.com\/lasprimeras.com.do\/wp-content\/uploads\/2024\/05\/Franklin-Ferreras-1.jpg?resize=350%2C200&ssl=1 1x, https:\/\/i0.wp.com\/lasprimeras.com.do\/wp-content\/uploads\/2024\/05\/Franklin-Ferreras-1.jpg?resize=525%2C300&ssl=1 1.5x, https:\/\/i0.wp.com\/lasprimeras.com.do\/wp-content\/uploads\/2024\/05\/Franklin-Ferreras-1.jpg?resize=700%2C400&ssl=1 2x"},"classes":[]},{"id":76943,"url":"https:\/\/lasprimeras.com.do\/index.php\/2024\/02\/16\/abinader-nuestro-voto-decide-quien-gestionara-nuestras-ciudades-y-barrios\/","url_meta":{"origin":82302,"position":5},"title":"Abinader: \u201cNuestro voto decide qui\u00e9n gestionar\u00e1 nuestras ciudades y barrios\u201d","author":"Nelson Feliz","date":"16 de febrero de 2024","format":false,"excerpt":"El presidente de la Rep\u00fablica y aspirante a repetir en el cargo envi\u00f3 mensaje en el cierre de la campa\u00f1a municipal del PRM. El presidente de la Rep\u00fablica y quien aspira a reelegirse en el cargo, Luis Abinader, llam\u00f3 la noche de este jueves al pueblo dominicano a votar en\u2026","rel":"","context":"En \u00abPORTADA\u00bb","block_context":{"text":"PORTADA","link":"https:\/\/lasprimeras.com.do\/index.php\/category\/portada\/"},"img":{"alt_text":"","src":"https:\/\/i0.wp.com\/lasprimeras.com.do\/wp-content\/uploads\/2024\/02\/Luis-Abinader-c.jpg?resize=350%2C200&ssl=1","width":350,"height":200,"srcset":"https:\/\/i0.wp.com\/lasprimeras.com.do\/wp-content\/uploads\/2024\/02\/Luis-Abinader-c.jpg?resize=350%2C200&ssl=1 1x, https:\/\/i0.wp.com\/lasprimeras.com.do\/wp-content\/uploads\/2024\/02\/Luis-Abinader-c.jpg?resize=525%2C300&ssl=1 1.5x, https:\/\/i0.wp.com\/lasprimeras.com.do\/wp-content\/uploads\/2024\/02\/Luis-Abinader-c.jpg?resize=700%2C400&ssl=1 2x"},"classes":[]}],"jetpack_sharing_enabled":true,"_links":{"self":[{"href":"https:\/\/lasprimeras.com.do\/index.php\/wp-json\/wp\/v2\/posts\/82302","targetHints":{"allow":["GET"]}}],"collection":[{"href":"https:\/\/lasprimeras.com.do\/index.php\/wp-json\/wp\/v2\/posts"}],"about":[{"href":"https:\/\/lasprimeras.com.do\/index.php\/wp-json\/wp\/v2\/types\/post"}],"author":[{"embeddable":true,"href":"https:\/\/lasprimeras.com.do\/index.php\/wp-json\/wp\/v2\/users\/3"}],"replies":[{"embeddable":true,"href":"https:\/\/lasprimeras.com.do\/index.php\/wp-json\/wp\/v2\/comments?post=82302"}],"version-history":[{"count":1,"href":"https:\/\/lasprimeras.com.do\/index.php\/wp-json\/wp\/v2\/posts\/82302\/revisions"}],"predecessor-version":[{"id":82304,"href":"https:\/\/lasprimeras.com.do\/index.php\/wp-json\/wp\/v2\/posts\/82302\/revisions\/82304"}],"wp:featuredmedia":[{"embeddable":true,"href":"https:\/\/lasprimeras.com.do\/index.php\/wp-json\/wp\/v2\/media\/82303"}],"wp:attachment":[{"href":"https:\/\/lasprimeras.com.do\/index.php\/wp-json\/wp\/v2\/media?parent=82302"}],"wp:term":[{"taxonomy":"category","embeddable":true,"href":"https:\/\/lasprimeras.com.do\/index.php\/wp-json\/wp\/v2\/categories?post=82302"},{"taxonomy":"post_tag","embeddable":true,"href":"https:\/\/lasprimeras.com.do\/index.php\/wp-json\/wp\/v2\/tags?post=82302"}],"curies":[{"name":"wp","href":"https:\/\/api.w.org\/{rel}","templated":true}]}}