{"id":82305,"date":"2024-05-01T07:22:21","date_gmt":"2024-05-01T11:22:21","guid":{"rendered":"https:\/\/lasprimeras.com.do\/?p=82305"},"modified":"2024-05-01T07:22:23","modified_gmt":"2024-05-01T11:22:23","slug":"consejo-de-transicion-de-haiti-trabajara-para-celebrar-elecciones-en-2026","status":"publish","type":"post","link":"https:\/\/lasprimeras.com.do\/index.php\/2024\/05\/01\/consejo-de-transicion-de-haiti-trabajara-para-celebrar-elecciones-en-2026\/","title":{"rendered":"Consejo de Transici\u00f3n de Hait\u00ed trabajar\u00e1 para celebrar elecciones en 2026"},"content":{"rendered":"\n<p>Hait\u00ed.-El presidente del Consejo Presidencial de Transici\u00f3n, Edgard Leblanc Fils, elegido este martes por la mayor\u00eda de los miembros, dijo en su primer discurso que ese \u00f3rgano trabajar\u00e1 para celebrar elecciones en el plazo previsto, a fin de que el pa\u00eds tenga un nuevo presidente el 7 de febrero de 2026.<\/p>\n\n\n\n<p>&#8220;Hay que tomar decisiones importantes, en primer lugar, en materia de seguridad, para liberar al pa\u00eds de la acci\u00f3n de personas que est\u00e1n causando tanto sufrimiento y tantas v\u00edctimas&#8221;, declar\u00f3 Leblanc Fils.<\/p>\n\n\n\n<p>Record\u00f3 que, desde el 11 de marzo pasado, la Comunidad del Caribe (Caricom) y la comunidad internacional han acompa\u00f1ado a los actores pol\u00edticos, la sociedad civil y el sector empresarial privado para llegar a un consenso en busca de poner fin a la profunda crisis en la que se encuentra el pa\u00eds desde el asesinato del presidente Jovenel Moise, en julio de 2021.<\/p>\n","protected":false},"excerpt":{"rendered":"<p>Hait\u00ed.-El presidente del Consejo Presidencial de Transici\u00f3n, Edgard Leblanc Fils, elegido este martes por la mayor\u00eda de los miembros, dijo en su primer discurso que ese \u00f3rgano trabajar\u00e1 para celebrar&hellip;<\/p>\n","protected":false},"author":3,"featured_media":82281,"comment_status":"open","ping_status":"open","sticky":false,"template":"","format":"standard","meta":{"content-type":"","jetpack_post_was_ever_published":false,"_jetpack_newsletter_access":"","_jetpack_dont_email_post_to_subs":false,"_jetpack_newsletter_tier_id":0,"_jetpack_memberships_contains_paywalled_content":false,"_jetpack_memberships_contains_paid_content":false,"footnotes":""},"categories":[35],"tags":[217],"class_list":["post-82305","post","type-post","status-publish","format-standard","has-post-thumbnail","hentry","category-nacionales","tag-haiti"],"jetpack_featured_media_url":"https:\/\/lasprimeras.com.do\/wp-content\/uploads\/2024\/04\/6a0c8a05-4f4b-48f5-a1d9-1ad180753c4a-58.jpg","jetpack-related-posts":[{"id":82249,"url":"https:\/\/lasprimeras.com.do\/index.php\/2024\/04\/30\/fritz-belizaire-es-nombrado-nuevo-primer-ministro-de-haiti\/","url_meta":{"origin":82305,"position":0},"title":"Fritz B\u00e9lizaire es nombrado nuevo primer ministro de Hait\u00ed","author":"BIMARY DE JES\u00daS Matos","date":"30 de abril de 2024","format":false,"excerpt":"Puerto Pr\u00edncipe.\u2013 El Consejo Presidencial de Hait\u00ed eligi\u00f3 este martes a Fritz B\u00e9lizaire, extitular de Deportes, como nuevo primer ministro, en sustituci\u00f3n de Ariel Henry, y design\u00f3 a Edgard Leblanc Fils al frente de la instituci\u00f3n encargada de la transici\u00f3n en el pa\u00eds. Estos nombramientos se llevaron a cabo en\u2026","rel":"","context":"En \u00abPORTADA\u00bb","block_context":{"text":"PORTADA","link":"https:\/\/lasprimeras.com.do\/index.php\/category\/portada\/"},"img":{"alt_text":"","src":"https:\/\/i0.wp.com\/lasprimeras.com.do\/wp-content\/uploads\/2024\/04\/DSC00247-2.webp?resize=350%2C200&ssl=1","width":350,"height":200,"srcset":"https:\/\/i0.wp.com\/lasprimeras.com.do\/wp-content\/uploads\/2024\/04\/DSC00247-2.webp?resize=350%2C200&ssl=1 1x, https:\/\/i0.wp.com\/lasprimeras.com.do\/wp-content\/uploads\/2024\/04\/DSC00247-2.webp?resize=525%2C300&ssl=1 1.5x"},"classes":[]},{"id":83078,"url":"https:\/\/lasprimeras.com.do\/index.php\/2024\/05\/11\/consejo-presidencial-de-transicion-de-haiti-adopta-una-presidencia-rotatoria\/","url_meta":{"origin":82305,"position":1},"title":"Consejo Presidencial de Transici\u00f3n de Hait\u00ed adopta una presidencia rotatoria","author":"BIMARY DE JES\u00daS Matos","date":"11 de mayo de 2024","format":false,"excerpt":"Puerto Pr\u00edncipe.- El Consejo Presidencial de Transici\u00f3n de Hait\u00ed, instalado el 26 de abril, anunci\u00f3 este viernes que la presidencia del ente ser\u00e1 rotativa y sus grandes decisiones se tomar\u00e1n por mayor\u00eda cualificada de sus miembros, de cinco sobre siete. Esta decisi\u00f3n se tom\u00f3 a la vista de la crisis\u2026","rel":"","context":"En \u00abSin categor\u00eda\u00bb","block_context":{"text":"Sin categor\u00eda","link":"https:\/\/lasprimeras.com.do\/index.php\/category\/sin-categoria\/"},"img":{"alt_text":"","src":"https:\/\/i0.wp.com\/lasprimeras.com.do\/wp-content\/uploads\/2024\/05\/Diseno-sin-titulo-3-1.webp?resize=350%2C200&ssl=1","width":350,"height":200,"srcset":"https:\/\/i0.wp.com\/lasprimeras.com.do\/wp-content\/uploads\/2024\/05\/Diseno-sin-titulo-3-1.webp?resize=350%2C200&ssl=1 1x, https:\/\/i0.wp.com\/lasprimeras.com.do\/wp-content\/uploads\/2024\/05\/Diseno-sin-titulo-3-1.webp?resize=525%2C300&ssl=1 1.5x, https:\/\/i0.wp.com\/lasprimeras.com.do\/wp-content\/uploads\/2024\/05\/Diseno-sin-titulo-3-1.webp?resize=700%2C400&ssl=1 2x"},"classes":[]},{"id":82280,"url":"https:\/\/lasprimeras.com.do\/index.php\/2024\/04\/30\/presidente-abinader-califica-como-un-avance-la-designacion-de-nuevo-primer-ministro-de-haiti\/","url_meta":{"origin":82305,"position":2},"title":"Presidente Abinader califica como un avance la designaci\u00f3n de nuevo primer ministro de Hait\u00ed","author":"BIMARY DE JES\u00daS Matos","date":"30 de abril de 2024","format":false,"excerpt":"SANTO DOMINGO.- El presidente Luis Abinader calific\u00f3 como un avance la designaci\u00f3n de Fritz B\u00e9lizaire, como nuevo primer ministro de Hait\u00ed. El Mandatario expres\u00f3 que no conoce a B\u00e9lizaire, pero \u00abcualquier mejor\u00eda que haya en Hait\u00ed nosotros nos alegramos\u00bb. \u00abYo pienso que es un avance el hecho de que se\u2026","rel":"","context":"En \u00abNACIONALES\u00bb","block_context":{"text":"NACIONALES","link":"https:\/\/lasprimeras.com.do\/index.php\/category\/nacionales\/"},"img":{"alt_text":"","src":"https:\/\/i0.wp.com\/lasprimeras.com.do\/wp-content\/uploads\/2024\/04\/6a0c8a05-4f4b-48f5-a1d9-1ad180753c4a-58.jpg?resize=350%2C200&ssl=1","width":350,"height":200},"classes":[]},{"id":123003,"url":"https:\/\/lasprimeras.com.do\/index.php\/2026\/02\/24\/haiti-alcanza-un-pacto-nacional-que-regula-el-periodo-transitorio-hasta-las-proximas-elecciones\/","url_meta":{"origin":82305,"position":3},"title":"Hait\u00ed alcanza un Pacto Nacional que regula el periodo transitorio hasta las pr\u00f3ximas elecciones","author":"Nelson Feliz","date":"24 de febrero de 2026","format":false,"excerpt":"El Consejo de Ministros ejercer\u00e1 el poder durante el per\u00edodo interino Puerto Pr\u00edncipe, EFE-Las fuerzas pol\u00edticas de Hait\u00ed alcanzaron un 'Pacto Nacional para la Estabilidad y la Organizaci\u00f3n de Elecciones', que regula el periodo de transici\u00f3n hasta la celebraci\u00f3n de comicios, previstos en su primera vuelta el 30 de agosto\u2026","rel":"","context":"En \u00abINTERNACIONALES\u00bb","block_context":{"text":"INTERNACIONALES","link":"https:\/\/lasprimeras.com.do\/index.php\/category\/sin-categoria\/internacionales\/"},"img":{"alt_text":"Alix Didier Fils-Aim\u00e9 lidera el Gobierno en el periodo de transici\u00f3n hacia las elecciones en Hait\u00ed.","src":"https:\/\/i0.wp.com\/lasprimeras.com.do\/wp-content\/uploads\/2026\/02\/Alix-Didier-Fils-Aime.jpg?resize=350%2C200&ssl=1","width":350,"height":200,"srcset":"https:\/\/i0.wp.com\/lasprimeras.com.do\/wp-content\/uploads\/2026\/02\/Alix-Didier-Fils-Aime.jpg?resize=350%2C200&ssl=1 1x, https:\/\/i0.wp.com\/lasprimeras.com.do\/wp-content\/uploads\/2026\/02\/Alix-Didier-Fils-Aime.jpg?resize=525%2C300&ssl=1 1.5x, https:\/\/i0.wp.com\/lasprimeras.com.do\/wp-content\/uploads\/2026\/02\/Alix-Didier-Fils-Aime.jpg?resize=700%2C400&ssl=1 2x"},"classes":[]},{"id":82387,"url":"https:\/\/lasprimeras.com.do\/index.php\/2024\/05\/02\/haiti-extiende-por-3-dias-el-toque-de-queda-en-el-departamento-donde-esta-puerto-principe\/","url_meta":{"origin":82305,"position":4},"title":"Hait\u00ed extiende por 3 d\u00edas el toque de queda en el departamento donde est\u00e1 Puerto Pr\u00edncipe","author":"BIMARY DE JES\u00daS Matos","date":"2 de mayo de 2024","format":false,"excerpt":"Puerto Pr\u00edncipe.- El Gobierno de Hait\u00ed extendi\u00f3 este mi\u00e9rcoles por tres d\u00edas el toque de queda en el departamento Oeste, donde se localiza Puerto Pr\u00edncipe, capital cuya mayor parte de su territorio est\u00e1 dominado por bandas armadas que imponen el terror entre la ciudadan\u00eda. En un comunicado firmado por el\u2026","rel":"","context":"En \u00abPORTADA\u00bb","block_context":{"text":"PORTADA","link":"https:\/\/lasprimeras.com.do\/index.php\/category\/portada\/"},"img":{"alt_text":"","src":"https:\/\/i0.wp.com\/lasprimeras.com.do\/wp-content\/uploads\/2024\/05\/WhatsApp-Image-2024-05-01-at-9.01.03-AM-2.webp?resize=350%2C200&ssl=1","width":350,"height":200,"srcset":"https:\/\/i0.wp.com\/lasprimeras.com.do\/wp-content\/uploads\/2024\/05\/WhatsApp-Image-2024-05-01-at-9.01.03-AM-2.webp?resize=350%2C200&ssl=1 1x, https:\/\/i0.wp.com\/lasprimeras.com.do\/wp-content\/uploads\/2024\/05\/WhatsApp-Image-2024-05-01-at-9.01.03-AM-2.webp?resize=525%2C300&ssl=1 1.5x, https:\/\/i0.wp.com\/lasprimeras.com.do\/wp-content\/uploads\/2024\/05\/WhatsApp-Image-2024-05-01-at-9.01.03-AM-2.webp?resize=700%2C400&ssl=1 2x"},"classes":[]},{"id":121607,"url":"https:\/\/lasprimeras.com.do\/index.php\/2026\/02\/07\/consejo-presidencial-de-haiti-renuncia-tras-casi-dos-anos-en-el-poder\/","url_meta":{"origin":82305,"position":5},"title":"Consejo presidencial de Hait\u00ed renuncia tras casi dos a\u00f1os en el poder","author":"Nelson Feliz","date":"7 de febrero de 2026","format":false,"excerpt":"POR EVENS SANON and D\u00c1NICA COTO PUERTO PR\u00cdNCIPE, Hait\u00ed (AP) \u2014 El consejo presidencial de Hait\u00ed renunci\u00f3 el s\u00e1bado tras casi dos a\u00f1os de un tumultuoso gobierno junto a un primer ministro respaldado por Estados Unidos, quien se espera que permanezca en el poder mientras el pa\u00eds se prepara para\u2026","rel":"","context":"En \u00abINTERNACIONALES\u00bb","block_context":{"text":"INTERNACIONALES","link":"https:\/\/lasprimeras.com.do\/index.php\/category\/sin-categoria\/internacionales\/"},"img":{"alt_text":"El primer ministro de Hait\u00ed, Alix Didier Fils-Aim\u00e9, asiste a la toma de posesi\u00f3n del nuevo gabinete de la naci\u00f3n, en Puerto Pr\u00edncipe, Hait\u00ed, el 16 de noviembre de 2024. (AP Foto\/Odelyn Joseph, Archivo)","src":"https:\/\/i0.wp.com\/lasprimeras.com.do\/wp-content\/uploads\/2026\/02\/HAITI.jpg?resize=350%2C200&ssl=1","width":350,"height":200,"srcset":"https:\/\/i0.wp.com\/lasprimeras.com.do\/wp-content\/uploads\/2026\/02\/HAITI.jpg?resize=350%2C200&ssl=1 1x, https:\/\/i0.wp.com\/lasprimeras.com.do\/wp-content\/uploads\/2026\/02\/HAITI.jpg?resize=525%2C300&ssl=1 1.5x, https:\/\/i0.wp.com\/lasprimeras.com.do\/wp-content\/uploads\/2026\/02\/HAITI.jpg?resize=700%2C400&ssl=1 2x"},"classes":[]}],"jetpack_sharing_enabled":true,"_links":{"self":[{"href":"https:\/\/lasprimeras.com.do\/index.php\/wp-json\/wp\/v2\/posts\/82305","targetHints":{"allow":["GET"]}}],"collection":[{"href":"https:\/\/lasprimeras.com.do\/index.php\/wp-json\/wp\/v2\/posts"}],"about":[{"href":"https:\/\/lasprimeras.com.do\/index.php\/wp-json\/wp\/v2\/types\/post"}],"author":[{"embeddable":true,"href":"https:\/\/lasprimeras.com.do\/index.php\/wp-json\/wp\/v2\/users\/3"}],"replies":[{"embeddable":true,"href":"https:\/\/lasprimeras.com.do\/index.php\/wp-json\/wp\/v2\/comments?post=82305"}],"version-history":[{"count":1,"href":"https:\/\/lasprimeras.com.do\/index.php\/wp-json\/wp\/v2\/posts\/82305\/revisions"}],"predecessor-version":[{"id":82306,"href":"https:\/\/lasprimeras.com.do\/index.php\/wp-json\/wp\/v2\/posts\/82305\/revisions\/82306"}],"wp:featuredmedia":[{"embeddable":true,"href":"https:\/\/lasprimeras.com.do\/index.php\/wp-json\/wp\/v2\/media\/82281"}],"wp:attachment":[{"href":"https:\/\/lasprimeras.com.do\/index.php\/wp-json\/wp\/v2\/media?parent=82305"}],"wp:term":[{"taxonomy":"category","embeddable":true,"href":"https:\/\/lasprimeras.com.do\/index.php\/wp-json\/wp\/v2\/categories?post=82305"},{"taxonomy":"post_tag","embeddable":true,"href":"https:\/\/lasprimeras.com.do\/index.php\/wp-json\/wp\/v2\/tags?post=82305"}],"curies":[{"name":"wp","href":"https:\/\/api.w.org\/{rel}","templated":true}]}}