{"id":82307,"date":"2024-05-01T09:24:53","date_gmt":"2024-05-01T13:24:53","guid":{"rendered":"https:\/\/lasprimeras.com.do\/?p=82307"},"modified":"2024-05-01T09:24:55","modified_gmt":"2024-05-01T13:24:55","slug":"candido-cruz-califica-como-exitosa-participacion-dominicana-en-simulacro-de-elecciones-encuesta-new-york","status":"publish","type":"post","link":"https:\/\/lasprimeras.com.do\/index.php\/2024\/05\/01\/candido-cruz-califica-como-exitosa-participacion-dominicana-en-simulacro-de-elecciones-encuesta-new-york\/","title":{"rendered":"C\u00e1ndido Cruz califica como exitosa participaci\u00f3n dominicana en simulacro de elecciones-encuesta, New York"},"content":{"rendered":"\n<p>Nueva York.- El candidato a diputado del Partido Revolucionario<br>Dominicano (PRD) por la circunscripci\u00f3n #1 del exterior, C\u00e1ndido<br>Cruz, calific\u00f3 este mi\u00e9rcoles, como exitoso el simulacro de elecciones<br>celebrado el domingo en los condados del Bronx, Manhattan,<br>Queens y Brooklyn en el estado de Nueva York.<\/p>\n\n\n\n<p>C\u00e1ndido Cruz expres\u00f3 su agradecimiento a los ciudadanos<br>dominicanos por la gran participaron que tuvieron en esa fiesta de<br>la democracia que constituy\u00f3 el reciente simulacro de elecciones<br>organizado por la plataforma digital Somos Pueblo y el Grupo de<br>Medios Panorama.<\/p>\n\n\n\n<p>\u201cLa activa participaci\u00f3n de la comunidad dominicana refleja su alto<br>sentido de responsabilidad c\u00edvica y su compromiso con los valores<br>democr\u00e1ticos,\u201d destac\u00f3 Cruz.<\/p>\n\n\n\n<p>Dijo que el simulacro de elecciones se caracteriz\u00f3 por su impecable<br>organizaci\u00f3n y seriedad en el manejo del proceso.<\/p>\n\n\n\n<p>\u201cLa alta participaci\u00f3n indica que los dominicanos en Nueva York est\u00e1n<br>profundamente comprometidos con el futuro pol\u00edtico de la<br>Rep\u00fablica Dominicana,\u201d se\u00f1al\u00f3.<\/p>\n\n\n\n<p>Cruz, precis\u00f3 que despu\u00e9s de haber analizado los resultados electorales que arroj\u00f3 el simulacro, se puede anticipar que en las pr\u00f3ximas elecciones del 19 de mayo, no habr\u00e1 un ganador en la primera vuelta y que en el balotaje los partidos de la oposici\u00f3n obtendr\u00edan un 55.51% frente a un 44.49% de Luis Abinader y el<br>PRM.<\/p>\n\n\n\n<p>Remarc\u00f3 que agradece a todos los que contribuyeron con la<br>realizaci\u00f3n del evento electoral, cuyos esfuerzos garantizaron su<br>transparencia y eficacia, y lament\u00f3 la no participaci\u00f3n de su partido,<br>el PRD.&nbsp;<\/p>\n\n\n\n<p>\u201cMirando hacia el futuro me comprometo a continuar trabajando<br>para fortalecer la representaci\u00f3n y voz de los dominicanos en el<br>exterior, asegurando su participaci\u00f3n significativa en el desarrollo de<br>su naci\u00f3n\u201d,puntualiz\u00f3.<\/p>\n\n\n\n<p>Resultados electorales del simulacro<\/p>\n\n\n\n<p>Partido Revolucionario Moderno (PRM) obtuvo 703 votos, para un<br>44.83% y Fuerza del Pueblo (FP) 675 votos, un 43.04, lo que refleja<br>que en las pr\u00f3ximas elecciones habr\u00e1 un empate t\u00e9cnico.<\/p>\n","protected":false},"excerpt":{"rendered":"<p>Nueva York.- El candidato a diputado del Partido RevolucionarioDominicano (PRD) por la circunscripci\u00f3n #1 del exterior, C\u00e1ndidoCruz, calific\u00f3 este mi\u00e9rcoles, como exitoso el simulacro de eleccionescelebrado el domingo en los&hellip;<\/p>\n","protected":false},"author":3,"featured_media":82309,"comment_status":"open","ping_status":"open","sticky":false,"template":"","format":"standard","meta":{"content-type":"","jetpack_post_was_ever_published":false,"_jetpack_newsletter_access":"","_jetpack_dont_email_post_to_subs":false,"_jetpack_newsletter_tier_id":0,"_jetpack_memberships_contains_paywalled_content":false,"_jetpack_memberships_contains_paid_content":false,"footnotes":""},"categories":[1],"tags":[10129],"class_list":["post-82307","post","type-post","status-publish","format-standard","has-post-thumbnail","hentry","category-sin-categoria","tag-simulacro"],"jetpack_featured_media_url":"https:\/\/lasprimeras.com.do\/wp-content\/uploads\/2024\/05\/WhatsApp-Image-2024-05-01-at-9.09.40-AM.jpeg","jetpack-related-posts":[{"id":114757,"url":"https:\/\/lasprimeras.com.do\/index.php\/2025\/11\/15\/jce-realizo-con-exito-cuarto-simulacro-de-evacuacion-por-sismo-en-su-sede-central\/","url_meta":{"origin":82307,"position":0},"title":"JCE realiz\u00f3 con \u00e9xito cuarto simulacro de evacuaci\u00f3n por sismo en su sede central","author":"Nelson Feliz","date":"15 de noviembre de 2025","format":false,"excerpt":"La Junta Central Electoral (JCE) realiz\u00f3 con \u00e9xito su cuarto ejercicio del plan de evacuaci\u00f3n y simulacro de terremoto. Durante el desarrollo del mismo el personal y usuarios procedieron a salir de los cinco edificios de la sede central tras escuchar la alarma, acci\u00f3n que se ejecut\u00f3 en aproximadamente cinco\u2026","rel":"","context":"En \u00abNACIONALES\u00bb","block_context":{"text":"NACIONALES","link":"https:\/\/lasprimeras.com.do\/index.php\/category\/nacionales\/"},"img":{"alt_text":"","src":"https:\/\/i0.wp.com\/lasprimeras.com.do\/wp-content\/uploads\/2025\/11\/Ensayo-6.jpg?resize=350%2C200&ssl=1","width":350,"height":200,"srcset":"https:\/\/i0.wp.com\/lasprimeras.com.do\/wp-content\/uploads\/2025\/11\/Ensayo-6.jpg?resize=350%2C200&ssl=1 1x, https:\/\/i0.wp.com\/lasprimeras.com.do\/wp-content\/uploads\/2025\/11\/Ensayo-6.jpg?resize=525%2C300&ssl=1 1.5x, https:\/\/i0.wp.com\/lasprimeras.com.do\/wp-content\/uploads\/2025\/11\/Ensayo-6.jpg?resize=700%2C400&ssl=1 2x"},"classes":[]},{"id":113792,"url":"https:\/\/lasprimeras.com.do\/index.php\/2025\/11\/05\/idoppril-se-une-a-5to-simulacro-nacional-de-evacuacion-por-terremoto\/","url_meta":{"origin":82307,"position":1},"title":"IDOPPRIL se une a 5to Simulacro Nacional de Evacuaci\u00f3n por Terremoto","author":"Nelson Feliz","date":"5 de noviembre de 2025","format":false,"excerpt":"Con el sonido de las alarmas activadas, dio inicio el Simulacro Nacional de Evacuaci\u00f3n por Terremoto correspondiente al a\u00f1o 2025 en el Instituto Dominicano de Prevenci\u00f3n y Protecci\u00f3n de Riesgos Laborales (IDOPPRIL). Se trata de una actividad realizada por quinta vez, bajo la coordinaci\u00f3n del Centro de Operaciones de Emergencia\u2026","rel":"","context":"En \u00abNACIONALES\u00bb","block_context":{"text":"NACIONALES","link":"https:\/\/lasprimeras.com.do\/index.php\/category\/nacionales\/"},"img":{"alt_text":"","src":"https:\/\/i0.wp.com\/lasprimeras.com.do\/wp-content\/uploads\/2025\/11\/IDOPPRIL-3.jpg?resize=350%2C200&ssl=1","width":350,"height":200,"srcset":"https:\/\/i0.wp.com\/lasprimeras.com.do\/wp-content\/uploads\/2025\/11\/IDOPPRIL-3.jpg?resize=350%2C200&ssl=1 1x, https:\/\/i0.wp.com\/lasprimeras.com.do\/wp-content\/uploads\/2025\/11\/IDOPPRIL-3.jpg?resize=525%2C300&ssl=1 1.5x, https:\/\/i0.wp.com\/lasprimeras.com.do\/wp-content\/uploads\/2025\/11\/IDOPPRIL-3.jpg?resize=700%2C400&ssl=1 2x"},"classes":[]},{"id":110777,"url":"https:\/\/lasprimeras.com.do\/index.php\/2025\/10\/01\/coe-realizara-5to-simulacro-de-evacuacion-por-terremoto\/","url_meta":{"origin":82307,"position":2},"title":"COE realizar\u00e1 5to Simulacro de Evacuaci\u00f3n por Terremoto","author":"Nelson Feliz","date":"1 de octubre de 2025","format":false,"excerpt":"El Centro de Operaciones de Emergencias (COE) realizar\u00e1 el Cuarto Simulacro Nacional de Evacuaci\u00f3n por Terremoto el mi\u00e9rcoles 23 de octubre a las 10:00 am, con el prop\u00f3sito de preparar a la poblaci\u00f3n dominicana sobre c\u00f3mo actuar en caso de ocurrir un evento de esa naturaleza. Con el ejercicio se\u2026","rel":"","context":"En \u00abNACIONALES\u00bb","block_context":{"text":"NACIONALES","link":"https:\/\/lasprimeras.com.do\/index.php\/category\/nacionales\/"},"img":{"alt_text":"","src":"https:\/\/i0.wp.com\/lasprimeras.com.do\/wp-content\/uploads\/2025\/10\/coe-1.jpg?resize=350%2C200&ssl=1","width":350,"height":200,"srcset":"https:\/\/i0.wp.com\/lasprimeras.com.do\/wp-content\/uploads\/2025\/10\/coe-1.jpg?resize=350%2C200&ssl=1 1x, https:\/\/i0.wp.com\/lasprimeras.com.do\/wp-content\/uploads\/2025\/10\/coe-1.jpg?resize=525%2C300&ssl=1 1.5x, https:\/\/i0.wp.com\/lasprimeras.com.do\/wp-content\/uploads\/2025\/10\/coe-1.jpg?resize=700%2C400&ssl=1 2x"},"classes":[]},{"id":116716,"url":"https:\/\/lasprimeras.com.do\/index.php\/2025\/12\/03\/jce-realizara-simulacro-de-evacuacion-frente-a-situaciones-de-terremoto-en-la-romana\/","url_meta":{"origin":82307,"position":3},"title":"JCE realizar\u00e1 simulacro de evacuaci\u00f3n frente a situaciones de terremoto en La Romana","author":"Nelson Feliz","date":"3 de diciembre de 2025","format":false,"excerpt":"La Junta Central Electoral (JCE) informa que realizar\u00e1 un ejercicio del plan de evacuaci\u00f3n y simulacro este viernes 05 de diciembre en las oficinas de la instituci\u00f3n ubicadas en La Romana, localidad donde se ejecutar\u00e1 por primera vez. La instituci\u00f3n resalta que el simulacro implicar\u00e1 la movilizaci\u00f3n de todo su\u2026","rel":"","context":"En \u00abNACIONALES\u00bb","block_context":{"text":"NACIONALES","link":"https:\/\/lasprimeras.com.do\/index.php\/category\/nacionales\/"},"img":{"alt_text":"","src":"https:\/\/i0.wp.com\/lasprimeras.com.do\/wp-content\/uploads\/2025\/10\/JCE-1.jpg?resize=350%2C200&ssl=1","width":350,"height":200,"srcset":"https:\/\/i0.wp.com\/lasprimeras.com.do\/wp-content\/uploads\/2025\/10\/JCE-1.jpg?resize=350%2C200&ssl=1 1x, https:\/\/i0.wp.com\/lasprimeras.com.do\/wp-content\/uploads\/2025\/10\/JCE-1.jpg?resize=525%2C300&ssl=1 1.5x, https:\/\/i0.wp.com\/lasprimeras.com.do\/wp-content\/uploads\/2025\/10\/JCE-1.jpg?resize=700%2C400&ssl=1 2x"},"classes":[]},{"id":82390,"url":"https:\/\/lasprimeras.com.do\/index.php\/2024\/05\/02\/ingrid-mendoza-fue-recibida-por-decenas-de-dominicanos-en-ny\/","url_meta":{"origin":82307,"position":4},"title":"\u00cdngrid Mendoza fue recibida por decenas de dominicanos en NY","author":"BIMARY DE JES\u00daS Matos","date":"2 de mayo de 2024","format":false,"excerpt":"Por FRANCIS PEREZNUEVA YORK.- La candidata vicepresidencial del partido Fuerza del Pueblo (FP), Ingrid Mendoza, arrib\u00f3 el mi\u00e9rcoles al aeropuerto John F. Kennedy, de Nueva York, donde fue recibida por decenas de dominicanos. Desde esta ciudad, Mendoza se desplazar\u00e1 hacia varios lugares en los cuales se reunir\u00e1 con las estructuras\u2026","rel":"","context":"En \u00abSin categor\u00eda\u00bb","block_context":{"text":"Sin categor\u00eda","link":"https:\/\/lasprimeras.com.do\/index.php\/category\/sin-categoria\/"},"img":{"alt_text":"","src":"https:\/\/i0.wp.com\/lasprimeras.com.do\/wp-content\/uploads\/2024\/05\/IMG-20240502-WA0022.jpg?resize=350%2C200&ssl=1","width":350,"height":200,"srcset":"https:\/\/i0.wp.com\/lasprimeras.com.do\/wp-content\/uploads\/2024\/05\/IMG-20240502-WA0022.jpg?resize=350%2C200&ssl=1 1x, https:\/\/i0.wp.com\/lasprimeras.com.do\/wp-content\/uploads\/2024\/05\/IMG-20240502-WA0022.jpg?resize=525%2C300&ssl=1 1.5x, https:\/\/i0.wp.com\/lasprimeras.com.do\/wp-content\/uploads\/2024\/05\/IMG-20240502-WA0022.jpg?resize=700%2C400&ssl=1 2x, https:\/\/i0.wp.com\/lasprimeras.com.do\/wp-content\/uploads\/2024\/05\/IMG-20240502-WA0022.jpg?resize=1050%2C600&ssl=1 3x, https:\/\/i0.wp.com\/lasprimeras.com.do\/wp-content\/uploads\/2024\/05\/IMG-20240502-WA0022.jpg?resize=1400%2C800&ssl=1 4x"},"classes":[]},{"id":90540,"url":"https:\/\/lasprimeras.com.do\/index.php\/2024\/10\/23\/cesac-participa-con-exito-en-el-simulacro-nacional-de-evacuacion\/","url_meta":{"origin":82307,"position":5},"title":"CESAC participa con \u00e9xito en el Simulacro Nacional de Evacuaci\u00f3n","author":"Nelson Feliz","date":"23 de octubre de 2024","format":false,"excerpt":"El Cuerpo Especializado en Seguridad Aeroportuaria y de la Aviaci\u00f3n Civil (CESAC) llev\u00f3 a cabo con \u00e9xito su participaci\u00f3n en el \"Simulacro Nacional de Evacuaci\u00f3n\", realizado en el d\u00eda de hoy. Esta actividad se enmarca en el cumplimiento del oficio No. 44533 emitido por el Se\u00f1or Ministro de Defensa y\u2026","rel":"","context":"En \u00abMILITARES\u00bb","block_context":{"text":"MILITARES","link":"https:\/\/lasprimeras.com.do\/index.php\/category\/militares\/"},"img":{"alt_text":"Simulacro Nacional","src":"https:\/\/i0.wp.com\/lasprimeras.com.do\/wp-content\/uploads\/2024\/10\/Simulacro-Nacional.jpg?resize=350%2C200&ssl=1","width":350,"height":200,"srcset":"https:\/\/i0.wp.com\/lasprimeras.com.do\/wp-content\/uploads\/2024\/10\/Simulacro-Nacional.jpg?resize=350%2C200&ssl=1 1x, https:\/\/i0.wp.com\/lasprimeras.com.do\/wp-content\/uploads\/2024\/10\/Simulacro-Nacional.jpg?resize=525%2C300&ssl=1 1.5x, https:\/\/i0.wp.com\/lasprimeras.com.do\/wp-content\/uploads\/2024\/10\/Simulacro-Nacional.jpg?resize=700%2C400&ssl=1 2x"},"classes":[]}],"jetpack_sharing_enabled":true,"_links":{"self":[{"href":"https:\/\/lasprimeras.com.do\/index.php\/wp-json\/wp\/v2\/posts\/82307","targetHints":{"allow":["GET"]}}],"collection":[{"href":"https:\/\/lasprimeras.com.do\/index.php\/wp-json\/wp\/v2\/posts"}],"about":[{"href":"https:\/\/lasprimeras.com.do\/index.php\/wp-json\/wp\/v2\/types\/post"}],"author":[{"embeddable":true,"href":"https:\/\/lasprimeras.com.do\/index.php\/wp-json\/wp\/v2\/users\/3"}],"replies":[{"embeddable":true,"href":"https:\/\/lasprimeras.com.do\/index.php\/wp-json\/wp\/v2\/comments?post=82307"}],"version-history":[{"count":1,"href":"https:\/\/lasprimeras.com.do\/index.php\/wp-json\/wp\/v2\/posts\/82307\/revisions"}],"predecessor-version":[{"id":82310,"href":"https:\/\/lasprimeras.com.do\/index.php\/wp-json\/wp\/v2\/posts\/82307\/revisions\/82310"}],"wp:featuredmedia":[{"embeddable":true,"href":"https:\/\/lasprimeras.com.do\/index.php\/wp-json\/wp\/v2\/media\/82309"}],"wp:attachment":[{"href":"https:\/\/lasprimeras.com.do\/index.php\/wp-json\/wp\/v2\/media?parent=82307"}],"wp:term":[{"taxonomy":"category","embeddable":true,"href":"https:\/\/lasprimeras.com.do\/index.php\/wp-json\/wp\/v2\/categories?post=82307"},{"taxonomy":"post_tag","embeddable":true,"href":"https:\/\/lasprimeras.com.do\/index.php\/wp-json\/wp\/v2\/tags?post=82307"}],"curies":[{"name":"wp","href":"https:\/\/api.w.org\/{rel}","templated":true}]}}