{"id":82314,"date":"2024-05-01T09:28:17","date_gmt":"2024-05-01T13:28:17","guid":{"rendered":"https:\/\/lasprimeras.com.do\/?p=82314"},"modified":"2024-05-01T09:28:19","modified_gmt":"2024-05-01T13:28:19","slug":"director-de-la-daeh-a-traves-del-programa-yo-te-respondo-lleva-soluciones-a-colaboradores-en-seis-provincias","status":"publish","type":"post","link":"https:\/\/lasprimeras.com.do\/index.php\/2024\/05\/01\/director-de-la-daeh-a-traves-del-programa-yo-te-respondo-lleva-soluciones-a-colaboradores-en-seis-provincias\/","title":{"rendered":"Director de la DAEH a trav\u00e9s del programa \u201cYo te respondo\u201d lleva soluciones a colaboradores en seis provincias"},"content":{"rendered":"\n<p>Santo Domingo.- El titular de la Direcci\u00f3n de Atenci\u00f3n a Emergencias Extrahospitalarias (DAEH), Juan Manuel M\u00e9ndez Garc\u00eda, cumpli\u00f3 con los reclamos a necesidades operativas, de equipos y administrativas expuestas por miembros y colaboradores en las primeras seis demarcaciones del pa\u00eds y culminar\u00e1 hasta llegar a todo el territorio nacional.<\/p>\n\n\n\n<p>En ese sentido, M\u00e9ndez Garc\u00eda llev\u00f3 soluciones a los reclamos hechos por el personal de la DAEH en las provincias: La Vega, Santiago, Hermanas Mirabal, Espaillat, Monse\u00f1or Nouel y Valverde.<\/p>\n\n\n\n<p>Indic\u00f3 que como resultados positivos de estas mejoras laborales y la incorporaci\u00f3n de nuevas unidades, se ha disminuido el tiempo de respuesta a emergencias, traduci\u00e9ndose en un servicio m\u00e1s oportuno.<\/p>\n\n\n\n<p>Las primeras demarcaciones a las que acudi\u00f3 el titular de la DAEH fueron La Vega y Monse\u00f1or Nouel, donde se procedi\u00f3 a realizar cambios de designaciones y entrega de equipos para mejorar las condiciones laborales.<\/p>\n\n\n\n<p>De igual forma, se entregaron bebederos de agua, colchones, camastros, aires acondicionados e insumos.<\/p>\n\n\n\n<p>\u201cEstamos cumpliendo con la palabra empe\u00f1ada al establecer contacto directo con nuestros colaboradores y les estamos llevando soluciones para mejor desempe\u00f1o de sus funciones, en atenciones m\u00e1s humana, oportuna y de calidad a los usuarios\u201d dijo M\u00e9ndez Garc\u00eda.<\/p>\n\n\n\n<p>El titular de la DAEH se\u00f1al\u00f3 que es un mandato del presidente Luis Abinader velar porque los colaboradores cuenten con los equipos e insumos que les permitan tener las herramientas necesarias para realizar su trabajo.<\/p>\n\n\n\n<p>\u201cLas mejoras en las condiciones laborales del personal de las diferentes provincias del pa\u00eds, es gracias al apoyo decidido del primer mandatario y el ministro de la Presidencia, Joel Santos Echavarr\u00eda\u201d resalt\u00f3 M\u00e9ndez Garc\u00eda.<\/p>\n\n\n\n<p>Disminuci\u00f3n en los tiempos de traslados<\/p>\n\n\n\n<p>Luego de la incorporaci\u00f3n de nuevas unidades y la mejora a las condiciones laborales, el titular de la DAEH inform\u00f3 que trabajan en equipo para disminuir el tiempo de respuesta a las emergencias que se presentan.<\/p>\n\n\n\n<p>Indic\u00f3 que en se ha experimentado una disminuci\u00f3n de los tiempos de traslados de las provincias Monse\u00f1or Nouel, La Vega, Hermanas Mirabal y Espaillat, entre otras , permitiendo un traslado de emergencia m\u00e1s efectivo.<\/p>\n\n\n\n<p>El funcionario destac\u00f3 el gran desempe\u00f1o que han tenido todos los colaboradores de todas las provincias y en el caso de Valverde, es la regional que cuenta con los tiempos m\u00e1s bajos en respuestas en todo el pa\u00eds, por lo que le exhort\u00f3 continuar brindado un servicio de calidad a los usuarios, ya que con su labor logran salvar vidas.<\/p>\n\n\n\n<p>La iniciativa denominada \u201cYo te escucho\u201d y \u201cYo te Respondo\u201d, forman parte de las estrategias implementadas para tener un acercamiento con el personal asistencial y administrativo de las demarcaciones, en las que el titular de la DAEH, luego de sostener un encuentro para escucharles, empez\u00f3 a responder las necesidades expresadas.<\/p>\n","protected":false},"excerpt":{"rendered":"<p>Santo Domingo.- El titular de la Direcci\u00f3n de Atenci\u00f3n a Emergencias Extrahospitalarias (DAEH), Juan Manuel M\u00e9ndez Garc\u00eda, cumpli\u00f3 con los reclamos a necesidades operativas, de equipos y administrativas expuestas por&hellip;<\/p>\n","protected":false},"author":3,"featured_media":82315,"comment_status":"open","ping_status":"open","sticky":false,"template":"","format":"standard","meta":{"content-type":"","jetpack_post_was_ever_published":false,"_jetpack_newsletter_access":"","_jetpack_dont_email_post_to_subs":false,"_jetpack_newsletter_tier_id":0,"_jetpack_memberships_contains_paywalled_content":false,"_jetpack_memberships_contains_paid_content":false,"footnotes":""},"categories":[35],"tags":[5839],"class_list":["post-82314","post","type-post","status-publish","format-standard","has-post-thumbnail","hentry","category-nacionales","tag-daeh"],"jetpack_featured_media_url":"https:\/\/lasprimeras.com.do\/wp-content\/uploads\/2024\/05\/WhatsApp-Image-2024-05-01-at-9.11.51-AM-scaled.jpeg","jetpack-related-posts":[{"id":80180,"url":"https:\/\/lasprimeras.com.do\/index.php\/2024\/04\/04\/daeh-inicia-jornada-de-respuesta-a-necesidades-de-colaboradores\/","url_meta":{"origin":82314,"position":0},"title":"DAEH inicia jornada de respuesta a necesidades de colaboradores","author":"Nelson Feliz","date":"4 de abril de 2024","format":false,"excerpt":"El director de la DAEH, Juan Manuel M\u00e9ndez Garc\u00eda, denomin\u00f3 el programa como la ruta \u201cYo te respondo\u201d El director de Atenci\u00f3n a Emergencias Extrahospitalaria (DAEH), Juan Manuel M\u00e9ndez Garc\u00eda, visit\u00f3 este jueves las provincias Monse\u00f1or Nouel y La Vega, en las que llev\u00f3 soluciones a las necesidades planteadas por\u2026","rel":"","context":"En \u00abSin categor\u00eda\u00bb","block_context":{"text":"Sin categor\u00eda","link":"https:\/\/lasprimeras.com.do\/index.php\/category\/sin-categoria\/"},"img":{"alt_text":"Juan Manuel M\u00e9ndez Garc\u00eda","src":"https:\/\/i0.wp.com\/lasprimeras.com.do\/wp-content\/uploads\/2024\/04\/Juan-Manuel-Mendez-Garcia-1.jpg?resize=350%2C200&ssl=1","width":350,"height":200,"srcset":"https:\/\/i0.wp.com\/lasprimeras.com.do\/wp-content\/uploads\/2024\/04\/Juan-Manuel-Mendez-Garcia-1.jpg?resize=350%2C200&ssl=1 1x, https:\/\/i0.wp.com\/lasprimeras.com.do\/wp-content\/uploads\/2024\/04\/Juan-Manuel-Mendez-Garcia-1.jpg?resize=525%2C300&ssl=1 1.5x, https:\/\/i0.wp.com\/lasprimeras.com.do\/wp-content\/uploads\/2024\/04\/Juan-Manuel-Mendez-Garcia-1.jpg?resize=700%2C400&ssl=1 2x"},"classes":[]},{"id":122645,"url":"https:\/\/lasprimeras.com.do\/index.php\/2026\/02\/19\/sistema-911-entrega-50-modernas-ambulancias-a-la-daeh\/","url_meta":{"origin":82314,"position":1},"title":"Sistema 911 entrega 50 modernas ambulancias a la DAEH","author":"Nelson Feliz","date":"19 de febrero de 2026","format":false,"excerpt":"El Sistema Nacional de Atenci\u00f3n a Emergencias y Seguridad 911 entreg\u00f3 50 nuevas y modernas ambulancias a la Direcci\u00f3n de Servicios de Atenci\u00f3n a Emergencias Extrahospitalarias (DAEH), para fortalecer la capacidad de respuesta ante emergencias en el territorio nacional. La actividad, fue encabezada por el ministro de la Presidencia y\u2026","rel":"","context":"En \u00abNACIONALES\u00bb","block_context":{"text":"NACIONALES","link":"https:\/\/lasprimeras.com.do\/index.php\/category\/nacionales\/"},"img":{"alt_text":"","src":"https:\/\/i0.wp.com\/lasprimeras.com.do\/wp-content\/uploads\/2026\/02\/AMBULANCIAS.jpg?resize=350%2C200&ssl=1","width":350,"height":200,"srcset":"https:\/\/i0.wp.com\/lasprimeras.com.do\/wp-content\/uploads\/2026\/02\/AMBULANCIAS.jpg?resize=350%2C200&ssl=1 1x, https:\/\/i0.wp.com\/lasprimeras.com.do\/wp-content\/uploads\/2026\/02\/AMBULANCIAS.jpg?resize=525%2C300&ssl=1 1.5x, https:\/\/i0.wp.com\/lasprimeras.com.do\/wp-content\/uploads\/2026\/02\/AMBULANCIAS.jpg?resize=700%2C400&ssl=1 2x"},"classes":[]},{"id":84358,"url":"https:\/\/lasprimeras.com.do\/index.php\/2024\/06\/06\/daeh-realiza-cambios-de-designaciones-a-mas-de-165-colaboradores\/","url_meta":{"origin":82314,"position":2},"title":"DAEH realiza cambios de designaciones a m\u00e1s de 165 colaboradores","author":"Nelson Feliz","date":"6 de junio de 2024","format":false,"excerpt":"La Direcci\u00f3n de Servicios de Atenci\u00f3n a Emergencias Extrahospitalaria (DAEH), realiz\u00f3 cambios de designaciones a 168 colaboradores de la entidad que prestan sus servicios a favor de la poblaci\u00f3n a nivel nacional. El titular de la DAEH, Juan Manuel M\u00e9ndez, inform\u00f3 adem\u00e1s que a los empleados se le entreg\u00f3 la\u2026","rel":"","context":"En \u00abNACIONALES\u00bb","block_context":{"text":"NACIONALES","link":"https:\/\/lasprimeras.com.do\/index.php\/category\/nacionales\/"},"img":{"alt_text":"DAEH","src":"https:\/\/i0.wp.com\/lasprimeras.com.do\/wp-content\/uploads\/2024\/06\/DAEH-02.jpg?resize=350%2C200&ssl=1","width":350,"height":200,"srcset":"https:\/\/i0.wp.com\/lasprimeras.com.do\/wp-content\/uploads\/2024\/06\/DAEH-02.jpg?resize=350%2C200&ssl=1 1x, https:\/\/i0.wp.com\/lasprimeras.com.do\/wp-content\/uploads\/2024\/06\/DAEH-02.jpg?resize=525%2C300&ssl=1 1.5x, https:\/\/i0.wp.com\/lasprimeras.com.do\/wp-content\/uploads\/2024\/06\/DAEH-02.jpg?resize=700%2C400&ssl=1 2x"},"classes":[]},{"id":101213,"url":"https:\/\/lasprimeras.com.do\/index.php\/2025\/06\/17\/senasa-y-daeh-fortalecen-atencion-extrahospitalaria-y-prevencion-durante-temporada-ciclonica\/","url_meta":{"origin":82314,"position":3},"title":"SeNaSa y DAEH fortalecen atenci\u00f3n extrahospitalaria y prevenci\u00f3n durante temporada cicl\u00f3nica","author":"Nelson Feliz","date":"17 de junio de 2025","format":false,"excerpt":"El director ejecutivo del Seguro Nacional de Salud (SeNaSa), doctor Santiago Hazim, y el director de la Direcci\u00f3n de Servicios de Atenci\u00f3n a Emergencias Extrahospitalarias (DAEH), general Juan Manuel M\u00e9ndez, coordinaron acciones conjuntas orientadas a fortalecer la colaboraci\u00f3n interinstitucional y garantizar una mejor atenci\u00f3n a la ciudadan\u00eda, especialmente en el\u2026","rel":"","context":"En \u00abNACIONALES\u00bb","block_context":{"text":"NACIONALES","link":"https:\/\/lasprimeras.com.do\/index.php\/category\/nacionales\/"},"img":{"alt_text":"","src":"https:\/\/i0.wp.com\/lasprimeras.com.do\/wp-content\/uploads\/2025\/06\/General-Juan-Manuel-Mendez-y-el-Doctor-Santiago-Hazim.jpg?resize=350%2C200&ssl=1","width":350,"height":200,"srcset":"https:\/\/i0.wp.com\/lasprimeras.com.do\/wp-content\/uploads\/2025\/06\/General-Juan-Manuel-Mendez-y-el-Doctor-Santiago-Hazim.jpg?resize=350%2C200&ssl=1 1x, https:\/\/i0.wp.com\/lasprimeras.com.do\/wp-content\/uploads\/2025\/06\/General-Juan-Manuel-Mendez-y-el-Doctor-Santiago-Hazim.jpg?resize=525%2C300&ssl=1 1.5x, https:\/\/i0.wp.com\/lasprimeras.com.do\/wp-content\/uploads\/2025\/06\/General-Juan-Manuel-Mendez-y-el-Doctor-Santiago-Hazim.jpg?resize=700%2C400&ssl=1 2x"},"classes":[]},{"id":55751,"url":"https:\/\/lasprimeras.com.do\/index.php\/2023\/07\/25\/infotep-y-daeh-se-unen-para-capacitar-a-mas-de-3000-tecnicos-del-sector-sanitario\/","url_meta":{"origin":82314,"position":4},"title":"INFOTEP y DAEH se unen para capacitar a m\u00e1s de 3000 t\u00e9cnicos del sector sanitario","author":"Nelson Feliz","date":"25 de julio de 2023","format":false,"excerpt":"Ser\u00e1n entrenados o validados en seis ambulancias que operar\u00e1n como talleres de entrenamiento y simulaci\u00f3n. Por Martin Restituyo El Instituto Nacional de Formaci\u00f3n T\u00e9cnico Profesional (INFOTEP), recibi\u00f3 de parte de la Direcci\u00f3n de Servicios de Atenci\u00f3n a Emergencias Extrahospitalarias (DAEH) seis unidades de ambulancias que ser\u00e1n convertidas en Talleres de\u2026","rel":"","context":"En \u00abNACIONALES\u00bb","block_context":{"text":"NACIONALES","link":"https:\/\/lasprimeras.com.do\/index.php\/category\/nacionales\/"},"img":{"alt_text":"INFOTEP","src":"https:\/\/i0.wp.com\/lasprimeras.com.do\/wp-content\/uploads\/2023\/07\/INFOTEP.jpg?resize=350%2C200&ssl=1","width":350,"height":200,"srcset":"https:\/\/i0.wp.com\/lasprimeras.com.do\/wp-content\/uploads\/2023\/07\/INFOTEP.jpg?resize=350%2C200&ssl=1 1x, https:\/\/i0.wp.com\/lasprimeras.com.do\/wp-content\/uploads\/2023\/07\/INFOTEP.jpg?resize=525%2C300&ssl=1 1.5x, https:\/\/i0.wp.com\/lasprimeras.com.do\/wp-content\/uploads\/2023\/07\/INFOTEP.jpg?resize=700%2C400&ssl=1 2x"},"classes":[]},{"id":113229,"url":"https:\/\/lasprimeras.com.do\/index.php\/2025\/10\/30\/pn-reconoce-aportes-del-director-del-coe-juan-manuel-mendez-garcia\/","url_meta":{"origin":82314,"position":5},"title":"PN reconoce aportes del director del COE Juan Manuel M\u00e9ndez Garc\u00eda","author":"Nelson Feliz","date":"30 de octubre de 2025","format":false,"excerpt":"El director del Centro de Operaciones de Emergencias (COE) y de la Direcci\u00f3n de Servicios de Atenci\u00f3n a Emergencias Extrahospitalarias (DAEH), Mayor General (R) Dr. Juan Manuel M\u00e9ndez Garc\u00eda, fue reconocido por la Polic\u00eda Nacional mediante el Decreto 619-25, en honor al m\u00e9rito por sus invaluables aportes y servicio a\u2026","rel":"","context":"En \u00abMILITARES\u00bb","block_context":{"text":"MILITARES","link":"https:\/\/lasprimeras.com.do\/index.php\/category\/militares\/"},"img":{"alt_text":"Juan Manuel M\u00e9ndez Garc\u00eda","src":"https:\/\/i0.wp.com\/lasprimeras.com.do\/wp-content\/uploads\/2024\/12\/Juan-Manuel-Mendez-Garcia.jpg?resize=350%2C200&ssl=1","width":350,"height":200,"srcset":"https:\/\/i0.wp.com\/lasprimeras.com.do\/wp-content\/uploads\/2024\/12\/Juan-Manuel-Mendez-Garcia.jpg?resize=350%2C200&ssl=1 1x, https:\/\/i0.wp.com\/lasprimeras.com.do\/wp-content\/uploads\/2024\/12\/Juan-Manuel-Mendez-Garcia.jpg?resize=525%2C300&ssl=1 1.5x, https:\/\/i0.wp.com\/lasprimeras.com.do\/wp-content\/uploads\/2024\/12\/Juan-Manuel-Mendez-Garcia.jpg?resize=700%2C400&ssl=1 2x"},"classes":[]}],"jetpack_sharing_enabled":true,"_links":{"self":[{"href":"https:\/\/lasprimeras.com.do\/index.php\/wp-json\/wp\/v2\/posts\/82314","targetHints":{"allow":["GET"]}}],"collection":[{"href":"https:\/\/lasprimeras.com.do\/index.php\/wp-json\/wp\/v2\/posts"}],"about":[{"href":"https:\/\/lasprimeras.com.do\/index.php\/wp-json\/wp\/v2\/types\/post"}],"author":[{"embeddable":true,"href":"https:\/\/lasprimeras.com.do\/index.php\/wp-json\/wp\/v2\/users\/3"}],"replies":[{"embeddable":true,"href":"https:\/\/lasprimeras.com.do\/index.php\/wp-json\/wp\/v2\/comments?post=82314"}],"version-history":[{"count":1,"href":"https:\/\/lasprimeras.com.do\/index.php\/wp-json\/wp\/v2\/posts\/82314\/revisions"}],"predecessor-version":[{"id":82316,"href":"https:\/\/lasprimeras.com.do\/index.php\/wp-json\/wp\/v2\/posts\/82314\/revisions\/82316"}],"wp:featuredmedia":[{"embeddable":true,"href":"https:\/\/lasprimeras.com.do\/index.php\/wp-json\/wp\/v2\/media\/82315"}],"wp:attachment":[{"href":"https:\/\/lasprimeras.com.do\/index.php\/wp-json\/wp\/v2\/media?parent=82314"}],"wp:term":[{"taxonomy":"category","embeddable":true,"href":"https:\/\/lasprimeras.com.do\/index.php\/wp-json\/wp\/v2\/categories?post=82314"},{"taxonomy":"post_tag","embeddable":true,"href":"https:\/\/lasprimeras.com.do\/index.php\/wp-json\/wp\/v2\/tags?post=82314"}],"curies":[{"name":"wp","href":"https:\/\/api.w.org\/{rel}","templated":true}]}}