{"id":82320,"date":"2024-05-01T09:36:10","date_gmt":"2024-05-01T13:36:10","guid":{"rendered":"https:\/\/lasprimeras.com.do\/?p=82320"},"modified":"2024-05-01T09:36:11","modified_gmt":"2024-05-01T13:36:11","slug":"empresario-canadiense-interpone-denuncia-civil-y-penal-contra-empleados-del-ministerio-de-hacienda","status":"publish","type":"post","link":"https:\/\/lasprimeras.com.do\/index.php\/2024\/05\/01\/empresario-canadiense-interpone-denuncia-civil-y-penal-contra-empleados-del-ministerio-de-hacienda\/","title":{"rendered":"Empresario canadiense interpone denuncia civil y penal contra empleados del Ministerio de Hacienda"},"content":{"rendered":"\n<p>Santo Domingo.-Empresario canadiense interpone denuncia civil y penal contra empleados del Ministerio de Hacienda por robo de US$580 millones en bienes<\/p>\n\n\n\n<p>Reclaman investigaci\u00f3n exhaustiva por transferencia ilegal de activos de Dream Corporation Inc. en violaci\u00f3n de sentencias judiciales<\/p>\n\n\n\n<p>Santo Domingo (30 de abril de 2024). El empresario canadiense Antonio Carbone, accionista mayoritario de Dream Corporation Inc., present\u00f3 una denuncia civil y penal contra empleados del Ministerio de Hacienda desde agosto de 2012 hasta el 25 de marzo de 2024.<\/p>\n\n\n\n<p>Carbone solicit\u00f3 una exhaustiva investigaci\u00f3n por parte de las autoridades competentes sobre la presunta transferencia ilegal de los bienes de Dream Corporation Inc. en violaci\u00f3n de dos sentencias de inmovilizaci\u00f3n de fondos del Ministerio P\u00fablico, la No. 629-2019 de la Suprema Corte de Justicia y la TC\/0367\/21 del Tribunal Constitucional.<\/p>\n\n\n\n<p>Carbone denunci\u00f3 a trav\u00e9s de sus abogados Ysmael Molina Carrasco y Jafet S\u00e1nchez Mercado los presuntos actos de corrupci\u00f3n, abuso de poder, extorsi\u00f3n, falsedad, asociaci\u00f3n de malhechores y robo agravado por parte del Ministerio de Hacienda.<\/p>\n\n\n\n<p>La instancia est\u00e1 dirigida a diversas autoridades dominicanas, incluyendo el ministro de Hacienda, Jochi Vicente; la Procuradora General de la Rep\u00fablica, Miriam Germ\u00e1n Brito y el Presidente Luis Abinader.<\/p>\n\n\n\n<p>La denuncia tambi\u00e9n va dirigida a Te\u00f3filo Jos\u00e9 Tabar Manzur, exdirector de Casinos y Juegos de Azar; Claudia \u00c1lvarez, directora de Casinos y Juegos de Azar; Luis Maisichell Dicent, exdirector de la Loter\u00eda Nacional Dominicana; Luis Valdez Veras, director de Impuestos Internos; Lucile Houellemont, directora de la C\u00e1mara de Comercio y Producci\u00f3n; los procuradores generales adjuntos y titulares de la Direcci\u00f3n General de Persecuci\u00f3n del Ministerio P\u00fablico, Yeni Berenice Reynoso y Wilson Camacho.<\/p>\n\n\n\n<p>Carbone solicit\u00f3 al Presidente de la Rep\u00fablica y a todos los funcionarios nombrados que le entreguen una explicaci\u00f3n formal por escrito sobre la transferencia de sus bienes en violaci\u00f3n del Art\u00edculo 51 de la Constituci\u00f3n de la Rep\u00fablica Dominicana.<\/p>\n\n\n\n<p>Manifest\u00f3 estar a la orden del Ministerio P\u00fablico y del Ministerio de Hacienda para participar en la investigaci\u00f3n solicitada.<\/p>\n\n\n\n<p>Asimismo, expres\u00f3 que est\u00e1 a la disposici\u00f3n de todos los oficiales designados para proceder penal y civilmente en contra de todos los empleados implicados que hayan sido sobornados dentro del Ministerio de Hacienda.<\/p>\n\n\n\n<p>La denuncia p\u00fablica busca esclarecer los hechos y restablecer los derechos de propiedad de Antonio Carbone y su familia sobre los activos de Dream Corporation Inc., en cumplimiento de las decisiones judiciales vigentes.<\/p>\n\n\n\n<p>Tras 8 a\u00f1os y medio de exhaustiva investigaci\u00f3n por presunto lavado de activos, donde Antonio Carbone es titular del 42,5% de las acciones, Francesco Carbone otro 42,5%, y el 15% restante de otro, se acab\u00f3 violando la ley, la Constituci\u00f3n y los pactos y tratados internacionales, seg\u00fan el Presidente, los ministros y los fiscales, una acusaci\u00f3n de lavado de activos no deber\u00eda prolongarse m\u00e1s de 4 a\u00f1os.<\/p>\n\n\n\n<p>Los abogados de Carbone tambi\u00e9n notificaron el nombramiento de un nuevo administrador judicial designado por un tribunal competente en la Rep\u00fablica Dominicana y solicitaron formalmente el cumplimiento de la Sentencia TC\/0367\/21, que establece la entrega inmediata de los bienes a los propietarios de Dream Corporation Inc., una vez concluida la investigaci\u00f3n por lavado de activos.<\/p>\n\n\n\n<p>En ese sentido, Carbone solicit\u00f3 la devoluci\u00f3n voluntaria por parte del Ministerio P\u00fablico y del Ministerio de Hacienda de sus bienes valorados en 580 millones de d\u00f3lares.<\/p>\n\n\n\n<p>&#8220;\u00a1Que Dios bendiga esta investigaci\u00f3n exhaustiva!&#8221;, concluy\u00f3.<\/p>\n\n\n\n<p>Se recuerda que el pasado 18 de abril, el empresario canadiense Antonio Carbone interpuso una querella ante la Procuradur\u00eda General de la Rep\u00fablica contra funcionarios, exfuncionarios, empresarios y legisladores, por presuntas artima\u00f1as utilizadas para despojarlo de los mencionados 580 millones de d\u00f3lares en activos de negocios.<\/p>\n\n\n\n<p>En dicha ocasi\u00f3n, la querella fue dirigida al juez de la Suprema Corte de Justicia, Justiniano Montero Montero, a la procuradora general Miriam Germ\u00e1n Brito, a los procuradores generales adjuntos de la Direcci\u00f3n General de Persecuci\u00f3n de la Corrupci\u00f3n, Wilson Camacho y Yenni Berenice Reynoso, al procurador general de la Corte de Apelaci\u00f3n, Jos\u00e9 Del Carmen Sep\u00falveda, y a la fiscal del Distrito Nacional, Rosalba Ramos.<\/p>\n\n\n\n<p>El dispositivo de esta demanda incluye a 127 personas que, seg\u00fan el inversionista extranjero, utilizaron artima\u00f1as para apoderarse de los bienes que posee en la Rep\u00fablica Dominicana. <\/p>\n\n\n\n<p>En esta lista figuran el expresidente Danilo Medina, los exministros Sim\u00f3n Lizardo y Donald Guerrero, el actual ministro Neney Cabrera, los exprocuradores Francisco Dom\u00ednguez Brito y Jean Alain Rodr\u00edguez S\u00e1nchez, el diputado Sergio &#8220;Gory&#8221; Moya de la Cruz, entre otros.<\/p>\n\n\n\n<p><\/p>\n","protected":false},"excerpt":{"rendered":"<p>Santo Domingo.-Empresario canadiense interpone denuncia civil y penal contra empleados del Ministerio de Hacienda por robo de US$580 millones en bienes Reclaman investigaci\u00f3n exhaustiva por transferencia ilegal de activos de&hellip;<\/p>\n","protected":false},"author":3,"featured_media":82321,"comment_status":"open","ping_status":"open","sticky":false,"template":"","format":"standard","meta":{"content-type":"","jetpack_post_was_ever_published":false,"_jetpack_newsletter_access":"","_jetpack_dont_email_post_to_subs":false,"_jetpack_newsletter_tier_id":0,"_jetpack_memberships_contains_paywalled_content":false,"_jetpack_memberships_contains_paid_content":false,"footnotes":""},"categories":[35],"tags":[4982],"class_list":["post-82320","post","type-post","status-publish","format-standard","has-post-thumbnail","hentry","category-nacionales","tag-ministerio-de-hacienda"],"jetpack_featured_media_url":"https:\/\/lasprimeras.com.do\/wp-content\/uploads\/2024\/05\/WhatsApp-Image-2024-05-01-at-9.13.38-AM.jpeg","jetpack-related-posts":[{"id":88495,"url":"https:\/\/lasprimeras.com.do\/index.php\/2024\/08\/29\/quien-es-fernando-arturo-baez-guerrero-el-querellante-de-antonio-carbone\/","url_meta":{"origin":82320,"position":0},"title":"\u00bfQui\u00e9n es Fernando Arturo B\u00e1ez Guerrero, el querellante de Antonio Carbone?","author":"Nelson Feliz","date":"29 de agosto de 2024","format":false,"excerpt":"El empresario canadiense pide investigar c\u00f3mo B\u00e1ez Guerrero pas\u00f3 de ser acusador a due\u00f1o de parte de sus bienes. Asegura que recibi\u00f3 pago por veh\u00edculo quemado utilizado como prueba en su contra. El empresario canadiense Antonio Carbone solicit\u00f3 a las autoridades dominicanas iniciar una investigaci\u00f3n que determine bajo qu\u00e9 circunstancias\u2026","rel":"","context":"En \u00abNACIONALES\u00bb","block_context":{"text":"NACIONALES","link":"https:\/\/lasprimeras.com.do\/index.php\/category\/nacionales\/"},"img":{"alt_text":"Fernando Arturo B\u00e1ez Guerrero","src":"https:\/\/i0.wp.com\/lasprimeras.com.do\/wp-content\/uploads\/2024\/08\/Fernando-Arturo-Baez-Guerrero.jpg?resize=350%2C200&ssl=1","width":350,"height":200,"srcset":"https:\/\/i0.wp.com\/lasprimeras.com.do\/wp-content\/uploads\/2024\/08\/Fernando-Arturo-Baez-Guerrero.jpg?resize=350%2C200&ssl=1 1x, https:\/\/i0.wp.com\/lasprimeras.com.do\/wp-content\/uploads\/2024\/08\/Fernando-Arturo-Baez-Guerrero.jpg?resize=525%2C300&ssl=1 1.5x, https:\/\/i0.wp.com\/lasprimeras.com.do\/wp-content\/uploads\/2024\/08\/Fernando-Arturo-Baez-Guerrero.jpg?resize=700%2C400&ssl=1 2x"},"classes":[]},{"id":87078,"url":"https:\/\/lasprimeras.com.do\/index.php\/2024\/08\/07\/inversionista-extranjero-lleva-su-denuncia-de-violacion-ante-el-defensor-del-pueblo\/","url_meta":{"origin":82320,"position":1},"title":"Inversionista extranjero lleva su denuncia de violaci\u00f3n ante el Defensor del Pueblo","author":"Nelson Feliz","date":"7 de agosto de 2024","format":false,"excerpt":"Pablo Ulloa se compromete a investigar sobre incumplimiento de sentencia del TC. Por Martin Restituyo El empresario canadiense Antonio Carbone se reuni\u00f3 con el defensor del pueblo, Pablo Ulloa, a quien denunci\u00f3 la violaci\u00f3n de sus derechos al no ejecutarse dos sentencias que le favorecen. El encuentro se desarroll\u00f3 a\u2026","rel":"","context":"En \u00abNACIONALES\u00bb","block_context":{"text":"NACIONALES","link":"https:\/\/lasprimeras.com.do\/index.php\/category\/nacionales\/"},"img":{"alt_text":"Antonio Carbone","src":"https:\/\/i0.wp.com\/lasprimeras.com.do\/wp-content\/uploads\/2024\/04\/Antonio-Carbone-1.jpg?resize=350%2C200&ssl=1","width":350,"height":200,"srcset":"https:\/\/i0.wp.com\/lasprimeras.com.do\/wp-content\/uploads\/2024\/04\/Antonio-Carbone-1.jpg?resize=350%2C200&ssl=1 1x, https:\/\/i0.wp.com\/lasprimeras.com.do\/wp-content\/uploads\/2024\/04\/Antonio-Carbone-1.jpg?resize=525%2C300&ssl=1 1.5x, https:\/\/i0.wp.com\/lasprimeras.com.do\/wp-content\/uploads\/2024\/04\/Antonio-Carbone-1.jpg?resize=700%2C400&ssl=1 2x"},"classes":[]},{"id":81879,"url":"https:\/\/lasprimeras.com.do\/index.php\/2024\/04\/25\/aplazan-audiencia-amparo-interpuesta-por-empresario-canadiense-contra-la-pgr\/","url_meta":{"origin":82320,"position":2},"title":"Aplazan audiencia amparo interpuesta por empresario canadiense contra la PGR","author":"Nelson Feliz","date":"25 de abril de 2024","format":false,"excerpt":"Antonio Carbone denuncia violaci\u00f3n de derechos fundamentales contemplados en la Constituci\u00f3n. El juez C\u00e1mara Penal del Juzgado de Primera Instancia del Distrito Nacional, Franny Gonz\u00e1lez Castillo aplaz\u00f3 para el mi\u00e9rcoles primero de mayo del 2024, el conocimiento de la audiencia sobre acci\u00f3n de amparo interpuesta por el empresario canadiense, Antonio\u2026","rel":"","context":"En \u00abJUSTICIA\u00bb","block_context":{"text":"JUSTICIA","link":"https:\/\/lasprimeras.com.do\/index.php\/category\/justicia\/"},"img":{"alt_text":"Antonio Carbone","src":"https:\/\/i0.wp.com\/lasprimeras.com.do\/wp-content\/uploads\/2024\/04\/Antonio-Carbone-1.jpg?resize=350%2C200&ssl=1","width":350,"height":200,"srcset":"https:\/\/i0.wp.com\/lasprimeras.com.do\/wp-content\/uploads\/2024\/04\/Antonio-Carbone-1.jpg?resize=350%2C200&ssl=1 1x, https:\/\/i0.wp.com\/lasprimeras.com.do\/wp-content\/uploads\/2024\/04\/Antonio-Carbone-1.jpg?resize=525%2C300&ssl=1 1.5x, https:\/\/i0.wp.com\/lasprimeras.com.do\/wp-content\/uploads\/2024\/04\/Antonio-Carbone-1.jpg?resize=700%2C400&ssl=1 2x"},"classes":[]},{"id":82430,"url":"https:\/\/lasprimeras.com.do\/index.php\/2024\/05\/02\/aplazan-audiencia-interpuesta-por-empresario-canadiense-contra-pgr\/","url_meta":{"origin":82320,"position":3},"title":"Aplazan audiencia interpuesta por empresario canadiense contra PGR","author":"Nelson Feliz","date":"2 de mayo de 2024","format":false,"excerpt":"Ausencia del representante de la Fiscal\u00eda del Distrito Nacional motiv\u00f3 el aplazamiento\u00a0 El juez de la C\u00e1mara Penal del Juzgado de Primera Instancia del Distrito Nacional, Franny Gonz\u00e1lez Castillo, aplaz\u00f3 por segunda ocasi\u00f3n el conocimiento de la audiencia sobre acci\u00f3n de amparo interpuesta por el empresario canadiense Antonio Carbone contra\u2026","rel":"","context":"En \u00abJUSTICIA\u00bb","block_context":{"text":"JUSTICIA","link":"https:\/\/lasprimeras.com.do\/index.php\/category\/justicia\/"},"img":{"alt_text":"Antonio Carbone","src":"https:\/\/i0.wp.com\/lasprimeras.com.do\/wp-content\/uploads\/2024\/05\/Antonio-Carbone.jpg?resize=350%2C200&ssl=1","width":350,"height":200,"srcset":"https:\/\/i0.wp.com\/lasprimeras.com.do\/wp-content\/uploads\/2024\/05\/Antonio-Carbone.jpg?resize=350%2C200&ssl=1 1x, https:\/\/i0.wp.com\/lasprimeras.com.do\/wp-content\/uploads\/2024\/05\/Antonio-Carbone.jpg?resize=525%2C300&ssl=1 1.5x, https:\/\/i0.wp.com\/lasprimeras.com.do\/wp-content\/uploads\/2024\/05\/Antonio-Carbone.jpg?resize=700%2C400&ssl=1 2x"},"classes":[]},{"id":83480,"url":"https:\/\/lasprimeras.com.do\/index.php\/2024\/05\/17\/expediente-del-caso-calamar-evidencia-que-sergio-moya-gory-no-debe-ser-candidato-a-diputado\/","url_meta":{"origin":82320,"position":4},"title":"Expediente del caso Calamar evidencia que Sergio Moya (Gory) no debe ser candidato a diputado","author":"Nelson Feliz","date":"17 de mayo de 2024","format":false,"excerpt":"Pide al TSE fallar sobre acci\u00f3n interpuesta contra candidatura del legislador que busca reelecci\u00f3n. El inversionista extranjero Antonio Carbone afirm\u00f3 que el expediente del caso Calamar, en el que Sergio Moya (Gory) figura como el encargado de la red de cobros a bancas ilegales, es una muestra de que el\u2026","rel":"","context":"En \u00abNACIONALES\u00bb","block_context":{"text":"NACIONALES","link":"https:\/\/lasprimeras.com.do\/index.php\/category\/nacionales\/"},"img":{"alt_text":"Antonio Carbone","src":"https:\/\/i0.wp.com\/lasprimeras.com.do\/wp-content\/uploads\/2024\/05\/Antonio-Carbone-1.jpg?resize=350%2C200&ssl=1","width":350,"height":200,"srcset":"https:\/\/i0.wp.com\/lasprimeras.com.do\/wp-content\/uploads\/2024\/05\/Antonio-Carbone-1.jpg?resize=350%2C200&ssl=1 1x, https:\/\/i0.wp.com\/lasprimeras.com.do\/wp-content\/uploads\/2024\/05\/Antonio-Carbone-1.jpg?resize=525%2C300&ssl=1 1.5x, https:\/\/i0.wp.com\/lasprimeras.com.do\/wp-content\/uploads\/2024\/05\/Antonio-Carbone-1.jpg?resize=700%2C400&ssl=1 2x"},"classes":[]},{"id":81275,"url":"https:\/\/lasprimeras.com.do\/index.php\/2024\/04\/18\/empresario-canadiense-interpone-querella-contra-funcionarios-ex-funcionarios-y-legisladores-dominicanos\/","url_meta":{"origin":82320,"position":5},"title":"Empresario canadiense interpone querella contra funcionarios, ex funcionarios y legisladores dominicanos","author":"Nelson Feliz","date":"18 de abril de 2024","format":false,"excerpt":"Funcionarios, ex funcionarios y legisladores usaron artima\u00f1as para despojarlo de bienes ascendentes a m\u00e1s de $580 millones de d\u00f3lares en activos de negocios. Antonio Carbone interpuso la querella a trav\u00e9s de sus abogados Ysmael Molina Carrasco y Jafet Y. S\u00e1nchez Mercado. El empresario canadiense, Antonio Carbone, se querell\u00f3 ante la\u2026","rel":"","context":"En \u00abJUSTICIA\u00bb","block_context":{"text":"JUSTICIA","link":"https:\/\/lasprimeras.com.do\/index.php\/category\/justicia\/"},"img":{"alt_text":"Antonio Carbone","src":"https:\/\/i0.wp.com\/lasprimeras.com.do\/wp-content\/uploads\/2024\/04\/Antonio-Carbone.jpg?resize=350%2C200&ssl=1","width":350,"height":200,"srcset":"https:\/\/i0.wp.com\/lasprimeras.com.do\/wp-content\/uploads\/2024\/04\/Antonio-Carbone.jpg?resize=350%2C200&ssl=1 1x, https:\/\/i0.wp.com\/lasprimeras.com.do\/wp-content\/uploads\/2024\/04\/Antonio-Carbone.jpg?resize=525%2C300&ssl=1 1.5x, https:\/\/i0.wp.com\/lasprimeras.com.do\/wp-content\/uploads\/2024\/04\/Antonio-Carbone.jpg?resize=700%2C400&ssl=1 2x"},"classes":[]}],"jetpack_sharing_enabled":true,"_links":{"self":[{"href":"https:\/\/lasprimeras.com.do\/index.php\/wp-json\/wp\/v2\/posts\/82320","targetHints":{"allow":["GET"]}}],"collection":[{"href":"https:\/\/lasprimeras.com.do\/index.php\/wp-json\/wp\/v2\/posts"}],"about":[{"href":"https:\/\/lasprimeras.com.do\/index.php\/wp-json\/wp\/v2\/types\/post"}],"author":[{"embeddable":true,"href":"https:\/\/lasprimeras.com.do\/index.php\/wp-json\/wp\/v2\/users\/3"}],"replies":[{"embeddable":true,"href":"https:\/\/lasprimeras.com.do\/index.php\/wp-json\/wp\/v2\/comments?post=82320"}],"version-history":[{"count":1,"href":"https:\/\/lasprimeras.com.do\/index.php\/wp-json\/wp\/v2\/posts\/82320\/revisions"}],"predecessor-version":[{"id":82322,"href":"https:\/\/lasprimeras.com.do\/index.php\/wp-json\/wp\/v2\/posts\/82320\/revisions\/82322"}],"wp:featuredmedia":[{"embeddable":true,"href":"https:\/\/lasprimeras.com.do\/index.php\/wp-json\/wp\/v2\/media\/82321"}],"wp:attachment":[{"href":"https:\/\/lasprimeras.com.do\/index.php\/wp-json\/wp\/v2\/media?parent=82320"}],"wp:term":[{"taxonomy":"category","embeddable":true,"href":"https:\/\/lasprimeras.com.do\/index.php\/wp-json\/wp\/v2\/categories?post=82320"},{"taxonomy":"post_tag","embeddable":true,"href":"https:\/\/lasprimeras.com.do\/index.php\/wp-json\/wp\/v2\/tags?post=82320"}],"curies":[{"name":"wp","href":"https:\/\/api.w.org\/{rel}","templated":true}]}}