{"id":82326,"date":"2024-05-01T11:26:37","date_gmt":"2024-05-01T15:26:37","guid":{"rendered":"https:\/\/lasprimeras.com.do\/?p=82326"},"modified":"2024-05-01T11:26:39","modified_gmt":"2024-05-01T15:26:39","slug":"embajada-de-rd-en-brasil-impulsa-acuerdo-entre-ministerios-de-trabaja-de-rd-brasil","status":"publish","type":"post","link":"https:\/\/lasprimeras.com.do\/index.php\/2024\/05\/01\/embajada-de-rd-en-brasil-impulsa-acuerdo-entre-ministerios-de-trabaja-de-rd-brasil\/","title":{"rendered":"Embajada de RD en Brasil impulsa acuerdo entre ministerios de Trabaja de RD-Brasil"},"content":{"rendered":"\n<p>La embajada de la Rep\u00fablica Dominicana, en el d\u00eda del Trabajo y del Trabajador, anuncia la buena noticia de la pr\u00f3xima firma del MOU entre los Ministerio de Providencia Social y Ministerios de Trabajo de Brasil y Rep\u00fablica Dominicana, para proveer a los trabajadores emigrantes de ambos pa\u00edses respectivamente, las debidas garant\u00edas laborales y sociales.<\/p>\n\n\n\n<p>Para esto,la embajadora Patricia Villegas de Jorge encabez\u00f3 una reuni\u00f3n de trabajo junto al ministro de Trabajo y Empleo de la Rep\u00fablica Federativa del Brasil, Luiz Marinho, con el fin de procurar la cooperaci\u00f3n en la identificaci\u00f3n de oportunidades de empleo para los nacionales de ambos pa\u00edses, en cada uno de sus Estados, y que garantice el cumplimiento de las disposiciones del Convenio Multilateral Iberoamericano de Seguridad Social.<\/p>\n\n\n\n<p>Con esta gesti\u00f3n, se procura garantizar el acceso a la seguridad social, promover la igualdad de derechos y oportunidades de los trabajadores, y fortalecer la cooperaci\u00f3n en materia de protecci\u00f3n social entre nuestros pa\u00edses.<\/p>\n","protected":false},"excerpt":{"rendered":"<p>La embajada de la Rep\u00fablica Dominicana, en el d\u00eda del Trabajo y del Trabajador, anuncia la buena noticia de la pr\u00f3xima firma del MOU entre los Ministerio de Providencia Social&hellip;<\/p>\n","protected":false},"author":3,"featured_media":82327,"comment_status":"open","ping_status":"open","sticky":false,"template":"","format":"standard","meta":{"content-type":"","jetpack_post_was_ever_published":false,"_jetpack_newsletter_access":"","_jetpack_dont_email_post_to_subs":false,"_jetpack_newsletter_tier_id":0,"_jetpack_memberships_contains_paywalled_content":false,"_jetpack_memberships_contains_paid_content":false,"footnotes":""},"categories":[35],"tags":[1196],"class_list":["post-82326","post","type-post","status-publish","format-standard","has-post-thumbnail","hentry","category-nacionales","tag-embajada"],"jetpack_featured_media_url":"https:\/\/lasprimeras.com.do\/wp-content\/uploads\/2024\/05\/IMG-20240501-WA0019.jpg","jetpack-related-posts":[{"id":84112,"url":"https:\/\/lasprimeras.com.do\/index.php\/2024\/05\/30\/embajadora-dominicana-en-brasil-realiza-recorrido-en-la-terminal-de-autobuses-mochotran\/","url_meta":{"origin":82326,"position":0},"title":"Embajadora dominicana en Brasil realiza recorrido en la Terminal de Autobuses Mochotran","author":"Nelson Feliz","date":"30 de mayo de 2024","format":false,"excerpt":"La embajadora Dominicana en Brasil, Patricia Villegas de Jorge, realiz\u00f3 una visita de cortes\u00eda al Grupo de Transporte Mochotran, y junto al comit\u00e9 ejecutivo, encabezado por su presidente, Alfredo Pulinario \u2013Cambita-, realiz\u00f3 un recorrido por sus instalaciones. Durante el encuentro, la se\u00f1ora Villegas de Jorge y Pulinario, intercambiaron ideas sobre\u2026","rel":"","context":"En \u00abNACIONALES\u00bb","block_context":{"text":"NACIONALES","link":"https:\/\/lasprimeras.com.do\/index.php\/category\/nacionales\/"},"img":{"alt_text":"Patricia Villegas de Jorge vs Alfredo Pulinario \u2013Cambita-","src":"https:\/\/i0.wp.com\/lasprimeras.com.do\/wp-content\/uploads\/2024\/05\/Patricia-Villegas-de-Jorge-vs-Alfredo-Pulinario-%E2%80%93Cambita-1.jpg?resize=350%2C200&ssl=1","width":350,"height":200,"srcset":"https:\/\/i0.wp.com\/lasprimeras.com.do\/wp-content\/uploads\/2024\/05\/Patricia-Villegas-de-Jorge-vs-Alfredo-Pulinario-%E2%80%93Cambita-1.jpg?resize=350%2C200&ssl=1 1x, https:\/\/i0.wp.com\/lasprimeras.com.do\/wp-content\/uploads\/2024\/05\/Patricia-Villegas-de-Jorge-vs-Alfredo-Pulinario-%E2%80%93Cambita-1.jpg?resize=525%2C300&ssl=1 1.5x, https:\/\/i0.wp.com\/lasprimeras.com.do\/wp-content\/uploads\/2024\/05\/Patricia-Villegas-de-Jorge-vs-Alfredo-Pulinario-%E2%80%93Cambita-1.jpg?resize=700%2C400&ssl=1 2x"},"classes":[]},{"id":115542,"url":"https:\/\/lasprimeras.com.do\/index.php\/2025\/11\/23\/embajador-de-brasil-revela-nacion-es-tercer-mayor-inversionista-en-rd\/","url_meta":{"origin":82326,"position":1},"title":"Embajador de Brasil revela naci\u00f3n es tercer mayor inversionista en RD","author":"Nelson Feliz","date":"23 de noviembre de 2025","format":false,"excerpt":"Brasil, d\u00e9cima econom\u00eda del mundo con un PIB de US$2.18 billones en 2024 y una participaci\u00f3n en organismos como BRICS, G20 y Mercosur, present\u00f3 esta semana, a trav\u00e9s de su embajador en Rep\u00fablica Dominicana, un panorama actualizado del desempe\u00f1o econ\u00f3mico del pa\u00eds sudamericano y las oportunidades concretas para expandir el\u2026","rel":"","context":"En \u00abECONOM\u00cdA\u00bb","block_context":{"text":"ECONOM\u00cdA","link":"https:\/\/lasprimeras.com.do\/index.php\/category\/economia\/"},"img":{"alt_text":"","src":"https:\/\/i0.wp.com\/lasprimeras.com.do\/wp-content\/uploads\/2025\/11\/Embajador-de-Brasil-1.jpg?resize=350%2C200&ssl=1","width":350,"height":200,"srcset":"https:\/\/i0.wp.com\/lasprimeras.com.do\/wp-content\/uploads\/2025\/11\/Embajador-de-Brasil-1.jpg?resize=350%2C200&ssl=1 1x, https:\/\/i0.wp.com\/lasprimeras.com.do\/wp-content\/uploads\/2025\/11\/Embajador-de-Brasil-1.jpg?resize=525%2C300&ssl=1 1.5x, https:\/\/i0.wp.com\/lasprimeras.com.do\/wp-content\/uploads\/2025\/11\/Embajador-de-Brasil-1.jpg?resize=700%2C400&ssl=1 2x"},"classes":[]},{"id":52599,"url":"https:\/\/lasprimeras.com.do\/index.php\/2023\/06\/12\/embajador-de-brasil-afirma-paises-latinos-deben-unirse-por-su-crecimiento-integral\/","url_meta":{"origin":82326,"position":2},"title":"Embajador de Brasil afirma pa\u00edses latinos deben unirse por su crecimiento integral","author":"prenxa100","date":"12 de junio de 2023","format":false,"excerpt":"Para el embajador de Brasil en Rep\u00fablica Dominicana, Renan Paes Barreto, los pa\u00edses de Am\u00e9rica Latina deben unirse alrededor de una plataforma program\u00e1tica con la finalidad de propiciar el crecimiento socioecon\u00f3mico, impregnarle calidad a la educaci\u00f3n, consolidar un estado de derecho y fomentar el pleno desarrollo humano. Adem\u00e1s, del acuerdo,\u2026","rel":"","context":"En \u00abECONOM\u00cdA\u00bb","block_context":{"text":"ECONOM\u00cdA","link":"https:\/\/lasprimeras.com.do\/index.php\/category\/economia\/"},"img":{"alt_text":"","src":"https:\/\/i0.wp.com\/lasprimeras.com.do\/wp-content\/uploads\/2023\/06\/embajador-de-brasil-afirma-paises-latinos-deben-unirse-por-su-crecimiento-integral.jpg?resize=350%2C200&ssl=1","width":350,"height":200,"srcset":"https:\/\/i0.wp.com\/lasprimeras.com.do\/wp-content\/uploads\/2023\/06\/embajador-de-brasil-afirma-paises-latinos-deben-unirse-por-su-crecimiento-integral.jpg?resize=350%2C200&ssl=1 1x, https:\/\/i0.wp.com\/lasprimeras.com.do\/wp-content\/uploads\/2023\/06\/embajador-de-brasil-afirma-paises-latinos-deben-unirse-por-su-crecimiento-integral.jpg?resize=525%2C300&ssl=1 1.5x, https:\/\/i0.wp.com\/lasprimeras.com.do\/wp-content\/uploads\/2023\/06\/embajador-de-brasil-afirma-paises-latinos-deben-unirse-por-su-crecimiento-integral.jpg?resize=700%2C400&ssl=1 2x, https:\/\/i0.wp.com\/lasprimeras.com.do\/wp-content\/uploads\/2023\/06\/embajador-de-brasil-afirma-paises-latinos-deben-unirse-por-su-crecimiento-integral.jpg?resize=1050%2C600&ssl=1 3x"},"classes":[]},{"id":85609,"url":"https:\/\/lasprimeras.com.do\/index.php\/2024\/07\/03\/abinader-recibe-cartas-credenciales-de-siete-nuevos-embajadores\/","url_meta":{"origin":82326,"position":3},"title":"Abinader recibe cartas credenciales de siete nuevos embajadores","author":"Nelson Feliz","date":"3 de julio de 2024","format":false,"excerpt":"El presidente Luis Abinader, junto a la vicepresidenta Raquel Pe\u00f1a, recibi\u00f3 este mi\u00e9rcoles las cartas credenciales de siete nuevos embajadores. En el acto de entrega de cartas credenciales, tambi\u00e9n estuvo presente el viceministro para Asuntos de Pol\u00edtica Exterior Multilateral, Rub\u00e9n Sili\u00e9 en representaci\u00f3n del ministro de Relaciones Exteriores, Roberto \u00c1lvarez.\u2026","rel":"","context":"En \u00abNACIONALES\u00bb","block_context":{"text":"NACIONALES","link":"https:\/\/lasprimeras.com.do\/index.php\/category\/nacionales\/"},"img":{"alt_text":"","src":"https:\/\/i0.wp.com\/lasprimeras.com.do\/wp-content\/uploads\/2024\/07\/Luis-Abinader-1.jpg?resize=350%2C200&ssl=1","width":350,"height":200,"srcset":"https:\/\/i0.wp.com\/lasprimeras.com.do\/wp-content\/uploads\/2024\/07\/Luis-Abinader-1.jpg?resize=350%2C200&ssl=1 1x, https:\/\/i0.wp.com\/lasprimeras.com.do\/wp-content\/uploads\/2024\/07\/Luis-Abinader-1.jpg?resize=525%2C300&ssl=1 1.5x, https:\/\/i0.wp.com\/lasprimeras.com.do\/wp-content\/uploads\/2024\/07\/Luis-Abinader-1.jpg?resize=700%2C400&ssl=1 2x"},"classes":[]},{"id":52159,"url":"https:\/\/lasprimeras.com.do\/index.php\/2023\/06\/07\/policia-de-brasil-pone-en-marcha-curso-de-pilotaje-vehicular-policial-en-rd\/","url_meta":{"origin":82326,"position":4},"title":"Polic\u00eda de Brasil pone en marcha curso de pilotaje vehicular policial en RD","author":"prenxa100","date":"7 de junio de 2023","format":false,"excerpt":"Por Wilson P\u00e9rez La Polic\u00eda Nacional, en coordinaci\u00f3n de la Polic\u00eda Militar del Distrito Federal de Brasil, puso en marcha a trav\u00e9s del Instituto Policial de Educaci\u00f3n Superior (IPES), el \u201cCurso de pilotaje vehicular policial\u201d, con la participaci\u00f3n de 44 agentes quienes forman parte del primer grupo de miembros de\u2026","rel":"","context":"En \u00abMILITARES\u00bb","block_context":{"text":"MILITARES","link":"https:\/\/lasprimeras.com.do\/index.php\/category\/militares\/"},"img":{"alt_text":"","src":"","width":0,"height":0},"classes":[]},{"id":60558,"url":"https:\/\/lasprimeras.com.do\/index.php\/2023\/09\/15\/republica-dominicana-presenta-oportunidades-de-negocios-en-brasil\/","url_meta":{"origin":82326,"position":5},"title":"Rep\u00fablica Dominicana presenta oportunidades de negocios en Brasil","author":"Nelson Feliz","date":"15 de septiembre de 2023","format":false,"excerpt":"Inversi\u00f3n crece 308% y exportaciones dominicanas en 13.6% en 2022 La Directora Ejecutiva del Centro de Exportaci\u00f3n e Inversi\u00f3n de la Rep\u00fablica Dominicana (ProDominicana) Biviana Riveiro Disla present\u00f3 las oportunidades de negocios que posee la Rep\u00fablica Dominicana en todos los sectores estrat\u00e9gicos. Durante su disertaci\u00f3n para reconocer el esfuerzo de\u2026","rel":"","context":"En \u00abECONOM\u00cdA\u00bb","block_context":{"text":"ECONOM\u00cdA","link":"https:\/\/lasprimeras.com.do\/index.php\/category\/economia\/"},"img":{"alt_text":"Biviana Riveiro Disla Directora Ejecutiva de ProDominicana","src":"https:\/\/i0.wp.com\/lasprimeras.com.do\/wp-content\/uploads\/2023\/09\/Biviana-Riveiro-Disla-Directora-Ejecutiva-de-ProDominicana.jpg?resize=350%2C200&ssl=1","width":350,"height":200,"srcset":"https:\/\/i0.wp.com\/lasprimeras.com.do\/wp-content\/uploads\/2023\/09\/Biviana-Riveiro-Disla-Directora-Ejecutiva-de-ProDominicana.jpg?resize=350%2C200&ssl=1 1x, https:\/\/i0.wp.com\/lasprimeras.com.do\/wp-content\/uploads\/2023\/09\/Biviana-Riveiro-Disla-Directora-Ejecutiva-de-ProDominicana.jpg?resize=525%2C300&ssl=1 1.5x, https:\/\/i0.wp.com\/lasprimeras.com.do\/wp-content\/uploads\/2023\/09\/Biviana-Riveiro-Disla-Directora-Ejecutiva-de-ProDominicana.jpg?resize=700%2C400&ssl=1 2x"},"classes":[]}],"jetpack_sharing_enabled":true,"_links":{"self":[{"href":"https:\/\/lasprimeras.com.do\/index.php\/wp-json\/wp\/v2\/posts\/82326","targetHints":{"allow":["GET"]}}],"collection":[{"href":"https:\/\/lasprimeras.com.do\/index.php\/wp-json\/wp\/v2\/posts"}],"about":[{"href":"https:\/\/lasprimeras.com.do\/index.php\/wp-json\/wp\/v2\/types\/post"}],"author":[{"embeddable":true,"href":"https:\/\/lasprimeras.com.do\/index.php\/wp-json\/wp\/v2\/users\/3"}],"replies":[{"embeddable":true,"href":"https:\/\/lasprimeras.com.do\/index.php\/wp-json\/wp\/v2\/comments?post=82326"}],"version-history":[{"count":1,"href":"https:\/\/lasprimeras.com.do\/index.php\/wp-json\/wp\/v2\/posts\/82326\/revisions"}],"predecessor-version":[{"id":82328,"href":"https:\/\/lasprimeras.com.do\/index.php\/wp-json\/wp\/v2\/posts\/82326\/revisions\/82328"}],"wp:featuredmedia":[{"embeddable":true,"href":"https:\/\/lasprimeras.com.do\/index.php\/wp-json\/wp\/v2\/media\/82327"}],"wp:attachment":[{"href":"https:\/\/lasprimeras.com.do\/index.php\/wp-json\/wp\/v2\/media?parent=82326"}],"wp:term":[{"taxonomy":"category","embeddable":true,"href":"https:\/\/lasprimeras.com.do\/index.php\/wp-json\/wp\/v2\/categories?post=82326"},{"taxonomy":"post_tag","embeddable":true,"href":"https:\/\/lasprimeras.com.do\/index.php\/wp-json\/wp\/v2\/tags?post=82326"}],"curies":[{"name":"wp","href":"https:\/\/api.w.org\/{rel}","templated":true}]}}