{"id":82330,"date":"2024-05-01T12:56:29","date_gmt":"2024-05-01T16:56:29","guid":{"rendered":"https:\/\/lasprimeras.com.do\/?p=82330"},"modified":"2024-05-01T12:56:31","modified_gmt":"2024-05-01T16:56:31","slug":"encuesta-en-new-york-destapo-la-division-en-la-fuerza-del-pueblo","status":"publish","type":"post","link":"https:\/\/lasprimeras.com.do\/index.php\/2024\/05\/01\/encuesta-en-new-york-destapo-la-division-en-la-fuerza-del-pueblo\/","title":{"rendered":"Encuesta en New York destap\u00f3 la divisi\u00f3n en la Fuerza del Pueblo."},"content":{"rendered":"\n<p>RD.-El coordinador adjunto del comando de campa\u00f1a en New York, manifest\u00f3 su complacencia con el simulacro, al mismo tiempo que se\u00f1al\u00f3 la divisi\u00f3n existente en la direcci\u00f3n de la Fuerza del Pueblo, heridas que todav\u00eda no han cerrado entre el Dr Tallaj y Gregorio Morrobel.<\/p>\n\n\n\n<p>En cuanto al Partido Revolucionario Moderno manifest\u00f3 que los resultados que dan un porcentaje de 44% a Luis Abinader y 43% a Leonel, ha logrado un gran despertar en la dirigencia y militancia de ese partido.<\/p>\n\n\n\n<p>El dirigente pol\u00edtico Javier Fuentes dijo que ese porcentaje fue el producto de una gran ausencia provocada por el exceso de triunfalismo que se hab\u00eda acrecentando en toda la dirigencia y gran parte de su militancia y que ve\u00eda como un peligro.<\/p>\n\n\n\n<p>Puntualiz\u00f3 que lo bueno de estos resultados es que ha motivado y ha obligado a reconocer que hasta que la Junta Central Electoral no de el \u00faltimo bolet\u00edn tenemos que hacer el trabajo.<\/p>\n\n\n\n<p>\u201cNos hab\u00edamos dormido sin haber pasado el proceso electoral. Ya nos cre\u00edamos ganando, recordando el triunfalismo en las elecciones 1986 con Jacobo Majluta\u201d. Enfatiz\u00f3<\/p>\n\n\n\n<p>De igual forma plante\u00f3 que seguir\u00e1n con m\u00e1s intensidad las jornadas de capacitaci\u00f3n y adiestramiento t\u00e9cnico electoral para sacar a votar a cada miembro que est\u00e9 en el padr\u00f3n del partido y persuadir el voto de los ciudadanos a favor de la reelecci\u00f3n del Presidente Luis Abinader; sobre el entendimiento de que ning\u00fan otro presidente ha tra\u00eddo a la comunidad mejores programas sociales y proyectos ya realizados a favor de la dignidad humana como reconocimiento al valioso aporte que hacen los dominicanos del exterior.<\/p>\n\n\n\n<p>Anunci\u00f3, en nota de prensa enviada a la redacci\u00f3n de este medio, \u201cque en los pr\u00f3ximos d\u00edas ver\u00e1n la maquinaria electoral del PRM en las calles para cumplir con las metas establecidas de ganar en primera vuelta la candidatura presidencial y las tres diputaciones en ultramar de la circunscripci\u00f3n 1\u201d.<\/p>\n\n\n\n<p>En otro sentido expres\u00f3 que la direcci\u00f3n de la Fuerza del Pueblo no puede ganar porque est\u00e1 dividida despu\u00e9s del proceso de selecci\u00f3n de sus candidatos a diputados de ultramar y la \u201cAlianzaRescate Rd\u201d, aqu\u00ed; en New York no existe, algo que facilitar\u00e1 que los candidatos del PRM; Cirilo Moronta, Kenia Bido y Norberto Rodr\u00edguez, puedan ganar en las elecciones de este pr\u00f3ximo 19 de mayo.<\/p>\n\n\n\n<p>En ese mismo orden argument\u00f3 que todos sabemos que Danilo Medina es el primer enemigo del crecimiento de las candidaturas de Abel y Leonel y muestra de ello ha sido su \u00faltima declaraci\u00f3n llamando a la violencia sobre unas supuestas instalaciones de carpas en los colegios y recintos electorales, para \u201ccomprar el voto\u201d; declaraciones que caen en la subjetividad fantasiosa.<\/p>\n","protected":false},"excerpt":{"rendered":"<p>RD.-El coordinador adjunto del comando de campa\u00f1a en New York, manifest\u00f3 su complacencia con el simulacro, al mismo tiempo que se\u00f1al\u00f3 la divisi\u00f3n existente en la direcci\u00f3n de la Fuerza&hellip;<\/p>\n","protected":false},"author":3,"featured_media":82331,"comment_status":"open","ping_status":"open","sticky":false,"template":"","format":"standard","meta":{"content-type":"","jetpack_post_was_ever_published":false,"_jetpack_newsletter_access":"","_jetpack_dont_email_post_to_subs":false,"_jetpack_newsletter_tier_id":0,"_jetpack_memberships_contains_paywalled_content":false,"_jetpack_memberships_contains_paid_content":false,"footnotes":""},"categories":[1],"tags":[158],"class_list":["post-82330","post","type-post","status-publish","format-standard","has-post-thumbnail","hentry","category-sin-categoria","tag-fuerza-del-pueblo"],"jetpack_featured_media_url":"https:\/\/lasprimeras.com.do\/wp-content\/uploads\/2024\/05\/IMG-20240501-WA0027.jpg","jetpack-related-posts":[{"id":118233,"url":"https:\/\/lasprimeras.com.do\/index.php\/2025\/12\/24\/fp-en-new-york-celebra-fiesta-navidena-donde-reino-la-unidad-el-respeto-y-la-empatia\/","url_meta":{"origin":82330,"position":0},"title":"FP en New York celebra fiesta navide\u00f1a donde rein\u00f3 la unidad, el respeto y la empat\u00eda","author":"Nelson Feliz","date":"24 de diciembre de 2025","format":false,"excerpt":"El presidente de la Fuerza del Pueblo en Long Island, New York, Victor Acosta, pondera de muy exitosa la fiesta navidena realizada por la dirigencia de esta organizaci\u00f3n pol\u00edtica, donde rein\u00f3 la unidad y el compa\u00f1erismo de su militancia. El tambi\u00e9n miembro de la Direcci\u00f3n Central manifest\u00f3 que el amplio\u2026","rel":"","context":"En \u00abPOLITICA\u00bb","block_context":{"text":"POLITICA","link":"https:\/\/lasprimeras.com.do\/index.php\/category\/politica\/"},"img":{"alt_text":"","src":"https:\/\/i0.wp.com\/lasprimeras.com.do\/wp-content\/uploads\/2025\/12\/IMG-20251223-WA0300.jpg?resize=350%2C200&ssl=1","width":350,"height":200,"srcset":"https:\/\/i0.wp.com\/lasprimeras.com.do\/wp-content\/uploads\/2025\/12\/IMG-20251223-WA0300.jpg?resize=350%2C200&ssl=1 1x, https:\/\/i0.wp.com\/lasprimeras.com.do\/wp-content\/uploads\/2025\/12\/IMG-20251223-WA0300.jpg?resize=525%2C300&ssl=1 1.5x, https:\/\/i0.wp.com\/lasprimeras.com.do\/wp-content\/uploads\/2025\/12\/IMG-20251223-WA0300.jpg?resize=700%2C400&ssl=1 2x, https:\/\/i0.wp.com\/lasprimeras.com.do\/wp-content\/uploads\/2025\/12\/IMG-20251223-WA0300.jpg?resize=1050%2C600&ssl=1 3x, https:\/\/i0.wp.com\/lasprimeras.com.do\/wp-content\/uploads\/2025\/12\/IMG-20251223-WA0300.jpg?resize=1400%2C800&ssl=1 4x"},"classes":[]},{"id":99458,"url":"https:\/\/lasprimeras.com.do\/index.php\/2025\/05\/21\/comision-nacional-electoral-de-la-fp-inicia-desde-new-york-ciclo-de-asambleas\/","url_meta":{"origin":82330,"position":1},"title":"Comisi\u00f3n Nacional Electoral de la FP inicia desde New York ciclo de asambleas","author":"Nelson Feliz","date":"21 de mayo de 2025","format":false,"excerpt":"El proceso forma parte del Congreso Nacional Elector \u201cDr. Manolo Tav\u00e1rez Justo\u201d y busca fortalecer la cohesi\u00f3n partidaria de cara al 2028. New York, EE. UU. \u2013 La Comisi\u00f3n Nacional Electoral del partido Fuerza del Pueblo (FP) puso en marcha desde la ciudad de New York un amplio ciclo de\u2026","rel":"","context":"En \u00abPOLITICA\u00bb","block_context":{"text":"POLITICA","link":"https:\/\/lasprimeras.com.do\/index.php\/category\/politica\/"},"img":{"alt_text":"","src":"https:\/\/i0.wp.com\/lasprimeras.com.do\/wp-content\/uploads\/2025\/05\/FP-1.jpg?resize=350%2C200&ssl=1","width":350,"height":200,"srcset":"https:\/\/i0.wp.com\/lasprimeras.com.do\/wp-content\/uploads\/2025\/05\/FP-1.jpg?resize=350%2C200&ssl=1 1x, https:\/\/i0.wp.com\/lasprimeras.com.do\/wp-content\/uploads\/2025\/05\/FP-1.jpg?resize=525%2C300&ssl=1 1.5x, https:\/\/i0.wp.com\/lasprimeras.com.do\/wp-content\/uploads\/2025\/05\/FP-1.jpg?resize=700%2C400&ssl=1 2x"},"classes":[]},{"id":99074,"url":"https:\/\/lasprimeras.com.do\/index.php\/2025\/05\/17\/johnny-pujols-en-nueva-york-el-pld-se-reorganiza-para-acompanar-al-pueblo-en-sus-luchas\/","url_meta":{"origin":82330,"position":2},"title":"Johnny Pujols en Nueva York: \u201cEl PLD se reorganiza para acompa\u00f1ar al pueblo en sus luchas\u201d","author":"Nelson Feliz","date":"17 de mayo de 2025","format":false,"excerpt":"El Secretario General del Partido de la Liberaci\u00f3n Dominicana (PLD), Johnny Pujols, explic\u00f3, que la organizaci\u00f3n pol\u00edtica impulsa su nueva l\u00ednea organizativa y electoral para seguir acompa\u00f1ando al pueblo dominicano en la denuncia del deterioro y retroceso de pol\u00edticas p\u00fablicas fundamentales. Pujols explic\u00f3 a los periodistas dominicanos y de otros\u2026","rel":"","context":"En \u00abPOLITICA\u00bb","block_context":{"text":"POLITICA","link":"https:\/\/lasprimeras.com.do\/index.php\/category\/politica\/"},"img":{"alt_text":"","src":"https:\/\/i0.wp.com\/lasprimeras.com.do\/wp-content\/uploads\/2025\/05\/RdP-NY.jpg?resize=350%2C200&ssl=1","width":350,"height":200,"srcset":"https:\/\/i0.wp.com\/lasprimeras.com.do\/wp-content\/uploads\/2025\/05\/RdP-NY.jpg?resize=350%2C200&ssl=1 1x, https:\/\/i0.wp.com\/lasprimeras.com.do\/wp-content\/uploads\/2025\/05\/RdP-NY.jpg?resize=525%2C300&ssl=1 1.5x, https:\/\/i0.wp.com\/lasprimeras.com.do\/wp-content\/uploads\/2025\/05\/RdP-NY.jpg?resize=700%2C400&ssl=1 2x"},"classes":[]},{"id":57649,"url":"https:\/\/lasprimeras.com.do\/index.php\/2023\/08\/14\/fp-y-la-comunidad-dominicana-noquean-por-segunda-vez-al-prm-en-ny\/","url_meta":{"origin":82330,"position":3},"title":"FP y la comunidad dominicana noquean por segunda vez al PRM en NY","author":"Nelson Feliz","date":"14 de agosto de 2023","format":false,"excerpt":"Su participaci\u00f3n en la Parada Dominicana en New York fue contundente. El Partido Fuerza del Pueblo, Circunscripci\u00f3n # 1 del Exterior, hizo su gran debut en La Parada Dominicana de New York, la mayor manifestaci\u00f3n art\u00edstica y cultural de las comunidades dominicanas residente en el exterior. Fuerza del Pueblo, luci\u00f3\u2026","rel":"","context":"En \u00abPORTADA\u00bb","block_context":{"text":"PORTADA","link":"https:\/\/lasprimeras.com.do\/index.php\/category\/portada\/"},"img":{"alt_text":"Fuerza del Pueblo","src":"https:\/\/i0.wp.com\/lasprimeras.com.do\/wp-content\/uploads\/2023\/08\/Fuerza-del-Pueblo-1.jpg?resize=350%2C200&ssl=1","width":350,"height":200,"srcset":"https:\/\/i0.wp.com\/lasprimeras.com.do\/wp-content\/uploads\/2023\/08\/Fuerza-del-Pueblo-1.jpg?resize=350%2C200&ssl=1 1x, https:\/\/i0.wp.com\/lasprimeras.com.do\/wp-content\/uploads\/2023\/08\/Fuerza-del-Pueblo-1.jpg?resize=525%2C300&ssl=1 1.5x, https:\/\/i0.wp.com\/lasprimeras.com.do\/wp-content\/uploads\/2023\/08\/Fuerza-del-Pueblo-1.jpg?resize=700%2C400&ssl=1 2x"},"classes":[]},{"id":107477,"url":"https:\/\/lasprimeras.com.do\/index.php\/2025\/08\/27\/gustavo-sanchez-denuncia-asedio-a-dirigentes-del-pld-por-parte-de-la-fuerza-del-pueblo\/","url_meta":{"origin":82330,"position":4},"title":"Gustavo S\u00e1nchez denuncia asedio a dirigentes del PLD por parte de la Fuerza del Pueblo","author":"Nelson Feliz","date":"27 de agosto de 2025","format":false,"excerpt":"Vocero de la bancada del PLD en la C\u00e1mara de Diputados responsabiliza a Radham\u00e9s Jim\u00e9nez, de la FP, de asediar a miembros y simpatizantes pelede\u00edstas. El vocero del Bloque de Diputados del Partido de la Liberaci\u00f3n Dominicana, Gustavo S\u00e1nchez, denunci\u00f3 que dirigentes, miembros y simpatizantes de esa organizaci\u00f3n pol\u00edtica son\u2026","rel":"","context":"En \u00abPOLITICA\u00bb","block_context":{"text":"POLITICA","link":"https:\/\/lasprimeras.com.do\/index.php\/category\/politica\/"},"img":{"alt_text":"Gustavo S\u00e1nchez","src":"https:\/\/i0.wp.com\/lasprimeras.com.do\/wp-content\/uploads\/2025\/08\/Gustavo-Sanchez-1.jpg?resize=350%2C200&ssl=1","width":350,"height":200,"srcset":"https:\/\/i0.wp.com\/lasprimeras.com.do\/wp-content\/uploads\/2025\/08\/Gustavo-Sanchez-1.jpg?resize=350%2C200&ssl=1 1x, https:\/\/i0.wp.com\/lasprimeras.com.do\/wp-content\/uploads\/2025\/08\/Gustavo-Sanchez-1.jpg?resize=525%2C300&ssl=1 1.5x, https:\/\/i0.wp.com\/lasprimeras.com.do\/wp-content\/uploads\/2025\/08\/Gustavo-Sanchez-1.jpg?resize=700%2C400&ssl=1 2x"},"classes":[]},{"id":66889,"url":"https:\/\/lasprimeras.com.do\/index.php\/2023\/11\/10\/presidente-de-la-fp-de-long-island-exhorta-a-dirigentes-por-la-victoria-electoral-en-2024\/","url_meta":{"origin":82330,"position":5},"title":"Presidente de la FP de Long Island exhorta a dirigentes por la victoria electoral en 2024","author":"Nelson Feliz","date":"10 de noviembre de 2023","format":false,"excerpt":"NUEVA YORK.- El presidente de la Fuerza del Pueblo del condado de Long Island, V\u00edctor Acosta, hace un llamado a todos los dirigentes del exterior, principalmente los del estado de New York, a trabajar sin descanso para la victoria electoral que les espera el a\u00f1o que viene en los comicios\u2026","rel":"","context":"En \u00abPORTADA\u00bb","block_context":{"text":"PORTADA","link":"https:\/\/lasprimeras.com.do\/index.php\/category\/portada\/"},"img":{"alt_text":"V\u00edctor Acosta","src":"https:\/\/i0.wp.com\/lasprimeras.com.do\/wp-content\/uploads\/2023\/11\/WhatsApp-Image-2023-11-10-at-9.44.02-AM.jpeg?resize=350%2C200&ssl=1","width":350,"height":200,"srcset":"https:\/\/i0.wp.com\/lasprimeras.com.do\/wp-content\/uploads\/2023\/11\/WhatsApp-Image-2023-11-10-at-9.44.02-AM.jpeg?resize=350%2C200&ssl=1 1x, https:\/\/i0.wp.com\/lasprimeras.com.do\/wp-content\/uploads\/2023\/11\/WhatsApp-Image-2023-11-10-at-9.44.02-AM.jpeg?resize=525%2C300&ssl=1 1.5x"},"classes":[]}],"jetpack_sharing_enabled":true,"_links":{"self":[{"href":"https:\/\/lasprimeras.com.do\/index.php\/wp-json\/wp\/v2\/posts\/82330","targetHints":{"allow":["GET"]}}],"collection":[{"href":"https:\/\/lasprimeras.com.do\/index.php\/wp-json\/wp\/v2\/posts"}],"about":[{"href":"https:\/\/lasprimeras.com.do\/index.php\/wp-json\/wp\/v2\/types\/post"}],"author":[{"embeddable":true,"href":"https:\/\/lasprimeras.com.do\/index.php\/wp-json\/wp\/v2\/users\/3"}],"replies":[{"embeddable":true,"href":"https:\/\/lasprimeras.com.do\/index.php\/wp-json\/wp\/v2\/comments?post=82330"}],"version-history":[{"count":1,"href":"https:\/\/lasprimeras.com.do\/index.php\/wp-json\/wp\/v2\/posts\/82330\/revisions"}],"predecessor-version":[{"id":82332,"href":"https:\/\/lasprimeras.com.do\/index.php\/wp-json\/wp\/v2\/posts\/82330\/revisions\/82332"}],"wp:featuredmedia":[{"embeddable":true,"href":"https:\/\/lasprimeras.com.do\/index.php\/wp-json\/wp\/v2\/media\/82331"}],"wp:attachment":[{"href":"https:\/\/lasprimeras.com.do\/index.php\/wp-json\/wp\/v2\/media?parent=82330"}],"wp:term":[{"taxonomy":"category","embeddable":true,"href":"https:\/\/lasprimeras.com.do\/index.php\/wp-json\/wp\/v2\/categories?post=82330"},{"taxonomy":"post_tag","embeddable":true,"href":"https:\/\/lasprimeras.com.do\/index.php\/wp-json\/wp\/v2\/tags?post=82330"}],"curies":[{"name":"wp","href":"https:\/\/api.w.org\/{rel}","templated":true}]}}