{"id":82333,"date":"2024-05-01T12:58:37","date_gmt":"2024-05-01T16:58:37","guid":{"rendered":"https:\/\/lasprimeras.com.do\/?p=82333"},"modified":"2024-05-01T12:58:39","modified_gmt":"2024-05-01T16:58:39","slug":"jueces-del-tc-y-senadores-coordinan-acciones-para-proximas-jornadas-formativas","status":"publish","type":"post","link":"https:\/\/lasprimeras.com.do\/index.php\/2024\/05\/01\/jueces-del-tc-y-senadores-coordinan-acciones-para-proximas-jornadas-formativas\/","title":{"rendered":"Jueces del TC y senadores coordinan acciones para pr\u00f3ximas jornadas formativas"},"content":{"rendered":"\n<p>SANTO DOMINGO. El presidente del Tribunal Constitucional (TC), magistrado Napole\u00f3n R. Est\u00e9vez Lavandier, y su hom\u00f3logo del Senado de la Rep\u00fablica, Ricardo de los Santos, encabezaron una reuni\u00f3n de trabajo con el prop\u00f3sito de coordinar las pr\u00f3ximas acciones a realizar como parte del acuerdo suscrito para desarrollar proyectos de capacitaci\u00f3n sobre la Constituci\u00f3n y las \u00e1reas de derecho constitucional y jurisprudencial.<\/p>\n\n\n\n<p>En el encuentro participaron los magistrados Manuel Ulises Bonnelly Vega, coordinador del Centro de Estudios Constitucionales (CEC) y Army Ferreira, enlace entre esta alta corte y el Senado, as\u00ed como los senadores Melania Salvador Jim\u00e9nez, Milc\u00edades Franjul Pimentel, Alexis Victoria Yeb, Jos\u00e9 del Castillo Savi\u00f1\u00f3n, Franklin Rodr\u00edguez y Dionis S\u00e1nchez, acompa\u00f1ados por directores de ambas entidades.<\/p>\n\n\n\n<p>Al iniciar la reuni\u00f3n, el magistrado Est\u00e9vez Lavandier indic\u00f3 que este tipo de acuerdos para llevar a cabo jornadas acad\u00e9micas tienen gran importancia debido a que el TC no puede verse exclusivamente como un legislador negativo.<\/p>\n\n\n\n<p>\u00abNo siempre el Tribunal Constitucional tiene que buscar la forma de anular, sino que tambi\u00e9n tiene que buscar f\u00f3rmulas en las que tenga una actividad preventiva\u00bb, expuso al tiempo de resaltar que los intereses de ambas instituciones son \u00fanicamente de Estado.<\/p>\n\n\n\n<p>El magistrado presidente destac\u00f3, adem\u00e1s, que los encuentros formativos aportan valiosos conocimientos en el \u00e1rea jur\u00eddica e institucional del pa\u00eds.<\/p>\n\n\n\n<p>El presidente del Senado Ricardo de los Santos, expres\u00f3 su satisfacci\u00f3n por los resultados de esta colaboraci\u00f3n entre ambas instituciones, destacando conferencias, paneles y actividades para ense\u00f1ar los valores c\u00edvicos y constitucionales a los ni\u00f1os, as\u00ed como otras iniciativas pautadas para realizarse pr\u00f3ximamente.<\/p>\n\n\n\n<p>Asimismo, precis\u00f3 que como legisladores est\u00e1n sacando el m\u00e1ximo provecho a las sentencias exhortativas dictadas por el Tribunal Constitucional para elaborar proyectos en provecho de la sociedad.<br>\u00abSomos dos poderes independientes, pero al final tenemos que trabajar de la mano\u00bb, manifest\u00f3.<\/p>\n\n\n\n<p>De su lado, el magistrado Bonnelly Vega afirm\u00f3 que desde el Centro de Estudios Constitucionales (CEC) est\u00e1n dispuestos a colaborar con los programas formativos y cumplir con su misi\u00f3n de promover la ense\u00f1anza de la Constituci\u00f3n.<\/p>\n\n\n\n<p>La magistrada Ferreira, enlace entre esta alta corte y el Senado, resalt\u00f3 que la idea es trabajar para beneficiar a los ciudadanos, teniendo en cuenta que el \u00fanico protagonista es el pa\u00eds.<\/p>\n\n\n\n<p>En ese sentido present\u00f3 sugerencias para realizar las jornadas formativas de una manera m\u00e1s din\u00e1mica.<\/p>\n\n\n\n<p>Durante la reuni\u00f3n de trabajo, se discutieron los detalles del segundo encuentro formativo entre ambas instituciones y se acord\u00f3 institucionalizar que los mismos se realicen en noviembre de cada a\u00f1o, Mes de la Constituci\u00f3n, y que se invite a todos los integrantes del Congreso Nacional<\/p>\n\n\n\n<p>Estuvieron presentes Christian Cuello, Heidy Berroa y Mayra Cabral, titulares de la Direcci\u00f3n General T\u00e9cnica, la Direcci\u00f3n de Relaciones Internacionales e Interinstitucionales y el Centro de Estudios Constitucionales, respectivamente.<\/p>\n\n\n\n<p>Por parte del Senado estuvieron Alejandro Pe\u00f1a, consultor jur\u00eddico; Sonya Uribe, directora de Gesti\u00f3n Humana; \u2060Yannery Paulino, directora de Comunicaciones y \u2060Wardelin V\u00e1squez, directora administrativa.<br>Al final, el Senado entreg\u00f3 a los presentes el libro que recoge las actividades desarrolladas durante el primer encuentro formativo, realizado en noviembre pasado.<\/p>\n","protected":false},"excerpt":{"rendered":"<p>SANTO DOMINGO. El presidente del Tribunal Constitucional (TC), magistrado Napole\u00f3n R. Est\u00e9vez Lavandier, y su hom\u00f3logo del Senado de la Rep\u00fablica, Ricardo de los Santos, encabezaron una reuni\u00f3n de trabajo&hellip;<\/p>\n","protected":false},"author":3,"featured_media":82334,"comment_status":"open","ping_status":"open","sticky":false,"template":"","format":"standard","meta":{"content-type":"","jetpack_post_was_ever_published":false,"_jetpack_newsletter_access":"","_jetpack_dont_email_post_to_subs":false,"_jetpack_newsletter_tier_id":0,"_jetpack_memberships_contains_paywalled_content":false,"_jetpack_memberships_contains_paid_content":false,"footnotes":""},"categories":[35],"tags":[1699],"class_list":["post-82333","post","type-post","status-publish","format-standard","has-post-thumbnail","hentry","category-nacionales","tag-tc"],"jetpack_featured_media_url":"https:\/\/lasprimeras.com.do\/wp-content\/uploads\/2024\/05\/IMG-20240501-WA0028.jpg","jetpack-related-posts":[{"id":88932,"url":"https:\/\/lasprimeras.com.do\/index.php\/2024\/09\/10\/senado-y-tc-inauguran-diplomado-en-derecho-y-procedimientos-constitucionales\/","url_meta":{"origin":82333,"position":0},"title":"Senado y TC inauguran Diplomado en Derecho y Procedimientos Constitucionales","author":"Nelson Feliz","date":"10 de septiembre de 2024","format":false,"excerpt":"Ricardo de los Santos reconoce el deber que tienen legisladores de garantizar que las leyes que se aprueben en el Congreso respeten y fortalezcan los principios constitucionales Los presidentes del Senado, Ricardo de los Santos, y el magistrado Napole\u00f3n Est\u00e9vez Lavandier, del Tribunal Constitucional, encabezaron la apertura del diplomado en\u2026","rel":"","context":"En \u00abNACIONALES\u00bb","block_context":{"text":"NACIONALES","link":"https:\/\/lasprimeras.com.do\/index.php\/category\/nacionales\/"},"img":{"alt_text":"","src":"https:\/\/i0.wp.com\/lasprimeras.com.do\/wp-content\/uploads\/2024\/09\/Ricardo-de-los-Santos-1.jpg?resize=350%2C200&ssl=1","width":350,"height":200,"srcset":"https:\/\/i0.wp.com\/lasprimeras.com.do\/wp-content\/uploads\/2024\/09\/Ricardo-de-los-Santos-1.jpg?resize=350%2C200&ssl=1 1x, https:\/\/i0.wp.com\/lasprimeras.com.do\/wp-content\/uploads\/2024\/09\/Ricardo-de-los-Santos-1.jpg?resize=525%2C300&ssl=1 1.5x, https:\/\/i0.wp.com\/lasprimeras.com.do\/wp-content\/uploads\/2024\/09\/Ricardo-de-los-Santos-1.jpg?resize=700%2C400&ssl=1 2x"},"classes":[]},{"id":68400,"url":"https:\/\/lasprimeras.com.do\/index.php\/2023\/11\/23\/senado-y-tc-realizan-encuentro-academico-y-reafirman-compromiso-con-carta-magna\/","url_meta":{"origin":82333,"position":1},"title":"Senado y TC realizan encuentro acad\u00e9mico y reafirman compromiso con Carta Magna","author":"Nelson Feliz","date":"23 de noviembre de 2023","format":false,"excerpt":"Por Martin Restituyo El Senado de la Rep\u00fablica y el Tribunal Constitucional (TC) realizaron este jueves su primer encuentro formativo como parte del compromiso asumido para desarrollar proyectos de docencia y capacitaci\u00f3n sobre la Constituci\u00f3n y las \u00e1reas de derecho constitucional y jurisprudencial. La actividad la encabezaron el presidente del\u2026","rel":"","context":"En \u00abNACIONALES\u00bb","block_context":{"text":"NACIONALES","link":"https:\/\/lasprimeras.com.do\/index.php\/category\/nacionales\/"},"img":{"alt_text":"SENADO","src":"https:\/\/i0.wp.com\/lasprimeras.com.do\/wp-content\/uploads\/2023\/11\/SENADO-1-1.jpg?resize=350%2C200&ssl=1","width":350,"height":200,"srcset":"https:\/\/i0.wp.com\/lasprimeras.com.do\/wp-content\/uploads\/2023\/11\/SENADO-1-1.jpg?resize=350%2C200&ssl=1 1x, https:\/\/i0.wp.com\/lasprimeras.com.do\/wp-content\/uploads\/2023\/11\/SENADO-1-1.jpg?resize=525%2C300&ssl=1 1.5x, https:\/\/i0.wp.com\/lasprimeras.com.do\/wp-content\/uploads\/2023\/11\/SENADO-1-1.jpg?resize=700%2C400&ssl=1 2x"},"classes":[]},{"id":109834,"url":"https:\/\/lasprimeras.com.do\/index.php\/2025\/09\/22\/senado-de-la-republica-y-tc-suscriben-acuerdo-de-cooperacion-interinstitucional\/","url_meta":{"origin":82333,"position":2},"title":"Senado de la Rep\u00fablica y TC suscriben acuerdo de cooperaci\u00f3n interinstitucional","author":"Nelson Feliz","date":"22 de septiembre de 2025","format":false,"excerpt":"El Senado de la Rep\u00fablica y el Tribunal Constitucional (TC) ratificaron este lunes un acuerdo marco de cooperaci\u00f3n interinstitucional, a trav\u00e9s del cual acordaron continuar uniendo esfuerzo con la finalidad de desarrollar proyectos de docencia, investigaci\u00f3n e intercambio de capacitaci\u00f3n. Con el convenio, suscrito por el presidente de la C\u00e1mara\u2026","rel":"","context":"En \u00abNACIONALES\u00bb","block_context":{"text":"NACIONALES","link":"https:\/\/lasprimeras.com.do\/index.php\/category\/nacionales\/"},"img":{"alt_text":"","src":"https:\/\/i0.wp.com\/lasprimeras.com.do\/wp-content\/uploads\/2025\/09\/acuerdo.jpg?resize=350%2C200&ssl=1","width":350,"height":200,"srcset":"https:\/\/i0.wp.com\/lasprimeras.com.do\/wp-content\/uploads\/2025\/09\/acuerdo.jpg?resize=350%2C200&ssl=1 1x, https:\/\/i0.wp.com\/lasprimeras.com.do\/wp-content\/uploads\/2025\/09\/acuerdo.jpg?resize=525%2C300&ssl=1 1.5x, https:\/\/i0.wp.com\/lasprimeras.com.do\/wp-content\/uploads\/2025\/09\/acuerdo.jpg?resize=700%2C400&ssl=1 2x"},"classes":[]},{"id":60068,"url":"https:\/\/lasprimeras.com.do\/index.php\/2023\/09\/10\/tc-realizara-feria-constitucional-internacional-sobre-la-familia-y-la-igualdad\/","url_meta":{"origin":82333,"position":3},"title":"TC realizar\u00e1 Feria Constitucional Internacional sobre la Familia y la Igualdad","author":"Nelson Feliz","date":"10 de septiembre de 2023","format":false,"excerpt":"El Tribunal Constitucional (TC) realizar\u00e1 la Feria Constitucional Internacional sobre la Familia y la Igualdad, un evento que se llevar\u00e1 a cabo los d\u00edas 28 y 29 de septiembre en el marco del D\u00eda Nacional de los Derechos de la Ni\u00f1ez y en el que se desarrollar\u00e1n actividades formativas para\u2026","rel":"","context":"En \u00abNACIONALES\u00bb","block_context":{"text":"NACIONALES","link":"https:\/\/lasprimeras.com.do\/index.php\/category\/nacionales\/"},"img":{"alt_text":"Tribunal Constitucional","src":"https:\/\/i0.wp.com\/lasprimeras.com.do\/wp-content\/uploads\/2023\/09\/Tribunal-Constitucional.jpg?resize=350%2C200&ssl=1","width":350,"height":200,"srcset":"https:\/\/i0.wp.com\/lasprimeras.com.do\/wp-content\/uploads\/2023\/09\/Tribunal-Constitucional.jpg?resize=350%2C200&ssl=1 1x, https:\/\/i0.wp.com\/lasprimeras.com.do\/wp-content\/uploads\/2023\/09\/Tribunal-Constitucional.jpg?resize=525%2C300&ssl=1 1.5x, https:\/\/i0.wp.com\/lasprimeras.com.do\/wp-content\/uploads\/2023\/09\/Tribunal-Constitucional.jpg?resize=700%2C400&ssl=1 2x"},"classes":[]},{"id":60488,"url":"https:\/\/lasprimeras.com.do\/index.php\/2023\/09\/14\/senado-y-el-tc-firman-acuerdo-de-cooperacion-interinstitucional\/","url_meta":{"origin":82333,"position":4},"title":"Senado y el TC firman acuerdo de cooperaci\u00f3n interinstitucional","author":"Nelson Feliz","date":"14 de septiembre de 2023","format":false,"excerpt":"Los presidentes de ambas entidades, Ricardo De los Santos, y Milton Ray Guevara, acordaron elaborar una estrategia basada en temas puntuales para desarrollarlas de manera conjunta. El Senado de la Rep\u00fablica Dominicana y el Tribunal Constitucional (TC) acordaron establecer v\u00ednculos de cooperaci\u00f3n interinstitucional para desarrollar iniciativas dentro del marco de\u2026","rel":"","context":"En \u00abNACIONALES\u00bb","block_context":{"text":"NACIONALES","link":"https:\/\/lasprimeras.com.do\/index.php\/category\/nacionales\/"},"img":{"alt_text":"ACUERDO SENADO","src":"https:\/\/i0.wp.com\/lasprimeras.com.do\/wp-content\/uploads\/2023\/09\/FIRMA-ACUERDO-SENADO-4.jpg?resize=350%2C200&ssl=1","width":350,"height":200,"srcset":"https:\/\/i0.wp.com\/lasprimeras.com.do\/wp-content\/uploads\/2023\/09\/FIRMA-ACUERDO-SENADO-4.jpg?resize=350%2C200&ssl=1 1x, https:\/\/i0.wp.com\/lasprimeras.com.do\/wp-content\/uploads\/2023\/09\/FIRMA-ACUERDO-SENADO-4.jpg?resize=525%2C300&ssl=1 1.5x, https:\/\/i0.wp.com\/lasprimeras.com.do\/wp-content\/uploads\/2023\/09\/FIRMA-ACUERDO-SENADO-4.jpg?resize=700%2C400&ssl=1 2x"},"classes":[]},{"id":70112,"url":"https:\/\/lasprimeras.com.do\/index.php\/2023\/12\/08\/faride-espera-titulares-de-cnm-elijan-mujeres-para-cargos-de-jueces-del-tc\/","url_meta":{"origin":82333,"position":5},"title":"Faride espera titulares de CNM elijan mujeres para cargos de jueces del TC","author":"BIMARY DE JES\u00daS Matos","date":"8 de diciembre de 2023","format":false,"excerpt":"Santo Domingo.-La senadora por el Distrito Nacional, Faride Raful, expres\u00f3 que desea que en la selecci\u00f3n de los nuevos jueces del Tribunal Constitucional (TC) sean tomadas en cuenta mujeres que hayan demostrado en sus aspiraciones la capacidad para este cargo. \u201cEsperamos que en la selecci\u00f3n de los miembros del TC,\u2026","rel":"","context":"En \u00abPORTADA\u00bb","block_context":{"text":"PORTADA","link":"https:\/\/lasprimeras.com.do\/index.php\/category\/portada\/"},"img":{"alt_text":"","src":"https:\/\/i0.wp.com\/lasprimeras.com.do\/wp-content\/uploads\/2023\/12\/407687961_18403296082008455_1909368182557485689_n.jpg?resize=350%2C200&ssl=1","width":350,"height":200,"srcset":"https:\/\/i0.wp.com\/lasprimeras.com.do\/wp-content\/uploads\/2023\/12\/407687961_18403296082008455_1909368182557485689_n.jpg?resize=350%2C200&ssl=1 1x, https:\/\/i0.wp.com\/lasprimeras.com.do\/wp-content\/uploads\/2023\/12\/407687961_18403296082008455_1909368182557485689_n.jpg?resize=525%2C300&ssl=1 1.5x"},"classes":[]}],"jetpack_sharing_enabled":true,"_links":{"self":[{"href":"https:\/\/lasprimeras.com.do\/index.php\/wp-json\/wp\/v2\/posts\/82333","targetHints":{"allow":["GET"]}}],"collection":[{"href":"https:\/\/lasprimeras.com.do\/index.php\/wp-json\/wp\/v2\/posts"}],"about":[{"href":"https:\/\/lasprimeras.com.do\/index.php\/wp-json\/wp\/v2\/types\/post"}],"author":[{"embeddable":true,"href":"https:\/\/lasprimeras.com.do\/index.php\/wp-json\/wp\/v2\/users\/3"}],"replies":[{"embeddable":true,"href":"https:\/\/lasprimeras.com.do\/index.php\/wp-json\/wp\/v2\/comments?post=82333"}],"version-history":[{"count":1,"href":"https:\/\/lasprimeras.com.do\/index.php\/wp-json\/wp\/v2\/posts\/82333\/revisions"}],"predecessor-version":[{"id":82335,"href":"https:\/\/lasprimeras.com.do\/index.php\/wp-json\/wp\/v2\/posts\/82333\/revisions\/82335"}],"wp:featuredmedia":[{"embeddable":true,"href":"https:\/\/lasprimeras.com.do\/index.php\/wp-json\/wp\/v2\/media\/82334"}],"wp:attachment":[{"href":"https:\/\/lasprimeras.com.do\/index.php\/wp-json\/wp\/v2\/media?parent=82333"}],"wp:term":[{"taxonomy":"category","embeddable":true,"href":"https:\/\/lasprimeras.com.do\/index.php\/wp-json\/wp\/v2\/categories?post=82333"},{"taxonomy":"post_tag","embeddable":true,"href":"https:\/\/lasprimeras.com.do\/index.php\/wp-json\/wp\/v2\/tags?post=82333"}],"curies":[{"name":"wp","href":"https:\/\/api.w.org\/{rel}","templated":true}]}}