{"id":82340,"date":"2024-05-01T15:18:49","date_gmt":"2024-05-01T19:18:49","guid":{"rendered":"https:\/\/lasprimeras.com.do\/?p=82340"},"modified":"2024-05-01T15:18:51","modified_gmt":"2024-05-01T19:18:51","slug":"aplazan-solicitud-de-investigacion-ante-la-pgr","status":"publish","type":"post","link":"https:\/\/lasprimeras.com.do\/index.php\/2024\/05\/01\/aplazan-solicitud-de-investigacion-ante-la-pgr\/","title":{"rendered":"Aplazan solicitud de investigaci\u00f3n ante la PGR"},"content":{"rendered":"\n<p>Secretaria de Asuntos Jur\u00eddicos del PLD aplaza solicitud de investigaci\u00f3n del festival de pensiones del Gobierno del PRM<\/p>\n\n\n\n<p>La Secretaria de Asuntos Jur\u00eddicos del Partido de la Liberaci\u00f3n Dominicana (PLD) aplaz\u00f3 para una pr\u00f3xima fecha la solicitud de investigaci\u00f3n sobre el festival de pensiones otorgadas de forma irregular por el Gobierno para agregar a la documentaci\u00f3n que entregar\u00e1n ante la Procuradur\u00eda General de la Rep\u00fablica nuevas informaciones relevantes que est\u00e1n siendo revisadas y depuradas para incluir en la denuncia.Asi los precis\u00f3 Jos\u00e9 Dant\u00e9s D\u00edaz, titular de la Secretar\u00eda de Asuntos Jur\u00eddicos del PLD tras confirmar la posposici\u00f3n de la solicitud que canalizar\u00e1n por ante la Procuradur\u00eda Especializada de Persecuci\u00f3n de la Corrupci\u00f3n Administrativa (PEPCA)\u201cA ra\u00edz del anuncio de la solicitud de investigaci\u00f3n que ante la PGR har\u00eda hoy la Secretar\u00eda de Asuntos Jur\u00eddicos del PLD, sobre el otorgamiento de miles de pensiones ilegales por parte del gobierno, se han recibido nuevas informaciones relevantes que est\u00e1n siendo revisadas y depuradas para incluir en la denuncia\u201d, explic\u00f3 Jos\u00e9 Dant\u00e9s D\u00edaz.\u201cPor tal raz\u00f3n, en los pr\u00f3ximos d\u00edas se indicar\u00e1 la nueva fecha en la que se acudir\u00e1 a la PGR a interponer la denuncia formal sobre estos casos\u201d, complet\u00f3 la informaci\u00f3n para transmitirse a los medios de comunicaci\u00f3n que fueron formalmente convocados.<\/p>\n","protected":false},"excerpt":{"rendered":"<p>Secretaria de Asuntos Jur\u00eddicos del PLD aplaza solicitud de investigaci\u00f3n del festival de pensiones del Gobierno del PRM La Secretaria de Asuntos Jur\u00eddicos del Partido de la Liberaci\u00f3n Dominicana (PLD)&hellip;<\/p>\n","protected":false},"author":3,"featured_media":82341,"comment_status":"open","ping_status":"open","sticky":false,"template":"","format":"standard","meta":{"content-type":"","jetpack_post_was_ever_published":false,"_jetpack_newsletter_access":"","_jetpack_dont_email_post_to_subs":false,"_jetpack_newsletter_tier_id":0,"_jetpack_memberships_contains_paywalled_content":false,"_jetpack_memberships_contains_paid_content":false,"footnotes":""},"categories":[35],"tags":[5128],"class_list":["post-82340","post","type-post","status-publish","format-standard","has-post-thumbnail","hentry","category-nacionales","tag-pgr"],"jetpack_featured_media_url":"https:\/\/lasprimeras.com.do\/wp-content\/uploads\/2024\/05\/b3917004-14b7-4612-bb78-ed104fd694c5.jpg","jetpack-related-posts":[{"id":82430,"url":"https:\/\/lasprimeras.com.do\/index.php\/2024\/05\/02\/aplazan-audiencia-interpuesta-por-empresario-canadiense-contra-pgr\/","url_meta":{"origin":82340,"position":0},"title":"Aplazan audiencia interpuesta por empresario canadiense contra PGR","author":"Nelson Feliz","date":"2 de mayo de 2024","format":false,"excerpt":"Ausencia del representante de la Fiscal\u00eda del Distrito Nacional motiv\u00f3 el aplazamiento\u00a0 El juez de la C\u00e1mara Penal del Juzgado de Primera Instancia del Distrito Nacional, Franny Gonz\u00e1lez Castillo, aplaz\u00f3 por segunda ocasi\u00f3n el conocimiento de la audiencia sobre acci\u00f3n de amparo interpuesta por el empresario canadiense Antonio Carbone contra\u2026","rel":"","context":"En \u00abJUSTICIA\u00bb","block_context":{"text":"JUSTICIA","link":"https:\/\/lasprimeras.com.do\/index.php\/category\/justicia\/"},"img":{"alt_text":"Antonio Carbone","src":"https:\/\/i0.wp.com\/lasprimeras.com.do\/wp-content\/uploads\/2024\/05\/Antonio-Carbone.jpg?resize=350%2C200&ssl=1","width":350,"height":200,"srcset":"https:\/\/i0.wp.com\/lasprimeras.com.do\/wp-content\/uploads\/2024\/05\/Antonio-Carbone.jpg?resize=350%2C200&ssl=1 1x, https:\/\/i0.wp.com\/lasprimeras.com.do\/wp-content\/uploads\/2024\/05\/Antonio-Carbone.jpg?resize=525%2C300&ssl=1 1.5x, https:\/\/i0.wp.com\/lasprimeras.com.do\/wp-content\/uploads\/2024\/05\/Antonio-Carbone.jpg?resize=700%2C400&ssl=1 2x"},"classes":[]},{"id":76766,"url":"https:\/\/lasprimeras.com.do\/index.php\/2024\/02\/14\/alianza-rescate-rd-pide-investigar-plan-de-sabotajealianza-rescate-rd-pide-investigar-plan-de-sabotaje\/","url_meta":{"origin":82340,"position":1},"title":"Alianza \u201cRescate RD\u201d pide investigar plan de sabotajeAlianza \u201cRescate RD\u201d pide investigar plan de sabotaje","author":"BIMARY DE JES\u00daS Matos","date":"14 de febrero de 2024","format":false,"excerpt":"Santo Domingo.-Los partidos de la\u00a0Alianza Rescate RD\u00a0solicitan a la\u00a0Procuradur\u00eda General de la Rep\u00fablica\u00a0y a la\u00a0Junta Central Electoral (JCE)\u00a0investigar la denuncia de que sectores oficialistas planean un sabotaje contra las elecciones municipales del el domingo. La petici\u00f3n de los partidos de la Liberaci\u00f3n Dominicana (PLD), Fuerza del Pueblo y Revolucionario Dominicano\u2026","rel":"","context":"En \u00abSin categor\u00eda\u00bb","block_context":{"text":"Sin categor\u00eda","link":"https:\/\/lasprimeras.com.do\/index.php\/category\/sin-categoria\/"},"img":{"alt_text":"","src":"https:\/\/i0.wp.com\/lasprimeras.com.do\/wp-content\/uploads\/2024\/02\/5_El-Pais_14_1p012.jpg?resize=350%2C200&ssl=1","width":350,"height":200,"srcset":"https:\/\/i0.wp.com\/lasprimeras.com.do\/wp-content\/uploads\/2024\/02\/5_El-Pais_14_1p012.jpg?resize=350%2C200&ssl=1 1x, https:\/\/i0.wp.com\/lasprimeras.com.do\/wp-content\/uploads\/2024\/02\/5_El-Pais_14_1p012.jpg?resize=525%2C300&ssl=1 1.5x, https:\/\/i0.wp.com\/lasprimeras.com.do\/wp-content\/uploads\/2024\/02\/5_El-Pais_14_1p012.jpg?resize=700%2C400&ssl=1 2x, https:\/\/i0.wp.com\/lasprimeras.com.do\/wp-content\/uploads\/2024\/02\/5_El-Pais_14_1p012.jpg?resize=1050%2C600&ssl=1 3x"},"classes":[]},{"id":115700,"url":"https:\/\/lasprimeras.com.do\/index.php\/2025\/11\/24\/el-pld-en-el-dia-de-la-eliminacion-de-la-violencia-contra-la-mujer\/","url_meta":{"origin":82340,"position":2},"title":"El PLD en el D\u00eda de la Eliminaci\u00f3n de la Violencia Contra la Mujer","author":"Nelson Feliz","date":"24 de noviembre de 2025","format":false,"excerpt":"Igualdad y Equidad de G\u00e9nero del PLD convoca a una Parada C\u00edvica frente a la PGR en D\u00eda Internacional de la Eliminaci\u00f3n de la Violencia Contra la Mujer. La secretaria de Igualdad y Equidad de G\u00e9nero del Partido de la Liberaci\u00f3n Dominicana (PLD) con el respaldo de organizaciones sociales y\u2026","rel":"","context":"En \u00abPOLITICA\u00bb","block_context":{"text":"POLITICA","link":"https:\/\/lasprimeras.com.do\/index.php\/category\/politica\/"},"img":{"alt_text":"","src":"https:\/\/i0.wp.com\/lasprimeras.com.do\/wp-content\/uploads\/2025\/11\/Dia-de-la-Eliminacion-de-la-Violencia-Contra-la-Mujer.jpg?resize=350%2C200&ssl=1","width":350,"height":200,"srcset":"https:\/\/i0.wp.com\/lasprimeras.com.do\/wp-content\/uploads\/2025\/11\/Dia-de-la-Eliminacion-de-la-Violencia-Contra-la-Mujer.jpg?resize=350%2C200&ssl=1 1x, https:\/\/i0.wp.com\/lasprimeras.com.do\/wp-content\/uploads\/2025\/11\/Dia-de-la-Eliminacion-de-la-Violencia-Contra-la-Mujer.jpg?resize=525%2C300&ssl=1 1.5x, https:\/\/i0.wp.com\/lasprimeras.com.do\/wp-content\/uploads\/2025\/11\/Dia-de-la-Eliminacion-de-la-Violencia-Contra-la-Mujer.jpg?resize=700%2C400&ssl=1 2x"},"classes":[]},{"id":68266,"url":"https:\/\/lasprimeras.com.do\/index.php\/2023\/11\/22\/aplazan-audiencia-de-imputado-en-el-caso-discovery-2-0-que-intento-escapar-a-colombia\/","url_meta":{"origin":82340,"position":3},"title":"Aplazan audiencia de imputado en el caso Discovery 2.0 que intent\u00f3 escapar a Colombia","author":"Nelson Feliz","date":"22 de noviembre de 2023","format":false,"excerpt":"El juez Julio Ara\u00fajo de la Oficina Judicial de Servicios de Atenci\u00f3n Permanente de Santiago aplaz\u00f3 la audiencia contra a uno de los imputados del caso Discovery 2.0 que fue arrestado cuando intentaba salir del pa\u00eds. Kelvin Antonio Carmona S\u00e1nchez fue capturado por el Ministerio P\u00fablico y autoridades de la\u2026","rel":"","context":"En \u00abJUSTICIA\u00bb","block_context":{"text":"JUSTICIA","link":"https:\/\/lasprimeras.com.do\/index.php\/category\/justicia\/"},"img":{"alt_text":"","src":"https:\/\/i0.wp.com\/lasprimeras.com.do\/wp-content\/uploads\/2023\/11\/Palacio-de-Justicia-Santiago.jpg?resize=350%2C200&ssl=1","width":350,"height":200,"srcset":"https:\/\/i0.wp.com\/lasprimeras.com.do\/wp-content\/uploads\/2023\/11\/Palacio-de-Justicia-Santiago.jpg?resize=350%2C200&ssl=1 1x, https:\/\/i0.wp.com\/lasprimeras.com.do\/wp-content\/uploads\/2023\/11\/Palacio-de-Justicia-Santiago.jpg?resize=525%2C300&ssl=1 1.5x, https:\/\/i0.wp.com\/lasprimeras.com.do\/wp-content\/uploads\/2023\/11\/Palacio-de-Justicia-Santiago.jpg?resize=700%2C400&ssl=1 2x"},"classes":[]},{"id":117177,"url":"https:\/\/lasprimeras.com.do\/index.php\/2025\/12\/08\/pld-acusa-al-ministerio-publico-de-favoritismo-en-caso-de-corrupcion\/","url_meta":{"origin":82340,"position":4},"title":"PLD acusa al Ministerio P\u00fablico de favoritismo en caso de corrupci\u00f3n","author":"Nelson Feliz","date":"8 de diciembre de 2025","format":false,"excerpt":"El Partido de la Liberaci\u00f3n Dominicana (PLD) acus\u00f3 al Ministerio P\u00fablico de utilizar pr\u00e1cticas \u201cselectivas pol\u00edticamente orientadas\u201d en los casos de corrupci\u00f3n detectados en la administraci\u00f3n p\u00fablica. El vicepresidente del PLD, Yv\u00e1n Lorenzo, afirm\u00f3 que el tratamiento a los implicados es diferente si se trata de funcionarios del Partido Revolucionario\u2026","rel":"","context":"En \u00abPOLITICA\u00bb","block_context":{"text":"POLITICA","link":"https:\/\/lasprimeras.com.do\/index.php\/category\/politica\/"},"img":{"alt_text":"Yv\u00e1n Lorenzo","src":"https:\/\/i0.wp.com\/lasprimeras.com.do\/wp-content\/uploads\/2025\/04\/Yvan-Lorenzo.jpg?resize=350%2C200&ssl=1","width":350,"height":200,"srcset":"https:\/\/i0.wp.com\/lasprimeras.com.do\/wp-content\/uploads\/2025\/04\/Yvan-Lorenzo.jpg?resize=350%2C200&ssl=1 1x, https:\/\/i0.wp.com\/lasprimeras.com.do\/wp-content\/uploads\/2025\/04\/Yvan-Lorenzo.jpg?resize=525%2C300&ssl=1 1.5x, https:\/\/i0.wp.com\/lasprimeras.com.do\/wp-content\/uploads\/2025\/04\/Yvan-Lorenzo.jpg?resize=700%2C400&ssl=1 2x"},"classes":[]},{"id":81879,"url":"https:\/\/lasprimeras.com.do\/index.php\/2024\/04\/25\/aplazan-audiencia-amparo-interpuesta-por-empresario-canadiense-contra-la-pgr\/","url_meta":{"origin":82340,"position":5},"title":"Aplazan audiencia amparo interpuesta por empresario canadiense contra la PGR","author":"Nelson Feliz","date":"25 de abril de 2024","format":false,"excerpt":"Antonio Carbone denuncia violaci\u00f3n de derechos fundamentales contemplados en la Constituci\u00f3n. El juez C\u00e1mara Penal del Juzgado de Primera Instancia del Distrito Nacional, Franny Gonz\u00e1lez Castillo aplaz\u00f3 para el mi\u00e9rcoles primero de mayo del 2024, el conocimiento de la audiencia sobre acci\u00f3n de amparo interpuesta por el empresario canadiense, Antonio\u2026","rel":"","context":"En \u00abJUSTICIA\u00bb","block_context":{"text":"JUSTICIA","link":"https:\/\/lasprimeras.com.do\/index.php\/category\/justicia\/"},"img":{"alt_text":"Antonio Carbone","src":"https:\/\/i0.wp.com\/lasprimeras.com.do\/wp-content\/uploads\/2024\/04\/Antonio-Carbone-1.jpg?resize=350%2C200&ssl=1","width":350,"height":200,"srcset":"https:\/\/i0.wp.com\/lasprimeras.com.do\/wp-content\/uploads\/2024\/04\/Antonio-Carbone-1.jpg?resize=350%2C200&ssl=1 1x, https:\/\/i0.wp.com\/lasprimeras.com.do\/wp-content\/uploads\/2024\/04\/Antonio-Carbone-1.jpg?resize=525%2C300&ssl=1 1.5x, https:\/\/i0.wp.com\/lasprimeras.com.do\/wp-content\/uploads\/2024\/04\/Antonio-Carbone-1.jpg?resize=700%2C400&ssl=1 2x"},"classes":[]}],"jetpack_sharing_enabled":true,"_links":{"self":[{"href":"https:\/\/lasprimeras.com.do\/index.php\/wp-json\/wp\/v2\/posts\/82340","targetHints":{"allow":["GET"]}}],"collection":[{"href":"https:\/\/lasprimeras.com.do\/index.php\/wp-json\/wp\/v2\/posts"}],"about":[{"href":"https:\/\/lasprimeras.com.do\/index.php\/wp-json\/wp\/v2\/types\/post"}],"author":[{"embeddable":true,"href":"https:\/\/lasprimeras.com.do\/index.php\/wp-json\/wp\/v2\/users\/3"}],"replies":[{"embeddable":true,"href":"https:\/\/lasprimeras.com.do\/index.php\/wp-json\/wp\/v2\/comments?post=82340"}],"version-history":[{"count":1,"href":"https:\/\/lasprimeras.com.do\/index.php\/wp-json\/wp\/v2\/posts\/82340\/revisions"}],"predecessor-version":[{"id":82342,"href":"https:\/\/lasprimeras.com.do\/index.php\/wp-json\/wp\/v2\/posts\/82340\/revisions\/82342"}],"wp:featuredmedia":[{"embeddable":true,"href":"https:\/\/lasprimeras.com.do\/index.php\/wp-json\/wp\/v2\/media\/82341"}],"wp:attachment":[{"href":"https:\/\/lasprimeras.com.do\/index.php\/wp-json\/wp\/v2\/media?parent=82340"}],"wp:term":[{"taxonomy":"category","embeddable":true,"href":"https:\/\/lasprimeras.com.do\/index.php\/wp-json\/wp\/v2\/categories?post=82340"},{"taxonomy":"post_tag","embeddable":true,"href":"https:\/\/lasprimeras.com.do\/index.php\/wp-json\/wp\/v2\/tags?post=82340"}],"curies":[{"name":"wp","href":"https:\/\/api.w.org\/{rel}","templated":true}]}}