{"id":82347,"date":"2024-05-01T15:24:03","date_gmt":"2024-05-01T19:24:03","guid":{"rendered":"https:\/\/lasprimeras.com.do\/?p=82347"},"modified":"2024-05-01T15:24:05","modified_gmt":"2024-05-01T19:24:05","slug":"en-defensa-del-voto-de-la-gente","status":"publish","type":"post","link":"https:\/\/lasprimeras.com.do\/index.php\/2024\/05\/01\/en-defensa-del-voto-de-la-gente\/","title":{"rendered":"En defensa del voto de la gente"},"content":{"rendered":"\n<p>Lo que la gente en las calles dice es que la oposici\u00f3n ganar\u00e1 las pr\u00f3ximas elecciones, explica el diputado Luis Henr\u00edquez.<\/p>\n\n\n\n<p>El diputado del Partido de la Liberaci\u00f3n Dominicana por Santo Domingo Este, Luis Henr\u00edquez, dijo que esa organizaci\u00f3n pol\u00edtica defender\u00e1 \u201ccon u\u00f1as y dientes\u201d su voto en las elecciones congresuales y presidenciales del 19 de mayo.<\/p>\n\n\n\n<p>\u201cEl expresidente Danilo Medina ha sido reiterativo en asambleas y encuentros partidarios llamando a la dirigencia del Partido para que lleve la gente a votar y defienda su voto\u201d, expres\u00f3 Henr\u00edquez.<\/p>\n\n\n\n<p>El tambi\u00e9n vocero del bloque de diputados del PLD reiter\u00f3 la posici\u00f3n del partido de que no permitir\u00e1 que el oficialismo instale carpas pr\u00f3ximo a los centros de votaciones, recordando que la Junta Central Electoral prohibi\u00f3 esta acci\u00f3n.<\/p>\n\n\n\n<p>Hay una campa\u00f1a bien orquestada para darle al entender que el dominicano aqu\u00ed ni siquiera hay que hacer elecciones<\/p>\n\n\n\n<p>Cuestionado sobre las mediciones que maneja declar\u00f3 que los estudios que posee confirman que el presidente Abinader no se va en primera vuelta, e incluso despu\u00e9s del debate baj\u00f3 a un 44%.<\/p>\n\n\n\n<p>\u201cEl gobierno ha creado una campa\u00f1a publicitaria millonaria usando los recursos del Estado para crear la percepci\u00f3n de que se va en primera vuelta, pero lo que nosotros percibimos en las calles es el disgusto de la poblaci\u00f3n por el alto costo de la vida\u201d, refiri\u00f3 el legislador.<\/p>\n\n\n\n<p>Por otro lado, Henr\u00edquez cuestion\u00f3 el desmesurado endeudamiento de este gobierno que ya lleva cerca de 40 mil millones de d\u00f3lares en pr\u00e9stamos y tiene en carpeta unos 4 mil millones para someterlo al Congreso Nacional.<\/p>\n","protected":false},"excerpt":{"rendered":"<p>Lo que la gente en las calles dice es que la oposici\u00f3n ganar\u00e1 las pr\u00f3ximas elecciones, explica el diputado Luis Henr\u00edquez. El diputado del Partido de la Liberaci\u00f3n Dominicana por&hellip;<\/p>\n","protected":false},"author":3,"featured_media":82348,"comment_status":"open","ping_status":"open","sticky":false,"template":"","format":"standard","meta":{"content-type":"","jetpack_post_was_ever_published":false,"_jetpack_newsletter_access":"","_jetpack_dont_email_post_to_subs":false,"_jetpack_newsletter_tier_id":0,"_jetpack_memberships_contains_paywalled_content":false,"_jetpack_memberships_contains_paid_content":false,"footnotes":""},"categories":[1],"tags":[5685],"class_list":["post-82347","post","type-post","status-publish","format-standard","has-post-thumbnail","hentry","category-sin-categoria","tag-luis-henriquez"],"jetpack_featured_media_url":"https:\/\/lasprimeras.com.do\/wp-content\/uploads\/2024\/05\/7936642f-f3d7-4f69-9984-c103811f2689.jpg","jetpack-related-posts":[{"id":55326,"url":"https:\/\/lasprimeras.com.do\/index.php\/2023\/07\/20\/pld-escoge-a-luis-henriquez-beato-como-su-nuevo-vocero-en-la-camara-de-diputados\/","url_meta":{"origin":82347,"position":0},"title":"PLD escoge a Luis Henr\u00edquez Beato como su nuevo vocero en la C\u00e1mara de Diputados","author":"Nelson Feliz","date":"20 de julio de 2023","format":false,"excerpt":"El pleno de legisladores del Partido de la Liberaci\u00f3n Dominicana escogi\u00f3 al diputado Luis Henr\u00edquez Beato como nuevo vocero de la bancada para el a\u00f1o legislativo agosto 2023-2024. La elecci\u00f3n de Henr\u00edquez Beato fue concretada en una asamblea eleccionaria realizada en la Casa Nacional del PLD, donde asistieron 49 de\u2026","rel":"","context":"En \u00abSin categor\u00eda\u00bb","block_context":{"text":"Sin categor\u00eda","link":"https:\/\/lasprimeras.com.do\/index.php\/category\/sin-categoria\/"},"img":{"alt_text":"Diputado, Luis Henriquez, nuevo vocero del PLD en la C\u00e1mara de Diputados.","src":"https:\/\/i0.wp.com\/lasprimeras.com.do\/wp-content\/uploads\/2023\/07\/Luis-Henriquez.jpg?resize=350%2C200&ssl=1","width":350,"height":200,"srcset":"https:\/\/i0.wp.com\/lasprimeras.com.do\/wp-content\/uploads\/2023\/07\/Luis-Henriquez.jpg?resize=350%2C200&ssl=1 1x, https:\/\/i0.wp.com\/lasprimeras.com.do\/wp-content\/uploads\/2023\/07\/Luis-Henriquez.jpg?resize=525%2C300&ssl=1 1.5x, https:\/\/i0.wp.com\/lasprimeras.com.do\/wp-content\/uploads\/2023\/07\/Luis-Henriquez.jpg?resize=700%2C400&ssl=1 2x"},"classes":[]},{"id":57242,"url":"https:\/\/lasprimeras.com.do\/index.php\/2023\/08\/10\/diputado-luis-henriquez-acusa-al-gobierno-de-beneficiar-a-perremeistas-con-pensiones-solidarias\/","url_meta":{"origin":82347,"position":1},"title":"Diputado Luis Henr\u00edquez acusa al gobierno de beneficiar a perremeistas con pensiones solidarias","author":"Nelson Feliz","date":"10 de agosto de 2023","format":false,"excerpt":"El diputado del Partido de la Liberaci\u00f3n Dominicana (PLD), Luis Henr\u00edquez desarroll\u00f3 la conferencia \u201cEl enga\u00f1o del Cambio\u201d, ante un nutrido grupo de dominicanos residentes en el Bronx, NewYork. All\u00ed el representante de Santo Domingo Este deplor\u00f3 que m\u00e1s de 150 dirigentes del Partido Revolucionario Moderno (PRM, que viven en\u2026","rel":"","context":"En \u00abSin categor\u00eda\u00bb","block_context":{"text":"Sin categor\u00eda","link":"https:\/\/lasprimeras.com.do\/index.php\/category\/sin-categoria\/"},"img":{"alt_text":"Luis Henr\u00edquez","src":"https:\/\/i0.wp.com\/lasprimeras.com.do\/wp-content\/uploads\/2023\/08\/Luis-Henriquez-1.jpg?resize=350%2C200&ssl=1","width":350,"height":200,"srcset":"https:\/\/i0.wp.com\/lasprimeras.com.do\/wp-content\/uploads\/2023\/08\/Luis-Henriquez-1.jpg?resize=350%2C200&ssl=1 1x, https:\/\/i0.wp.com\/lasprimeras.com.do\/wp-content\/uploads\/2023\/08\/Luis-Henriquez-1.jpg?resize=525%2C300&ssl=1 1.5x, https:\/\/i0.wp.com\/lasprimeras.com.do\/wp-content\/uploads\/2023\/08\/Luis-Henriquez-1.jpg?resize=700%2C400&ssl=1 2x"},"classes":[]},{"id":69926,"url":"https:\/\/lasprimeras.com.do\/index.php\/2023\/12\/06\/luis-henriquez-abinader-pone-fin-a-su-discurso-de-transparencia-con-el-contrato-de-aerodom\/","url_meta":{"origin":82347,"position":2},"title":"Luis Henr\u00edquez: \u00abAbinader pone fin a su discurso de transparencia con el contrato de AERODOM\u00bb","author":"Nelson Feliz","date":"6 de diciembre de 2023","format":false,"excerpt":"El vocero del bloque de Diputados del Partido de la Liberaci\u00f3n Dominicana (PLD), Luis Henr\u00edquez, afirm\u00f3 que la renegociaci\u00f3n del contrato de concesi\u00f3n entre el Estado dominicano y la empresa AERODOM, pone fin al discurso de transparencia del presidente Luis Abinader. Henr\u00edquez manifest\u00f3 que, por el bien del pa\u00eds y\u2026","rel":"","context":"En \u00abSin categor\u00eda\u00bb","block_context":{"text":"Sin categor\u00eda","link":"https:\/\/lasprimeras.com.do\/index.php\/category\/sin-categoria\/"},"img":{"alt_text":"Luis Henr\u00edquez","src":"https:\/\/i0.wp.com\/lasprimeras.com.do\/wp-content\/uploads\/2023\/12\/Luis-Henriquez.jpg?resize=350%2C200&ssl=1","width":350,"height":200,"srcset":"https:\/\/i0.wp.com\/lasprimeras.com.do\/wp-content\/uploads\/2023\/12\/Luis-Henriquez.jpg?resize=350%2C200&ssl=1 1x, https:\/\/i0.wp.com\/lasprimeras.com.do\/wp-content\/uploads\/2023\/12\/Luis-Henriquez.jpg?resize=525%2C300&ssl=1 1.5x"},"classes":[]},{"id":116986,"url":"https:\/\/lasprimeras.com.do\/index.php\/2025\/12\/06\/vicente-sanchez-henriquez-recibe-reconocimiento\/","url_meta":{"origin":82347,"position":3},"title":"Vicente S\u00e1nchez Henr\u00edquez recibe reconocimiento","author":"Nelson Feliz","date":"6 de diciembre de 2025","format":false,"excerpt":"NUEVA YORK. \u2013 El diputado oficialista de la circunscripci\u00f3n 1 del Distrito Nacional por el Partido Revolucionario Moderno (PRM), Vicente S\u00e1nchez Henr\u00edquez, fue recibido por el asamble\u00edsta George \u00c1lvarez (AD78) quien entreg\u00f3 una placa de reconocimiento al congresista. S\u00e1nchez Henr\u00edquez expres\u00f3 su gratitud por la acogida del legislador dominicano, destacando\u2026","rel":"","context":"En \u00abPOLITICA\u00bb","block_context":{"text":"POLITICA","link":"https:\/\/lasprimeras.com.do\/index.php\/category\/politica\/"},"img":{"alt_text":"Vicente S\u00e1nchez recibe reconocimiento","src":"https:\/\/i0.wp.com\/lasprimeras.com.do\/wp-content\/uploads\/2025\/12\/Vicente-Sanchez-recibe-reconocimiento.jpg?resize=350%2C200&ssl=1","width":350,"height":200,"srcset":"https:\/\/i0.wp.com\/lasprimeras.com.do\/wp-content\/uploads\/2025\/12\/Vicente-Sanchez-recibe-reconocimiento.jpg?resize=350%2C200&ssl=1 1x, https:\/\/i0.wp.com\/lasprimeras.com.do\/wp-content\/uploads\/2025\/12\/Vicente-Sanchez-recibe-reconocimiento.jpg?resize=525%2C300&ssl=1 1.5x, https:\/\/i0.wp.com\/lasprimeras.com.do\/wp-content\/uploads\/2025\/12\/Vicente-Sanchez-recibe-reconocimiento.jpg?resize=700%2C400&ssl=1 2x"},"classes":[]},{"id":56515,"url":"https:\/\/lasprimeras.com.do\/index.php\/2023\/08\/02\/luis-henriquez-congreso-del-prm-es-una-sucursal-del-ejecutivo\/","url_meta":{"origin":82347,"position":4},"title":"Luis Henr\u00edquez: Congreso del PRM es una sucursal del Ejecutivo","author":"Nelson Feliz","date":"2 de agosto de 2023","format":false,"excerpt":"El Congreso actual es una sucursal del Poder Ejecutivo, denuncia el diputado Luis Henr\u00edquez, tras se\u00f1alar el da\u00f1o que eso genera a la democracia. El Diputado Luis Henr\u00edquez, quien a partir del pr\u00f3ximo d\u00eda 16 asumir\u00e1 la vocer\u00eda del bloque parlamentario del Partido de la Liberaci\u00f3n Dominicana, defini\u00f3 al actual\u2026","rel":"","context":"En \u00abPORTADA\u00bb","block_context":{"text":"PORTADA","link":"https:\/\/lasprimeras.com.do\/index.php\/category\/portada\/"},"img":{"alt_text":"Luis Henr\u00edquez","src":"https:\/\/i0.wp.com\/lasprimeras.com.do\/wp-content\/uploads\/2023\/08\/Luis-Henriquez.jpg?resize=350%2C200&ssl=1","width":350,"height":200,"srcset":"https:\/\/i0.wp.com\/lasprimeras.com.do\/wp-content\/uploads\/2023\/08\/Luis-Henriquez.jpg?resize=350%2C200&ssl=1 1x, https:\/\/i0.wp.com\/lasprimeras.com.do\/wp-content\/uploads\/2023\/08\/Luis-Henriquez.jpg?resize=525%2C300&ssl=1 1.5x"},"classes":[]},{"id":82508,"url":"https:\/\/lasprimeras.com.do\/index.php\/2024\/05\/04\/ricardo-de-los-santos-el-prm-esta-buscando-los-votos-el-compromiso-es-sacar-a-la-gente-a-votar\/","url_meta":{"origin":82347,"position":5},"title":"Ricardo De los Santos: El PRM est\u00e1 buscando los votos ; el compromiso es sacar a la gente a votar","author":"Esteffany Vargas","date":"4 de mayo de 2024","format":false,"excerpt":"El senador y actual candidato a la misma posici\u00f3n por la provincia Sanchez Ram\u00edrez, Ricardo De los Santos, dijo este s\u00e1bado que el Partido Revolucionario Moderno (PRM) est\u00e1 trabajando como si no tuviera un solo voto \u201cporque a veces el sentirse muy c\u00f3modo puede perjudicar y llevar al descuido\u201d. Tras\u2026","rel":"","context":"En \u00abPORTADA\u00bb","block_context":{"text":"PORTADA","link":"https:\/\/lasprimeras.com.do\/index.php\/category\/portada\/"},"img":{"alt_text":"Ricardo De los Santos","src":"https:\/\/i0.wp.com\/lasprimeras.com.do\/wp-content\/uploads\/2024\/05\/Ricardo-De-los-Santos-1.jpg?resize=350%2C200&ssl=1","width":350,"height":200,"srcset":"https:\/\/i0.wp.com\/lasprimeras.com.do\/wp-content\/uploads\/2024\/05\/Ricardo-De-los-Santos-1.jpg?resize=350%2C200&ssl=1 1x, https:\/\/i0.wp.com\/lasprimeras.com.do\/wp-content\/uploads\/2024\/05\/Ricardo-De-los-Santos-1.jpg?resize=525%2C300&ssl=1 1.5x, https:\/\/i0.wp.com\/lasprimeras.com.do\/wp-content\/uploads\/2024\/05\/Ricardo-De-los-Santos-1.jpg?resize=700%2C400&ssl=1 2x"},"classes":[]}],"jetpack_sharing_enabled":true,"_links":{"self":[{"href":"https:\/\/lasprimeras.com.do\/index.php\/wp-json\/wp\/v2\/posts\/82347","targetHints":{"allow":["GET"]}}],"collection":[{"href":"https:\/\/lasprimeras.com.do\/index.php\/wp-json\/wp\/v2\/posts"}],"about":[{"href":"https:\/\/lasprimeras.com.do\/index.php\/wp-json\/wp\/v2\/types\/post"}],"author":[{"embeddable":true,"href":"https:\/\/lasprimeras.com.do\/index.php\/wp-json\/wp\/v2\/users\/3"}],"replies":[{"embeddable":true,"href":"https:\/\/lasprimeras.com.do\/index.php\/wp-json\/wp\/v2\/comments?post=82347"}],"version-history":[{"count":1,"href":"https:\/\/lasprimeras.com.do\/index.php\/wp-json\/wp\/v2\/posts\/82347\/revisions"}],"predecessor-version":[{"id":82349,"href":"https:\/\/lasprimeras.com.do\/index.php\/wp-json\/wp\/v2\/posts\/82347\/revisions\/82349"}],"wp:featuredmedia":[{"embeddable":true,"href":"https:\/\/lasprimeras.com.do\/index.php\/wp-json\/wp\/v2\/media\/82348"}],"wp:attachment":[{"href":"https:\/\/lasprimeras.com.do\/index.php\/wp-json\/wp\/v2\/media?parent=82347"}],"wp:term":[{"taxonomy":"category","embeddable":true,"href":"https:\/\/lasprimeras.com.do\/index.php\/wp-json\/wp\/v2\/categories?post=82347"},{"taxonomy":"post_tag","embeddable":true,"href":"https:\/\/lasprimeras.com.do\/index.php\/wp-json\/wp\/v2\/tags?post=82347"}],"curies":[{"name":"wp","href":"https:\/\/api.w.org\/{rel}","templated":true}]}}