{"id":82355,"date":"2024-05-02T07:29:35","date_gmt":"2024-05-02T11:29:35","guid":{"rendered":"https:\/\/lasprimeras.com.do\/?p=82355"},"modified":"2024-05-02T07:29:36","modified_gmt":"2024-05-02T11:29:36","slug":"adp-sigue-con-su-lucha-por-el-aumento-salarial","status":"publish","type":"post","link":"https:\/\/lasprimeras.com.do\/index.php\/2024\/05\/02\/adp-sigue-con-su-lucha-por-el-aumento-salarial\/","title":{"rendered":"ADP sigue con su lucha por el aumento salarial"},"content":{"rendered":"\n<p>RD.-Por segunda ocasi\u00f3n en menos de 10 d\u00edas, la Asociaci\u00f3n Dominicana de Profesores (ADP) paraliz\u00f3 la docencia a nivel nacional, paros que han ido acompa\u00f1ados de manifestaciones simult\u00e1neas en diferentes puntos del pa\u00eds, para exigir un aumento salarial de un 20% para los maestros.<\/p>\n\n\n\n<p>En el d\u00eda de ayer los 2.6 millones de estudiantes de los centros educativos p\u00fablicos del pa\u00eds vieron su docencia afectada debido a la convocatoria que recibieron los profesores por parte de la ADP de dejar las escuelas vac\u00edas para protestar por las mejoras salariales.<\/p>\n\n\n\n<p>Debido a este llamado a movilizaci\u00f3n, las 155 seccionales de la Asociaci\u00f3n de Profesores, marcharon de manera simult\u00e1nea hacia las 18 regionales educativas del pa\u00eds, en reclamo del cumplimiento del acuerdo que hizo el gremio con el Ministerio de Educaci\u00f3n.<\/p>\n\n\n\n<p>El gremio magisterial para realizar estas protestas m\u00faltiples en las diferentes provincias nombr\u00f3 un enlace del comit\u00e9 ejecutivo de la ADP, para dirigir dichas movilizaciones.<\/p>\n\n\n\n<p>Entre las manifestaciones la de mayor escala fue la del Gran Santo Domingo, que de 1131 centros educativos que lo componen s\u00f3lo 62 fueron reportados.<\/p>\n\n\n\n<p>Esta protesta fue dirigida por el presidente del gremio, Eduardo Hidalgo, quien denunci\u00f3 que las autoridades del Gobierno desataron una supuesta campa\u00f1a de descr\u00e9dito en su contra, por lo que anunci\u00f3 cuatro paros regionales de docencia que ser\u00e1n efectuados este mes de mayo, a partir del viernes tres.<\/p>\n\n\n\n<p>Es necesario resaltar que la marcha realizada por la ADP en Santo Domingo fue junto a otras instituciones sindicales que caminaron desde la avenida Correa y Cidr\u00f3n hasta el Ministro de Trabajo, las que tambi\u00e9n protestaban por mejoras salariales a sus sectores, al conmemorarse el D\u00eda Internacional del Trabajador.<\/p>\n","protected":false},"excerpt":{"rendered":"<p>RD.-Por segunda ocasi\u00f3n en menos de 10 d\u00edas, la Asociaci\u00f3n Dominicana de Profesores (ADP) paraliz\u00f3 la docencia a nivel nacional, paros que han ido acompa\u00f1ados de manifestaciones simult\u00e1neas en diferentes&hellip;<\/p>\n","protected":false},"author":3,"featured_media":82356,"comment_status":"open","ping_status":"open","sticky":false,"template":"","format":"standard","meta":{"content-type":"","jetpack_post_was_ever_published":false,"_jetpack_newsletter_access":"","_jetpack_dont_email_post_to_subs":false,"_jetpack_newsletter_tier_id":0,"_jetpack_memberships_contains_paywalled_content":false,"_jetpack_memberships_contains_paid_content":false,"footnotes":""},"categories":[35],"tags":[882],"class_list":["post-82355","post","type-post","status-publish","format-standard","has-post-thumbnail","hentry","category-nacionales","tag-adp"],"jetpack_featured_media_url":"https:\/\/lasprimeras.com.do\/wp-content\/uploads\/2024\/05\/WhatsApp-Image-2024-05-01-at-9.01.03-AM.webp","jetpack-related-posts":[{"id":81607,"url":"https:\/\/lasprimeras.com.do\/index.php\/2024\/04\/22\/adp-llama-a-participar-este-martes-en-manifestacion-frente-a-al-ministerio-de-educacion\/","url_meta":{"origin":82355,"position":0},"title":"ADP llama a participar este martes en manifestaci\u00f3n frente a al Ministerio de Educaci\u00f3n","author":"BIMARY DE JES\u00daS Matos","date":"22 de abril de 2024","format":false,"excerpt":"Santo Domingo.- El presidente de la Asociaci\u00f3n Dominicana de Profesores (ADP) Eduardo Hidalgo, llam\u00f3 este lunes al magisterio nacional a asistir a la concentraci\u00f3n que se realizar\u00e1 este martes 23 frente al Ministerio de Educaci\u00f3n a las 10:00 de la ma\u00f1ana, para exigir el cumplimiento del acuerdo firmado julio 2023,\u2026","rel":"","context":"En \u00abNACIONALES\u00bb","block_context":{"text":"NACIONALES","link":"https:\/\/lasprimeras.com.do\/index.php\/category\/nacionales\/"},"img":{"alt_text":"","src":"https:\/\/i0.wp.com\/lasprimeras.com.do\/wp-content\/uploads\/2024\/04\/WhatsApp-Image-2024-04-22-at-1.58.50-PM.jpeg?resize=350%2C200&ssl=1","width":350,"height":200,"srcset":"https:\/\/i0.wp.com\/lasprimeras.com.do\/wp-content\/uploads\/2024\/04\/WhatsApp-Image-2024-04-22-at-1.58.50-PM.jpeg?resize=350%2C200&ssl=1 1x, https:\/\/i0.wp.com\/lasprimeras.com.do\/wp-content\/uploads\/2024\/04\/WhatsApp-Image-2024-04-22-at-1.58.50-PM.jpeg?resize=525%2C300&ssl=1 1.5x, https:\/\/i0.wp.com\/lasprimeras.com.do\/wp-content\/uploads\/2024\/04\/WhatsApp-Image-2024-04-22-at-1.58.50-PM.jpeg?resize=700%2C400&ssl=1 2x"},"classes":[]},{"id":51043,"url":"https:\/\/lasprimeras.com.do\/index.php\/2023\/05\/26\/maestros-protestan-frente-a-educacion-exigiendo-aumentos-salariales\/","url_meta":{"origin":82355,"position":1},"title":"Maestros protestan frente a Educaci\u00f3n exigiendo aumentos salariales","author":"prenxa100","date":"26 de mayo de 2023","format":false,"excerpt":"Santo Domingo, RD.-.Cientos de maestros de todas las regionales y distritos educativos del pa\u00eds se apostaron este viernes frente a las instalaciones del Ministerio de Educaci\u00f3n (Minerd) para exigir a la dependencia una serie de reivindicaciones para el colectivo. Acogiendo el llamado a concentraci\u00f3n realizado por la Asociaci\u00f3n Dominicana de\u2026","rel":"","context":"En \u00abNACIONALES\u00bb","block_context":{"text":"NACIONALES","link":"https:\/\/lasprimeras.com.do\/index.php\/category\/nacionales\/"},"img":{"alt_text":"","src":"","width":0,"height":0},"classes":[]},{"id":82457,"url":"https:\/\/lasprimeras.com.do\/index.php\/2024\/05\/03\/minerd-aumenta-8-a-maestros-adp-exige-20\/","url_meta":{"origin":82355,"position":2},"title":"Minerd aumenta 8% a maestros; ADP exige 20%","author":"BIMARY DE JES\u00daS Matos","date":"3 de mayo de 2024","format":false,"excerpt":"Los recientes paros de docencia, marchas y amenazas de nuevas paralizaciones a nivel nacional por parte de la Asociaci\u00f3n Dominicana de Profesores (ADP) para exigir el aumento de un 20 % salarial, pusieron r\u00e1pido al Ministerio de Educaci\u00f3n, que ayer respondi\u00f3 con un incremento de un 8% al salario base\u2026","rel":"","context":"En \u00abPORTADA\u00bb","block_context":{"text":"PORTADA","link":"https:\/\/lasprimeras.com.do\/index.php\/category\/portada\/"},"img":{"alt_text":"","src":"https:\/\/i0.wp.com\/lasprimeras.com.do\/wp-content\/uploads\/2024\/05\/Diseno-sin-titulo-2.webp?resize=350%2C200&ssl=1","width":350,"height":200,"srcset":"https:\/\/i0.wp.com\/lasprimeras.com.do\/wp-content\/uploads\/2024\/05\/Diseno-sin-titulo-2.webp?resize=350%2C200&ssl=1 1x, https:\/\/i0.wp.com\/lasprimeras.com.do\/wp-content\/uploads\/2024\/05\/Diseno-sin-titulo-2.webp?resize=525%2C300&ssl=1 1.5x, https:\/\/i0.wp.com\/lasprimeras.com.do\/wp-content\/uploads\/2024\/05\/Diseno-sin-titulo-2.webp?resize=700%2C400&ssl=1 2x"},"classes":[]},{"id":81568,"url":"https:\/\/lasprimeras.com.do\/index.php\/2024\/04\/22\/ministerio-de-educacion-asegura-que-la-adp-pone-en-riesgo-el-cierre-de-ano-escolar-con-huelga\/","url_meta":{"origin":82355,"position":3},"title":"Ministerio de Educaci\u00f3n asegura que la ADP pone en riesgo el cierre de a\u00f1o escolar con huelga","author":"BIMARY DE JES\u00daS Matos","date":"22 de abril de 2024","format":false,"excerpt":"Santo Domingo.-El Ministerio de Educaci\u00f3n de la Rep\u00fablica Dominicana (Minerd) acus\u00f3 este lunes a la Asociaci\u00f3n Dominicana de Profesores (ADP) de poner en riesgo el cierre del a\u00f1o escolar 2023-2024, que cursan m\u00e1s de 2.6 millones de estudiantes de los niveles Inicial, Primaria, Secundaria y en la Modalidad de Adultos,\u2026","rel":"","context":"En \u00abPORTADA\u00bb","block_context":{"text":"PORTADA","link":"https:\/\/lasprimeras.com.do\/index.php\/category\/portada\/"},"img":{"alt_text":"","src":"https:\/\/i0.wp.com\/lasprimeras.com.do\/wp-content\/uploads\/2024\/04\/6a0c8a05-4f4b-48f5-a1d9-1ad180753c4a-31.jpg?resize=350%2C200&ssl=1","width":350,"height":200,"srcset":"https:\/\/i0.wp.com\/lasprimeras.com.do\/wp-content\/uploads\/2024\/04\/6a0c8a05-4f4b-48f5-a1d9-1ad180753c4a-31.jpg?resize=350%2C200&ssl=1 1x, https:\/\/i0.wp.com\/lasprimeras.com.do\/wp-content\/uploads\/2024\/04\/6a0c8a05-4f4b-48f5-a1d9-1ad180753c4a-31.jpg?resize=525%2C300&ssl=1 1.5x, https:\/\/i0.wp.com\/lasprimeras.com.do\/wp-content\/uploads\/2024\/04\/6a0c8a05-4f4b-48f5-a1d9-1ad180753c4a-31.jpg?resize=700%2C400&ssl=1 2x"},"classes":[]},{"id":49206,"url":"https:\/\/lasprimeras.com.do\/index.php\/2023\/05\/09\/adp-espera-segundo-aumento-salarial-pactado-en-2021\/","url_meta":{"origin":82355,"position":4},"title":"ADP espera segundo aumento salarial pactado en 2021","author":"prenxa100","date":"9 de mayo de 2023","format":false,"excerpt":"SANTO DOMINGO.-.La Asociaci\u00f3n Dominicana de Profesores (ADP) espera que el segundo aumento salarial pactado en 2021 con el Ministerio de Educaci\u00f3n -con el presidente Luis Abinader como testigo- se aplique en este a\u00f1o, tal como fue acordado. Este fue uno de los puntos tratados en una reuni\u00f3n del Comit\u00e9 Ejecutivo\u2026","rel":"","context":"En \u00abECONOM\u00cdA\u00bb","block_context":{"text":"ECONOM\u00cdA","link":"https:\/\/lasprimeras.com.do\/index.php\/category\/economia\/"},"img":{"alt_text":"","src":"","width":0,"height":0},"classes":[]},{"id":54633,"url":"https:\/\/lasprimeras.com.do\/index.php\/2023\/07\/12\/gobierno-y-adp-anunciaran-gran-acuerdo-en-favor-de-la-educacion-dominicana\/","url_meta":{"origin":82355,"position":5},"title":"Gobierno y ADP anunciar\u00e1n &#8220;gran acuerdo&#8221; en favor de la educaci\u00f3n dominicana","author":"Nelson Feliz","date":"12 de julio de 2023","format":false,"excerpt":"Las partes socializaron 10 puntos sobre la educaci\u00f3n y condici\u00f3n de los docentes. Tras varias reuniones en las que se debat\u00edan 10 puntos claves, el Ministerio de Educaci\u00f3n (Minerd) y la Asociaci\u00f3n Dominicana de Profesores (ADP) arribaron la tarde de este mi\u00e9rcoles a un \"gran acuerdo\" con el objetivo de\u2026","rel":"","context":"En \u00abNACIONALES\u00bb","block_context":{"text":"NACIONALES","link":"https:\/\/lasprimeras.com.do\/index.php\/category\/nacionales\/"},"img":{"alt_text":"Presidente de la Asociaci\u00f3n Dominicana de Profesores (ADP), Eduardo Hidalgo.","src":"https:\/\/i0.wp.com\/lasprimeras.com.do\/wp-content\/uploads\/2023\/06\/Eduardo-Hidalgo.jpeg?resize=350%2C200&ssl=1","width":350,"height":200,"srcset":"https:\/\/i0.wp.com\/lasprimeras.com.do\/wp-content\/uploads\/2023\/06\/Eduardo-Hidalgo.jpeg?resize=350%2C200&ssl=1 1x, https:\/\/i0.wp.com\/lasprimeras.com.do\/wp-content\/uploads\/2023\/06\/Eduardo-Hidalgo.jpeg?resize=525%2C300&ssl=1 1.5x, https:\/\/i0.wp.com\/lasprimeras.com.do\/wp-content\/uploads\/2023\/06\/Eduardo-Hidalgo.jpeg?resize=700%2C400&ssl=1 2x"},"classes":[]}],"jetpack_sharing_enabled":true,"_links":{"self":[{"href":"https:\/\/lasprimeras.com.do\/index.php\/wp-json\/wp\/v2\/posts\/82355","targetHints":{"allow":["GET"]}}],"collection":[{"href":"https:\/\/lasprimeras.com.do\/index.php\/wp-json\/wp\/v2\/posts"}],"about":[{"href":"https:\/\/lasprimeras.com.do\/index.php\/wp-json\/wp\/v2\/types\/post"}],"author":[{"embeddable":true,"href":"https:\/\/lasprimeras.com.do\/index.php\/wp-json\/wp\/v2\/users\/3"}],"replies":[{"embeddable":true,"href":"https:\/\/lasprimeras.com.do\/index.php\/wp-json\/wp\/v2\/comments?post=82355"}],"version-history":[{"count":1,"href":"https:\/\/lasprimeras.com.do\/index.php\/wp-json\/wp\/v2\/posts\/82355\/revisions"}],"predecessor-version":[{"id":82357,"href":"https:\/\/lasprimeras.com.do\/index.php\/wp-json\/wp\/v2\/posts\/82355\/revisions\/82357"}],"wp:featuredmedia":[{"embeddable":true,"href":"https:\/\/lasprimeras.com.do\/index.php\/wp-json\/wp\/v2\/media\/82356"}],"wp:attachment":[{"href":"https:\/\/lasprimeras.com.do\/index.php\/wp-json\/wp\/v2\/media?parent=82355"}],"wp:term":[{"taxonomy":"category","embeddable":true,"href":"https:\/\/lasprimeras.com.do\/index.php\/wp-json\/wp\/v2\/categories?post=82355"},{"taxonomy":"post_tag","embeddable":true,"href":"https:\/\/lasprimeras.com.do\/index.php\/wp-json\/wp\/v2\/tags?post=82355"}],"curies":[{"name":"wp","href":"https:\/\/api.w.org\/{rel}","templated":true}]}}