{"id":82358,"date":"2024-05-02T07:30:23","date_gmt":"2024-05-02T11:30:23","guid":{"rendered":"https:\/\/lasprimeras.com.do\/?p=82358"},"modified":"2024-05-02T07:30:25","modified_gmt":"2024-05-02T11:30:25","slug":"junta-central-otorga-otro-plazo-prm-y-fp","status":"publish","type":"post","link":"https:\/\/lasprimeras.com.do\/index.php\/2024\/05\/02\/junta-central-otorga-otro-plazo-prm-y-fp\/","title":{"rendered":"Junta Central otorga otro plazo PRM y FP"},"content":{"rendered":"\n<p>Santo Domingo.- La Junta Central Electoral (JCE) otorg\u00f3 otro plazo a los partidos Revolucionario Moderno y Fuerza del Pueblo para que depositen sus propuestas de boletas en la circunscripci\u00f3n tres del Distrito Nacional (PRM), y la uno (FP), donde ninguna de las dos organizaciones cumpl\u00eda con la cuota de g\u00e9nero en su presentaci\u00f3n inicial.<\/p>\n\n\n\n<p>La JCE les hab\u00eda otorgado un plazo hasta ayer a las 7:00 de la noche, pero los representantes de esos partidos solicitaron otra pr\u00f3rroga, la cual se les concedi\u00f3 hasta el viernes tres a las 4:00 de la tarde.<\/p>\n\n\n\n<p>En el caso del PRM, inscribi\u00f3 cinco hombres y dos mujeres como candidatos a diputados de la circunscripci\u00f3n tres de la capital, por lo que la Junta le solicit\u00f3 que sean cuatro y tres, en cumplimiento de lo establecido por la Ley Electoral (60-40).<\/p>\n\n\n\n<p>La Fuerza del Pueblo tampoco cumpli\u00f3 con la cuota de g\u00e9nero, y donde debi\u00f3 postular a tres mujeres s\u00f3lo coloc\u00f3 a dos, e incluy\u00f3 a Rafael Paz, quien ha sido rebotado por varias sentencias del Tribunal Superior Electoral, ya que este no fue medido por las encuestas que realiz\u00f3 el partido para la escogencia de los candidatos.<\/p>\n\n\n\n<p>Paz tambi\u00e9n fue objetado por la Junta Central Electoral porque en el puesto que lo coloc\u00f3 el partido, est\u00e1 reservado para una mujer, mientras que las otras tres posiciones pertenecen a encuestados.<\/p>\n","protected":false},"excerpt":{"rendered":"<p>Santo Domingo.- La Junta Central Electoral (JCE) otorg\u00f3 otro plazo a los partidos Revolucionario Moderno y Fuerza del Pueblo para que depositen sus propuestas de boletas en la circunscripci\u00f3n tres&hellip;<\/p>\n","protected":false},"author":3,"featured_media":82225,"comment_status":"open","ping_status":"open","sticky":false,"template":"","format":"standard","meta":{"content-type":"","jetpack_post_was_ever_published":false,"_jetpack_newsletter_access":"","_jetpack_dont_email_post_to_subs":false,"_jetpack_newsletter_tier_id":0,"_jetpack_memberships_contains_paywalled_content":false,"_jetpack_memberships_contains_paid_content":false,"footnotes":""},"categories":[1],"tags":[183],"class_list":["post-82358","post","type-post","status-publish","format-standard","has-post-thumbnail","hentry","category-sin-categoria","tag-jce"],"jetpack_featured_media_url":"https:\/\/lasprimeras.com.do\/wp-content\/uploads\/2024\/04\/6a0c8a05-4f4b-48f5-a1d9-1ad180753c4a-19.webp","jetpack-related-posts":[{"id":82224,"url":"https:\/\/lasprimeras.com.do\/index.php\/2024\/04\/30\/jce-pone-fecha-al-prm-y-fp-para-completar-boleta-de-diputados-en-dn\/","url_meta":{"origin":82358,"position":0},"title":"JCE pone fecha al PRM y FP para completar boleta de diputados en DN","author":"BIMARY DE JES\u00daS Matos","date":"30 de abril de 2024","format":false,"excerpt":"SANTO DOMINGO.- La Junta Central Electoral (JCE) le otorg\u00f3 un nuevo plazo que vencer\u00e1 el 1 de mayo a las 7:00 de la noche a los partidos Revolucionario Moderno (PRM) y Fuerza del Pueblo (FP) para que completen sus boletas electorales para candidatos a diputados en dos circunscripciones del Distrito\u2026","rel":"","context":"En \u00abSin categor\u00eda\u00bb","block_context":{"text":"Sin categor\u00eda","link":"https:\/\/lasprimeras.com.do\/index.php\/category\/sin-categoria\/"},"img":{"alt_text":"","src":"https:\/\/i0.wp.com\/lasprimeras.com.do\/wp-content\/uploads\/2024\/04\/6a0c8a05-4f4b-48f5-a1d9-1ad180753c4a-19.webp?resize=350%2C200&ssl=1","width":350,"height":200,"srcset":"https:\/\/i0.wp.com\/lasprimeras.com.do\/wp-content\/uploads\/2024\/04\/6a0c8a05-4f4b-48f5-a1d9-1ad180753c4a-19.webp?resize=350%2C200&ssl=1 1x, https:\/\/i0.wp.com\/lasprimeras.com.do\/wp-content\/uploads\/2024\/04\/6a0c8a05-4f4b-48f5-a1d9-1ad180753c4a-19.webp?resize=525%2C300&ssl=1 1.5x, https:\/\/i0.wp.com\/lasprimeras.com.do\/wp-content\/uploads\/2024\/04\/6a0c8a05-4f4b-48f5-a1d9-1ad180753c4a-19.webp?resize=700%2C400&ssl=1 2x, https:\/\/i0.wp.com\/lasprimeras.com.do\/wp-content\/uploads\/2024\/04\/6a0c8a05-4f4b-48f5-a1d9-1ad180753c4a-19.webp?resize=1050%2C600&ssl=1 3x"},"classes":[]},{"id":126925,"url":"https:\/\/lasprimeras.com.do\/index.php\/2026\/04\/06\/fp-iniciara-este-martes-jornada-de-cedulacion-de-sus-dirigentes-en-coordinacion-con-la-jce\/","url_meta":{"origin":82358,"position":1},"title":"FP iniciar\u00e1 este martes jornada de cedulaci\u00f3n de sus dirigentes en coordinaci\u00f3n con la JCE","author":"Nelson Feliz","date":"6 de abril de 2026","format":false,"excerpt":"Con esta jornada, la FP, al igual que otras organizaciones, respalda a la JCE en el proceso de renovaci\u00f3n del nuevo documento oficial. El partido Fuerza del Pueblo, en coordinaci\u00f3n con la Junta Central Electoral (JCE), iniciar\u00e1 este martes 7 una jornada nacional de cedulaci\u00f3n dirigida a los integrantes de\u2026","rel":"","context":"En \u00abPOLITICA\u00bb","block_context":{"text":"POLITICA","link":"https:\/\/lasprimeras.com.do\/index.php\/category\/politica\/"},"img":{"alt_text":"Henry Mer\u00e1n","src":"https:\/\/i0.wp.com\/lasprimeras.com.do\/wp-content\/uploads\/2026\/04\/Henry-Meran.jpg?resize=350%2C200&ssl=1","width":350,"height":200,"srcset":"https:\/\/i0.wp.com\/lasprimeras.com.do\/wp-content\/uploads\/2026\/04\/Henry-Meran.jpg?resize=350%2C200&ssl=1 1x, https:\/\/i0.wp.com\/lasprimeras.com.do\/wp-content\/uploads\/2026\/04\/Henry-Meran.jpg?resize=525%2C300&ssl=1 1.5x, https:\/\/i0.wp.com\/lasprimeras.com.do\/wp-content\/uploads\/2026\/04\/Henry-Meran.jpg?resize=700%2C400&ssl=1 2x"},"classes":[]},{"id":82240,"url":"https:\/\/lasprimeras.com.do\/index.php\/2024\/04\/30\/jce-deja-fuera-de-boleta-a-rafael-paz-y-otros-candidatos-de-fp-en-circunscripcion-1-dn\/","url_meta":{"origin":82358,"position":2},"title":"JCE deja fuera de boleta a Rafael Paz y otros candidatos de FP, en Circunscripci\u00f3n 1 DN","author":"BIMARY DE JES\u00daS Matos","date":"30 de abril de 2024","format":false,"excerpt":"SANTO DOMINGO.- La Junta Central Electoral (JCE) no acogi\u00f3 la inscripci\u00f3n de candidatos a diputados de la Fuerza del Pueblo en la circunscripci\u00f3n 1 del Distrito Nacional, en vista de que incumple lo ordenado por el Tribunal Superior Electoral. Por lo que otorg\u00f3 un plazo hasta el mi\u00e9rcoles a la\u2026","rel":"","context":"En \u00abSin categor\u00eda\u00bb","block_context":{"text":"Sin categor\u00eda","link":"https:\/\/lasprimeras.com.do\/index.php\/category\/sin-categoria\/"},"img":{"alt_text":"","src":"https:\/\/i0.wp.com\/lasprimeras.com.do\/wp-content\/uploads\/2024\/04\/DSC00247-1.jpg?resize=350%2C200&ssl=1","width":350,"height":200,"srcset":"https:\/\/i0.wp.com\/lasprimeras.com.do\/wp-content\/uploads\/2024\/04\/DSC00247-1.jpg?resize=350%2C200&ssl=1 1x, https:\/\/i0.wp.com\/lasprimeras.com.do\/wp-content\/uploads\/2024\/04\/DSC00247-1.jpg?resize=525%2C300&ssl=1 1.5x, https:\/\/i0.wp.com\/lasprimeras.com.do\/wp-content\/uploads\/2024\/04\/DSC00247-1.jpg?resize=700%2C400&ssl=1 2x, https:\/\/i0.wp.com\/lasprimeras.com.do\/wp-content\/uploads\/2024\/04\/DSC00247-1.jpg?resize=1050%2C600&ssl=1 3x"},"classes":[]},{"id":116211,"url":"https:\/\/lasprimeras.com.do\/index.php\/2025\/11\/28\/tobias-crespo-anuncia-aspiraciones-a-la-alcaldia-del-dn-critica-al-prm-por-narcotrafico-y-corrupcion\/","url_meta":{"origin":82358,"position":3},"title":"Tob\u00edas Crespo anuncia aspiraciones a la Alcald\u00eda del DN; critica al PRM por narcotr\u00e1fico y corrupci\u00f3n","author":"Nelson Feliz","date":"28 de noviembre de 2025","format":false,"excerpt":"-El experimentado legislador, tras 18 a\u00f1os en el Congreso, se encuentra en un proceso de consulta popular antes de formalizar su candidatura por La Fuerza del Pueblo. El miembro prominente de La Fuerza del Pueblo (FP), diputado Rafael Tob\u00edas Crespo, ha anunciado su intenci\u00f3n de postularse para la Alcald\u00eda del\u2026","rel":"","context":"En \u00abPOLITICA\u00bb","block_context":{"text":"POLITICA","link":"https:\/\/lasprimeras.com.do\/index.php\/category\/politica\/"},"img":{"alt_text":"","src":"https:\/\/i0.wp.com\/lasprimeras.com.do\/wp-content\/uploads\/2025\/11\/Rafael-Tobias-Crespo.jpeg?resize=350%2C200&ssl=1","width":350,"height":200,"srcset":"https:\/\/i0.wp.com\/lasprimeras.com.do\/wp-content\/uploads\/2025\/11\/Rafael-Tobias-Crespo.jpeg?resize=350%2C200&ssl=1 1x, https:\/\/i0.wp.com\/lasprimeras.com.do\/wp-content\/uploads\/2025\/11\/Rafael-Tobias-Crespo.jpeg?resize=525%2C300&ssl=1 1.5x, https:\/\/i0.wp.com\/lasprimeras.com.do\/wp-content\/uploads\/2025\/11\/Rafael-Tobias-Crespo.jpeg?resize=700%2C400&ssl=1 2x"},"classes":[]},{"id":102488,"url":"https:\/\/lasprimeras.com.do\/index.php\/2025\/07\/04\/lf-participara-este-sabado-en-graduacion-de-diplomado-especializado-de-la-jce\/","url_meta":{"origin":82358,"position":4},"title":"LF participar\u00e1 este s\u00e1bado en graduaci\u00f3n de diplomado especializado de la JCE","author":"Nelson Feliz","date":"4 de julio de 2025","format":false,"excerpt":"El expresidente de la Rep\u00fablica y actual presidente del partido Fuerza del Pueblo (FP), Leonel Fern\u00e1ndez, asistir\u00e1 este s\u00e1bado al acto de graduaci\u00f3n del Diplomado Especializado en Administraci\u00f3n Electoral, iniciativa acad\u00e9mica coordinada por el Instituto Especializado Superior en Formaci\u00f3n Pol\u00edtica, Electoral y del Estado Civil (IESPEC), \u00f3rgano acad\u00e9mico de la\u2026","rel":"","context":"En \u00abNACIONALES\u00bb","block_context":{"text":"NACIONALES","link":"https:\/\/lasprimeras.com.do\/index.php\/category\/nacionales\/"},"img":{"alt_text":"","src":"https:\/\/i0.wp.com\/lasprimeras.com.do\/wp-content\/uploads\/2025\/07\/Leonel-Fernandez-y-Roman-Jaquez-Liranzo.jpg?resize=350%2C200&ssl=1","width":350,"height":200,"srcset":"https:\/\/i0.wp.com\/lasprimeras.com.do\/wp-content\/uploads\/2025\/07\/Leonel-Fernandez-y-Roman-Jaquez-Liranzo.jpg?resize=350%2C200&ssl=1 1x, https:\/\/i0.wp.com\/lasprimeras.com.do\/wp-content\/uploads\/2025\/07\/Leonel-Fernandez-y-Roman-Jaquez-Liranzo.jpg?resize=525%2C300&ssl=1 1.5x, https:\/\/i0.wp.com\/lasprimeras.com.do\/wp-content\/uploads\/2025\/07\/Leonel-Fernandez-y-Roman-Jaquez-Liranzo.jpg?resize=700%2C400&ssl=1 2x"},"classes":[]},{"id":100457,"url":"https:\/\/lasprimeras.com.do\/index.php\/2025\/06\/05\/jce-realiza-audiencia-publica-para-registro-de-encuestadoras\/","url_meta":{"origin":82358,"position":5},"title":"JCE realiza audiencia p\u00fablica para registro de encuestadoras","author":"Nelson Feliz","date":"5 de junio de 2025","format":false,"excerpt":"La Junta Central Electoral (JCE) realiz\u00f3 este jueves una audiencia p\u00fablica para conocer las consideraciones y observaciones de las organizaciones pol\u00edticas, firmas encuestadoras y medios de comunicaci\u00f3n sobre el \u201cProyecto de Reglamento que establece el procedimiento para el registro de las firmas o empresas encuestadoras y la publicaci\u00f3n de encuestas\u2026","rel":"","context":"En \u00abNACIONALES\u00bb","block_context":{"text":"NACIONALES","link":"https:\/\/lasprimeras.com.do\/index.php\/category\/nacionales\/"},"img":{"alt_text":"","src":"https:\/\/i0.wp.com\/lasprimeras.com.do\/wp-content\/uploads\/2025\/06\/Audiencia-05-06-25-2.jpg?resize=350%2C200&ssl=1","width":350,"height":200,"srcset":"https:\/\/i0.wp.com\/lasprimeras.com.do\/wp-content\/uploads\/2025\/06\/Audiencia-05-06-25-2.jpg?resize=350%2C200&ssl=1 1x, https:\/\/i0.wp.com\/lasprimeras.com.do\/wp-content\/uploads\/2025\/06\/Audiencia-05-06-25-2.jpg?resize=525%2C300&ssl=1 1.5x, https:\/\/i0.wp.com\/lasprimeras.com.do\/wp-content\/uploads\/2025\/06\/Audiencia-05-06-25-2.jpg?resize=700%2C400&ssl=1 2x"},"classes":[]}],"jetpack_sharing_enabled":true,"_links":{"self":[{"href":"https:\/\/lasprimeras.com.do\/index.php\/wp-json\/wp\/v2\/posts\/82358","targetHints":{"allow":["GET"]}}],"collection":[{"href":"https:\/\/lasprimeras.com.do\/index.php\/wp-json\/wp\/v2\/posts"}],"about":[{"href":"https:\/\/lasprimeras.com.do\/index.php\/wp-json\/wp\/v2\/types\/post"}],"author":[{"embeddable":true,"href":"https:\/\/lasprimeras.com.do\/index.php\/wp-json\/wp\/v2\/users\/3"}],"replies":[{"embeddable":true,"href":"https:\/\/lasprimeras.com.do\/index.php\/wp-json\/wp\/v2\/comments?post=82358"}],"version-history":[{"count":1,"href":"https:\/\/lasprimeras.com.do\/index.php\/wp-json\/wp\/v2\/posts\/82358\/revisions"}],"predecessor-version":[{"id":82359,"href":"https:\/\/lasprimeras.com.do\/index.php\/wp-json\/wp\/v2\/posts\/82358\/revisions\/82359"}],"wp:featuredmedia":[{"embeddable":true,"href":"https:\/\/lasprimeras.com.do\/index.php\/wp-json\/wp\/v2\/media\/82225"}],"wp:attachment":[{"href":"https:\/\/lasprimeras.com.do\/index.php\/wp-json\/wp\/v2\/media?parent=82358"}],"wp:term":[{"taxonomy":"category","embeddable":true,"href":"https:\/\/lasprimeras.com.do\/index.php\/wp-json\/wp\/v2\/categories?post=82358"},{"taxonomy":"post_tag","embeddable":true,"href":"https:\/\/lasprimeras.com.do\/index.php\/wp-json\/wp\/v2\/tags?post=82358"}],"curies":[{"name":"wp","href":"https:\/\/api.w.org\/{rel}","templated":true}]}}