{"id":82360,"date":"2024-05-02T07:31:38","date_gmt":"2024-05-02T11:31:38","guid":{"rendered":"https:\/\/lasprimeras.com.do\/?p=82360"},"modified":"2024-05-02T07:31:39","modified_gmt":"2024-05-02T11:31:39","slug":"ejercito-ruso-lanza-una-oleada-misiles-balisticos-a-odesa","status":"publish","type":"post","link":"https:\/\/lasprimeras.com.do\/index.php\/2024\/05\/02\/ejercito-ruso-lanza-una-oleada-misiles-balisticos-a-odesa\/","title":{"rendered":"Ej\u00e9rcito ruso lanza una oleada misiles bal\u00edsticos a Odesa"},"content":{"rendered":"\n<p>KIEV.- El gobernador de Odesa, Oleg Kiper, ha informado de que las Fuerzas Armadas rusas han lanzado una nueva oleada de misiles contra esta regi\u00f3n del sur de Ucrania, lo que ha provocado da\u00f1os en edificios administrativos y residenciales.<\/p>\n\n\n\n<p>Kiper ha indicado en su perfil en la red social Telegram que, por el momento, hay al menos 13 v\u00edctimas, si bien no ha precisado si se trata de muertos o heridos. \u00abEn el lugar del impacto se ha producido un potente incendio\u00bb, ha agregado.<\/p>\n\n\n\n<p>Nova Poshta, una empresa privada de correos y mensajer\u00eda de Ucrania, ha informado de que un proyectil ha impactado en una de sus oficinas, si bien no ha habido que lamentar muertos o heridos entre sus trabajadores, seg\u00fan ha recogido la agencia de noticias Unian.<\/p>\n\n\n\n<p>Cinco personas murieron y otras 30 resultaron heridas el lunes por otro ataque de las fuerzas rusas sobre varios edificios residenciales, as\u00ed como infraestructura civil. El fiscal general de Ucrania, Andri Kostin, acus\u00f3 a Rusia de usar bombas de racimo contra la ciudad.<\/p>\n","protected":false},"excerpt":{"rendered":"<p>KIEV.- El gobernador de Odesa, Oleg Kiper, ha informado de que las Fuerzas Armadas rusas han lanzado una nueva oleada de misiles contra esta regi\u00f3n del sur de Ucrania, lo&hellip;<\/p>\n","protected":false},"author":3,"featured_media":82361,"comment_status":"open","ping_status":"open","sticky":false,"template":"","format":"standard","meta":{"content-type":"","jetpack_post_was_ever_published":false,"_jetpack_newsletter_access":"","_jetpack_dont_email_post_to_subs":false,"_jetpack_newsletter_tier_id":0,"_jetpack_memberships_contains_paywalled_content":false,"_jetpack_memberships_contains_paid_content":false,"footnotes":""},"categories":[1],"tags":[1119],"class_list":["post-82360","post","type-post","status-publish","format-standard","has-post-thumbnail","hentry","category-sin-categoria","tag-rusia"],"jetpack_featured_media_url":"https:\/\/lasprimeras.com.do\/wp-content\/uploads\/2024\/05\/WhatsApp-Image-2024-05-01-at-9.01.49-AM.jpeg","jetpack-related-posts":[{"id":100667,"url":"https:\/\/lasprimeras.com.do\/index.php\/2025\/06\/10\/rusia-lanza-otro-gran-ataque-de-drones-y-misiles-contra-ucrania-deja-3-muertos-y-13-heridos\/","url_meta":{"origin":82360,"position":0},"title":"Rusia lanza otro gran ataque de drones y misiles contra Ucrania, deja 3 muertos y 13 heridos","author":"Nelson Feliz","date":"10 de junio de 2025","format":false,"excerpt":"POR VASILISA STEPANENKO and SAMYA KULLAB KIEV, Ucrania (AP) \u2014 Rusia envi\u00f3 oleadas de drones y misiles en un ataque a dos ciudades ucranianas la madrugada del martes que mat\u00f3 a tres personas e hiri\u00f3 al menos a otras trece, dijeron funcionarios ucranianos. El ataque golpe\u00f3 la capital, Kiev, y\u2026","rel":"","context":"En \u00abINTERNACIONALES\u00bb","block_context":{"text":"INTERNACIONALES","link":"https:\/\/lasprimeras.com.do\/index.php\/category\/sin-categoria\/internacionales\/"},"img":{"alt_text":"","src":"https:\/\/i0.wp.com\/lasprimeras.com.do\/wp-content\/uploads\/2025\/06\/ataque-1.jpg?resize=350%2C200&ssl=1","width":350,"height":200,"srcset":"https:\/\/i0.wp.com\/lasprimeras.com.do\/wp-content\/uploads\/2025\/06\/ataque-1.jpg?resize=350%2C200&ssl=1 1x, https:\/\/i0.wp.com\/lasprimeras.com.do\/wp-content\/uploads\/2025\/06\/ataque-1.jpg?resize=525%2C300&ssl=1 1.5x, https:\/\/i0.wp.com\/lasprimeras.com.do\/wp-content\/uploads\/2025\/06\/ataque-1.jpg?resize=700%2C400&ssl=1 2x"},"classes":[]},{"id":100796,"url":"https:\/\/lasprimeras.com.do\/index.php\/2025\/06\/12\/tres-muertos-y-decenas-de-heridos-en-nuevos-ataques-de-rusia-contra-ucrania\/","url_meta":{"origin":82360,"position":1},"title":"Tres muertos y decenas de heridos en nuevos ataques de Rusia contra Ucrania","author":"Nelson Feliz","date":"12 de junio de 2025","format":false,"excerpt":"KIEV, Ucrania (AP) \u2014 Las fuerzas rusas golpearon Ucrania con drones y otras armas, matando a tres personas e hiriendo a decenas m\u00e1s a pesar de la presi\u00f3n internacional para que se acuerde un alto el fuego, dijeron funcionarios el jueves. Seg\u00fan la Fuerza A\u00e9rea ucraniana, Rusia lanz\u00f3 una andanada\u2026","rel":"","context":"En \u00abINTERNACIONALES\u00bb","block_context":{"text":"INTERNACIONALES","link":"https:\/\/lasprimeras.com.do\/index.php\/category\/sin-categoria\/internacionales\/"},"img":{"alt_text":"","src":"https:\/\/i0.wp.com\/lasprimeras.com.do\/wp-content\/uploads\/2025\/06\/ataques-1.jpg?resize=350%2C200&ssl=1","width":350,"height":200,"srcset":"https:\/\/i0.wp.com\/lasprimeras.com.do\/wp-content\/uploads\/2025\/06\/ataques-1.jpg?resize=350%2C200&ssl=1 1x, https:\/\/i0.wp.com\/lasprimeras.com.do\/wp-content\/uploads\/2025\/06\/ataques-1.jpg?resize=525%2C300&ssl=1 1.5x, https:\/\/i0.wp.com\/lasprimeras.com.do\/wp-content\/uploads\/2025\/06\/ataques-1.jpg?resize=700%2C400&ssl=1 2x"},"classes":[]},{"id":79762,"url":"https:\/\/lasprimeras.com.do\/index.php\/2024\/03\/31\/dos-muertos-mientras-rusia-lanza-ataques-contra-la-infraestructura-energetica-de-ucrania\/","url_meta":{"origin":82360,"position":2},"title":"Dos muertos mientras Rusia lanza ataques contra la infraestructura energ\u00e9tica de Ucrania","author":"Nelson Feliz","date":"31 de marzo de 2024","format":false,"excerpt":"KIEV, Ucrania (AP) \u2014 Un ataque ruso con misil de crucero contra infraestructura en la regi\u00f3n occidental de Lviv en Ucrania mat\u00f3 a un hombre, mientras que otro muri\u00f3 en un ataque en el noreste, dijeron funcionarios el domingo. El ataque en Lviv destruy\u00f3 un edificio y provoc\u00f3 un incendio,\u2026","rel":"","context":"En \u00abSin categor\u00eda\u00bb","block_context":{"text":"Sin categor\u00eda","link":"https:\/\/lasprimeras.com.do\/index.php\/category\/sin-categoria\/"},"img":{"alt_text":"Ataque","src":"https:\/\/i0.wp.com\/lasprimeras.com.do\/wp-content\/uploads\/2024\/03\/Ataque-2.jpg?resize=350%2C200&ssl=1","width":350,"height":200,"srcset":"https:\/\/i0.wp.com\/lasprimeras.com.do\/wp-content\/uploads\/2024\/03\/Ataque-2.jpg?resize=350%2C200&ssl=1 1x, https:\/\/i0.wp.com\/lasprimeras.com.do\/wp-content\/uploads\/2024\/03\/Ataque-2.jpg?resize=525%2C300&ssl=1 1.5x"},"classes":[]},{"id":72629,"url":"https:\/\/lasprimeras.com.do\/index.php\/2024\/01\/01\/rusia-lanza-un-numero-record-de-drones-sobre-ucrania-este-lunes\/","url_meta":{"origin":82360,"position":3},"title":"Rusia lanza un n\u00famero r\u00e9cord de drones sobre Ucrania este lunes","author":"BIMARY DE JES\u00daS Matos","date":"1 de enero de 2024","format":false,"excerpt":"Rusia.- Rusia atac\u00f3 con 90 drones de tipo Shahed objetivos ucranianos, durante las primeras horas de este 2024. Un joven de 15 a\u00f1os muri\u00f3 y ocho personas resultaron heridas despu\u00e9s de que los restos de uno de los 87 drones derribados por las fuerzas ucranianas impactaran contra un edificio residencial\u2026","rel":"","context":"En \u00abSin categor\u00eda\u00bb","block_context":{"text":"Sin categor\u00eda","link":"https:\/\/lasprimeras.com.do\/index.php\/category\/sin-categoria\/"},"img":{"alt_text":"","src":"https:\/\/i0.wp.com\/lasprimeras.com.do\/wp-content\/uploads\/2024\/01\/Las-portadas-de-la-semana-EH-13-11.jpg?resize=350%2C200&ssl=1","width":350,"height":200,"srcset":"https:\/\/i0.wp.com\/lasprimeras.com.do\/wp-content\/uploads\/2024\/01\/Las-portadas-de-la-semana-EH-13-11.jpg?resize=350%2C200&ssl=1 1x, https:\/\/i0.wp.com\/lasprimeras.com.do\/wp-content\/uploads\/2024\/01\/Las-portadas-de-la-semana-EH-13-11.jpg?resize=525%2C300&ssl=1 1.5x"},"classes":[]},{"id":85113,"url":"https:\/\/lasprimeras.com.do\/index.php\/2024\/06\/22\/tres-muertos-en-bombardeo-de-jarkov-mientras-rusia-lanza-misiles-contra-energeticas-ucranianas\/","url_meta":{"origin":82360,"position":4},"title":"Tres muertos en bombardeo de J\u00e1rkov mientras Rusia lanza misiles contra energ\u00e9ticas ucranianas","author":"Nelson Feliz","date":"22 de junio de 2024","format":false,"excerpt":"POR TOM WILLIAMS KIEV, Ucrania (AP) \u2014 Al menos tres personas murieron en un bombardeo ruso contra la segunda ciudad de Ucrania, J\u00e1rkov, el s\u00e1bado por la tarde, dijo el presidente ucraniano Volodymyr Zelenskyy. Otras 38 personas resultaron heridas en el ataque, dijo el alcalde de J\u00e1rkov, Ihor Terekhov. Se\u2026","rel":"","context":"En \u00abSin categor\u00eda\u00bb","block_context":{"text":"Sin categor\u00eda","link":"https:\/\/lasprimeras.com.do\/index.php\/category\/sin-categoria\/"},"img":{"alt_text":"","src":"https:\/\/i0.wp.com\/lasprimeras.com.do\/wp-content\/uploads\/2024\/06\/bombardeo.jpg?resize=350%2C200&ssl=1","width":350,"height":200,"srcset":"https:\/\/i0.wp.com\/lasprimeras.com.do\/wp-content\/uploads\/2024\/06\/bombardeo.jpg?resize=350%2C200&ssl=1 1x, https:\/\/i0.wp.com\/lasprimeras.com.do\/wp-content\/uploads\/2024\/06\/bombardeo.jpg?resize=525%2C300&ssl=1 1.5x, https:\/\/i0.wp.com\/lasprimeras.com.do\/wp-content\/uploads\/2024\/06\/bombardeo.jpg?resize=700%2C400&ssl=1 2x"},"classes":[]},{"id":111609,"url":"https:\/\/lasprimeras.com.do\/index.php\/2025\/10\/12\/rusia-ataca-la-red-electrica-de-ucrania-previo-al-invierno\/","url_meta":{"origin":82360,"position":5},"title":"Rusia ataca la red el\u00e9ctrica de Ucrania previo al invierno","author":"Nelson Feliz","date":"12 de octubre de 2025","format":false,"excerpt":"POR THE ASSOCIATED PRESS Rusia atac\u00f3 la red el\u00e9ctrica de Ucrania la madrugada del domingo como parte de una campa\u00f1a en curso para paralizar la infraestructura energ\u00e9tica ucraniana previo al invierno. Esto ocurri\u00f3 mientras Mosc\u00fa expresaba \u201cextrema preocupaci\u00f3n\u201d por la posibilidad de que Estados Unidos proporcione misiles de crucero Tomahawk\u2026","rel":"","context":"En \u00abINTERNACIONALES\u00bb","block_context":{"text":"INTERNACIONALES","link":"https:\/\/lasprimeras.com.do\/index.php\/category\/sin-categoria\/internacionales\/"},"img":{"alt_text":"","src":"https:\/\/i0.wp.com\/lasprimeras.com.do\/wp-content\/uploads\/2025\/10\/rusos.jpg?resize=350%2C200&ssl=1","width":350,"height":200,"srcset":"https:\/\/i0.wp.com\/lasprimeras.com.do\/wp-content\/uploads\/2025\/10\/rusos.jpg?resize=350%2C200&ssl=1 1x, https:\/\/i0.wp.com\/lasprimeras.com.do\/wp-content\/uploads\/2025\/10\/rusos.jpg?resize=525%2C300&ssl=1 1.5x, https:\/\/i0.wp.com\/lasprimeras.com.do\/wp-content\/uploads\/2025\/10\/rusos.jpg?resize=700%2C400&ssl=1 2x"},"classes":[]}],"jetpack_sharing_enabled":true,"_links":{"self":[{"href":"https:\/\/lasprimeras.com.do\/index.php\/wp-json\/wp\/v2\/posts\/82360","targetHints":{"allow":["GET"]}}],"collection":[{"href":"https:\/\/lasprimeras.com.do\/index.php\/wp-json\/wp\/v2\/posts"}],"about":[{"href":"https:\/\/lasprimeras.com.do\/index.php\/wp-json\/wp\/v2\/types\/post"}],"author":[{"embeddable":true,"href":"https:\/\/lasprimeras.com.do\/index.php\/wp-json\/wp\/v2\/users\/3"}],"replies":[{"embeddable":true,"href":"https:\/\/lasprimeras.com.do\/index.php\/wp-json\/wp\/v2\/comments?post=82360"}],"version-history":[{"count":1,"href":"https:\/\/lasprimeras.com.do\/index.php\/wp-json\/wp\/v2\/posts\/82360\/revisions"}],"predecessor-version":[{"id":82362,"href":"https:\/\/lasprimeras.com.do\/index.php\/wp-json\/wp\/v2\/posts\/82360\/revisions\/82362"}],"wp:featuredmedia":[{"embeddable":true,"href":"https:\/\/lasprimeras.com.do\/index.php\/wp-json\/wp\/v2\/media\/82361"}],"wp:attachment":[{"href":"https:\/\/lasprimeras.com.do\/index.php\/wp-json\/wp\/v2\/media?parent=82360"}],"wp:term":[{"taxonomy":"category","embeddable":true,"href":"https:\/\/lasprimeras.com.do\/index.php\/wp-json\/wp\/v2\/categories?post=82360"},{"taxonomy":"post_tag","embeddable":true,"href":"https:\/\/lasprimeras.com.do\/index.php\/wp-json\/wp\/v2\/tags?post=82360"}],"curies":[{"name":"wp","href":"https:\/\/api.w.org\/{rel}","templated":true}]}}