{"id":82363,"date":"2024-05-02T07:33:01","date_gmt":"2024-05-02T11:33:01","guid":{"rendered":"https:\/\/lasprimeras.com.do\/?p=82363"},"modified":"2024-05-02T07:33:03","modified_gmt":"2024-05-02T11:33:03","slug":"eladio-carrion-regresa-a-su-esencia-trap-con-el-ep-porque-puedo","status":"publish","type":"post","link":"https:\/\/lasprimeras.com.do\/index.php\/2024\/05\/02\/eladio-carrion-regresa-a-su-esencia-trap-con-el-ep-porque-puedo\/","title":{"rendered":"Eladio Carri\u00f3n regresa a su esencia trap con el EP \u2018Porque Puedo\u2019"},"content":{"rendered":"\n<p>El cantante puertorrique\u00f1o Eladio Carri\u00f3n lanz\u00f3 este mi\u00e9rcoles el EP \u2018Porque Puedo\u2019, con el tema central de \u2018Heavyweight\u2019 y compuesto por cinco canciones en las que regresa a su esencia trap.<\/p>\n\n\n\n<p>\u201cComo \u2018Sol Mar\u00eda\u2019 era un \u00e1lbum m\u00e1s comercial, sent\u00ed que le deb\u00eda a mis fans algo trap. Como estaba en casa pasando tiempo con mi familia, empec\u00e9 a trabajar en m\u00e1s m\u00fasica\u201d, dijo Carri\u00f3n en un comunicado<\/p>\n\n\n\n<p>\u201cTodo se convirti\u00f3 en \u2018Porque Puedo\u2019, y pens\u00e9 que era el momento perfecto para regal\u00e1rselo a mis verdaderos fans mientras se preparan para verme en \u2018el Choli\u201d, agreg\u00f3.<\/p>\n\n\n\n<p>Las presentaciones del artista urbano en el Coliseo de Puerto Rico, \u2018el Choli\u2019, la principal sala de espect\u00e1culos de la isla, ser\u00e1n el 2, 3 y 4 de mayo como parte de su pr\u00f3xima gira \u2018Sol Mar\u00eda\u2019.<\/p>\n\n\n\n<p>Asimismo, Carri\u00f3n actuar\u00e1 en M\u00e9xico y ofrecer\u00e1 una gira por Europa durante este verano.<\/p>\n\n\n\n<p>Carri\u00f3n lanz\u00f3 el 19 de enero su \u00faltimo \u00e1lbum, \u2018Sol Mar\u00eda\u2019, el nombre de su madre, compuesto de 17 temas y colaboraciones con reconocidos artistas como Rauw Alejandro, Yandel, Arc\u00e1ngel, Sech, De La Ghetto, Duk, Milo J y Nach.<\/p>\n\n\n\n<p>Con frases como \u2018Sol Mar\u00eda, hoy te doy tus flores\u2019 y \u2018gracias por tus valores\u2019, Carri\u00f3n expresa su profundo agradecimiento por las valiosas lecciones y virtudes inculcadas por su madre.<\/p>\n\n\n\n<p>El lanzamiento del \u00e1lbum estuvo acompa\u00f1ado del v\u00eddeo musical de \u2018RKO\u2019, dirigido por Edgar Esteves, y en el que aparece el luchador Randy Orton y el pelotero venezolano Francisco \u00c1lvarez, de los Mets de Nueva York.<\/p>\n","protected":false},"excerpt":{"rendered":"<p>El cantante puertorrique\u00f1o Eladio Carri\u00f3n lanz\u00f3 este mi\u00e9rcoles el EP \u2018Porque Puedo\u2019, con el tema central de \u2018Heavyweight\u2019 y compuesto por cinco canciones en las que regresa a su esencia&hellip;<\/p>\n","protected":false},"author":3,"featured_media":82364,"comment_status":"open","ping_status":"open","sticky":false,"template":"","format":"standard","meta":{"content-type":"","jetpack_post_was_ever_published":false,"_jetpack_newsletter_access":"","_jetpack_dont_email_post_to_subs":false,"_jetpack_newsletter_tier_id":0,"_jetpack_memberships_contains_paywalled_content":false,"_jetpack_memberships_contains_paid_content":false,"footnotes":""},"categories":[84],"tags":[2113],"class_list":["post-82363","post","type-post","status-publish","format-standard","has-post-thumbnail","hentry","category-entretenimiento","tag-disco"],"jetpack_featured_media_url":"https:\/\/lasprimeras.com.do\/wp-content\/uploads\/2024\/05\/WhatsApp-Image-2024-05-01-at-9.01.03-AM-1.webp","jetpack-related-posts":[{"id":69771,"url":"https:\/\/lasprimeras.com.do\/index.php\/2023\/12\/05\/eladio-carrion-se-convierte-en-padre-de-gemelos\/","url_meta":{"origin":82363,"position":0},"title":"Eladio Carri\u00f3n se convierte en padre de gemelos","author":"BIMARY DE JES\u00daS Matos","date":"5 de diciembre de 2023","format":false,"excerpt":"NY.-El trapero Eladio Carri\u00f3n, quien el fin de semana se present\u00f3 en el pa\u00eds tres noches consecutivas con su gira \u201cThe Sauce Latam Tour 2023\u201d, se convirti\u00f3 en padre de gemelos. Fue a trav\u00e9s de las redes sociales que Vianell Gonz\u00e1lez, pareja del artista, comparti\u00f3 la noticia con una fotograf\u00eda\u2026","rel":"","context":"En \u00abENTRETENIMIENTO\u00bb","block_context":{"text":"ENTRETENIMIENTO","link":"https:\/\/lasprimeras.com.do\/index.php\/category\/entretenimiento\/"},"img":{"alt_text":"","src":"https:\/\/i0.wp.com\/lasprimeras.com.do\/wp-content\/uploads\/2023\/12\/Noticias-31-3.jpg?resize=350%2C200&ssl=1","width":350,"height":200,"srcset":"https:\/\/i0.wp.com\/lasprimeras.com.do\/wp-content\/uploads\/2023\/12\/Noticias-31-3.jpg?resize=350%2C200&ssl=1 1x, https:\/\/i0.wp.com\/lasprimeras.com.do\/wp-content\/uploads\/2023\/12\/Noticias-31-3.jpg?resize=525%2C300&ssl=1 1.5x"},"classes":[]},{"id":63399,"url":"https:\/\/lasprimeras.com.do\/index.php\/2023\/10\/12\/eladio-carrion-anuncia-una-nueva-funcion-de-su-concierto-en-el-palacio-de-los-deportes\/","url_meta":{"origin":82363,"position":1},"title":"Eladio Carri\u00f3n anuncia una nueva funci\u00f3n de su concierto en el Palacio de los Deportes","author":"BIMARY DE JES\u00daS Matos","date":"12 de octubre de 2023","format":false,"excerpt":"Santo Domingo.-A ra\u00edz de la venta completa en menos de dos horas de todas las boletas para su espect\u00e1culo del 1 de diciembre en el Palacio de los Deportes, el artista de m\u00fasica urbana, Eladio Carri\u00f3n, confirma una segunda funci\u00f3n en Santo Domingo. La nueva fecha, anunciada por la producci\u00f3n\u2026","rel":"","context":"En \u00abENTRETENIMIENTO\u00bb","block_context":{"text":"ENTRETENIMIENTO","link":"https:\/\/lasprimeras.com.do\/index.php\/category\/entretenimiento\/"},"img":{"alt_text":"","src":"https:\/\/i0.wp.com\/lasprimeras.com.do\/wp-content\/uploads\/2023\/10\/WhatsApp-Image-2023-10-10-at-11.06.27-AM-6.jpeg?resize=350%2C200&ssl=1","width":350,"height":200,"srcset":"https:\/\/i0.wp.com\/lasprimeras.com.do\/wp-content\/uploads\/2023\/10\/WhatsApp-Image-2023-10-10-at-11.06.27-AM-6.jpeg?resize=350%2C200&ssl=1 1x, https:\/\/i0.wp.com\/lasprimeras.com.do\/wp-content\/uploads\/2023\/10\/WhatsApp-Image-2023-10-10-at-11.06.27-AM-6.jpeg?resize=525%2C300&ssl=1 1.5x, https:\/\/i0.wp.com\/lasprimeras.com.do\/wp-content\/uploads\/2023\/10\/WhatsApp-Image-2023-10-10-at-11.06.27-AM-6.jpeg?resize=700%2C400&ssl=1 2x"},"classes":[]},{"id":69631,"url":"https:\/\/lasprimeras.com.do\/index.php\/2023\/12\/04\/bad-bunny-la-gran-sorpresa-en-el-ultimo-de-los-tres-conciertos-de-eladio-carrion-en-santo-domingo\/","url_meta":{"origin":82363,"position":2},"title":"Bad Bunny, la gran sorpresa en el \u00faltimo de los tres conciertos de Eladio Carri\u00f3n en Santo Domingo","author":"BIMARY DE JES\u00daS Matos","date":"4 de diciembre de 2023","format":false,"excerpt":"EFE.-En el \u00faltimo de los tres conciertos en el Palacio de los Deportes Virgilio Travieso Soto, Eladio Carri\u00f3n sorprendi\u00f3 al subir al escenario a Bad Bunny. Parec\u00eda que el concierto se iba a culminar sin invitados, de hecho, Carrion hab\u00eda interpretado toda la tracklist que agota en sus conciertos. Sin\u2026","rel":"","context":"En \u00abENTRETENIMIENTO\u00bb","block_context":{"text":"ENTRETENIMIENTO","link":"https:\/\/lasprimeras.com.do\/index.php\/category\/entretenimiento\/"},"img":{"alt_text":"","src":"https:\/\/i0.wp.com\/lasprimeras.com.do\/wp-content\/uploads\/2023\/12\/WhatsApp-Image-2023-12-04-at-12.35.37-PM-6.jpeg?resize=350%2C200&ssl=1","width":350,"height":200,"srcset":"https:\/\/i0.wp.com\/lasprimeras.com.do\/wp-content\/uploads\/2023\/12\/WhatsApp-Image-2023-12-04-at-12.35.37-PM-6.jpeg?resize=350%2C200&ssl=1 1x, https:\/\/i0.wp.com\/lasprimeras.com.do\/wp-content\/uploads\/2023\/12\/WhatsApp-Image-2023-12-04-at-12.35.37-PM-6.jpeg?resize=525%2C300&ssl=1 1.5x"},"classes":[]},{"id":63531,"url":"https:\/\/lasprimeras.com.do\/index.php\/2023\/10\/13\/eladio-carrion-tendra-tres-conciertos-consecutivos-en-el-palacio-de-los-deportes\/","url_meta":{"origin":82363,"position":3},"title":"Eladio Carri\u00f3n tendr\u00e1 tres conciertos consecutivos en el Palacio de los Deportes","author":"BIMARY DE JES\u00daS Matos","date":"13 de octubre de 2023","format":false,"excerpt":"Santo Domingo.-La acogida del p\u00fablico dominicano ha llevado al artista de m\u00fasica urbana Eladio Carri\u00f3n a anunciar una tercera fecha el domingo 3 de diciembre en su gira \"The Sauce Latam Tour 2023\" en el Palacio de los Deportes de Santo Domingo, tras agotar las entradas para los shows del\u2026","rel":"","context":"En \u00abENTRETENIMIENTO\u00bb","block_context":{"text":"ENTRETENIMIENTO","link":"https:\/\/lasprimeras.com.do\/index.php\/category\/entretenimiento\/"},"img":{"alt_text":"","src":"https:\/\/i0.wp.com\/lasprimeras.com.do\/wp-content\/uploads\/2023\/10\/WhatsApp-Image-2023-10-11-at-8.43.54-PM.jpeg?resize=350%2C200&ssl=1","width":350,"height":200,"srcset":"https:\/\/i0.wp.com\/lasprimeras.com.do\/wp-content\/uploads\/2023\/10\/WhatsApp-Image-2023-10-11-at-8.43.54-PM.jpeg?resize=350%2C200&ssl=1 1x, https:\/\/i0.wp.com\/lasprimeras.com.do\/wp-content\/uploads\/2023\/10\/WhatsApp-Image-2023-10-11-at-8.43.54-PM.jpeg?resize=525%2C300&ssl=1 1.5x, https:\/\/i0.wp.com\/lasprimeras.com.do\/wp-content\/uploads\/2023\/10\/WhatsApp-Image-2023-10-11-at-8.43.54-PM.jpeg?resize=700%2C400&ssl=1 2x"},"classes":[]},{"id":85224,"url":"https:\/\/lasprimeras.com.do\/index.php\/2024\/06\/25\/eladio-carrion-pide-a-sus-colegas-ayudar-economicamente-a-olimpicos-puertorriquenos\/","url_meta":{"origin":82363,"position":4},"title":"Eladio Carri\u00f3n pide a sus colegas ayudar econ\u00f3micamente a ol\u00edmpicos puertorrique\u00f1os","author":"Nelson Feliz","date":"25 de junio de 2024","format":false,"excerpt":"San Juan.- El artista puertorrique\u00f1o Eladio Carri\u00f3n, uno de los principales exponentes urbanos latinos, exhort\u00f3 a sus colegas a unirse para recolectar la mayor cantidad de dinero posible para ayudar a los atletas de su isla que competir\u00e1n en los Juegos Ol\u00edmpicos de Par\u00eds 2024. \u201cEstar\u00eda bueno que se juntaran\u2026","rel":"","context":"En \u00abENTRETENIMIENTO\u00bb","block_context":{"text":"ENTRETENIMIENTO","link":"https:\/\/lasprimeras.com.do\/index.php\/category\/entretenimiento\/"},"img":{"alt_text":"","src":"https:\/\/i0.wp.com\/lasprimeras.com.do\/wp-content\/uploads\/2024\/06\/Eladio-Carrion.jpg?resize=350%2C200&ssl=1","width":350,"height":200,"srcset":"https:\/\/i0.wp.com\/lasprimeras.com.do\/wp-content\/uploads\/2024\/06\/Eladio-Carrion.jpg?resize=350%2C200&ssl=1 1x, https:\/\/i0.wp.com\/lasprimeras.com.do\/wp-content\/uploads\/2024\/06\/Eladio-Carrion.jpg?resize=525%2C300&ssl=1 1.5x"},"classes":[]},{"id":64428,"url":"https:\/\/lasprimeras.com.do\/index.php\/2023\/10\/20\/bad-bunny-anuncia-nueva-gira-most-wanted-tour-por-estados-unidos-en-2024\/","url_meta":{"origin":82363,"position":5},"title":"Bad Bunny anuncia nueva gira, \u201cMost Wanted Tour\u201d, por Estados Unidos en 2024","author":"BIMARY DE JES\u00daS Matos","date":"20 de octubre de 2023","format":false,"excerpt":"Santo Domingo.-El cantante puertorrique\u00f1o Bad Bunny anunci\u00f3 este jueves una nueva gira, titulada \u00abMost Wanted Tour\u00bb, que lo llevar\u00e1 en 2024 por una treintena de ciudades de Estados Unidos para presentar su \u00faltimo \u00e1lbum \u00abNadie sabe lo que va a pasar ma\u00f1ana\u00bb. El artista incluy\u00f3 en el anuncio, realizado en\u2026","rel":"","context":"En \u00abENTRETENIMIENTO\u00bb","block_context":{"text":"ENTRETENIMIENTO","link":"https:\/\/lasprimeras.com.do\/index.php\/category\/entretenimiento\/"},"img":{"alt_text":"","src":"https:\/\/i0.wp.com\/lasprimeras.com.do\/wp-content\/uploads\/2023\/10\/WhatsApp-Image-2023-10-18-at-9.33.42-PM-12.jpeg?resize=350%2C200&ssl=1","width":350,"height":200,"srcset":"https:\/\/i0.wp.com\/lasprimeras.com.do\/wp-content\/uploads\/2023\/10\/WhatsApp-Image-2023-10-18-at-9.33.42-PM-12.jpeg?resize=350%2C200&ssl=1 1x, https:\/\/i0.wp.com\/lasprimeras.com.do\/wp-content\/uploads\/2023\/10\/WhatsApp-Image-2023-10-18-at-9.33.42-PM-12.jpeg?resize=525%2C300&ssl=1 1.5x, https:\/\/i0.wp.com\/lasprimeras.com.do\/wp-content\/uploads\/2023\/10\/WhatsApp-Image-2023-10-18-at-9.33.42-PM-12.jpeg?resize=700%2C400&ssl=1 2x"},"classes":[]}],"jetpack_sharing_enabled":true,"_links":{"self":[{"href":"https:\/\/lasprimeras.com.do\/index.php\/wp-json\/wp\/v2\/posts\/82363","targetHints":{"allow":["GET"]}}],"collection":[{"href":"https:\/\/lasprimeras.com.do\/index.php\/wp-json\/wp\/v2\/posts"}],"about":[{"href":"https:\/\/lasprimeras.com.do\/index.php\/wp-json\/wp\/v2\/types\/post"}],"author":[{"embeddable":true,"href":"https:\/\/lasprimeras.com.do\/index.php\/wp-json\/wp\/v2\/users\/3"}],"replies":[{"embeddable":true,"href":"https:\/\/lasprimeras.com.do\/index.php\/wp-json\/wp\/v2\/comments?post=82363"}],"version-history":[{"count":1,"href":"https:\/\/lasprimeras.com.do\/index.php\/wp-json\/wp\/v2\/posts\/82363\/revisions"}],"predecessor-version":[{"id":82365,"href":"https:\/\/lasprimeras.com.do\/index.php\/wp-json\/wp\/v2\/posts\/82363\/revisions\/82365"}],"wp:featuredmedia":[{"embeddable":true,"href":"https:\/\/lasprimeras.com.do\/index.php\/wp-json\/wp\/v2\/media\/82364"}],"wp:attachment":[{"href":"https:\/\/lasprimeras.com.do\/index.php\/wp-json\/wp\/v2\/media?parent=82363"}],"wp:term":[{"taxonomy":"category","embeddable":true,"href":"https:\/\/lasprimeras.com.do\/index.php\/wp-json\/wp\/v2\/categories?post=82363"},{"taxonomy":"post_tag","embeddable":true,"href":"https:\/\/lasprimeras.com.do\/index.php\/wp-json\/wp\/v2\/tags?post=82363"}],"curies":[{"name":"wp","href":"https:\/\/api.w.org\/{rel}","templated":true}]}}