{"id":82366,"date":"2024-05-02T07:34:24","date_gmt":"2024-05-02T11:34:24","guid":{"rendered":"https:\/\/lasprimeras.com.do\/?p=82366"},"modified":"2024-05-02T07:34:26","modified_gmt":"2024-05-02T11:34:26","slug":"atletismo-rd-sale-este-jueves-a-bahamas-a-buscar-plazas-en-los-relevos-para-juegos-olimpicos","status":"publish","type":"post","link":"https:\/\/lasprimeras.com.do\/index.php\/2024\/05\/02\/atletismo-rd-sale-este-jueves-a-bahamas-a-buscar-plazas-en-los-relevos-para-juegos-olimpicos\/","title":{"rendered":"Atletismo RD sale este jueves a Bahamas a buscar plazas en los Relevos para Juegos Ol\u00edmpicos"},"content":{"rendered":"\n<p>Santo Domingo.- La delegaci\u00f3n de atletismo de la Rep\u00fablica Dominicana que buscar\u00e1 boletos para los Juegos Ol\u00edmpicos de Par\u00eds, en el Campeonato Mundial de Relevos 2024 que se iniciar\u00e1 el d\u00eda cuatro, partir\u00e1 este jueves con cinco equipos hacia esa isla, con la frente en el alto con y con el gran compromiso de brindarlo todo en la pista y regresar triunfantes.<\/p>\n\n\n\n<p>La informaci\u00f3n la dio a conocer el presidente de la Federaci\u00f3n Dominicana de Asociaci\u00f3n de Atletismo, el exatleta ol\u00edmpico, Gerardo Suero Correa, luego de presenciar los \u00faltimos entrenamientos del equipo nacional.<\/p>\n\n\n\n<p>\u00c1firm\u00f3 que los atletas har\u00e1n el viaje con los fondos que suministra a la Federaci\u00f3n de Atletismo, el Ministerio de Deportes y Recreaci\u00f3n. \u00abVamos a poner nuestra bandera en alto con el gran poder de Dios, ya que nuestros atletas est\u00e1n en \u00f3ptimas condiciones f\u00edsicas\u00bb, dijo Correa.<\/p>\n\n\n\n<p>Dijo que la Rep\u00fablica Dominicana saldr\u00e1 con cinco equipos, Relevo 4X100 y 4X400 en ambas ramas y el Relevo Mixto, encabezadas en la rama femenina por las medallas ol\u00edmpicas Marileidy Paulino, Anabel Medina, Fiordaliza Cofil, as\u00ed como Franschina Mart\u00ednez, Martha M\u00e9ndez, Milagros Dur\u00e1n y Liranyi Alonso.<\/p>\n\n\n\n<p>El relevo mixto en los pasados Juegos Olimpicos de Tokio 2021 consigui\u00f3 la medalla de plata en esa contienda universal, colocando al pa\u00eds en la \u00e9lite del mapa mundial en esa modalidad.<\/p>\n\n\n\n<p>El combinado masculino estar\u00e1 conformado por el medallista ol\u00edmpico, Alexander Ogando, as\u00ed como por Jos\u00e9 Gonz\u00e0lez, Franquelo P\u00e9rez, Chistopher Valdez, Erick S\u00e1nchez, Yeral N\u00fa\u00f1ez, Juander Santos, Ismael Ad\u00f3n, Melbin Jos\u00e8 Marcelino y Wilber Encarnaci\u00f3n.<\/p>\n\n\n\n<p>El licenciado Gerardo Suero Correa fungir\u00e1 como delegado de los equipos nacionales y los entrenadores ser\u00e1n Mariano Cede\u00f1o, Yassen P\u00e9rez, F\u00e8lix S\u00e1nchez. Emilio Fernando Rodr\u00edguez ser\u00e1 el fisioterap\u00e8uta y Andr\u00e9s Humberto Ortega, ser\u00e1 el doctor de la delegaci\u00f3n.<\/p>\n","protected":false},"excerpt":{"rendered":"<p>Santo Domingo.- La delegaci\u00f3n de atletismo de la Rep\u00fablica Dominicana que buscar\u00e1 boletos para los Juegos Ol\u00edmpicos de Par\u00eds, en el Campeonato Mundial de Relevos 2024 que se iniciar\u00e1 el&hellip;<\/p>\n","protected":false},"author":3,"featured_media":82367,"comment_status":"open","ping_status":"open","sticky":false,"template":"","format":"standard","meta":{"content-type":"","jetpack_post_was_ever_published":false,"_jetpack_newsletter_access":"","_jetpack_dont_email_post_to_subs":false,"_jetpack_newsletter_tier_id":0,"_jetpack_memberships_contains_paywalled_content":false,"_jetpack_memberships_contains_paid_content":false,"footnotes":""},"categories":[1],"tags":[6518],"class_list":["post-82366","post","type-post","status-publish","format-standard","has-post-thumbnail","hentry","category-sin-categoria","tag-atletismo"],"jetpack_featured_media_url":"https:\/\/lasprimeras.com.do\/wp-content\/uploads\/2024\/05\/WhatsApp-Image-2024-05-01-at-9.01.03-AM.jpeg","jetpack-related-posts":[{"id":80689,"url":"https:\/\/lasprimeras.com.do\/index.php\/2024\/04\/11\/medallistas-de-rd-competiran-en-atletismo-de-los-juegos-militares\/","url_meta":{"origin":82366,"position":0},"title":"Medallistas de RD competir\u00e1n en atletismo de los Juegos Militares","author":"BIMARY DE JES\u00daS Matos","date":"11 de abril de 2024","format":false,"excerpt":"SANTIAGO DE LOS CABALLEROS.- Medallistas ol\u00edmpicos, mundialistas, panamericanos, en centroamericanos, encabezados por Marileidy Paulino, Anabel Medina, Fiordaliza Cofil, Alexander Ogando, y Lidio Feliz, accionar\u00e1n a partir de este jueves en el evento de atletismo en los LIII Juegos Deportivos Militares que se celebrar\u00e1 hasta el s\u00e1bado en la pista de\u2026","rel":"","context":"En \u00abSin categor\u00eda\u00bb","block_context":{"text":"Sin categor\u00eda","link":"https:\/\/lasprimeras.com.do\/index.php\/category\/sin-categoria\/"},"img":{"alt_text":"","src":"https:\/\/i0.wp.com\/lasprimeras.com.do\/wp-content\/uploads\/2024\/04\/meda.jpg?resize=350%2C200&ssl=1","width":350,"height":200,"srcset":"https:\/\/i0.wp.com\/lasprimeras.com.do\/wp-content\/uploads\/2024\/04\/meda.jpg?resize=350%2C200&ssl=1 1x, https:\/\/i0.wp.com\/lasprimeras.com.do\/wp-content\/uploads\/2024\/04\/meda.jpg?resize=525%2C300&ssl=1 1.5x, https:\/\/i0.wp.com\/lasprimeras.com.do\/wp-content\/uploads\/2024\/04\/meda.jpg?resize=700%2C400&ssl=1 2x"},"classes":[]},{"id":82999,"url":"https:\/\/lasprimeras.com.do\/index.php\/2024\/05\/10\/marileidy-paulino-declina-correr-en-el-equipo-de-relevo-mixto-4x400-en-paris-2024\/","url_meta":{"origin":82366,"position":1},"title":"Marileidy Paulino declina correr en el equipo de relevo mixto 4&#215;400 en Par\u00eds 2024","author":"BIMARY DE JES\u00daS Matos","date":"10 de mayo de 2024","format":false,"excerpt":"Paris.-La figura clave del relevo mixto declin\u00f3 de presentarse a la pista en esa modalidad. Para los Juegos Ol\u00edmpicos de Par\u00eds 2024, Marileidy Paulino estar\u00e1 m\u00e1s concentrada en los 400 metros planos, su evento principal y en el que est\u00e1 clasificado para esa cita universal, que ser\u00e1 del 26 de\u2026","rel":"","context":"En \u00abSin categor\u00eda\u00bb","block_context":{"text":"Sin categor\u00eda","link":"https:\/\/lasprimeras.com.do\/index.php\/category\/sin-categoria\/"},"img":{"alt_text":"","src":"https:\/\/i0.wp.com\/lasprimeras.com.do\/wp-content\/uploads\/2024\/05\/65f3a7703e1eb_jce2-1-5.jpg?resize=350%2C200&ssl=1","width":350,"height":200,"srcset":"https:\/\/i0.wp.com\/lasprimeras.com.do\/wp-content\/uploads\/2024\/05\/65f3a7703e1eb_jce2-1-5.jpg?resize=350%2C200&ssl=1 1x, https:\/\/i0.wp.com\/lasprimeras.com.do\/wp-content\/uploads\/2024\/05\/65f3a7703e1eb_jce2-1-5.jpg?resize=525%2C300&ssl=1 1.5x, https:\/\/i0.wp.com\/lasprimeras.com.do\/wp-content\/uploads\/2024\/05\/65f3a7703e1eb_jce2-1-5.jpg?resize=700%2C400&ssl=1 2x"},"classes":[]},{"id":78410,"url":"https:\/\/lasprimeras.com.do\/index.php\/2024\/03\/16\/atletas-taekwondo-clasificados-a-paris-2024-se-concentraran-en-sd\/","url_meta":{"origin":82366,"position":2},"title":"Atletas taekwondo clasificados a Par\u00eds 2024 se concentrar\u00e1n en SD","author":"BIMARY DE JES\u00daS Matos","date":"16 de marzo de 2024","format":false,"excerpt":"Santo Domingo.- Un grupo de 80 atletas de taekwondo clasificados a los Juegos Pa\u00edses de varios pa\u00edses sostendr\u00e1n n campamento de nueve d\u00edas en el Albergue Ol\u00edmpico, previo a su participaci\u00f3n en el \u00faltimo clasificatorio continental que se celebrar\u00e1 en Santo Domingo del 9 al 11 de abril pr\u00f3ximo. El\u2026","rel":"","context":"En \u00abSin categor\u00eda\u00bb","block_context":{"text":"Sin categor\u00eda","link":"https:\/\/lasprimeras.com.do\/index.php\/category\/sin-categoria\/"},"img":{"alt_text":"","src":"https:\/\/i0.wp.com\/lasprimeras.com.do\/wp-content\/uploads\/2024\/03\/Diseno-sin-titulo-3-1.jpg?resize=350%2C200&ssl=1","width":350,"height":200,"srcset":"https:\/\/i0.wp.com\/lasprimeras.com.do\/wp-content\/uploads\/2024\/03\/Diseno-sin-titulo-3-1.jpg?resize=350%2C200&ssl=1 1x, https:\/\/i0.wp.com\/lasprimeras.com.do\/wp-content\/uploads\/2024\/03\/Diseno-sin-titulo-3-1.jpg?resize=525%2C300&ssl=1 1.5x, https:\/\/i0.wp.com\/lasprimeras.com.do\/wp-content\/uploads\/2024\/03\/Diseno-sin-titulo-3-1.jpg?resize=700%2C400&ssl=1 2x, https:\/\/i0.wp.com\/lasprimeras.com.do\/wp-content\/uploads\/2024\/03\/Diseno-sin-titulo-3-1.jpg?resize=1050%2C600&ssl=1 3x, https:\/\/i0.wp.com\/lasprimeras.com.do\/wp-content\/uploads\/2024\/03\/Diseno-sin-titulo-3-1.jpg?resize=1400%2C800&ssl=1 4x"},"classes":[]},{"id":81900,"url":"https:\/\/lasprimeras.com.do\/index.php\/2024\/04\/26\/deportes-entregara-incentivo-de-100000-pesos-a-los-atletas-que-iran-a-juegos-olimpicos\/","url_meta":{"origin":82366,"position":3},"title":"Deportes entregar\u00e1 incentivo de 100,000 pesos a los atletas que ir\u00e1n a Juegos Ol\u00edmpicos","author":"BIMARY DE JES\u00daS Matos","date":"26 de abril de 2024","format":false,"excerpt":"Santo Domingo.- El ministro de Deportes, Francisco Camacho, cumpliendo con los postulados del presidente Luis Abinader, anunci\u00f3 este jueves la entrega de un incentivo sin precedentes de 100,000 pesos a los atletas ya clasificados y a los que tambi\u00e9n lo hagan para los Juegos Ol\u00edmpicos de Par\u00eds 2024, y eso\u2026","rel":"","context":"En \u00abSin categor\u00eda\u00bb","block_context":{"text":"Sin categor\u00eda","link":"https:\/\/lasprimeras.com.do\/index.php\/category\/sin-categoria\/"},"img":{"alt_text":"","src":"https:\/\/i0.wp.com\/lasprimeras.com.do\/wp-content\/uploads\/2024\/04\/6a0c8a05-4f4b-48f5-a1d9-1ad180753c4a-16.webp?resize=350%2C200&ssl=1","width":350,"height":200,"srcset":"https:\/\/i0.wp.com\/lasprimeras.com.do\/wp-content\/uploads\/2024\/04\/6a0c8a05-4f4b-48f5-a1d9-1ad180753c4a-16.webp?resize=350%2C200&ssl=1 1x, https:\/\/i0.wp.com\/lasprimeras.com.do\/wp-content\/uploads\/2024\/04\/6a0c8a05-4f4b-48f5-a1d9-1ad180753c4a-16.webp?resize=525%2C300&ssl=1 1.5x, https:\/\/i0.wp.com\/lasprimeras.com.do\/wp-content\/uploads\/2024\/04\/6a0c8a05-4f4b-48f5-a1d9-1ad180753c4a-16.webp?resize=700%2C400&ssl=1 2x, https:\/\/i0.wp.com\/lasprimeras.com.do\/wp-content\/uploads\/2024\/04\/6a0c8a05-4f4b-48f5-a1d9-1ad180753c4a-16.webp?resize=1050%2C600&ssl=1 3x, https:\/\/i0.wp.com\/lasprimeras.com.do\/wp-content\/uploads\/2024\/04\/6a0c8a05-4f4b-48f5-a1d9-1ad180753c4a-16.webp?resize=1400%2C800&ssl=1 4x"},"classes":[]},{"id":58245,"url":"https:\/\/lasprimeras.com.do\/index.php\/2023\/08\/22\/marileidy-paulino-pasa-a-la-final-mundial-de-atletismo-de-budapest\/","url_meta":{"origin":82366,"position":4},"title":"Marileidy Paulino pasa a la final Mundial de Atletismo de Budapest","author":"Nelson Feliz","date":"22 de agosto de 2023","format":false,"excerpt":"HUNGRIA.- La velocista Marileidy Paulino ofreci\u00f3 otra gran demostraci\u00f3n al clasificar a la final de los 400 metros planos en el Campeonato Mundial de Atletismo que se celebra en Budapest, Hungria. Paulino ocup\u00f3 el primer de los tres heats que present\u00f3 la especialidad al cronometrar 49.54 segundos sin mayores esfuerzos\u2026","rel":"","context":"En \u00abSin categor\u00eda\u00bb","block_context":{"text":"Sin categor\u00eda","link":"https:\/\/lasprimeras.com.do\/index.php\/category\/sin-categoria\/"},"img":{"alt_text":"Marileidy Paulino","src":"https:\/\/i0.wp.com\/lasprimeras.com.do\/wp-content\/uploads\/2023\/08\/Marileidy-Paulino.jpg?resize=350%2C200&ssl=1","width":350,"height":200,"srcset":"https:\/\/i0.wp.com\/lasprimeras.com.do\/wp-content\/uploads\/2023\/08\/Marileidy-Paulino.jpg?resize=350%2C200&ssl=1 1x, https:\/\/i0.wp.com\/lasprimeras.com.do\/wp-content\/uploads\/2023\/08\/Marileidy-Paulino.jpg?resize=525%2C300&ssl=1 1.5x, https:\/\/i0.wp.com\/lasprimeras.com.do\/wp-content\/uploads\/2023\/08\/Marileidy-Paulino.jpg?resize=700%2C400&ssl=1 2x, https:\/\/i0.wp.com\/lasprimeras.com.do\/wp-content\/uploads\/2023\/08\/Marileidy-Paulino.jpg?resize=1050%2C600&ssl=1 3x, https:\/\/i0.wp.com\/lasprimeras.com.do\/wp-content\/uploads\/2023\/08\/Marileidy-Paulino.jpg?resize=1400%2C800&ssl=1 4x"},"classes":[]},{"id":71096,"url":"https:\/\/lasprimeras.com.do\/index.php\/2023\/12\/17\/rd-se-rinde-ante-marileidy-paulino-la-reina-del-mundo-en-los-400-metros\/","url_meta":{"origin":82366,"position":5},"title":"RD se rinde ante Marileidy Paulino, la reina del mundo en los 400 metros","author":"Nelson Feliz","date":"17 de diciembre de 2023","format":false,"excerpt":"Paulino es la \u00fanica dominicana en ganar el Campeonato Mundial de atletismo, la Liga Diamante, y colgarse dos medallas ol\u00edmpicas, una en 400 metros y otra en el relevo mixto 4x400 en Tokio 2020. La atleta dominicana Marileidy Paulino tuvo un 2023 sencillamente espectacular en su especialidad: los 400 metros.\u2026","rel":"","context":"En \u00abSin categor\u00eda\u00bb","block_context":{"text":"Sin categor\u00eda","link":"https:\/\/lasprimeras.com.do\/index.php\/category\/sin-categoria\/"},"img":{"alt_text":"Marileidy Paulino cruza la meta final para ganar el oro en los 200 metros de los Juegos Panamericanos.AFP","src":"https:\/\/i0.wp.com\/lasprimeras.com.do\/wp-content\/uploads\/2023\/12\/Marileidy-Paulino.jpeg?resize=350%2C200&ssl=1","width":350,"height":200,"srcset":"https:\/\/i0.wp.com\/lasprimeras.com.do\/wp-content\/uploads\/2023\/12\/Marileidy-Paulino.jpeg?resize=350%2C200&ssl=1 1x, https:\/\/i0.wp.com\/lasprimeras.com.do\/wp-content\/uploads\/2023\/12\/Marileidy-Paulino.jpeg?resize=525%2C300&ssl=1 1.5x, https:\/\/i0.wp.com\/lasprimeras.com.do\/wp-content\/uploads\/2023\/12\/Marileidy-Paulino.jpeg?resize=700%2C400&ssl=1 2x"},"classes":[]}],"jetpack_sharing_enabled":true,"_links":{"self":[{"href":"https:\/\/lasprimeras.com.do\/index.php\/wp-json\/wp\/v2\/posts\/82366","targetHints":{"allow":["GET"]}}],"collection":[{"href":"https:\/\/lasprimeras.com.do\/index.php\/wp-json\/wp\/v2\/posts"}],"about":[{"href":"https:\/\/lasprimeras.com.do\/index.php\/wp-json\/wp\/v2\/types\/post"}],"author":[{"embeddable":true,"href":"https:\/\/lasprimeras.com.do\/index.php\/wp-json\/wp\/v2\/users\/3"}],"replies":[{"embeddable":true,"href":"https:\/\/lasprimeras.com.do\/index.php\/wp-json\/wp\/v2\/comments?post=82366"}],"version-history":[{"count":1,"href":"https:\/\/lasprimeras.com.do\/index.php\/wp-json\/wp\/v2\/posts\/82366\/revisions"}],"predecessor-version":[{"id":82368,"href":"https:\/\/lasprimeras.com.do\/index.php\/wp-json\/wp\/v2\/posts\/82366\/revisions\/82368"}],"wp:featuredmedia":[{"embeddable":true,"href":"https:\/\/lasprimeras.com.do\/index.php\/wp-json\/wp\/v2\/media\/82367"}],"wp:attachment":[{"href":"https:\/\/lasprimeras.com.do\/index.php\/wp-json\/wp\/v2\/media?parent=82366"}],"wp:term":[{"taxonomy":"category","embeddable":true,"href":"https:\/\/lasprimeras.com.do\/index.php\/wp-json\/wp\/v2\/categories?post=82366"},{"taxonomy":"post_tag","embeddable":true,"href":"https:\/\/lasprimeras.com.do\/index.php\/wp-json\/wp\/v2\/tags?post=82366"}],"curies":[{"name":"wp","href":"https:\/\/api.w.org\/{rel}","templated":true}]}}