{"id":82381,"date":"2024-05-02T08:00:49","date_gmt":"2024-05-02T12:00:49","guid":{"rendered":"https:\/\/lasprimeras.com.do\/?p=82381"},"modified":"2024-05-02T08:00:51","modified_gmt":"2024-05-02T12:00:51","slug":"pedro-sanchez-envia-otra-carta-una-semana-despues","status":"publish","type":"post","link":"https:\/\/lasprimeras.com.do\/index.php\/2024\/05\/02\/pedro-sanchez-envia-otra-carta-una-semana-despues\/","title":{"rendered":"Pedro S\u00e1nchez env\u00eda otra carta una semana despu\u00e9s"},"content":{"rendered":"\n<p>Se ha cumplido una semana desde que Pedro S\u00e1nchez dej\u00f3 en vilo a su partido, a los militantes del PSOE y a Espa\u00f1a cuando dijo que ten\u00eda que tomar una decisi\u00f3n sobre su futuro a trav\u00e9s de una carta que hizo p\u00fablica el mi\u00e9rcoles 24 por la tarde. <\/p>\n\n\n\n<p>El lunes confirm\u00f3 que segu\u00eda al frente del Ejecutivo y es hoy cuando se ha vuelto a dirigir a los suyos a trav\u00e9s de una nueva misiva. <\/p>\n\n\n\n<p>Es una carta que ha enviado a los militantes del partido por el 145 aniversario. S\u00e1nchez dice en ella haber \u201csentido el cari\u00f1o personal\u201d y la \u201cpreocupaci\u00f3n\u201d por su familia.<\/p>\n\n\n\n<p> \u201cDebemos defender nuestra democracia todos los d\u00edas, rechazando a aquellos que convierten la pol\u00edtica en un barrizal de insultos y falsedades\u201d, escribe el presidente del Gobierno.<\/p>\n\n\n\n<p>Esta es la carta completa que hoy se ha hecho p\u00fablica de Pedro S\u00e1nchez a los militantes del partido:<\/p>\n\n\n\n<p>Querido compa\u00f1ero, querida compa\u00f1era:<\/p>\n\n\n\n<p>Hoy, 2 de mayo, se cumplen 145 a\u00f1os desde la fundaci\u00f3n de nuestro partido. A las mujeres y a los hombres del PSOE nos gusta imaginar aquella comida clandestina de 25 trabajadores y profesionales tan valientes como para -en plena prohibici\u00f3n de reuni\u00f3n y asociaci\u00f3n pol\u00edtica de los trabajadores- elegir por lugar de reuni\u00f3n una fonda situada precisamente a escasos metros del entonces Ministerio de la Gobernaci\u00f3n.<\/p>\n\n\n\n<p> Y tan visionarios como para crear un partido que, casi un siglo y medio despu\u00e9s, sigue liderando la ampliaci\u00f3n de los derechos y las libertades, el progreso y la justicia social.<\/p>\n\n\n\n<p> El coraje y la lucidez de aquellos compa\u00f1eros son valores que hoy siguen inspirando la acci\u00f3n pol\u00edtica de las mujeres y los hombres del PSOE del presente.<\/p>\n\n\n\n<p>Ninguna generaci\u00f3n de socialistas lo tuvo f\u00e1cil. En una lucha que es estructuralmente asim\u00e9trica, nosotros elegimos ponernos del lado de quien no tiene, de quien no puede. Elegimos el lado de la gente de a pie frente al poderoso; no una vez, sino siempre.<\/p>\n\n\n\n<p>S\u00ed, a pesar de ello, hemos sido capaces de mejorar la vida de las personas y cambiar la historia de Espa\u00f1a es porque, en estos 145 a\u00f1os, nos tenemos los unos a los otros. <\/p>\n\n\n\n<p>Hemos aprendido que cuando las cosas se ponen dif\u00edciles, es la solidaridad de los compa\u00f1eros y las compa\u00f1eras lo m\u00e1s valioso, nuestro principal activo. Por eso los socialistas, que defendemos la diversidad y la pluralidad como valores irrenunciables, en los tiempos dif\u00edciles nos unimos con m\u00e1s fuerza si cabe.<\/p>\n\n\n\n<p>Estos d\u00edas he sentido el apoyo de miles de socialistas, de progresistas, de dem\u00f3cratas. Hay deudas que, aunque nunca podremos pagar, s\u00ed debemos reconocer. Y yo, como vuestro secretario general, tengo una inmensa deuda de gratitud con todas esas personas, con todos vosotros y vosotras.<\/p>\n\n\n\n<p>He sentido el cari\u00f1o personal, la preocupaci\u00f3n por mi familia y por m\u00ed. Es precisamente esa preocupaci\u00f3n por las personas el motor \u00faltimo de nuestra causa pol\u00edtica. Porque el socialismo es humanismo. Pero s\u00e9 bien que no es el apoyo a mi persona lo que nos une. Por encima de todo, nos une el apoyo a una causa.<\/p>\n\n\n\n<p>Pablo Iglesias, nuestro fundador, escribi\u00f3 que el socialismo es la libertad. Millones de personas han comprendido que lo que est\u00e1 en juego -y no solo en Espa\u00f1a- es la democracia como una forma de convivencia en libertad.<\/p>\n\n\n\n<p>Nuestra democracia, como las del resto del mundo, se enfrenta al avance de una internacional ultraderechista que trata de imponer su agenda regresiva. No mediante el debate de ideas y el contraste de propuestas, sino por la destrucci\u00f3n del adversario. Para lograrlo, ponen en marcha la m\u00e1quina del fango, alentada por la derecha y la ultraderecha, junto a p\u00e1ginas web y asociaciones ultraderechistas que fabrican bulos y mentiras. Bulos que a continuaci\u00f3n se propagan en tertulias y en las tribunas para despu\u00e9s judicializar falsas denuncias, deteriorando gravemente nuestra democracia y nuestra convivencia. Estos d\u00edas hemos comprendido que defender la democracia no consiste \u00fanicamente en acudir a votar cada cuatro a\u00f1os. Debemos defender nuestra democracia todos los d\u00edas, rechazando a aquellos que convierten la pol\u00edtica en un barrizal de insultos y falsedades.<\/p>\n\n\n\n<p>Hoy, en el 145 aniversario de nuestra organizaci\u00f3n, reivindiquemos la pol\u00edtica limpia. La pol\u00edtica del respeto y la dignidad; la del debate de ideas basado en hechos y no en bulos.<\/p>\n\n\n\n<p>Los miles de personas que se concentraron el pasado s\u00e1bado a las puertas de nuestra sede de la calle Ferraz, y los cientos de miles que mostraron su apoyo en cartas, a trav\u00e9s de las redes y las casas del pueblo de toda Espa\u00f1a, han enviado un poderoso mensaje de coraje y lucidez a nuestra sociedad: que no estamos dispuestos a asistir impasibles al deterioro y la degradaci\u00f3n de nuestra democracia.<\/p>\n\n\n\n<p>Tambi\u00e9n han enviado otro mensaje: el PSOE es el partido sist\u00e9mico de la democracia y la Constituci\u00f3n espa\u00f1ola. Cuanto m\u00e1s fuerte es la democracia, m\u00e1s fuerte es el PSOE y mayor su capacidad transformadora. Por esa raz\u00f3n, la principal tarea de nuestro partido es contribuir al fortalecimiento de nuestra democracia. Esa es ahora la tarea de nuestra generaci\u00f3n.<\/p>\n\n\n\n<p>Ayer, 1 de mayo, fue el D\u00eda de los Trabajadores y las Trabajadoras. Ellos y ellas fueron quienes prendieron una llama que nos hizo m\u00e1s pr\u00f3speros, m\u00e1s libres e iguales.<\/p>\n\n\n\n<p>Tal d\u00eda como hoy, hace 145 a\u00f1os, un peque\u00f1o grupo de personas dio forma organizativa a esa llama para que no se apagara y se extendiera as\u00ed por toda la sociedad. En la \u00faltima semana hemos visto cu\u00e1ntas personas se han movilizado a favor de la causa de la democracia. Esa es la causa que les ha unido y la que augura una larga vida al PSOE.<\/p>\n","protected":false},"excerpt":{"rendered":"<p>Se ha cumplido una semana desde que Pedro S\u00e1nchez dej\u00f3 en vilo a su partido, a los militantes del PSOE y a Espa\u00f1a cuando dijo que ten\u00eda que tomar una&hellip;<\/p>\n","protected":false},"author":3,"featured_media":82382,"comment_status":"open","ping_status":"open","sticky":false,"template":"","format":"standard","meta":{"content-type":"","jetpack_post_was_ever_published":false,"_jetpack_newsletter_access":"","_jetpack_dont_email_post_to_subs":false,"_jetpack_newsletter_tier_id":0,"_jetpack_memberships_contains_paywalled_content":false,"_jetpack_memberships_contains_paid_content":false,"footnotes":""},"categories":[1],"tags":[2512],"class_list":["post-82381","post","type-post","status-publish","format-standard","has-post-thumbnail","hentry","category-sin-categoria","tag-pedro-sanchez"],"jetpack_featured_media_url":"https:\/\/lasprimeras.com.do\/wp-content\/uploads\/2024\/05\/WhatsApp-Image-2024-05-01-at-9.01.03-AM.avif","jetpack-related-posts":[{"id":122760,"url":"https:\/\/lasprimeras.com.do\/index.php\/2026\/02\/22\/pedro-sanchez-llama-a-que-castilla-y-leon-sea-el-punto-y-final-de-los-gobiernos-del-pp-y-vox\/","url_meta":{"origin":82381,"position":0},"title":"Pedro S\u00e1nchez llama a que Castilla y Le\u00f3n sea \u00abel punto y final\u00bb de los gobiernos del PP y Vox","author":"Nelson Feliz","date":"22 de febrero de 2026","format":false,"excerpt":"El l\u00edder del PSOE y jefe del Ejecutivo, Pedro S\u00e1nchez, acompa\u00f1ado del candidato a la Presidencia de la Junta de Castilla y Le\u00f3n, Carlos Mart\u00ednez. EFE\/ Ana Barredo","rel":"","context":"En \u00abINTERNACIONALES\u00bb","block_context":{"text":"INTERNACIONALES","link":"https:\/\/lasprimeras.com.do\/index.php\/category\/sin-categoria\/internacionales\/"},"img":{"alt_text":"El l\u00edder del PSOE y jefe del Ejecutivo, Pedro S\u00e1nchez, acompa\u00f1ado del candidato a la Presidencia de la Junta de Castilla y Le\u00f3n, Carlos Mart\u00ednez. EFE\/ Ana Barredo","src":"https:\/\/i0.wp.com\/lasprimeras.com.do\/wp-content\/uploads\/2026\/02\/Pedro-Sanchez-y-Carlos-Martinez.jpg?resize=350%2C200&ssl=1","width":350,"height":200,"srcset":"https:\/\/i0.wp.com\/lasprimeras.com.do\/wp-content\/uploads\/2026\/02\/Pedro-Sanchez-y-Carlos-Martinez.jpg?resize=350%2C200&ssl=1 1x, https:\/\/i0.wp.com\/lasprimeras.com.do\/wp-content\/uploads\/2026\/02\/Pedro-Sanchez-y-Carlos-Martinez.jpg?resize=525%2C300&ssl=1 1.5x, https:\/\/i0.wp.com\/lasprimeras.com.do\/wp-content\/uploads\/2026\/02\/Pedro-Sanchez-y-Carlos-Martinez.jpg?resize=700%2C400&ssl=1 2x"},"classes":[]},{"id":127964,"url":"https:\/\/lasprimeras.com.do\/index.php\/2026\/04\/18\/espana-y-mexico-zanjan-su-disputa-diplomatica-por-el-pasado-colonial-con-apreton-de-manos\/","url_meta":{"origin":82381,"position":1},"title":"Espa\u00f1a y M\u00e9xico zanjan su disputa diplom\u00e1tica por el pasado colonial con apret\u00f3n de manos","author":"Nelson Feliz","date":"18 de abril de 2026","format":false,"excerpt":"POR JOSEPH WILSON BARCELONA (AP) \u2014 Con unas pocas palabras bien elegidas y un apret\u00f3n de manos, la presidenta de M\u00e9xico, Claudia Sheinbaum, dio por zanjada el s\u00e1bado una disputa diplom\u00e1tica entre su gobierno y Espa\u00f1a por el pasado colonial espa\u00f1ol durante su visita a Barcelona. \u201cNo hay crisis diplom\u00e1tica,\u2026","rel":"","context":"En \u00abINTERNACIONALES\u00bb","block_context":{"text":"INTERNACIONALES","link":"https:\/\/lasprimeras.com.do\/index.php\/category\/sin-categoria\/internacionales\/"},"img":{"alt_text":"Claudia Sheinbaum y Pedro S\u00e1nchez","src":"https:\/\/i0.wp.com\/lasprimeras.com.do\/wp-content\/uploads\/2026\/04\/Claudia-Sheinbaum-y-Pedro-Sanchez.jpg?resize=350%2C200&ssl=1","width":350,"height":200,"srcset":"https:\/\/i0.wp.com\/lasprimeras.com.do\/wp-content\/uploads\/2026\/04\/Claudia-Sheinbaum-y-Pedro-Sanchez.jpg?resize=350%2C200&ssl=1 1x, https:\/\/i0.wp.com\/lasprimeras.com.do\/wp-content\/uploads\/2026\/04\/Claudia-Sheinbaum-y-Pedro-Sanchez.jpg?resize=525%2C300&ssl=1 1.5x, https:\/\/i0.wp.com\/lasprimeras.com.do\/wp-content\/uploads\/2026\/04\/Claudia-Sheinbaum-y-Pedro-Sanchez.jpg?resize=700%2C400&ssl=1 2x"},"classes":[]},{"id":109291,"url":"https:\/\/lasprimeras.com.do\/index.php\/2025\/09\/16\/pedro-sanchez-pide-expulsar-a-israel-de-competiciones-mientras-no-cese-barbarie-contra-palestinos\/","url_meta":{"origin":82381,"position":2},"title":"Pedro S\u00e1nchez pide expulsar a Israel de competiciones mientras \u2018no cese barbarie\u2019 contra palestinos","author":"Nelson Feliz","date":"16 de septiembre de 2025","format":false,"excerpt":"POR TALES AZZONI MADRID (AP) \u2014 El presidente del Gobierno espa\u00f1ol, Pedro S\u00e1nchez, pidi\u00f3 el lunes que Israel sea excluido de las competiciones deportivas despu\u00e9s de que activistas propalestinos interrumpieran la etapa final de la Vuelta a Espa\u00f1a en ca\u00f3ticas escenas en Madrid. El ministro de Relaciones Exteriores de Israel\u2026","rel":"","context":"En \u00abDEPORTES\u00bb","block_context":{"text":"DEPORTES","link":"https:\/\/lasprimeras.com.do\/index.php\/category\/deportes\/"},"img":{"alt_text":"","src":"https:\/\/i0.wp.com\/lasprimeras.com.do\/wp-content\/uploads\/2025\/09\/Pedro-Sanchez.jpg?resize=350%2C200&ssl=1","width":350,"height":200,"srcset":"https:\/\/i0.wp.com\/lasprimeras.com.do\/wp-content\/uploads\/2025\/09\/Pedro-Sanchez.jpg?resize=350%2C200&ssl=1 1x, https:\/\/i0.wp.com\/lasprimeras.com.do\/wp-content\/uploads\/2025\/09\/Pedro-Sanchez.jpg?resize=525%2C300&ssl=1 1.5x, https:\/\/i0.wp.com\/lasprimeras.com.do\/wp-content\/uploads\/2025\/09\/Pedro-Sanchez.jpg?resize=700%2C400&ssl=1 2x"},"classes":[]},{"id":119299,"url":"https:\/\/lasprimeras.com.do\/index.php\/2026\/01\/10\/pld-defiende-autodeterminacion-de-los-pueblos-y-favorece-solucion-pacifica-de-los-conflictos\/","url_meta":{"origin":82381,"position":3},"title":"PLD defiende autodeterminaci\u00f3n de los pueblos y favorece soluci\u00f3n pac\u00edfica de los conflictos","author":"Nelson Feliz","date":"10 de enero de 2026","format":false,"excerpt":"Gustavo S\u00e1nchez","rel":"","context":"En \u00abPOLITICA\u00bb","block_context":{"text":"POLITICA","link":"https:\/\/lasprimeras.com.do\/index.php\/category\/politica\/"},"img":{"alt_text":"Gustavo S\u00e1nchez","src":"https:\/\/i0.wp.com\/lasprimeras.com.do\/wp-content\/uploads\/2026\/01\/Gustavo-Sanchez.jpg?resize=350%2C200&ssl=1","width":350,"height":200,"srcset":"https:\/\/i0.wp.com\/lasprimeras.com.do\/wp-content\/uploads\/2026\/01\/Gustavo-Sanchez.jpg?resize=350%2C200&ssl=1 1x, https:\/\/i0.wp.com\/lasprimeras.com.do\/wp-content\/uploads\/2026\/01\/Gustavo-Sanchez.jpg?resize=525%2C300&ssl=1 1.5x, https:\/\/i0.wp.com\/lasprimeras.com.do\/wp-content\/uploads\/2026\/01\/Gustavo-Sanchez.jpg?resize=700%2C400&ssl=1 2x"},"classes":[]},{"id":124627,"url":"https:\/\/lasprimeras.com.do\/index.php\/2026\/03\/15\/pld-avanza-en-su-nueva-linea-organizativa-y-electoral\/","url_meta":{"origin":82381,"position":4},"title":"PLD avanza en su nueva L\u00ednea Organizativa y Electoral","author":"Nelson Feliz","date":"15 de marzo de 2026","format":false,"excerpt":"El Partido de la Liberaci\u00f3n Dominicana (PLD) aprovech\u00f3 el fin de semana para formalizar el posicionamiento de decenas de Comit\u00e9s Intermedios en los recintos electorales, cumpliendo as\u00ed con el mandato de su l\u00ednea organizativa y electoral. La Comisi\u00f3n de Implementaci\u00f3n de la L\u00ednea Organizativa y Electoral recibi\u00f3 los reportes de\u2026","rel":"","context":"En \u00abPOLITICA\u00bb","block_context":{"text":"POLITICA","link":"https:\/\/lasprimeras.com.do\/index.php\/category\/politica\/"},"img":{"alt_text":"","src":"https:\/\/i0.wp.com\/lasprimeras.com.do\/wp-content\/uploads\/2026\/03\/Ocoa.jpg?resize=350%2C200&ssl=1","width":350,"height":200,"srcset":"https:\/\/i0.wp.com\/lasprimeras.com.do\/wp-content\/uploads\/2026\/03\/Ocoa.jpg?resize=350%2C200&ssl=1 1x, https:\/\/i0.wp.com\/lasprimeras.com.do\/wp-content\/uploads\/2026\/03\/Ocoa.jpg?resize=525%2C300&ssl=1 1.5x, https:\/\/i0.wp.com\/lasprimeras.com.do\/wp-content\/uploads\/2026\/03\/Ocoa.jpg?resize=700%2C400&ssl=1 2x"},"classes":[]},{"id":109702,"url":"https:\/\/lasprimeras.com.do\/index.php\/2025\/09\/21\/el-taconeo-de-la-tora\/","url_meta":{"origin":82381,"position":5},"title":"El taconeo de La Tora","author":"Nelson Feliz","date":"21 de septiembre de 2025","format":false,"excerpt":"Por: Roberto Valenzuela Hace poco fui a La Pi\u00f1a de Cotu\u00ed a visitar a mi amigo Ovi Sald\u00edvar, presidente del PRM en esa demarcaci\u00f3n. Ovi ha estado enfermo, y pido a Dios que le devuelva la salud para que siga en los afanes de la pol\u00edtica y en su vida\u2026","rel":"","context":"En \u00abOPINI\u00d3N\u00bb","block_context":{"text":"OPINI\u00d3N","link":"https:\/\/lasprimeras.com.do\/index.php\/category\/opinion\/"},"img":{"alt_text":"","src":"https:\/\/i0.wp.com\/lasprimeras.com.do\/wp-content\/uploads\/2025\/09\/El-taconeo-de-La-Tora.jpg?resize=350%2C200&ssl=1","width":350,"height":200,"srcset":"https:\/\/i0.wp.com\/lasprimeras.com.do\/wp-content\/uploads\/2025\/09\/El-taconeo-de-La-Tora.jpg?resize=350%2C200&ssl=1 1x, https:\/\/i0.wp.com\/lasprimeras.com.do\/wp-content\/uploads\/2025\/09\/El-taconeo-de-La-Tora.jpg?resize=525%2C300&ssl=1 1.5x, https:\/\/i0.wp.com\/lasprimeras.com.do\/wp-content\/uploads\/2025\/09\/El-taconeo-de-La-Tora.jpg?resize=700%2C400&ssl=1 2x"},"classes":[]}],"jetpack_sharing_enabled":true,"_links":{"self":[{"href":"https:\/\/lasprimeras.com.do\/index.php\/wp-json\/wp\/v2\/posts\/82381","targetHints":{"allow":["GET"]}}],"collection":[{"href":"https:\/\/lasprimeras.com.do\/index.php\/wp-json\/wp\/v2\/posts"}],"about":[{"href":"https:\/\/lasprimeras.com.do\/index.php\/wp-json\/wp\/v2\/types\/post"}],"author":[{"embeddable":true,"href":"https:\/\/lasprimeras.com.do\/index.php\/wp-json\/wp\/v2\/users\/3"}],"replies":[{"embeddable":true,"href":"https:\/\/lasprimeras.com.do\/index.php\/wp-json\/wp\/v2\/comments?post=82381"}],"version-history":[{"count":1,"href":"https:\/\/lasprimeras.com.do\/index.php\/wp-json\/wp\/v2\/posts\/82381\/revisions"}],"predecessor-version":[{"id":82383,"href":"https:\/\/lasprimeras.com.do\/index.php\/wp-json\/wp\/v2\/posts\/82381\/revisions\/82383"}],"wp:featuredmedia":[{"embeddable":true,"href":"https:\/\/lasprimeras.com.do\/index.php\/wp-json\/wp\/v2\/media\/82382"}],"wp:attachment":[{"href":"https:\/\/lasprimeras.com.do\/index.php\/wp-json\/wp\/v2\/media?parent=82381"}],"wp:term":[{"taxonomy":"category","embeddable":true,"href":"https:\/\/lasprimeras.com.do\/index.php\/wp-json\/wp\/v2\/categories?post=82381"},{"taxonomy":"post_tag","embeddable":true,"href":"https:\/\/lasprimeras.com.do\/index.php\/wp-json\/wp\/v2\/tags?post=82381"}],"curies":[{"name":"wp","href":"https:\/\/api.w.org\/{rel}","templated":true}]}}