{"id":82387,"date":"2024-05-02T08:57:59","date_gmt":"2024-05-02T12:57:59","guid":{"rendered":"https:\/\/lasprimeras.com.do\/?p=82387"},"modified":"2024-05-02T08:58:01","modified_gmt":"2024-05-02T12:58:01","slug":"haiti-extiende-por-3-dias-el-toque-de-queda-en-el-departamento-donde-esta-puerto-principe","status":"publish","type":"post","link":"https:\/\/lasprimeras.com.do\/index.php\/2024\/05\/02\/haiti-extiende-por-3-dias-el-toque-de-queda-en-el-departamento-donde-esta-puerto-principe\/","title":{"rendered":"Hait\u00ed extiende por 3 d\u00edas el toque de queda en el departamento donde est\u00e1 Puerto Pr\u00edncipe"},"content":{"rendered":"\n<p>Puerto Pr\u00edncipe.- El Gobierno de Hait\u00ed extendi\u00f3 este mi\u00e9rcoles por tres d\u00edas el toque de queda en el departamento Oeste, donde se localiza Puerto Pr\u00edncipe, capital cuya mayor parte de su territorio est\u00e1 dominado por bandas armadas que imponen el terror entre la ciudadan\u00eda.<\/p>\n\n\n\n<p>En un comunicado firmado por el primer ministro interino, Michel Patricio Boisvert, se establece que la medida entra en vigor este 1 de mayo a las 19 horas locales (23:00 GMT) hasta las seis horas (10:00 GMT) del d\u00eda siguiente, hasta concluir el viernes pr\u00f3ximo.<\/p>\n\n\n\n<p>Esta medida no se aplica a los agentes del orden en servicio, bomberos, conductores de ambulancias, personal sanitario y periodistas debidamente identificados.<\/p>\n\n\n\n<p>Durante el per\u00edodo del estado de emergencia, todas las manifestaciones en la v\u00eda p\u00fablica est\u00e1n prohibidas, de d\u00eda o de noche, en el departamento Oeste, record\u00f3 el comunicado.<\/p>\n\n\n\n<p>En consecuencia, se orden\u00f3 a la Polic\u00eda Nacional que utilizara todos los medios legales a su disposici\u00f3n para hacer cumplir el toque de queda y detener a todos los infractores.<\/p>\n\n\n\n<p>El estado de emergencia en el departamento Oeste fue establecido desde el 4 de abril pasado al 3 de mayo.<\/p>\n\n\n\n<p>El Consejo Presidencial de Hait\u00ed eligi\u00f3 el martes a Fritz B\u00e9lizaire, extitular de Deportes, como nuevo primer ministro, en sustituci\u00f3n de Ariel Henry, y design\u00f3 a Edgard Leblanc Fils, antiguo presidente del Senado, al frente de la instituci\u00f3n encargada de la transici\u00f3n en el pa\u00eds.<\/p>\n\n\n\n<p>Estos nombramientos se llevaron a cabo en una reuni\u00f3n celebrada en el despacho del primer ministro, en la Villa d\u2019Accueil de Bourdon, en Puerto Pr\u00edncipe, cinco d\u00edas despu\u00e9s de la instalaci\u00f3n del Consejo Presidencial para la Transici\u00f3n en el Palacio Nacional y de que Henry dimitiera oficialmente del cargo.<\/p>\n\n\n\n<p>El lunes, el Consejo Presidencial de Transici\u00f3n ya mantuvo una sesi\u00f3n de trabajo con los altos mandos de la Polic\u00eda Nacional y de las Fuerzas Armadas haitianas, con el objetivo de encontrar soluciones para restablecer la seguridad en el pa\u00eds, tras un nuevo deterioro de la violencia desde el 29 de febrero pasado<\/p>\n","protected":false},"excerpt":{"rendered":"<p>Puerto Pr\u00edncipe.- El Gobierno de Hait\u00ed extendi\u00f3 este mi\u00e9rcoles por tres d\u00edas el toque de queda en el departamento Oeste, donde se localiza Puerto Pr\u00edncipe, capital cuya mayor parte de&hellip;<\/p>\n","protected":false},"author":3,"featured_media":82388,"comment_status":"open","ping_status":"open","sticky":false,"template":"","format":"standard","meta":{"content-type":"","jetpack_post_was_ever_published":false,"_jetpack_newsletter_access":"","_jetpack_dont_email_post_to_subs":false,"_jetpack_newsletter_tier_id":0,"_jetpack_memberships_contains_paywalled_content":false,"_jetpack_memberships_contains_paid_content":false,"footnotes":""},"categories":[25],"tags":[7448],"class_list":["post-82387","post","type-post","status-publish","format-standard","has-post-thumbnail","hentry","category-portada","tag-haiti-2"],"jetpack_featured_media_url":"https:\/\/lasprimeras.com.do\/wp-content\/uploads\/2024\/05\/WhatsApp-Image-2024-05-01-at-9.01.03-AM-2.webp","jetpack-related-posts":[{"id":78655,"url":"https:\/\/lasprimeras.com.do\/index.php\/2024\/03\/18\/hallan-doce-cadaveres-en-la-capital-haitiana-en-medio-de-la-espiral-de-violencia\/","url_meta":{"origin":82387,"position":0},"title":"Hallan doce cad\u00e1veres en la capital haitiana en medio de la espiral de violencia","author":"Nelson Feliz","date":"18 de marzo de 2024","format":false,"excerpt":"PUERTO PR\u00cdNCIPE, Hait\u00ed, EFE -Doce cad\u00e1veres fueron encontrados este lunes en Petion-Ville, en las colinas de Puerto Pr\u00edncipe, en circunstancias a\u00fan por aclarar, como la identidad de las v\u00edctimas, y no se descarta que sean miembros de bandas armadas abatidos por la Polic\u00eda Nacional. Los cuerpos, entre ellos el de\u2026","rel":"","context":"En \u00abSin categor\u00eda\u00bb","block_context":{"text":"Sin categor\u00eda","link":"https:\/\/lasprimeras.com.do\/index.php\/category\/sin-categoria\/"},"img":{"alt_text":"muertos","src":"https:\/\/i0.wp.com\/lasprimeras.com.do\/wp-content\/uploads\/2024\/03\/muertos.jpg?resize=350%2C200&ssl=1","width":350,"height":200,"srcset":"https:\/\/i0.wp.com\/lasprimeras.com.do\/wp-content\/uploads\/2024\/03\/muertos.jpg?resize=350%2C200&ssl=1 1x, https:\/\/i0.wp.com\/lasprimeras.com.do\/wp-content\/uploads\/2024\/03\/muertos.jpg?resize=525%2C300&ssl=1 1.5x, https:\/\/i0.wp.com\/lasprimeras.com.do\/wp-content\/uploads\/2024\/03\/muertos.jpg?resize=700%2C400&ssl=1 2x"},"classes":[]},{"id":126314,"url":"https:\/\/lasprimeras.com.do\/index.php\/2026\/03\/31\/haiti-impone-medidas-de-austeridad-para-afrontar-repercusiones-de-la-guerra-en-iran\/","url_meta":{"origin":82387,"position":1},"title":"Hait\u00ed impone medidas de austeridad para afrontar repercusiones de la guerra en Ir\u00e1n","author":"Nelson Feliz","date":"31 de marzo de 2026","format":false,"excerpt":"PUERTO PR\u00cdNCIPE, Hait\u00ed (AP) \u2014 El gobierno de Hait\u00ed anunci\u00f3 el martes nuevas medidas de austeridad, ya que la guerra en Ir\u00e1n altera el tr\u00e1nsito de suministros cr\u00edticos de petr\u00f3leo y provoca aumentos en los precios en todo el mundo. Funcionarios del atribulado pa\u00eds caribe\u00f1o impusieron una prohibici\u00f3n para la\u2026","rel":"","context":"En \u00abINTERNACIONALES\u00bb","block_context":{"text":"INTERNACIONALES","link":"https:\/\/lasprimeras.com.do\/index.php\/category\/sin-categoria\/internacionales\/"},"img":{"alt_text":"","src":"https:\/\/i0.wp.com\/lasprimeras.com.do\/wp-content\/uploads\/2026\/03\/HAITI.jpg?resize=350%2C200&ssl=1","width":350,"height":200,"srcset":"https:\/\/i0.wp.com\/lasprimeras.com.do\/wp-content\/uploads\/2026\/03\/HAITI.jpg?resize=350%2C200&ssl=1 1x, https:\/\/i0.wp.com\/lasprimeras.com.do\/wp-content\/uploads\/2026\/03\/HAITI.jpg?resize=525%2C300&ssl=1 1.5x, https:\/\/i0.wp.com\/lasprimeras.com.do\/wp-content\/uploads\/2026\/03\/HAITI.jpg?resize=700%2C400&ssl=1 2x"},"classes":[]},{"id":75141,"url":"https:\/\/lasprimeras.com.do\/index.php\/2024\/01\/29\/la-huelga-de-tres-dias-convocada-en-haiti-logra-poco-respaldo\/","url_meta":{"origin":82387,"position":2},"title":"La huelga de tres d\u00edas convocada en Hait\u00ed logra poco respaldo","author":"Nelson Feliz","date":"29 de enero de 2024","format":false,"excerpt":"El paro es convocado por la denominada Brigada Sindical Anticorrupci\u00f3n (BSAC) y los sindicatos de conductores. PUERTO PR\u00cdNCIPE, Hait\u00ed,EFE - La huelga general convocada en Hait\u00ed por tres d\u00edas a partir de este lunes ha logrado poco respaldo en su primera jornada, aunque muchos centros educativos decidieron mantener sus puertas\u2026","rel":"","context":"En \u00abSin categor\u00eda\u00bb","block_context":{"text":"Sin categor\u00eda","link":"https:\/\/lasprimeras.com.do\/index.php\/category\/sin-categoria\/"},"img":{"alt_text":"primera jornada de la convocatoria a huelga","src":"https:\/\/i0.wp.com\/lasprimeras.com.do\/wp-content\/uploads\/2024\/01\/primera-jornada-de-la-convocatoria-a-huelga.jpg?resize=350%2C200&ssl=1","width":350,"height":200,"srcset":"https:\/\/i0.wp.com\/lasprimeras.com.do\/wp-content\/uploads\/2024\/01\/primera-jornada-de-la-convocatoria-a-huelga.jpg?resize=350%2C200&ssl=1 1x, https:\/\/i0.wp.com\/lasprimeras.com.do\/wp-content\/uploads\/2024\/01\/primera-jornada-de-la-convocatoria-a-huelga.jpg?resize=525%2C300&ssl=1 1.5x, https:\/\/i0.wp.com\/lasprimeras.com.do\/wp-content\/uploads\/2024\/01\/primera-jornada-de-la-convocatoria-a-huelga.jpg?resize=700%2C400&ssl=1 2x"},"classes":[]},{"id":56109,"url":"https:\/\/lasprimeras.com.do\/index.php\/2023\/07\/28\/estados-unidos-urge-a-sus-ciudadanos-a-abandonar-haiti-cuanto-antes\/","url_meta":{"origin":82387,"position":3},"title":"Estados Unidos urge a sus ciudadanos a abandonar Hait\u00ed cuanto antes","author":"Nelson Feliz","date":"28 de julio de 2023","format":false,"excerpt":"Estados Unidos urgi\u00f3 a sus ciudadanos a \"hacer planes para abandonar Hait\u00ed lo antes posible\" a trav\u00e9s de medios comerciales, debido a la violencia que se registra en el pa\u00eds. En un comunicado publicado en la p\u00e1gina web de la Embajada estadounidense en Hait\u00ed, se informa que el Departamento de\u2026","rel":"","context":"En \u00abSin categor\u00eda\u00bb","block_context":{"text":"Sin categor\u00eda","link":"https:\/\/lasprimeras.com.do\/index.php\/category\/sin-categoria\/"},"img":{"alt_text":"haiti","src":"https:\/\/i0.wp.com\/lasprimeras.com.do\/wp-content\/uploads\/2023\/07\/haiti-1.jpg?resize=350%2C200&ssl=1","width":350,"height":200,"srcset":"https:\/\/i0.wp.com\/lasprimeras.com.do\/wp-content\/uploads\/2023\/07\/haiti-1.jpg?resize=350%2C200&ssl=1 1x, https:\/\/i0.wp.com\/lasprimeras.com.do\/wp-content\/uploads\/2023\/07\/haiti-1.jpg?resize=525%2C300&ssl=1 1.5x, https:\/\/i0.wp.com\/lasprimeras.com.do\/wp-content\/uploads\/2023\/07\/haiti-1.jpg?resize=700%2C400&ssl=1 2x"},"classes":[]},{"id":113625,"url":"https:\/\/lasprimeras.com.do\/index.php\/2025\/11\/04\/haiti-anuncia-medidas-para-hacer-frente-al-recrudecimiento-del-colera-tras-huracan-melissa\/","url_meta":{"origin":82387,"position":4},"title":"Hait\u00ed anuncia medidas para hacer frente al recrudecimiento del c\u00f3lera tras hurac\u00e1n Melissa","author":"Nelson Feliz","date":"4 de noviembre de 2025","format":false,"excerpt":"Realizar\u00e1n campa\u00f1as de prevenci\u00f3n y sensibilizaci\u00f3n en las comunidades para limitar la propagaci\u00f3n del c\u00f3lera Puerto Pr\u00edncipe, AFP -Hait\u00ed anunci\u00f3 este martes una serie de medidas para enfrentar los retos sanitarios actuales, especialmente el recrudecimiento del c\u00f3lera y el aumento del riesgo de enfermedades diarreicas, tifoideas y pal\u00fadicas, tras el\u2026","rel":"","context":"En \u00abINTERNACIONALES\u00bb","block_context":{"text":"INTERNACIONALES","link":"https:\/\/lasprimeras.com.do\/index.php\/category\/sin-categoria\/internacionales\/"},"img":{"alt_text":"","src":"https:\/\/i0.wp.com\/lasprimeras.com.do\/wp-content\/uploads\/2025\/11\/haiti.jpg?resize=350%2C200&ssl=1","width":350,"height":200,"srcset":"https:\/\/i0.wp.com\/lasprimeras.com.do\/wp-content\/uploads\/2025\/11\/haiti.jpg?resize=350%2C200&ssl=1 1x, https:\/\/i0.wp.com\/lasprimeras.com.do\/wp-content\/uploads\/2025\/11\/haiti.jpg?resize=525%2C300&ssl=1 1.5x, https:\/\/i0.wp.com\/lasprimeras.com.do\/wp-content\/uploads\/2025\/11\/haiti.jpg?resize=700%2C400&ssl=1 2x"},"classes":[]},{"id":100791,"url":"https:\/\/lasprimeras.com.do\/index.php\/2025\/06\/12\/drones-matan-a-mas-de-cien-presuntos-pandilleros-en-haiti-en-48-horas\/","url_meta":{"origin":82387,"position":5},"title":"Drones matan a m\u00e1s de cien presuntos pandilleros en Hait\u00ed en 48 horas","author":"Nelson Feliz","date":"12 de junio de 2025","format":false,"excerpt":"Los drones explosivos son las nuevas t\u00e9cnicas utilizadas por las autoridades haitianas para alcanzar a las bandas armadas en su feudo, que suelen encontrarse en espacios de dif\u00edcil acceso a los que los miembros de la Polic\u00eda Nacional no pueden acceder. Puerto Pr\u00edncipe, Hait\u00ed,EFE.-.M\u00e1s de un centenar de presuntos miembros\u2026","rel":"","context":"En \u00abINTERNACIONALES\u00bb","block_context":{"text":"INTERNACIONALES","link":"https:\/\/lasprimeras.com.do\/index.php\/category\/sin-categoria\/internacionales\/"},"img":{"alt_text":"","src":"https:\/\/i0.wp.com\/lasprimeras.com.do\/wp-content\/uploads\/2025\/06\/pandilleros.jpeg?resize=350%2C200&ssl=1","width":350,"height":200,"srcset":"https:\/\/i0.wp.com\/lasprimeras.com.do\/wp-content\/uploads\/2025\/06\/pandilleros.jpeg?resize=350%2C200&ssl=1 1x, https:\/\/i0.wp.com\/lasprimeras.com.do\/wp-content\/uploads\/2025\/06\/pandilleros.jpeg?resize=525%2C300&ssl=1 1.5x, https:\/\/i0.wp.com\/lasprimeras.com.do\/wp-content\/uploads\/2025\/06\/pandilleros.jpeg?resize=700%2C400&ssl=1 2x"},"classes":[]}],"jetpack_sharing_enabled":true,"_links":{"self":[{"href":"https:\/\/lasprimeras.com.do\/index.php\/wp-json\/wp\/v2\/posts\/82387","targetHints":{"allow":["GET"]}}],"collection":[{"href":"https:\/\/lasprimeras.com.do\/index.php\/wp-json\/wp\/v2\/posts"}],"about":[{"href":"https:\/\/lasprimeras.com.do\/index.php\/wp-json\/wp\/v2\/types\/post"}],"author":[{"embeddable":true,"href":"https:\/\/lasprimeras.com.do\/index.php\/wp-json\/wp\/v2\/users\/3"}],"replies":[{"embeddable":true,"href":"https:\/\/lasprimeras.com.do\/index.php\/wp-json\/wp\/v2\/comments?post=82387"}],"version-history":[{"count":1,"href":"https:\/\/lasprimeras.com.do\/index.php\/wp-json\/wp\/v2\/posts\/82387\/revisions"}],"predecessor-version":[{"id":82389,"href":"https:\/\/lasprimeras.com.do\/index.php\/wp-json\/wp\/v2\/posts\/82387\/revisions\/82389"}],"wp:featuredmedia":[{"embeddable":true,"href":"https:\/\/lasprimeras.com.do\/index.php\/wp-json\/wp\/v2\/media\/82388"}],"wp:attachment":[{"href":"https:\/\/lasprimeras.com.do\/index.php\/wp-json\/wp\/v2\/media?parent=82387"}],"wp:term":[{"taxonomy":"category","embeddable":true,"href":"https:\/\/lasprimeras.com.do\/index.php\/wp-json\/wp\/v2\/categories?post=82387"},{"taxonomy":"post_tag","embeddable":true,"href":"https:\/\/lasprimeras.com.do\/index.php\/wp-json\/wp\/v2\/tags?post=82387"}],"curies":[{"name":"wp","href":"https:\/\/api.w.org\/{rel}","templated":true}]}}