{"id":82390,"date":"2024-05-02T09:59:48","date_gmt":"2024-05-02T13:59:48","guid":{"rendered":"https:\/\/lasprimeras.com.do\/?p=82390"},"modified":"2024-05-02T09:59:50","modified_gmt":"2024-05-02T13:59:50","slug":"ingrid-mendoza-fue-recibida-por-decenas-de-dominicanos-en-ny","status":"publish","type":"post","link":"https:\/\/lasprimeras.com.do\/index.php\/2024\/05\/02\/ingrid-mendoza-fue-recibida-por-decenas-de-dominicanos-en-ny\/","title":{"rendered":"\u00cdngrid Mendoza fue recibida por decenas de dominicanos en NY"},"content":{"rendered":"\n<p>Por FRANCIS PEREZNUEVA YORK.- La candidata vicepresidencial del partido Fuerza del Pueblo (FP), Ingrid Mendoza, arrib\u00f3 el mi\u00e9rcoles al aeropuerto John F. Kennedy, de Nueva York, donde fue recibida por decenas de dominicanos.<\/p>\n\n\n\n<p>Desde esta ciudad, Mendoza se desplazar\u00e1 hacia varios lugares en los cuales se reunir\u00e1 con las estructuras partidarias y con dominicanos residentes en esta urbe.<\/p>\n\n\n\n<p>Mendoza llega a Nueva York despu\u00e9s de haberse celebrado unas elecciones simulacro, organizadas por la plataforma digital Somos Pueblo, en la particip\u00f3 una gran cantidad de dominicanos y que result\u00f3 en un empate t\u00e9cnico entre los candidatos presidenciales Leonel Fern\u00e1ndez y Luis Abinader.<\/p>\n\n\n\n<p>Durante su llegada, Mendoza fue abordada por los medios de comunicaci\u00f3n sobre el panorama electoral en Rep\u00fablica Dominicana y dijo que los n\u00fameros que obtuvo el PRM y la FP en el simulacro del domingo es el reflejo de lo que acontecer\u00e1 el 19 de mayo.<\/p>\n\n\n\n<p>\u201cMe siento orgullosa de los dominicanos en el exterior, porque manifestaron un voto de conciencia en las elecciones simulacro que se realizaron aqu\u00ed\u201d, destac\u00f3.<\/p>\n\n\n\n<p>Manifest\u00f3 que no cree en las encuestas elaboradas por el gobierno, ya que la verdadera est\u00e1 en la calle, que es donde el pueblo se expresa en contra del oficialismo.\u201cHay encuestas que dan a Luis Abinader con n\u00fameros muy altos, pero no creemos en estas, porque son manejadas desde el gobierno\u201d, expres\u00f3.<\/p>\n\n\n\n<p>Sostuvo que la FP est\u00e1 preparada para lograr el triunfo electoral en las pr\u00f3ximas elecciones.<\/p>\n\n\n\n<p>La candidata vicepresidencial fue recibida por el coordinador de campa\u00f1a de la FP en Nueva York, Carlos Feliz, y por varios dirigentes y aspirantes a diputados en la circunscripci\u00f3n n\u00famero uno del exterior.<\/p>\n\n\n\n<p>Feliz agradeci\u00f3 la visitada y el apoyo de la candidata a sus compa\u00f1eros de la Fuerza del Pueblo en Nueva York.<\/p>\n\n\n\n<p>Asegur\u00f3 que la maquinaria electoral de la FP en Nueva York est\u00e1 lista para vencer en los comicios electorales de mayo.<\/p>\n","protected":false},"excerpt":{"rendered":"<p>Por FRANCIS PEREZNUEVA YORK.- La candidata vicepresidencial del partido Fuerza del Pueblo (FP), Ingrid Mendoza, arrib\u00f3 el mi\u00e9rcoles al aeropuerto John F. Kennedy, de Nueva York, donde fue recibida por&hellip;<\/p>\n","protected":false},"author":3,"featured_media":82391,"comment_status":"open","ping_status":"open","sticky":false,"template":"","format":"standard","meta":{"content-type":"","jetpack_post_was_ever_published":false,"_jetpack_newsletter_access":"","_jetpack_dont_email_post_to_subs":false,"_jetpack_newsletter_tier_id":0,"_jetpack_memberships_contains_paywalled_content":false,"_jetpack_memberships_contains_paid_content":false,"footnotes":""},"categories":[1],"tags":[12518],"class_list":["post-82390","post","type-post","status-publish","format-standard","has-post-thumbnail","hentry","category-sin-categoria","tag-ingrid-mendoza"],"jetpack_featured_media_url":"https:\/\/lasprimeras.com.do\/wp-content\/uploads\/2024\/05\/IMG-20240502-WA0022.jpg","jetpack-related-posts":[{"id":82205,"url":"https:\/\/lasprimeras.com.do\/index.php\/2024\/04\/29\/ingrid-mendoza-encabeza-acto-de-masivo-de-la-fuerza-del-pueblo-en-barcelona\/","url_meta":{"origin":82390,"position":0},"title":"Ingrid Mendoza encabeza acto de masivo de la Fuerza del Pueblo en Barcelona","author":"Nelson Feliz","date":"29 de abril de 2024","format":false,"excerpt":"ESPA\u00d1A: La candidata a la Vicepresidencia de la Rep\u00fablica por el partido Fuerza del Pueblo, Ingrid Mendoza, encabez\u00f3 un acto masivo con la estructura partidaria de Catalu\u00f1a, de cara a las elecciones del 19 de mayo del 2024. El evento se efectu\u00f3 en la sede de las Comisiones Obreras de\u2026","rel":"","context":"En \u00abSin categor\u00eda\u00bb","block_context":{"text":"Sin categor\u00eda","link":"https:\/\/lasprimeras.com.do\/index.php\/category\/sin-categoria\/"},"img":{"alt_text":"Ingrid Mendoza","src":"https:\/\/i0.wp.com\/lasprimeras.com.do\/wp-content\/uploads\/2024\/04\/Ingrid-Mendoza.jpg?resize=350%2C200&ssl=1","width":350,"height":200,"srcset":"https:\/\/i0.wp.com\/lasprimeras.com.do\/wp-content\/uploads\/2024\/04\/Ingrid-Mendoza.jpg?resize=350%2C200&ssl=1 1x, https:\/\/i0.wp.com\/lasprimeras.com.do\/wp-content\/uploads\/2024\/04\/Ingrid-Mendoza.jpg?resize=525%2C300&ssl=1 1.5x, https:\/\/i0.wp.com\/lasprimeras.com.do\/wp-content\/uploads\/2024\/04\/Ingrid-Mendoza.jpg?resize=700%2C400&ssl=1 2x"},"classes":[]},{"id":80933,"url":"https:\/\/lasprimeras.com.do\/index.php\/2024\/04\/14\/leonel-e-ingrid-mendoza-encabezan-caravana-en-santo-domingo-norte\/","url_meta":{"origin":82390,"position":1},"title":"Leonel e Ingrid Mendoza encabezan caravana en Santo Domingo Norte","author":"Nelson Feliz","date":"14 de abril de 2024","format":false,"excerpt":"La actividad comenz\u00f3 en el sector de San Felipe de Villa Mella y culmin\u00f3 en Los Guaricanos. El candidato presidencial del partido Fuerza del Pueblo (FP), Leonel Fern\u00e1ndez, junto a organizaciones aliadas, encabez\u00f3 este domingo una marcha-caravana, que inici\u00f3 en el sector de San Felipe, de Villa Mella, enel municipio\u2026","rel":"","context":"En \u00abPORTADA\u00bb","block_context":{"text":"PORTADA","link":"https:\/\/lasprimeras.com.do\/index.php\/category\/portada\/"},"img":{"alt_text":"Leonel Fern\u00e1ndez eIngrid Mendoza","src":"https:\/\/i0.wp.com\/lasprimeras.com.do\/wp-content\/uploads\/2024\/04\/Leonel-Fernandez-eIngrid-Mendoza.jpg?resize=350%2C200&ssl=1","width":350,"height":200,"srcset":"https:\/\/i0.wp.com\/lasprimeras.com.do\/wp-content\/uploads\/2024\/04\/Leonel-Fernandez-eIngrid-Mendoza.jpg?resize=350%2C200&ssl=1 1x, https:\/\/i0.wp.com\/lasprimeras.com.do\/wp-content\/uploads\/2024\/04\/Leonel-Fernandez-eIngrid-Mendoza.jpg?resize=525%2C300&ssl=1 1.5x, https:\/\/i0.wp.com\/lasprimeras.com.do\/wp-content\/uploads\/2024\/04\/Leonel-Fernandez-eIngrid-Mendoza.jpg?resize=700%2C400&ssl=1 2x"},"classes":[]},{"id":81715,"url":"https:\/\/lasprimeras.com.do\/index.php\/2024\/04\/24\/candidatas-vicepresidenciales-expusieron-planes-este-martes\/","url_meta":{"origin":82390,"position":2},"title":"Candidatas vicepresidenciales expusieron planes este martes","author":"BIMARY DE JES\u00daS Matos","date":"24 de abril de 2024","format":false,"excerpt":"SANTO DOMINGO.- Por primera vez se ha realizado un debate entre las candidatas a la vicepresidencia de la Rep\u00fablica Dominicana, con la participaci\u00f3n en esta oportunidad de Raquel Pe\u00f1a, del gobernante Partido Revolucionario Moderno (PRM); Zoraima Cuello, del Partido de la Liberaci\u00f3n Dominicana (PLD) e Ingrid Mendoza de la Fuerza\u2026","rel":"","context":"En \u00abSin categor\u00eda\u00bb","block_context":{"text":"Sin categor\u00eda","link":"https:\/\/lasprimeras.com.do\/index.php\/category\/sin-categoria\/"},"img":{"alt_text":"","src":"https:\/\/i0.wp.com\/lasprimeras.com.do\/wp-content\/uploads\/2024\/04\/WhatsApp-Image-2024-04-23-at-10.32.54-AM-5.jpeg?resize=350%2C200&ssl=1","width":350,"height":200,"srcset":"https:\/\/i0.wp.com\/lasprimeras.com.do\/wp-content\/uploads\/2024\/04\/WhatsApp-Image-2024-04-23-at-10.32.54-AM-5.jpeg?resize=350%2C200&ssl=1 1x, https:\/\/i0.wp.com\/lasprimeras.com.do\/wp-content\/uploads\/2024\/04\/WhatsApp-Image-2024-04-23-at-10.32.54-AM-5.jpeg?resize=525%2C300&ssl=1 1.5x, https:\/\/i0.wp.com\/lasprimeras.com.do\/wp-content\/uploads\/2024\/04\/WhatsApp-Image-2024-04-23-at-10.32.54-AM-5.jpeg?resize=700%2C400&ssl=1 2x"},"classes":[]},{"id":117258,"url":"https:\/\/lasprimeras.com.do\/index.php\/2025\/12\/09\/300-con-leonel-celebra-en-ny-tradicional-encuentro-navideno-ante-cerca-de-mil-personas-fernandez-envia-mensaje\/","url_meta":{"origin":82390,"position":3},"title":"300 con Leonel celebra en NY tradicional encuentro navide\u00f1o ante cerca de mil personas; Fern\u00e1ndez env\u00eda mensaje","author":"Nelson Feliz","date":"9 de diciembre de 2025","format":false,"excerpt":"https:\/\/www.youtube.com\/watch?v=oLo2c19vBUs Por Ram\u00f3n Mercedes NUEVA YORK.- El Proyecto \u00ab300 con Leonel\u00bb (los multiplicadores de NY), que dirige Geraldo Rosario, realiz\u00f3 este domingo su tradicional encuentro navide\u00f1o en El Bronx ante cerca de mil seguidores del expresidente de la rep\u00fablica, doctor Leonel Fern\u00e1ndez, quien envi\u00f3 un mensaje. La concurrida actividad cont\u00f3\u2026","rel":"","context":"En \u00abINTERNACIONALES\u00bb","block_context":{"text":"INTERNACIONALES","link":"https:\/\/lasprimeras.com.do\/index.php\/category\/sin-categoria\/internacionales\/"},"img":{"alt_text":"300 con Leonel celebra en NY tradicional encuentro navide\u00f1o ante cerca de mil personas_ Fern\u00e1ndez env\u00eda mensaje","src":"https:\/\/i0.wp.com\/lasprimeras.com.do\/wp-content\/uploads\/2025\/12\/300-con-Leonel-celebra-en-NY-tradicional-encuentro-navideno-ante-cerca-de-mil-personas_-Fernandez-envia-mensaje.jpg?resize=350%2C200&ssl=1","width":350,"height":200,"srcset":"https:\/\/i0.wp.com\/lasprimeras.com.do\/wp-content\/uploads\/2025\/12\/300-con-Leonel-celebra-en-NY-tradicional-encuentro-navideno-ante-cerca-de-mil-personas_-Fernandez-envia-mensaje.jpg?resize=350%2C200&ssl=1 1x, https:\/\/i0.wp.com\/lasprimeras.com.do\/wp-content\/uploads\/2025\/12\/300-con-Leonel-celebra-en-NY-tradicional-encuentro-navideno-ante-cerca-de-mil-personas_-Fernandez-envia-mensaje.jpg?resize=525%2C300&ssl=1 1.5x"},"classes":[]},{"id":79069,"url":"https:\/\/lasprimeras.com.do\/index.php\/2024\/03\/23\/anje-convoca-a-candidatas-vicepresidenciales-a-debate\/","url_meta":{"origin":82390,"position":4},"title":"ANJE convoca a candidatas vicepresidenciales a debate","author":"BIMARY DE JES\u00daS Matos","date":"23 de marzo de 2024","format":false,"excerpt":"Santo Domingo.- La Asociaci\u00f3n Nacional de J\u00f3venes Empresarios (ANJE) convoc\u00f3 a un debate a las aspirantes vicepresidenciales Ingrid Mendoza, de la Fuerza del Pueblo; Raquel Pe\u00f1a, del Partido Revolucionario Moderno, y Zoraima Cuello, del Partido de la Liberaci\u00f3n Dominicana. El presidente de ANJE, Jos\u00e9 Nelton Gonz\u00e1lez, manifest\u00f3 que en este\u2026","rel":"","context":"En \u00abPORTADA\u00bb","block_context":{"text":"PORTADA","link":"https:\/\/lasprimeras.com.do\/index.php\/category\/portada\/"},"img":{"alt_text":"","src":"https:\/\/i0.wp.com\/lasprimeras.com.do\/wp-content\/uploads\/2024\/03\/WhatsApp-Image-2024-03-22-at-4.47.43-PM-6.jpeg?resize=350%2C200&ssl=1","width":350,"height":200,"srcset":"https:\/\/i0.wp.com\/lasprimeras.com.do\/wp-content\/uploads\/2024\/03\/WhatsApp-Image-2024-03-22-at-4.47.43-PM-6.jpeg?resize=350%2C200&ssl=1 1x, https:\/\/i0.wp.com\/lasprimeras.com.do\/wp-content\/uploads\/2024\/03\/WhatsApp-Image-2024-03-22-at-4.47.43-PM-6.jpeg?resize=525%2C300&ssl=1 1.5x, https:\/\/i0.wp.com\/lasprimeras.com.do\/wp-content\/uploads\/2024\/03\/WhatsApp-Image-2024-03-22-at-4.47.43-PM-6.jpeg?resize=700%2C400&ssl=1 2x, https:\/\/i0.wp.com\/lasprimeras.com.do\/wp-content\/uploads\/2024\/03\/WhatsApp-Image-2024-03-22-at-4.47.43-PM-6.jpeg?resize=1050%2C600&ssl=1 3x"},"classes":[]},{"id":105828,"url":"https:\/\/lasprimeras.com.do\/index.php\/2025\/08\/07\/adolescente-dominicano-de-14-anos-es-asesinado-en-parque-de-el-bronx-sus-padres-claman-justicia\/","url_meta":{"origin":82390,"position":5},"title":"Adolescente dominicano de 14 a\u00f1os es asesinado en parque de El Bronx; sus padres claman justicia","author":"Nelson Feliz","date":"7 de agosto de 2025","format":false,"excerpt":"Conmoci\u00f3n y dolor en El Bronx por muerte violenta de adolescente. Padres buscan repatriar cuerpo a Rep\u00fablica Dominicana. \u00c1ngel Mendoza, un adolescente dominicano de 14 a\u00f1os, fue asesinado a pu\u00f1aladas el pasado martes 5 de agosto en un parque de El Bronx, Nueva York. La tragedia ha dejado devastados a\u2026","rel":"","context":"En \u00abINTERNACIONALES\u00bb","block_context":{"text":"INTERNACIONALES","link":"https:\/\/lasprimeras.com.do\/index.php\/category\/sin-categoria\/internacionales\/"},"img":{"alt_text":"","src":"https:\/\/i0.wp.com\/lasprimeras.com.do\/wp-content\/uploads\/2025\/08\/Angel-Mendoza.jpg?resize=350%2C200&ssl=1","width":350,"height":200,"srcset":"https:\/\/i0.wp.com\/lasprimeras.com.do\/wp-content\/uploads\/2025\/08\/Angel-Mendoza.jpg?resize=350%2C200&ssl=1 1x, https:\/\/i0.wp.com\/lasprimeras.com.do\/wp-content\/uploads\/2025\/08\/Angel-Mendoza.jpg?resize=525%2C300&ssl=1 1.5x, https:\/\/i0.wp.com\/lasprimeras.com.do\/wp-content\/uploads\/2025\/08\/Angel-Mendoza.jpg?resize=700%2C400&ssl=1 2x"},"classes":[]}],"jetpack_sharing_enabled":true,"_links":{"self":[{"href":"https:\/\/lasprimeras.com.do\/index.php\/wp-json\/wp\/v2\/posts\/82390","targetHints":{"allow":["GET"]}}],"collection":[{"href":"https:\/\/lasprimeras.com.do\/index.php\/wp-json\/wp\/v2\/posts"}],"about":[{"href":"https:\/\/lasprimeras.com.do\/index.php\/wp-json\/wp\/v2\/types\/post"}],"author":[{"embeddable":true,"href":"https:\/\/lasprimeras.com.do\/index.php\/wp-json\/wp\/v2\/users\/3"}],"replies":[{"embeddable":true,"href":"https:\/\/lasprimeras.com.do\/index.php\/wp-json\/wp\/v2\/comments?post=82390"}],"version-history":[{"count":1,"href":"https:\/\/lasprimeras.com.do\/index.php\/wp-json\/wp\/v2\/posts\/82390\/revisions"}],"predecessor-version":[{"id":82392,"href":"https:\/\/lasprimeras.com.do\/index.php\/wp-json\/wp\/v2\/posts\/82390\/revisions\/82392"}],"wp:featuredmedia":[{"embeddable":true,"href":"https:\/\/lasprimeras.com.do\/index.php\/wp-json\/wp\/v2\/media\/82391"}],"wp:attachment":[{"href":"https:\/\/lasprimeras.com.do\/index.php\/wp-json\/wp\/v2\/media?parent=82390"}],"wp:term":[{"taxonomy":"category","embeddable":true,"href":"https:\/\/lasprimeras.com.do\/index.php\/wp-json\/wp\/v2\/categories?post=82390"},{"taxonomy":"post_tag","embeddable":true,"href":"https:\/\/lasprimeras.com.do\/index.php\/wp-json\/wp\/v2\/tags?post=82390"}],"curies":[{"name":"wp","href":"https:\/\/api.w.org\/{rel}","templated":true}]}}